{"id":7547,"date":"2026-05-02T16:01:50","date_gmt":"2026-05-02T16:01:50","guid":{"rendered":"https:\/\/www.reporterhorizon.com\/?p=7547"},"modified":"2026-05-02T16:01:51","modified_gmt":"2026-05-02T16:01:51","slug":"elections-municipales-a-lambagny-une-candidate-prone-le-renouveau-communal","status":"publish","type":"post","link":"https:\/\/www.reporterhorizon.com\/index.php\/2026\/05\/02\/elections-municipales-a-lambagny-une-candidate-prone-le-renouveau-communal\/","title":{"rendered":"\u00c9lections municipales : \u00e0 Lambagny, une candidate pr\u00f4ne le renouveau communal"},"content":{"rendered":"\n<figure class=\"wp-block-image size-large\"><img fetchpriority=\"high\" decoding=\"async\" width=\"1024\" height=\"1024\" src=\"https:\/\/www.reporterhorizon.com\/wp-content\/uploads\/2026\/05\/IMG_1782-1024x1024.jpeg\" alt=\"\" class=\"wp-image-7548\" srcset=\"https:\/\/www.reporterhorizon.com\/wp-content\/uploads\/2026\/05\/IMG_1782-1024x1024.jpeg 1024w, https:\/\/www.reporterhorizon.com\/wp-content\/uploads\/2026\/05\/IMG_1782-300x300.jpeg 300w, https:\/\/www.reporterhorizon.com\/wp-content\/uploads\/2026\/05\/IMG_1782-150x150.jpeg 150w, https:\/\/www.reporterhorizon.com\/wp-content\/uploads\/2026\/05\/IMG_1782-1536x1536.jpeg 1536w, https:\/\/www.reporterhorizon.com\/wp-content\/uploads\/2026\/05\/IMG_1782-2048x2048.jpeg 2048w, https:\/\/www.reporterhorizon.com\/wp-content\/uploads\/2026\/05\/IMG_1782-75x75.jpeg 75w, https:\/\/www.reporterhorizon.com\/wp-content\/uploads\/2026\/05\/IMG_1782-350x350.jpeg 350w\" sizes=\"(max-width: 1024px) 100vw, 1024px\" \/><\/figure>\n\n\n\n<p>\u00c0 l\u2019approche des \u00e9lections municipales pr\u00e9vues en Guin\u00e9e, les ambitions se multiplient dans les diff\u00e9rentes communes de la capitale. \u00c0 Lambagny, une candidate, Kadiatou S, s\u2019est officiellement positionn\u00e9e pour briguer la mairie, avec pour mot d\u2019ordre le renouveau de la commune.<\/p>\n\n\n\n<figure class=\"wp-block-gallery has-nested-images columns-default is-cropped wp-block-gallery-1 is-layout-flex wp-block-gallery-is-layout-flex\">\n<figure class=\"wp-block-image size-large\"><img decoding=\"async\" width=\"1024\" height=\"1024\" data-id=\"7550\" src=\"https:\/\/www.reporterhorizon.com\/wp-content\/uploads\/2026\/05\/IMG_1783-1-1024x1024.jpeg\" alt=\"\" class=\"wp-image-7550\" srcset=\"https:\/\/www.reporterhorizon.com\/wp-content\/uploads\/2026\/05\/IMG_1783-1-1024x1024.jpeg 1024w, https:\/\/www.reporterhorizon.com\/wp-content\/uploads\/2026\/05\/IMG_1783-1-300x300.jpeg 300w, https:\/\/www.reporterhorizon.com\/wp-content\/uploads\/2026\/05\/IMG_1783-1-150x150.jpeg 150w, https:\/\/www.reporterhorizon.com\/wp-content\/uploads\/2026\/05\/IMG_1783-1-768x768.jpeg 768w, https:\/\/www.reporterhorizon.com\/wp-content\/uploads\/2026\/05\/IMG_1783-1-1536x1536.jpeg 1536w, https:\/\/www.reporterhorizon.com\/wp-content\/uploads\/2026\/05\/IMG_1783-1-2048x2048.jpeg 2048w, https:\/\/www.reporterhorizon.com\/wp-content\/uploads\/2026\/05\/IMG_1783-1-75x75.jpeg 75w, https:\/\/www.reporterhorizon.com\/wp-content\/uploads\/2026\/05\/IMG_1783-1-350x350.jpeg 350w, https:\/\/www.reporterhorizon.com\/wp-content\/uploads\/2026\/05\/IMG_1783-1-750x750.jpeg 750w, https:\/\/www.reporterhorizon.com\/wp-content\/uploads\/2026\/05\/IMG_1783-1-1140x1140.jpeg 1140w\" sizes=\"(max-width: 1024px) 100vw, 1024px\" \/><\/figure>\n<\/figure>\n\n\n\n<p>Dans un contexte marqu\u00e9 par le lancement des campagnes, plusieurs candidats investissent le terrain pour convaincre les \u00e9lecteurs. \u00c0 Lambagny, les premi\u00e8res actions de campagne ont \u00e9t\u00e9 orient\u00e9es vers l\u2019assainissement, une d\u00e9marche que la candidate consid\u00e8re comme symbolique.<\/p>\n\n\n\n<p><\/p>\n\n\n\n<p>\u00ab La mobilisation a d\u00e9j\u00e0 commenc\u00e9. Nous avons lanc\u00e9 la campagne \u00e0 travers des actions d\u2019assainissement pour montrer que tout commence par la propret\u00e9. En tant que candidate, j\u2019ai plusieurs objectifs que nous pr\u00e9senterons en d\u00e9tail. Nous sommes surtout engag\u00e9s \u00e0 identifier les besoins r\u00e9els de la population \u00bb, a-t-elle d\u00e9clar\u00e9.<\/p>\n\n\n\n<figure class=\"wp-block-gallery has-nested-images columns-default is-cropped wp-block-gallery-2 is-layout-flex wp-block-gallery-is-layout-flex\">\n<figure class=\"wp-block-image size-large\"><img decoding=\"async\" width=\"1024\" height=\"1024\" data-id=\"7551\" src=\"https:\/\/www.reporterhorizon.com\/wp-content\/uploads\/2026\/05\/IMG_1782-1-1024x1024.jpeg\" alt=\"\" class=\"wp-image-7551\" srcset=\"https:\/\/www.reporterhorizon.com\/wp-content\/uploads\/2026\/05\/IMG_1782-1-1024x1024.jpeg 1024w, https:\/\/www.reporterhorizon.com\/wp-content\/uploads\/2026\/05\/IMG_1782-1-300x300.jpeg 300w, https:\/\/www.reporterhorizon.com\/wp-content\/uploads\/2026\/05\/IMG_1782-1-150x150.jpeg 150w, https:\/\/www.reporterhorizon.com\/wp-content\/uploads\/2026\/05\/IMG_1782-1-1536x1536.jpeg 1536w, https:\/\/www.reporterhorizon.com\/wp-content\/uploads\/2026\/05\/IMG_1782-1-2048x2048.jpeg 2048w, https:\/\/www.reporterhorizon.com\/wp-content\/uploads\/2026\/05\/IMG_1782-1-75x75.jpeg 75w, https:\/\/www.reporterhorizon.com\/wp-content\/uploads\/2026\/05\/IMG_1782-1-350x350.jpeg 350w\" sizes=\"(max-width: 1024px) 100vw, 1024px\" \/><\/figure>\n<\/figure>\n\n\n\n<p>De son c\u00f4t\u00e9, le directeur de campagne, Mamadou Mara, a insist\u00e9 sur la n\u00e9cessit\u00e9 de mener une campagne responsable et structur\u00e9e.<br>\u00ab Nous voulons une campagne civilis\u00e9e et bien organis\u00e9e. Le directoire de campagne travaille en \u00e9troite collaboration avec le directoire g\u00e9n\u00e9ral afin d\u2019\u00e9laborer un plan d\u2019action efficace \u00bb, a-t-il indiqu\u00e9.<\/p>\n\n\n\n<figure class=\"wp-block-gallery has-nested-images columns-default is-cropped wp-block-gallery-3 is-layout-flex wp-block-gallery-is-layout-flex\">\n<figure class=\"wp-block-image size-large\"><img loading=\"lazy\" decoding=\"async\" width=\"1024\" height=\"1024\" data-id=\"7552\" src=\"https:\/\/www.reporterhorizon.com\/wp-content\/uploads\/2026\/05\/IMG_1789-1024x1024.jpeg\" alt=\"\" class=\"wp-image-7552\" srcset=\"https:\/\/www.reporterhorizon.com\/wp-content\/uploads\/2026\/05\/IMG_1789-1024x1024.jpeg 1024w, https:\/\/www.reporterhorizon.com\/wp-content\/uploads\/2026\/05\/IMG_1789-300x300.jpeg 300w, https:\/\/www.reporterhorizon.com\/wp-content\/uploads\/2026\/05\/IMG_1789-150x150.jpeg 150w, https:\/\/www.reporterhorizon.com\/wp-content\/uploads\/2026\/05\/IMG_1789-1536x1536.jpeg 1536w, https:\/\/www.reporterhorizon.com\/wp-content\/uploads\/2026\/05\/IMG_1789-2048x2048.jpeg 2048w, https:\/\/www.reporterhorizon.com\/wp-content\/uploads\/2026\/05\/IMG_1789-75x75.jpeg 75w, https:\/\/www.reporterhorizon.com\/wp-content\/uploads\/2026\/05\/IMG_1789-350x350.jpeg 350w\" sizes=\"(max-width: 1024px) 100vw, 1024px\" \/><\/figure>\n<\/figure>\n\n\n\n<p>Le scrutin municipal est pr\u00e9vu \u00e0 partir du 31 mai prochain, marquant une \u00e9tape importante dans la vie politique locale.<\/p>\n\n\n\n<p><em>Yves Alassane Bamba, pour Reporter Horizon.com<\/em><\/p>\n\n\n\n<figure class=\"wp-block-gallery has-nested-images columns-default is-cropped wp-block-gallery-4 is-layout-flex wp-block-gallery-is-layout-flex\"><\/figure>\n<script>function PlayerjsAsync(){} if(window[\"Playerjs\"]){PlayerjsAsync();}<\/script>","protected":false},"excerpt":{"rendered":"<p>\u00c0 l\u2019approche des \u00e9lections municipales pr\u00e9vues en Guin\u00e9e, les ambitions se multiplient dans les diff\u00e9rentes communes de la capitale. \u00c0 Lambagny, une candidate, Kadiatou S, s\u2019est officiellement positionn\u00e9e pour briguer la mairie, avec pour mot d\u2019ordre le renouveau de la commune. Dans un contexte marqu\u00e9 par le lancement des campagnes, plusieurs candidats investissent le terrain [&hellip;]<\/p>\n","protected":false},"author":42,"featured_media":0,"comment_status":"open","ping_status":"open","sticky":false,"template":"","format":"standard","meta":{"jnews-multi-image_gallery":[],"jnews_single_post":{"format":"standard"},"jnews_primary_category":[],"jnews_override_counter":[],"footnotes":""},"categories":[1],"tags":[],"class_list":["post-7547","post","type-post","status-publish","format-standard","hentry","category-non-classe"],"yoast_head":"<!-- This site is optimized with the Yoast SEO plugin v27.2 - https:\/\/yoast.com\/product\/yoast-seo-wordpress\/ -->\n<title>\u00c9lections municipales : \u00e0 Lambagny, une candidate pr\u00f4ne le renouveau communal - Reporterhorizon<\/title>\n<meta name=\"robots\" content=\"index, follow, max-snippet:-1, max-image-preview:large, max-video-preview:-1\" \/>\n<link rel=\"canonical\" href=\"https:\/\/www.reporterhorizon.com\/index.php\/2026\/05\/02\/elections-municipales-a-lambagny-une-candidate-prone-le-renouveau-communal\/\" \/>\n<meta property=\"og:locale\" content=\"fr_FR\" \/>\n<meta property=\"og:type\" content=\"article\" \/>\n<meta property=\"og:title\" content=\"\u00c9lections municipales : \u00e0 Lambagny, une candidate pr\u00f4ne le renouveau communal - Reporterhorizon\" \/>\n<meta property=\"og:description\" content=\"\u00c0 l\u2019approche des \u00e9lections municipales pr\u00e9vues en Guin\u00e9e, les ambitions se multiplient dans les diff\u00e9rentes communes de la capitale. \u00c0 Lambagny, une candidate, Kadiatou S, s\u2019est officiellement positionn\u00e9e pour briguer la mairie, avec pour mot d\u2019ordre le renouveau de la commune. Dans un contexte marqu\u00e9 par le lancement des campagnes, plusieurs candidats investissent le terrain [&hellip;]\" \/>\n<meta property=\"og:url\" content=\"https:\/\/www.reporterhorizon.com\/index.php\/2026\/05\/02\/elections-municipales-a-lambagny-une-candidate-prone-le-renouveau-communal\/\" \/>\n<meta property=\"og:site_name\" content=\"Reporterhorizon\" \/>\n<meta property=\"article:published_time\" content=\"2026-05-02T16:01:50+00:00\" \/>\n<meta property=\"article:modified_time\" content=\"2026-05-02T16:01:51+00:00\" \/>\n<meta property=\"og:image\" content=\"https:\/\/www.reporterhorizon.com\/wp-content\/uploads\/2026\/05\/IMG_1782-scaled.jpeg\" \/>\n\t<meta property=\"og:image:width\" content=\"2560\" \/>\n\t<meta property=\"og:image:height\" content=\"2560\" \/>\n\t<meta property=\"og:image:type\" content=\"image\/jpeg\" \/>\n<meta name=\"author\" content=\"Bamba\" \/>\n<meta name=\"twitter:card\" content=\"summary_large_image\" \/>\n<meta name=\"twitter:label1\" content=\"\u00c9crit par\" \/>\n\t<meta name=\"twitter:data1\" content=\"Bamba\" \/>\n\t<meta name=\"twitter:label2\" content=\"Dur\u00e9e de lecture estim\u00e9e\" \/>\n\t<meta name=\"twitter:data2\" content=\"2 minutes\" \/>\n<script type=\"application\/ld+json\" class=\"yoast-schema-graph\">{\"@context\":\"https:\/\/schema.org\",\"@graph\":[{\"@type\":\"Article\",\"@id\":\"https:\/\/www.reporterhorizon.com\/index.php\/2026\/05\/02\/elections-municipales-a-lambagny-une-candidate-prone-le-renouveau-communal\/#article\",\"isPartOf\":{\"@id\":\"https:\/\/www.reporterhorizon.com\/index.php\/2026\/05\/02\/elections-municipales-a-lambagny-une-candidate-prone-le-renouveau-communal\/\"},\"author\":{\"name\":\"Bamba\",\"@id\":\"https:\/\/www.reporterhorizon.com\/#\/schema\/person\/e54de2937f17a9c3e6a9db78e0dde802\"},\"headline\":\"\u00c9lections municipales : \u00e0 Lambagny, une candidate pr\u00f4ne le renouveau communal\",\"datePublished\":\"2026-05-02T16:01:50+00:00\",\"dateModified\":\"2026-05-02T16:01:51+00:00\",\"mainEntityOfPage\":{\"@id\":\"https:\/\/www.reporterhorizon.com\/index.php\/2026\/05\/02\/elections-municipales-a-lambagny-une-candidate-prone-le-renouveau-communal\/\"},\"wordCount\":237,\"commentCount\":0,\"publisher\":{\"@id\":\"https:\/\/www.reporterhorizon.com\/#organization\"},\"image\":{\"@id\":\"https:\/\/www.reporterhorizon.com\/index.php\/2026\/05\/02\/elections-municipales-a-lambagny-une-candidate-prone-le-renouveau-communal\/#primaryimage\"},\"thumbnailUrl\":\"https:\/\/www.reporterhorizon.com\/wp-content\/uploads\/2026\/05\/IMG_1782-1024x1024.jpeg\",\"inLanguage\":\"fr-FR\",\"potentialAction\":[{\"@type\":\"CommentAction\",\"name\":\"Comment\",\"target\":[\"https:\/\/www.reporterhorizon.com\/index.php\/2026\/05\/02\/elections-municipales-a-lambagny-une-candidate-prone-le-renouveau-communal\/#respond\"]}]},{\"@type\":\"WebPage\",\"@id\":\"https:\/\/www.reporterhorizon.com\/index.php\/2026\/05\/02\/elections-municipales-a-lambagny-une-candidate-prone-le-renouveau-communal\/\",\"url\":\"https:\/\/www.reporterhorizon.com\/index.php\/2026\/05\/02\/elections-municipales-a-lambagny-une-candidate-prone-le-renouveau-communal\/\",\"name\":\"\u00c9lections municipales : \u00e0 Lambagny, une candidate pr\u00f4ne le renouveau communal - Reporterhorizon\",\"isPartOf\":{\"@id\":\"https:\/\/www.reporterhorizon.com\/#website\"},\"primaryImageOfPage\":{\"@id\":\"https:\/\/www.reporterhorizon.com\/index.php\/2026\/05\/02\/elections-municipales-a-lambagny-une-candidate-prone-le-renouveau-communal\/#primaryimage\"},\"image\":{\"@id\":\"https:\/\/www.reporterhorizon.com\/index.php\/2026\/05\/02\/elections-municipales-a-lambagny-une-candidate-prone-le-renouveau-communal\/#primaryimage\"},\"thumbnailUrl\":\"https:\/\/www.reporterhorizon.com\/wp-content\/uploads\/2026\/05\/IMG_1782-1024x1024.jpeg\",\"datePublished\":\"2026-05-02T16:01:50+00:00\",\"dateModified\":\"2026-05-02T16:01:51+00:00\",\"breadcrumb\":{\"@id\":\"https:\/\/www.reporterhorizon.com\/index.php\/2026\/05\/02\/elections-municipales-a-lambagny-une-candidate-prone-le-renouveau-communal\/#breadcrumb\"},\"inLanguage\":\"fr-FR\",\"potentialAction\":[{\"@type\":\"ReadAction\",\"target\":[\"https:\/\/www.reporterhorizon.com\/index.php\/2026\/05\/02\/elections-municipales-a-lambagny-une-candidate-prone-le-renouveau-communal\/\"]}]},{\"@type\":\"ImageObject\",\"inLanguage\":\"fr-FR\",\"@id\":\"https:\/\/www.reporterhorizon.com\/index.php\/2026\/05\/02\/elections-municipales-a-lambagny-une-candidate-prone-le-renouveau-communal\/#primaryimage\",\"url\":\"https:\/\/www.reporterhorizon.com\/wp-content\/uploads\/2026\/05\/IMG_1782-scaled.jpeg\",\"contentUrl\":\"https:\/\/www.reporterhorizon.com\/wp-content\/uploads\/2026\/05\/IMG_1782-scaled.jpeg\",\"width\":2560,\"height\":2560},{\"@type\":\"BreadcrumbList\",\"@id\":\"https:\/\/www.reporterhorizon.com\/index.php\/2026\/05\/02\/elections-municipales-a-lambagny-une-candidate-prone-le-renouveau-communal\/#breadcrumb\",\"itemListElement\":[{\"@type\":\"ListItem\",\"position\":1,\"name\":\"Accueil\",\"item\":\"https:\/\/www.reporterhorizon.com\/\"},{\"@type\":\"ListItem\",\"position\":2,\"name\":\"\u00c9lections municipales : \u00e0 Lambagny, une candidate pr\u00f4ne le renouveau communal\"}]},{\"@type\":\"WebSite\",\"@id\":\"https:\/\/www.reporterhorizon.com\/#website\",\"url\":\"https:\/\/www.reporterhorizon.com\/\",\"name\":\"Reporterhorizon\",\"description\":\"\",\"publisher\":{\"@id\":\"https:\/\/www.reporterhorizon.com\/#organization\"},\"potentialAction\":[{\"@type\":\"SearchAction\",\"target\":{\"@type\":\"EntryPoint\",\"urlTemplate\":\"https:\/\/www.reporterhorizon.com\/?s={search_term_string}\"},\"query-input\":{\"@type\":\"PropertyValueSpecification\",\"valueRequired\":true,\"valueName\":\"search_term_string\"}}],\"inLanguage\":\"fr-FR\"},{\"@type\":\"Organization\",\"@id\":\"https:\/\/www.reporterhorizon.com\/#organization\",\"name\":\"Reporterhorizon\",\"url\":\"https:\/\/www.reporterhorizon.com\/\",\"logo\":{\"@type\":\"ImageObject\",\"inLanguage\":\"fr-FR\",\"@id\":\"https:\/\/www.reporterhorizon.com\/#\/schema\/logo\/image\/\",\"url\":\"https:\/\/www.reporterhorizon.com\/wp-content\/uploads\/2025\/07\/LOGO-STUDIO.jpg\",\"contentUrl\":\"https:\/\/www.reporterhorizon.com\/wp-content\/uploads\/2025\/07\/LOGO-STUDIO.jpg\",\"width\":1960,\"height\":560,\"caption\":\"Reporterhorizon\"},\"image\":{\"@id\":\"https:\/\/www.reporterhorizon.com\/#\/schema\/logo\/image\/\"}},{\"@type\":\"Person\",\"@id\":\"https:\/\/www.reporterhorizon.com\/#\/schema\/person\/e54de2937f17a9c3e6a9db78e0dde802\",\"name\":\"Bamba\",\"image\":{\"@type\":\"ImageObject\",\"inLanguage\":\"fr-FR\",\"@id\":\"https:\/\/secure.gravatar.com\/avatar\/0721e5f51669073185223c713f504afe424081e2305d62bf510acd3af15b2469?s=96&d=mm&r=g\",\"url\":\"https:\/\/secure.gravatar.com\/avatar\/0721e5f51669073185223c713f504afe424081e2305d62bf510acd3af15b2469?s=96&d=mm&r=g\",\"contentUrl\":\"https:\/\/secure.gravatar.com\/avatar\/0721e5f51669073185223c713f504afe424081e2305d62bf510acd3af15b2469?s=96&d=mm&r=g\",\"caption\":\"Bamba\"},\"url\":\"https:\/\/www.reporterhorizon.com\/index.php\/author\/bamba\/\"}]}<\/script>\n<!-- \/ Yoast SEO plugin. -->","yoast_head_json":{"title":"\u00c9lections municipales : \u00e0 Lambagny, une candidate pr\u00f4ne le renouveau communal - Reporterhorizon","robots":{"index":"index","follow":"follow","max-snippet":"max-snippet:-1","max-image-preview":"max-image-preview:large","max-video-preview":"max-video-preview:-1"},"canonical":"https:\/\/www.reporterhorizon.com\/index.php\/2026\/05\/02\/elections-municipales-a-lambagny-une-candidate-prone-le-renouveau-communal\/","og_locale":"fr_FR","og_type":"article","og_title":"\u00c9lections municipales : \u00e0 Lambagny, une candidate pr\u00f4ne le renouveau communal - Reporterhorizon","og_description":"\u00c0 l\u2019approche des \u00e9lections municipales pr\u00e9vues en Guin\u00e9e, les ambitions se multiplient dans les diff\u00e9rentes communes de la capitale. \u00c0 Lambagny, une candidate, Kadiatou S, s\u2019est officiellement positionn\u00e9e pour briguer la mairie, avec pour mot d\u2019ordre le renouveau de la commune. Dans un contexte marqu\u00e9 par le lancement des campagnes, plusieurs candidats investissent le terrain [&hellip;]","og_url":"https:\/\/www.reporterhorizon.com\/index.php\/2026\/05\/02\/elections-municipales-a-lambagny-une-candidate-prone-le-renouveau-communal\/","og_site_name":"Reporterhorizon","article_published_time":"2026-05-02T16:01:50+00:00","article_modified_time":"2026-05-02T16:01:51+00:00","og_image":[{"width":2560,"height":2560,"url":"https:\/\/www.reporterhorizon.com\/wp-content\/uploads\/2026\/05\/IMG_1782-scaled.jpeg","type":"image\/jpeg"}],"author":"Bamba","twitter_card":"summary_large_image","twitter_misc":{"\u00c9crit par":"Bamba","Dur\u00e9e de lecture estim\u00e9e":"2 minutes"},"schema":{"@context":"https:\/\/schema.org","@graph":[{"@type":"Article","@id":"https:\/\/www.reporterhorizon.com\/index.php\/2026\/05\/02\/elections-municipales-a-lambagny-une-candidate-prone-le-renouveau-communal\/#article","isPartOf":{"@id":"https:\/\/www.reporterhorizon.com\/index.php\/2026\/05\/02\/elections-municipales-a-lambagny-une-candidate-prone-le-renouveau-communal\/"},"author":{"name":"Bamba","@id":"https:\/\/www.reporterhorizon.com\/#\/schema\/person\/e54de2937f17a9c3e6a9db78e0dde802"},"headline":"\u00c9lections municipales : \u00e0 Lambagny, une candidate pr\u00f4ne le renouveau communal","datePublished":"2026-05-02T16:01:50+00:00","dateModified":"2026-05-02T16:01:51+00:00","mainEntityOfPage":{"@id":"https:\/\/www.reporterhorizon.com\/index.php\/2026\/05\/02\/elections-municipales-a-lambagny-une-candidate-prone-le-renouveau-communal\/"},"wordCount":237,"commentCount":0,"publisher":{"@id":"https:\/\/www.reporterhorizon.com\/#organization"},"image":{"@id":"https:\/\/www.reporterhorizon.com\/index.php\/2026\/05\/02\/elections-municipales-a-lambagny-une-candidate-prone-le-renouveau-communal\/#primaryimage"},"thumbnailUrl":"https:\/\/www.reporterhorizon.com\/wp-content\/uploads\/2026\/05\/IMG_1782-1024x1024.jpeg","inLanguage":"fr-FR","potentialAction":[{"@type":"CommentAction","name":"Comment","target":["https:\/\/www.reporterhorizon.com\/index.php\/2026\/05\/02\/elections-municipales-a-lambagny-une-candidate-prone-le-renouveau-communal\/#respond"]}]},{"@type":"WebPage","@id":"https:\/\/www.reporterhorizon.com\/index.php\/2026\/05\/02\/elections-municipales-a-lambagny-une-candidate-prone-le-renouveau-communal\/","url":"https:\/\/www.reporterhorizon.com\/index.php\/2026\/05\/02\/elections-municipales-a-lambagny-une-candidate-prone-le-renouveau-communal\/","name":"\u00c9lections municipales : \u00e0 Lambagny, une candidate pr\u00f4ne le renouveau communal - Reporterhorizon","isPartOf":{"@id":"https:\/\/www.reporterhorizon.com\/#website"},"primaryImageOfPage":{"@id":"https:\/\/www.reporterhorizon.com\/index.php\/2026\/05\/02\/elections-municipales-a-lambagny-une-candidate-prone-le-renouveau-communal\/#primaryimage"},"image":{"@id":"https:\/\/www.reporterhorizon.com\/index.php\/2026\/05\/02\/elections-municipales-a-lambagny-une-candidate-prone-le-renouveau-communal\/#primaryimage"},"thumbnailUrl":"https:\/\/www.reporterhorizon.com\/wp-content\/uploads\/2026\/05\/IMG_1782-1024x1024.jpeg","datePublished":"2026-05-02T16:01:50+00:00","dateModified":"2026-05-02T16:01:51+00:00","breadcrumb":{"@id":"https:\/\/www.reporterhorizon.com\/index.php\/2026\/05\/02\/elections-municipales-a-lambagny-une-candidate-prone-le-renouveau-communal\/#breadcrumb"},"inLanguage":"fr-FR","potentialAction":[{"@type":"ReadAction","target":["https:\/\/www.reporterhorizon.com\/index.php\/2026\/05\/02\/elections-municipales-a-lambagny-une-candidate-prone-le-renouveau-communal\/"]}]},{"@type":"ImageObject","inLanguage":"fr-FR","@id":"https:\/\/www.reporterhorizon.com\/index.php\/2026\/05\/02\/elections-municipales-a-lambagny-une-candidate-prone-le-renouveau-communal\/#primaryimage","url":"https:\/\/www.reporterhorizon.com\/wp-content\/uploads\/2026\/05\/IMG_1782-scaled.jpeg","contentUrl":"https:\/\/www.reporterhorizon.com\/wp-content\/uploads\/2026\/05\/IMG_1782-scaled.jpeg","width":2560,"height":2560},{"@type":"BreadcrumbList","@id":"https:\/\/www.reporterhorizon.com\/index.php\/2026\/05\/02\/elections-municipales-a-lambagny-une-candidate-prone-le-renouveau-communal\/#breadcrumb","itemListElement":[{"@type":"ListItem","position":1,"name":"Accueil","item":"https:\/\/www.reporterhorizon.com\/"},{"@type":"ListItem","position":2,"name":"\u00c9lections municipales : \u00e0 Lambagny, une candidate pr\u00f4ne le renouveau communal"}]},{"@type":"WebSite","@id":"https:\/\/www.reporterhorizon.com\/#website","url":"https:\/\/www.reporterhorizon.com\/","name":"Reporterhorizon","description":"","publisher":{"@id":"https:\/\/www.reporterhorizon.com\/#organization"},"potentialAction":[{"@type":"SearchAction","target":{"@type":"EntryPoint","urlTemplate":"https:\/\/www.reporterhorizon.com\/?s={search_term_string}"},"query-input":{"@type":"PropertyValueSpecification","valueRequired":true,"valueName":"search_term_string"}}],"inLanguage":"fr-FR"},{"@type":"Organization","@id":"https:\/\/www.reporterhorizon.com\/#organization","name":"Reporterhorizon","url":"https:\/\/www.reporterhorizon.com\/","logo":{"@type":"ImageObject","inLanguage":"fr-FR","@id":"https:\/\/www.reporterhorizon.com\/#\/schema\/logo\/image\/","url":"https:\/\/www.reporterhorizon.com\/wp-content\/uploads\/2025\/07\/LOGO-STUDIO.jpg","contentUrl":"https:\/\/www.reporterhorizon.com\/wp-content\/uploads\/2025\/07\/LOGO-STUDIO.jpg","width":1960,"height":560,"caption":"Reporterhorizon"},"image":{"@id":"https:\/\/www.reporterhorizon.com\/#\/schema\/logo\/image\/"}},{"@type":"Person","@id":"https:\/\/www.reporterhorizon.com\/#\/schema\/person\/e54de2937f17a9c3e6a9db78e0dde802","name":"Bamba","image":{"@type":"ImageObject","inLanguage":"fr-FR","@id":"https:\/\/secure.gravatar.com\/avatar\/0721e5f51669073185223c713f504afe424081e2305d62bf510acd3af15b2469?s=96&d=mm&r=g","url":"https:\/\/secure.gravatar.com\/avatar\/0721e5f51669073185223c713f504afe424081e2305d62bf510acd3af15b2469?s=96&d=mm&r=g","contentUrl":"https:\/\/secure.gravatar.com\/avatar\/0721e5f51669073185223c713f504afe424081e2305d62bf510acd3af15b2469?s=96&d=mm&r=g","caption":"Bamba"},"url":"https:\/\/www.reporterhorizon.com\/index.php\/author\/bamba\/"}]}},"_links":{"self":[{"href":"https:\/\/www.reporterhorizon.com\/index.php\/wp-json\/wp\/v2\/posts\/7547","targetHints":{"allow":["GET"]}}],"collection":[{"href":"https:\/\/www.reporterhorizon.com\/index.php\/wp-json\/wp\/v2\/posts"}],"about":[{"href":"https:\/\/www.reporterhorizon.com\/index.php\/wp-json\/wp\/v2\/types\/post"}],"author":[{"embeddable":true,"href":"https:\/\/www.reporterhorizon.com\/index.php\/wp-json\/wp\/v2\/users\/42"}],"replies":[{"embeddable":true,"href":"https:\/\/www.reporterhorizon.com\/index.php\/wp-json\/wp\/v2\/comments?post=7547"}],"version-history":[{"count":1,"href":"https:\/\/www.reporterhorizon.com\/index.php\/wp-json\/wp\/v2\/posts\/7547\/revisions"}],"predecessor-version":[{"id":7553,"href":"https:\/\/www.reporterhorizon.com\/index.php\/wp-json\/wp\/v2\/posts\/7547\/revisions\/7553"}],"wp:attachment":[{"href":"https:\/\/www.reporterhorizon.com\/index.php\/wp-json\/wp\/v2\/media?parent=7547"}],"wp:term":[{"taxonomy":"category","embeddable":true,"href":"https:\/\/www.reporterhorizon.com\/index.php\/wp-json\/wp\/v2\/categories?post=7547"},{"taxonomy":"post_tag","embeddable":true,"href":"https:\/\/www.reporterhorizon.com\/index.php\/wp-json\/wp\/v2\/tags?post=7547"}],"curies":[{"name":"wp","href":"https:\/\/api.w.org\/{rel}","templated":true}]}}