{"id":7529,"date":"2026-04-27T13:46:51","date_gmt":"2026-04-27T13:46:51","guid":{"rendered":"https:\/\/www.reporterhorizon.com\/?p=7529"},"modified":"2026-04-27T13:46:52","modified_gmt":"2026-04-27T13:46:52","slug":"education-lancement-des-reformes-de-lenseignement-superieur-autour-des-projets-mps-30-et-mps-32","status":"publish","type":"post","link":"https:\/\/www.reporterhorizon.com\/index.php\/2026\/04\/27\/education-lancement-des-reformes-de-lenseignement-superieur-autour-des-projets-mps-30-et-mps-32\/","title":{"rendered":"\u00c9ducation : lancement des r\u00e9formes de l\u2019enseignement sup\u00e9rieur autour des projets MPS-30 et MPS-32"},"content":{"rendered":"\n<figure class=\"wp-block-image size-large\"><img fetchpriority=\"high\" decoding=\"async\" width=\"1024\" height=\"1024\" src=\"https:\/\/www.reporterhorizon.com\/wp-content\/uploads\/2026\/04\/IMG_1655-1024x1024.jpeg\" alt=\"\" class=\"wp-image-7531\" srcset=\"https:\/\/www.reporterhorizon.com\/wp-content\/uploads\/2026\/04\/IMG_1655-1024x1024.jpeg 1024w, https:\/\/www.reporterhorizon.com\/wp-content\/uploads\/2026\/04\/IMG_1655-300x300.jpeg 300w, https:\/\/www.reporterhorizon.com\/wp-content\/uploads\/2026\/04\/IMG_1655-150x150.jpeg 150w, https:\/\/www.reporterhorizon.com\/wp-content\/uploads\/2026\/04\/IMG_1655-768x768.jpeg 768w, https:\/\/www.reporterhorizon.com\/wp-content\/uploads\/2026\/04\/IMG_1655-1536x1536.jpeg 1536w, https:\/\/www.reporterhorizon.com\/wp-content\/uploads\/2026\/04\/IMG_1655-2048x2048.jpeg 2048w, https:\/\/www.reporterhorizon.com\/wp-content\/uploads\/2026\/04\/IMG_1655-75x75.jpeg 75w, https:\/\/www.reporterhorizon.com\/wp-content\/uploads\/2026\/04\/IMG_1655-350x350.jpeg 350w, https:\/\/www.reporterhorizon.com\/wp-content\/uploads\/2026\/04\/IMG_1655-750x750.jpeg 750w, https:\/\/www.reporterhorizon.com\/wp-content\/uploads\/2026\/04\/IMG_1655-1140x1140.jpeg 1140w, https:\/\/www.reporterhorizon.com\/wp-content\/uploads\/2026\/04\/IMG_1655.jpeg 1600w\" sizes=\"(max-width: 1024px) 100vw, 1024px\" \/><\/figure>\n\n\n\n<figure class=\"wp-block-gallery has-nested-images columns-default is-cropped wp-block-gallery-1 is-layout-flex wp-block-gallery-is-layout-flex\">\n<figure class=\"wp-block-image size-large\"><img decoding=\"async\" width=\"1024\" height=\"1024\" data-id=\"7535\" src=\"https:\/\/www.reporterhorizon.com\/wp-content\/uploads\/2026\/04\/IMG_1656-1-1024x1024.jpeg\" alt=\"\" class=\"wp-image-7535\" srcset=\"https:\/\/www.reporterhorizon.com\/wp-content\/uploads\/2026\/04\/IMG_1656-1-1024x1024.jpeg 1024w, https:\/\/www.reporterhorizon.com\/wp-content\/uploads\/2026\/04\/IMG_1656-1-300x300.jpeg 300w, https:\/\/www.reporterhorizon.com\/wp-content\/uploads\/2026\/04\/IMG_1656-1-150x150.jpeg 150w, https:\/\/www.reporterhorizon.com\/wp-content\/uploads\/2026\/04\/IMG_1656-1-768x768.jpeg 768w, https:\/\/www.reporterhorizon.com\/wp-content\/uploads\/2026\/04\/IMG_1656-1-1536x1536.jpeg 1536w, https:\/\/www.reporterhorizon.com\/wp-content\/uploads\/2026\/04\/IMG_1656-1-2048x2048.jpeg 2048w, https:\/\/www.reporterhorizon.com\/wp-content\/uploads\/2026\/04\/IMG_1656-1-75x75.jpeg 75w, https:\/\/www.reporterhorizon.com\/wp-content\/uploads\/2026\/04\/IMG_1656-1-350x350.jpeg 350w, https:\/\/www.reporterhorizon.com\/wp-content\/uploads\/2026\/04\/IMG_1656-1-750x750.jpeg 750w, https:\/\/www.reporterhorizon.com\/wp-content\/uploads\/2026\/04\/IMG_1656-1-1140x1140.jpeg 1140w, https:\/\/www.reporterhorizon.com\/wp-content\/uploads\/2026\/04\/IMG_1656-1.jpeg 1600w\" sizes=\"(max-width: 1024px) 100vw, 1024px\" \/><\/figure>\n<\/figure>\n\n\n\n<figure class=\"wp-block-gallery has-nested-images columns-default is-cropped wp-block-gallery-2 is-layout-flex wp-block-gallery-is-layout-flex\"><\/figure>\n\n\n\n<p>Le minist\u00e8re de l\u2019Enseignement sup\u00e9rieur, de la Recherche scientifique et de l\u2019Innovation a proc\u00e9d\u00e9, ce lundi 27 avril 2026, au lancement officiel d\u2019un atelier consacr\u00e9 aux r\u00e9formes du syst\u00e8me universitaire guin\u00e9en. La rencontre, pr\u00e9sid\u00e9e par la ministre&nbsp;Diaka Sidib\u00e9, a r\u00e9uni des responsables d\u2019institutions universitaires ainsi que des repr\u00e9sentants de la Primature.<\/p>\n\n\n\n<figure class=\"wp-block-gallery has-nested-images columns-default is-cropped wp-block-gallery-3 is-layout-flex wp-block-gallery-is-layout-flex\">\n<figure class=\"wp-block-image size-large\"><img decoding=\"async\" width=\"1024\" height=\"1024\" data-id=\"7534\" src=\"https:\/\/www.reporterhorizon.com\/wp-content\/uploads\/2026\/04\/IMG_1694-1024x1024.jpeg\" alt=\"\" class=\"wp-image-7534\" srcset=\"https:\/\/www.reporterhorizon.com\/wp-content\/uploads\/2026\/04\/IMG_1694-1024x1024.jpeg 1024w, https:\/\/www.reporterhorizon.com\/wp-content\/uploads\/2026\/04\/IMG_1694-300x300.jpeg 300w, https:\/\/www.reporterhorizon.com\/wp-content\/uploads\/2026\/04\/IMG_1694-150x150.jpeg 150w, https:\/\/www.reporterhorizon.com\/wp-content\/uploads\/2026\/04\/IMG_1694-1536x1536.jpeg 1536w, https:\/\/www.reporterhorizon.com\/wp-content\/uploads\/2026\/04\/IMG_1694-2048x2048.jpeg 2048w, https:\/\/www.reporterhorizon.com\/wp-content\/uploads\/2026\/04\/IMG_1694-75x75.jpeg 75w, https:\/\/www.reporterhorizon.com\/wp-content\/uploads\/2026\/04\/IMG_1694-350x350.jpeg 350w\" sizes=\"(max-width: 1024px) 100vw, 1024px\" \/><\/figure>\n<\/figure>\n\n\n\n<p>Au c\u0153ur de cet atelier, deux projets structurants : MPS-30 et MPS-32, pr\u00e9sent\u00e9s comme des leviers majeurs pour moderniser et adapter l\u2019enseignement sup\u00e9rieur aux r\u00e9alit\u00e9s socio\u00e9conomiques du pays. Dans son intervention, la ministre a mis en avant l\u2019ambition de b\u00e2tir un syst\u00e8me plus performant, en phase avec les besoins du march\u00e9 de l\u2019emploi.<\/p>\n\n\n\n<figure class=\"wp-block-image size-large\"><img loading=\"lazy\" decoding=\"async\" width=\"1024\" height=\"1024\" src=\"https:\/\/www.reporterhorizon.com\/wp-content\/uploads\/2026\/04\/IMG_1681-1024x1024.jpeg\" alt=\"\" class=\"wp-image-7533\" srcset=\"https:\/\/www.reporterhorizon.com\/wp-content\/uploads\/2026\/04\/IMG_1681-1024x1024.jpeg 1024w, https:\/\/www.reporterhorizon.com\/wp-content\/uploads\/2026\/04\/IMG_1681-300x300.jpeg 300w, https:\/\/www.reporterhorizon.com\/wp-content\/uploads\/2026\/04\/IMG_1681-150x150.jpeg 150w, https:\/\/www.reporterhorizon.com\/wp-content\/uploads\/2026\/04\/IMG_1681-1536x1536.jpeg 1536w, https:\/\/www.reporterhorizon.com\/wp-content\/uploads\/2026\/04\/IMG_1681-2048x2048.jpeg 2048w, https:\/\/www.reporterhorizon.com\/wp-content\/uploads\/2026\/04\/IMG_1681-75x75.jpeg 75w, https:\/\/www.reporterhorizon.com\/wp-content\/uploads\/2026\/04\/IMG_1681-350x350.jpeg 350w\" sizes=\"(max-width: 1024px) 100vw, 1024px\" \/><\/figure>\n\n\n\n<p>\u00ab Le MPS30 va doter la Guin\u00e9e d\u2019un v\u00e9ritable \u00e9cosyst\u00e8me num\u00e9rique de formation, d\u2019information sur les formations et l\u2019emploi. Les plateformes existantes, parce que nous ne partons pas de nulle part, de z\u00e9ro, seront enrichies de modules de cartographie fin de tous les programmes, de toutes les donn\u00e9es sur les d\u00e9bouch\u00e9s professionnels et de tous les besoins m\u00e9tiers par r\u00e9gion. Mais surtout, le MPS30 va cr\u00e9er l\u2019Observatoire national de l\u2019insertion des dipl\u00f4m\u00e9s, l\u2019ONITA.<\/p>\n\n\n\n<figure class=\"wp-block-gallery has-nested-images columns-default is-cropped wp-block-gallery-4 is-layout-flex wp-block-gallery-is-layout-flex\">\n<figure class=\"wp-block-image size-large\"><img loading=\"lazy\" decoding=\"async\" width=\"1024\" height=\"1024\" data-id=\"7536\" src=\"https:\/\/www.reporterhorizon.com\/wp-content\/uploads\/2026\/04\/IMG_1683-1024x1024.jpeg\" alt=\"\" class=\"wp-image-7536\" srcset=\"https:\/\/www.reporterhorizon.com\/wp-content\/uploads\/2026\/04\/IMG_1683-1024x1024.jpeg 1024w, https:\/\/www.reporterhorizon.com\/wp-content\/uploads\/2026\/04\/IMG_1683-300x300.jpeg 300w, https:\/\/www.reporterhorizon.com\/wp-content\/uploads\/2026\/04\/IMG_1683-150x150.jpeg 150w, https:\/\/www.reporterhorizon.com\/wp-content\/uploads\/2026\/04\/IMG_1683-1536x1536.jpeg 1536w, https:\/\/www.reporterhorizon.com\/wp-content\/uploads\/2026\/04\/IMG_1683-2048x2048.jpeg 2048w, https:\/\/www.reporterhorizon.com\/wp-content\/uploads\/2026\/04\/IMG_1683-75x75.jpeg 75w, https:\/\/www.reporterhorizon.com\/wp-content\/uploads\/2026\/04\/IMG_1683-350x350.jpeg 350w\" sizes=\"(max-width: 1024px) 100vw, 1024px\" \/><\/figure>\n<\/figure>\n\n\n\n<p>Cet atelier est donc le point de d\u00e9part de cette mobilisation. Il doit nous permettre de partager une vision commune, de identifier les r\u00f4les de chacun et surtout de nous engager concr\u00e8tement autour d\u2019objectifs pr\u00e9cis et mesurables. Au-del\u00e0 des discours, ce que nous lan\u00e7ons aujourd\u2019hui, c\u2019est une dynamique d\u2019action, une dynamique fond\u00e9e sur la rigueur, une dynamique fond\u00e9e sur la collaboration, mais surtout une dynamique fond\u00e9e sur l\u2019obligation des r\u00e9sultats \u00bb, a-t-elle d\u00e9clar\u00e9.<\/p>\n\n\n\n<figure class=\"wp-block-gallery has-nested-images columns-default is-cropped wp-block-gallery-5 is-layout-flex wp-block-gallery-is-layout-flex\">\n<figure class=\"wp-block-image size-large\"><img loading=\"lazy\" decoding=\"async\" width=\"1024\" height=\"1024\" data-id=\"7537\" src=\"https:\/\/www.reporterhorizon.com\/wp-content\/uploads\/2026\/04\/IMG_1691-1024x1024.jpeg\" alt=\"\" class=\"wp-image-7537\" srcset=\"https:\/\/www.reporterhorizon.com\/wp-content\/uploads\/2026\/04\/IMG_1691-1024x1024.jpeg 1024w, https:\/\/www.reporterhorizon.com\/wp-content\/uploads\/2026\/04\/IMG_1691-300x300.jpeg 300w, https:\/\/www.reporterhorizon.com\/wp-content\/uploads\/2026\/04\/IMG_1691-150x150.jpeg 150w, https:\/\/www.reporterhorizon.com\/wp-content\/uploads\/2026\/04\/IMG_1691-1536x1536.jpeg 1536w, https:\/\/www.reporterhorizon.com\/wp-content\/uploads\/2026\/04\/IMG_1691-2048x2048.jpeg 2048w, https:\/\/www.reporterhorizon.com\/wp-content\/uploads\/2026\/04\/IMG_1691-75x75.jpeg 75w, https:\/\/www.reporterhorizon.com\/wp-content\/uploads\/2026\/04\/IMG_1691-350x350.jpeg 350w\" sizes=\"(max-width: 1024px) 100vw, 1024px\" \/><\/figure>\n<\/figure>\n\n\n\n<p>Prenant \u00e9galement la parole,&nbsp;Mamadou Angelo Diallo, d\u00e9l\u00e9gu\u00e9 g\u00e9n\u00e9ral de l\u2019unit\u00e9 d\u2019ex\u00e9cution du programme Simandou 2040, a soulign\u00e9 l\u2019importance strat\u00e9gique de ces r\u00e9formes pour l\u2019avenir du pays :<\/p>\n\n\n\n<p><\/p>\n\n\n\n<p>\u00ab C\u2019est avec une conviction profonde que je prends la parole aujourd\u2019hui, pour ce lancement conjoint des projets MPS-30 et MPS-32.<\/p>\n\n\n\n<p>Notre pays est en train de se transformer, et avant tout, je voudrais que nous marquions un temps de reconnaissance solennelle envers l\u2019architecte de cette transformation : Son Excellence Monsieur le Pr\u00e9sident de la R\u00e9publique,&nbsp;Mamadi Doumbouya.<\/p>\n\n\n\n<p>Si nous sommes r\u00e9unis aujourd\u2019hui, c\u2019est gr\u00e2ce \u00e0 sa vision audacieuse et patriotique pour la Guin\u00e9e. En pla\u00e7ant le Programme Simandou 2040 au sommet des priorit\u00e9s nationales, le Chef de l\u2019\u00c9tat a compris que la richesse souterraine n\u2019a de valeur que si elle est transform\u00e9e par le g\u00e9nie de nos enfants.<\/p>\n\n\n\n<p>Mesdames et Messieurs,<\/p>\n\n\n\n<p><\/p>\n\n\n\n<p>Le Programme Simandou 2040 n\u2019est pas une simple promesse industrielle ; c\u2019est le contrat social d\u2019une Guin\u00e9e nouvelle. Et ce contrat repose sur un pilier central : l\u2019ad\u00e9quation absolue entre notre capital humain et nos ambitions \u00e9conomiques.<\/p>\n\n\n\n<p>Un syst\u00e8me universitaire performant est non seulement un levier de progr\u00e8s intellectuel et social, mais aussi un facteur cl\u00e9 du d\u00e9veloppement national. Cet atelier a une port\u00e9e politique et symbolique consid\u00e9rable. Nous ne r\u00e9formons pas pour le plaisir de changer les manuels, mais pour que chaque dipl\u00f4m\u00e9 guin\u00e9en devienne un acteur direct de la prosp\u00e9rit\u00e9 nationale\u2026<\/p>\n\n\n\n<p>Nous ne voulons plus seulement des dipl\u00f4m\u00e9s ; nous voulons des b\u00e2tisseurs d\u2019\u00e9conomies. Pour cela, il nous faut des mod\u00e8les acad\u00e9miques plus adapt\u00e9s aux r\u00e9alit\u00e9s socio\u00e9conomiques actuelles. \u00bb<\/p>\n\n\n\n<figure class=\"wp-block-gallery has-nested-images columns-default is-cropped wp-block-gallery-6 is-layout-flex wp-block-gallery-is-layout-flex\">\n<figure class=\"wp-block-image size-large\"><img loading=\"lazy\" decoding=\"async\" width=\"1024\" height=\"1024\" data-id=\"7538\" src=\"https:\/\/www.reporterhorizon.com\/wp-content\/uploads\/2026\/04\/IMG_1676-1024x1024.jpeg\" alt=\"\" class=\"wp-image-7538\" srcset=\"https:\/\/www.reporterhorizon.com\/wp-content\/uploads\/2026\/04\/IMG_1676-1024x1024.jpeg 1024w, https:\/\/www.reporterhorizon.com\/wp-content\/uploads\/2026\/04\/IMG_1676-300x300.jpeg 300w, https:\/\/www.reporterhorizon.com\/wp-content\/uploads\/2026\/04\/IMG_1676-150x150.jpeg 150w, https:\/\/www.reporterhorizon.com\/wp-content\/uploads\/2026\/04\/IMG_1676-1536x1536.jpeg 1536w, https:\/\/www.reporterhorizon.com\/wp-content\/uploads\/2026\/04\/IMG_1676-2048x2048.jpeg 2048w, https:\/\/www.reporterhorizon.com\/wp-content\/uploads\/2026\/04\/IMG_1676-75x75.jpeg 75w, https:\/\/www.reporterhorizon.com\/wp-content\/uploads\/2026\/04\/IMG_1676-350x350.jpeg 350w\" sizes=\"(max-width: 1024px) 100vw, 1024px\" \/><\/figure>\n<\/figure>\n\n\n\n<p>\u00c0 travers cet atelier, les autorit\u00e9s entendent impulser une nouvelle dynamique au sein de l\u2019enseignement sup\u00e9rieur, en mettant l\u2019accent sur la qualit\u00e9 de la formation, l\u2019employabilit\u00e9 des dipl\u00f4m\u00e9s et l\u2019ad\u00e9quation entre formation et besoins du march\u00e9. Une r\u00e9forme qui s\u2019inscrit pleinement dans la vision globale du programme Simandou 2040, ax\u00e9e sur le d\u00e9veloppement du capital humain.<\/p>\n<script>function PlayerjsAsync(){} if(window[\"Playerjs\"]){PlayerjsAsync();}<\/script>","protected":false},"excerpt":{"rendered":"<p>Le minist\u00e8re de l\u2019Enseignement sup\u00e9rieur, de la Recherche scientifique et de l\u2019Innovation a proc\u00e9d\u00e9, ce lundi 27 avril 2026, au lancement officiel d\u2019un atelier consacr\u00e9 aux r\u00e9formes du syst\u00e8me universitaire guin\u00e9en. La rencontre, pr\u00e9sid\u00e9e par la ministre&nbsp;Diaka Sidib\u00e9, a r\u00e9uni des responsables d\u2019institutions universitaires ainsi que des repr\u00e9sentants de la Primature. Au c\u0153ur de cet [&hellip;]<\/p>\n","protected":false},"author":42,"featured_media":0,"comment_status":"open","ping_status":"open","sticky":false,"template":"","format":"standard","meta":{"jnews-multi-image_gallery":[],"jnews_single_post":{"format":"standard"},"jnews_primary_category":[],"jnews_override_counter":[],"footnotes":""},"categories":[1],"tags":[],"class_list":["post-7529","post","type-post","status-publish","format-standard","hentry","category-non-classe"],"yoast_head":"<!-- This site is optimized with the Yoast SEO plugin v27.2 - https:\/\/yoast.com\/product\/yoast-seo-wordpress\/ -->\n<title>\u00c9ducation : lancement des r\u00e9formes de l\u2019enseignement sup\u00e9rieur autour des projets MPS-30 et MPS-32 - Reporterhorizon<\/title>\n<meta name=\"robots\" content=\"index, follow, max-snippet:-1, max-image-preview:large, max-video-preview:-1\" \/>\n<link rel=\"canonical\" href=\"https:\/\/www.reporterhorizon.com\/index.php\/2026\/04\/27\/education-lancement-des-reformes-de-lenseignement-superieur-autour-des-projets-mps-30-et-mps-32\/\" \/>\n<meta property=\"og:locale\" content=\"fr_FR\" \/>\n<meta property=\"og:type\" content=\"article\" \/>\n<meta property=\"og:title\" content=\"\u00c9ducation : lancement des r\u00e9formes de l\u2019enseignement sup\u00e9rieur autour des projets MPS-30 et MPS-32 - Reporterhorizon\" \/>\n<meta property=\"og:description\" content=\"Le minist\u00e8re de l\u2019Enseignement sup\u00e9rieur, de la Recherche scientifique et de l\u2019Innovation a proc\u00e9d\u00e9, ce lundi 27 avril 2026, au lancement officiel d\u2019un atelier consacr\u00e9 aux r\u00e9formes du syst\u00e8me universitaire guin\u00e9en. La rencontre, pr\u00e9sid\u00e9e par la ministre&nbsp;Diaka Sidib\u00e9, a r\u00e9uni des responsables d\u2019institutions universitaires ainsi que des repr\u00e9sentants de la Primature. Au c\u0153ur de cet [&hellip;]\" \/>\n<meta property=\"og:url\" content=\"https:\/\/www.reporterhorizon.com\/index.php\/2026\/04\/27\/education-lancement-des-reformes-de-lenseignement-superieur-autour-des-projets-mps-30-et-mps-32\/\" \/>\n<meta property=\"og:site_name\" content=\"Reporterhorizon\" \/>\n<meta property=\"article:published_time\" content=\"2026-04-27T13:46:51+00:00\" \/>\n<meta property=\"article:modified_time\" content=\"2026-04-27T13:46:52+00:00\" \/>\n<meta property=\"og:image\" content=\"https:\/\/www.reporterhorizon.com\/wp-content\/uploads\/2026\/04\/IMG_1655.jpeg\" \/>\n\t<meta property=\"og:image:width\" content=\"1600\" \/>\n\t<meta property=\"og:image:height\" content=\"1600\" \/>\n\t<meta property=\"og:image:type\" content=\"image\/jpeg\" \/>\n<meta name=\"author\" content=\"Bamba\" \/>\n<meta name=\"twitter:card\" content=\"summary_large_image\" \/>\n<meta name=\"twitter:label1\" content=\"\u00c9crit par\" \/>\n\t<meta name=\"twitter:data1\" content=\"Bamba\" \/>\n\t<meta name=\"twitter:label2\" content=\"Dur\u00e9e de lecture estim\u00e9e\" \/>\n\t<meta name=\"twitter:data2\" content=\"5 minutes\" \/>\n<script type=\"application\/ld+json\" class=\"yoast-schema-graph\">{\"@context\":\"https:\/\/schema.org\",\"@graph\":[{\"@type\":\"Article\",\"@id\":\"https:\/\/www.reporterhorizon.com\/index.php\/2026\/04\/27\/education-lancement-des-reformes-de-lenseignement-superieur-autour-des-projets-mps-30-et-mps-32\/#article\",\"isPartOf\":{\"@id\":\"https:\/\/www.reporterhorizon.com\/index.php\/2026\/04\/27\/education-lancement-des-reformes-de-lenseignement-superieur-autour-des-projets-mps-30-et-mps-32\/\"},\"author\":{\"name\":\"Bamba\",\"@id\":\"https:\/\/www.reporterhorizon.com\/#\/schema\/person\/e54de2937f17a9c3e6a9db78e0dde802\"},\"headline\":\"\u00c9ducation : lancement des r\u00e9formes de l\u2019enseignement sup\u00e9rieur autour des projets MPS-30 et MPS-32\",\"datePublished\":\"2026-04-27T13:46:51+00:00\",\"dateModified\":\"2026-04-27T13:46:52+00:00\",\"mainEntityOfPage\":{\"@id\":\"https:\/\/www.reporterhorizon.com\/index.php\/2026\/04\/27\/education-lancement-des-reformes-de-lenseignement-superieur-autour-des-projets-mps-30-et-mps-32\/\"},\"wordCount\":694,\"commentCount\":0,\"publisher\":{\"@id\":\"https:\/\/www.reporterhorizon.com\/#organization\"},\"image\":{\"@id\":\"https:\/\/www.reporterhorizon.com\/index.php\/2026\/04\/27\/education-lancement-des-reformes-de-lenseignement-superieur-autour-des-projets-mps-30-et-mps-32\/#primaryimage\"},\"thumbnailUrl\":\"https:\/\/www.reporterhorizon.com\/wp-content\/uploads\/2026\/04\/IMG_1655-1024x1024.jpeg\",\"inLanguage\":\"fr-FR\",\"potentialAction\":[{\"@type\":\"CommentAction\",\"name\":\"Comment\",\"target\":[\"https:\/\/www.reporterhorizon.com\/index.php\/2026\/04\/27\/education-lancement-des-reformes-de-lenseignement-superieur-autour-des-projets-mps-30-et-mps-32\/#respond\"]}]},{\"@type\":\"WebPage\",\"@id\":\"https:\/\/www.reporterhorizon.com\/index.php\/2026\/04\/27\/education-lancement-des-reformes-de-lenseignement-superieur-autour-des-projets-mps-30-et-mps-32\/\",\"url\":\"https:\/\/www.reporterhorizon.com\/index.php\/2026\/04\/27\/education-lancement-des-reformes-de-lenseignement-superieur-autour-des-projets-mps-30-et-mps-32\/\",\"name\":\"\u00c9ducation : lancement des r\u00e9formes de l\u2019enseignement sup\u00e9rieur autour des projets MPS-30 et MPS-32 - Reporterhorizon\",\"isPartOf\":{\"@id\":\"https:\/\/www.reporterhorizon.com\/#website\"},\"primaryImageOfPage\":{\"@id\":\"https:\/\/www.reporterhorizon.com\/index.php\/2026\/04\/27\/education-lancement-des-reformes-de-lenseignement-superieur-autour-des-projets-mps-30-et-mps-32\/#primaryimage\"},\"image\":{\"@id\":\"https:\/\/www.reporterhorizon.com\/index.php\/2026\/04\/27\/education-lancement-des-reformes-de-lenseignement-superieur-autour-des-projets-mps-30-et-mps-32\/#primaryimage\"},\"thumbnailUrl\":\"https:\/\/www.reporterhorizon.com\/wp-content\/uploads\/2026\/04\/IMG_1655-1024x1024.jpeg\",\"datePublished\":\"2026-04-27T13:46:51+00:00\",\"dateModified\":\"2026-04-27T13:46:52+00:00\",\"breadcrumb\":{\"@id\":\"https:\/\/www.reporterhorizon.com\/index.php\/2026\/04\/27\/education-lancement-des-reformes-de-lenseignement-superieur-autour-des-projets-mps-30-et-mps-32\/#breadcrumb\"},\"inLanguage\":\"fr-FR\",\"potentialAction\":[{\"@type\":\"ReadAction\",\"target\":[\"https:\/\/www.reporterhorizon.com\/index.php\/2026\/04\/27\/education-lancement-des-reformes-de-lenseignement-superieur-autour-des-projets-mps-30-et-mps-32\/\"]}]},{\"@type\":\"ImageObject\",\"inLanguage\":\"fr-FR\",\"@id\":\"https:\/\/www.reporterhorizon.com\/index.php\/2026\/04\/27\/education-lancement-des-reformes-de-lenseignement-superieur-autour-des-projets-mps-30-et-mps-32\/#primaryimage\",\"url\":\"https:\/\/www.reporterhorizon.com\/wp-content\/uploads\/2026\/04\/IMG_1655.jpeg\",\"contentUrl\":\"https:\/\/www.reporterhorizon.com\/wp-content\/uploads\/2026\/04\/IMG_1655.jpeg\",\"width\":1600,\"height\":1600},{\"@type\":\"BreadcrumbList\",\"@id\":\"https:\/\/www.reporterhorizon.com\/index.php\/2026\/04\/27\/education-lancement-des-reformes-de-lenseignement-superieur-autour-des-projets-mps-30-et-mps-32\/#breadcrumb\",\"itemListElement\":[{\"@type\":\"ListItem\",\"position\":1,\"name\":\"Accueil\",\"item\":\"https:\/\/www.reporterhorizon.com\/\"},{\"@type\":\"ListItem\",\"position\":2,\"name\":\"\u00c9ducation : lancement des r\u00e9formes de l\u2019enseignement sup\u00e9rieur autour des projets MPS-30 et MPS-32\"}]},{\"@type\":\"WebSite\",\"@id\":\"https:\/\/www.reporterhorizon.com\/#website\",\"url\":\"https:\/\/www.reporterhorizon.com\/\",\"name\":\"Reporterhorizon\",\"description\":\"\",\"publisher\":{\"@id\":\"https:\/\/www.reporterhorizon.com\/#organization\"},\"potentialAction\":[{\"@type\":\"SearchAction\",\"target\":{\"@type\":\"EntryPoint\",\"urlTemplate\":\"https:\/\/www.reporterhorizon.com\/?s={search_term_string}\"},\"query-input\":{\"@type\":\"PropertyValueSpecification\",\"valueRequired\":true,\"valueName\":\"search_term_string\"}}],\"inLanguage\":\"fr-FR\"},{\"@type\":\"Organization\",\"@id\":\"https:\/\/www.reporterhorizon.com\/#organization\",\"name\":\"Reporterhorizon\",\"url\":\"https:\/\/www.reporterhorizon.com\/\",\"logo\":{\"@type\":\"ImageObject\",\"inLanguage\":\"fr-FR\",\"@id\":\"https:\/\/www.reporterhorizon.com\/#\/schema\/logo\/image\/\",\"url\":\"https:\/\/www.reporterhorizon.com\/wp-content\/uploads\/2025\/07\/LOGO-STUDIO.jpg\",\"contentUrl\":\"https:\/\/www.reporterhorizon.com\/wp-content\/uploads\/2025\/07\/LOGO-STUDIO.jpg\",\"width\":1960,\"height\":560,\"caption\":\"Reporterhorizon\"},\"image\":{\"@id\":\"https:\/\/www.reporterhorizon.com\/#\/schema\/logo\/image\/\"}},{\"@type\":\"Person\",\"@id\":\"https:\/\/www.reporterhorizon.com\/#\/schema\/person\/e54de2937f17a9c3e6a9db78e0dde802\",\"name\":\"Bamba\",\"image\":{\"@type\":\"ImageObject\",\"inLanguage\":\"fr-FR\",\"@id\":\"https:\/\/secure.gravatar.com\/avatar\/0721e5f51669073185223c713f504afe424081e2305d62bf510acd3af15b2469?s=96&d=mm&r=g\",\"url\":\"https:\/\/secure.gravatar.com\/avatar\/0721e5f51669073185223c713f504afe424081e2305d62bf510acd3af15b2469?s=96&d=mm&r=g\",\"contentUrl\":\"https:\/\/secure.gravatar.com\/avatar\/0721e5f51669073185223c713f504afe424081e2305d62bf510acd3af15b2469?s=96&d=mm&r=g\",\"caption\":\"Bamba\"},\"url\":\"https:\/\/www.reporterhorizon.com\/index.php\/author\/bamba\/\"}]}<\/script>\n<!-- \/ Yoast SEO plugin. -->","yoast_head_json":{"title":"\u00c9ducation : lancement des r\u00e9formes de l\u2019enseignement sup\u00e9rieur autour des projets MPS-30 et MPS-32 - Reporterhorizon","robots":{"index":"index","follow":"follow","max-snippet":"max-snippet:-1","max-image-preview":"max-image-preview:large","max-video-preview":"max-video-preview:-1"},"canonical":"https:\/\/www.reporterhorizon.com\/index.php\/2026\/04\/27\/education-lancement-des-reformes-de-lenseignement-superieur-autour-des-projets-mps-30-et-mps-32\/","og_locale":"fr_FR","og_type":"article","og_title":"\u00c9ducation : lancement des r\u00e9formes de l\u2019enseignement sup\u00e9rieur autour des projets MPS-30 et MPS-32 - Reporterhorizon","og_description":"Le minist\u00e8re de l\u2019Enseignement sup\u00e9rieur, de la Recherche scientifique et de l\u2019Innovation a proc\u00e9d\u00e9, ce lundi 27 avril 2026, au lancement officiel d\u2019un atelier consacr\u00e9 aux r\u00e9formes du syst\u00e8me universitaire guin\u00e9en. La rencontre, pr\u00e9sid\u00e9e par la ministre&nbsp;Diaka Sidib\u00e9, a r\u00e9uni des responsables d\u2019institutions universitaires ainsi que des repr\u00e9sentants de la Primature. Au c\u0153ur de cet [&hellip;]","og_url":"https:\/\/www.reporterhorizon.com\/index.php\/2026\/04\/27\/education-lancement-des-reformes-de-lenseignement-superieur-autour-des-projets-mps-30-et-mps-32\/","og_site_name":"Reporterhorizon","article_published_time":"2026-04-27T13:46:51+00:00","article_modified_time":"2026-04-27T13:46:52+00:00","og_image":[{"width":1600,"height":1600,"url":"https:\/\/www.reporterhorizon.com\/wp-content\/uploads\/2026\/04\/IMG_1655.jpeg","type":"image\/jpeg"}],"author":"Bamba","twitter_card":"summary_large_image","twitter_misc":{"\u00c9crit par":"Bamba","Dur\u00e9e de lecture estim\u00e9e":"5 minutes"},"schema":{"@context":"https:\/\/schema.org","@graph":[{"@type":"Article","@id":"https:\/\/www.reporterhorizon.com\/index.php\/2026\/04\/27\/education-lancement-des-reformes-de-lenseignement-superieur-autour-des-projets-mps-30-et-mps-32\/#article","isPartOf":{"@id":"https:\/\/www.reporterhorizon.com\/index.php\/2026\/04\/27\/education-lancement-des-reformes-de-lenseignement-superieur-autour-des-projets-mps-30-et-mps-32\/"},"author":{"name":"Bamba","@id":"https:\/\/www.reporterhorizon.com\/#\/schema\/person\/e54de2937f17a9c3e6a9db78e0dde802"},"headline":"\u00c9ducation : lancement des r\u00e9formes de l\u2019enseignement sup\u00e9rieur autour des projets MPS-30 et MPS-32","datePublished":"2026-04-27T13:46:51+00:00","dateModified":"2026-04-27T13:46:52+00:00","mainEntityOfPage":{"@id":"https:\/\/www.reporterhorizon.com\/index.php\/2026\/04\/27\/education-lancement-des-reformes-de-lenseignement-superieur-autour-des-projets-mps-30-et-mps-32\/"},"wordCount":694,"commentCount":0,"publisher":{"@id":"https:\/\/www.reporterhorizon.com\/#organization"},"image":{"@id":"https:\/\/www.reporterhorizon.com\/index.php\/2026\/04\/27\/education-lancement-des-reformes-de-lenseignement-superieur-autour-des-projets-mps-30-et-mps-32\/#primaryimage"},"thumbnailUrl":"https:\/\/www.reporterhorizon.com\/wp-content\/uploads\/2026\/04\/IMG_1655-1024x1024.jpeg","inLanguage":"fr-FR","potentialAction":[{"@type":"CommentAction","name":"Comment","target":["https:\/\/www.reporterhorizon.com\/index.php\/2026\/04\/27\/education-lancement-des-reformes-de-lenseignement-superieur-autour-des-projets-mps-30-et-mps-32\/#respond"]}]},{"@type":"WebPage","@id":"https:\/\/www.reporterhorizon.com\/index.php\/2026\/04\/27\/education-lancement-des-reformes-de-lenseignement-superieur-autour-des-projets-mps-30-et-mps-32\/","url":"https:\/\/www.reporterhorizon.com\/index.php\/2026\/04\/27\/education-lancement-des-reformes-de-lenseignement-superieur-autour-des-projets-mps-30-et-mps-32\/","name":"\u00c9ducation : lancement des r\u00e9formes de l\u2019enseignement sup\u00e9rieur autour des projets MPS-30 et MPS-32 - Reporterhorizon","isPartOf":{"@id":"https:\/\/www.reporterhorizon.com\/#website"},"primaryImageOfPage":{"@id":"https:\/\/www.reporterhorizon.com\/index.php\/2026\/04\/27\/education-lancement-des-reformes-de-lenseignement-superieur-autour-des-projets-mps-30-et-mps-32\/#primaryimage"},"image":{"@id":"https:\/\/www.reporterhorizon.com\/index.php\/2026\/04\/27\/education-lancement-des-reformes-de-lenseignement-superieur-autour-des-projets-mps-30-et-mps-32\/#primaryimage"},"thumbnailUrl":"https:\/\/www.reporterhorizon.com\/wp-content\/uploads\/2026\/04\/IMG_1655-1024x1024.jpeg","datePublished":"2026-04-27T13:46:51+00:00","dateModified":"2026-04-27T13:46:52+00:00","breadcrumb":{"@id":"https:\/\/www.reporterhorizon.com\/index.php\/2026\/04\/27\/education-lancement-des-reformes-de-lenseignement-superieur-autour-des-projets-mps-30-et-mps-32\/#breadcrumb"},"inLanguage":"fr-FR","potentialAction":[{"@type":"ReadAction","target":["https:\/\/www.reporterhorizon.com\/index.php\/2026\/04\/27\/education-lancement-des-reformes-de-lenseignement-superieur-autour-des-projets-mps-30-et-mps-32\/"]}]},{"@type":"ImageObject","inLanguage":"fr-FR","@id":"https:\/\/www.reporterhorizon.com\/index.php\/2026\/04\/27\/education-lancement-des-reformes-de-lenseignement-superieur-autour-des-projets-mps-30-et-mps-32\/#primaryimage","url":"https:\/\/www.reporterhorizon.com\/wp-content\/uploads\/2026\/04\/IMG_1655.jpeg","contentUrl":"https:\/\/www.reporterhorizon.com\/wp-content\/uploads\/2026\/04\/IMG_1655.jpeg","width":1600,"height":1600},{"@type":"BreadcrumbList","@id":"https:\/\/www.reporterhorizon.com\/index.php\/2026\/04\/27\/education-lancement-des-reformes-de-lenseignement-superieur-autour-des-projets-mps-30-et-mps-32\/#breadcrumb","itemListElement":[{"@type":"ListItem","position":1,"name":"Accueil","item":"https:\/\/www.reporterhorizon.com\/"},{"@type":"ListItem","position":2,"name":"\u00c9ducation : lancement des r\u00e9formes de l\u2019enseignement sup\u00e9rieur autour des projets MPS-30 et MPS-32"}]},{"@type":"WebSite","@id":"https:\/\/www.reporterhorizon.com\/#website","url":"https:\/\/www.reporterhorizon.com\/","name":"Reporterhorizon","description":"","publisher":{"@id":"https:\/\/www.reporterhorizon.com\/#organization"},"potentialAction":[{"@type":"SearchAction","target":{"@type":"EntryPoint","urlTemplate":"https:\/\/www.reporterhorizon.com\/?s={search_term_string}"},"query-input":{"@type":"PropertyValueSpecification","valueRequired":true,"valueName":"search_term_string"}}],"inLanguage":"fr-FR"},{"@type":"Organization","@id":"https:\/\/www.reporterhorizon.com\/#organization","name":"Reporterhorizon","url":"https:\/\/www.reporterhorizon.com\/","logo":{"@type":"ImageObject","inLanguage":"fr-FR","@id":"https:\/\/www.reporterhorizon.com\/#\/schema\/logo\/image\/","url":"https:\/\/www.reporterhorizon.com\/wp-content\/uploads\/2025\/07\/LOGO-STUDIO.jpg","contentUrl":"https:\/\/www.reporterhorizon.com\/wp-content\/uploads\/2025\/07\/LOGO-STUDIO.jpg","width":1960,"height":560,"caption":"Reporterhorizon"},"image":{"@id":"https:\/\/www.reporterhorizon.com\/#\/schema\/logo\/image\/"}},{"@type":"Person","@id":"https:\/\/www.reporterhorizon.com\/#\/schema\/person\/e54de2937f17a9c3e6a9db78e0dde802","name":"Bamba","image":{"@type":"ImageObject","inLanguage":"fr-FR","@id":"https:\/\/secure.gravatar.com\/avatar\/0721e5f51669073185223c713f504afe424081e2305d62bf510acd3af15b2469?s=96&d=mm&r=g","url":"https:\/\/secure.gravatar.com\/avatar\/0721e5f51669073185223c713f504afe424081e2305d62bf510acd3af15b2469?s=96&d=mm&r=g","contentUrl":"https:\/\/secure.gravatar.com\/avatar\/0721e5f51669073185223c713f504afe424081e2305d62bf510acd3af15b2469?s=96&d=mm&r=g","caption":"Bamba"},"url":"https:\/\/www.reporterhorizon.com\/index.php\/author\/bamba\/"}]}},"_links":{"self":[{"href":"https:\/\/www.reporterhorizon.com\/index.php\/wp-json\/wp\/v2\/posts\/7529","targetHints":{"allow":["GET"]}}],"collection":[{"href":"https:\/\/www.reporterhorizon.com\/index.php\/wp-json\/wp\/v2\/posts"}],"about":[{"href":"https:\/\/www.reporterhorizon.com\/index.php\/wp-json\/wp\/v2\/types\/post"}],"author":[{"embeddable":true,"href":"https:\/\/www.reporterhorizon.com\/index.php\/wp-json\/wp\/v2\/users\/42"}],"replies":[{"embeddable":true,"href":"https:\/\/www.reporterhorizon.com\/index.php\/wp-json\/wp\/v2\/comments?post=7529"}],"version-history":[{"count":1,"href":"https:\/\/www.reporterhorizon.com\/index.php\/wp-json\/wp\/v2\/posts\/7529\/revisions"}],"predecessor-version":[{"id":7539,"href":"https:\/\/www.reporterhorizon.com\/index.php\/wp-json\/wp\/v2\/posts\/7529\/revisions\/7539"}],"wp:attachment":[{"href":"https:\/\/www.reporterhorizon.com\/index.php\/wp-json\/wp\/v2\/media?parent=7529"}],"wp:term":[{"taxonomy":"category","embeddable":true,"href":"https:\/\/www.reporterhorizon.com\/index.php\/wp-json\/wp\/v2\/categories?post=7529"},{"taxonomy":"post_tag","embeddable":true,"href":"https:\/\/www.reporterhorizon.com\/index.php\/wp-json\/wp\/v2\/tags?post=7529"}],"curies":[{"name":"wp","href":"https:\/\/api.w.org\/{rel}","templated":true}]}}