{"id":7508,"date":"2026-04-26T11:07:08","date_gmt":"2026-04-26T11:07:08","guid":{"rendered":"https:\/\/www.reporterhorizon.com\/?p=7508"},"modified":"2026-04-26T14:51:14","modified_gmt":"2026-04-26T14:51:14","slug":"fonction-publique-mamadi-doumbouya-nomme-de-nouveaux-hauts-cadres-par-decret","status":"publish","type":"post","link":"https:\/\/www.reporterhorizon.com\/index.php\/2026\/04\/26\/fonction-publique-mamadi-doumbouya-nomme-de-nouveaux-hauts-cadres-par-decret\/","title":{"rendered":"Fonction publique : Mamadi Doumbouya nomme de nouveaux hauts cadres par d\u00e9cret"},"content":{"rendered":"\n<figure class=\"wp-block-gallery has-nested-images columns-default is-cropped wp-block-gallery-1 is-layout-flex wp-block-gallery-is-layout-flex\">\n<figure class=\"wp-block-image size-large\"><img fetchpriority=\"high\" decoding=\"async\" width=\"1024\" height=\"1024\" data-id=\"7509\" src=\"https:\/\/www.reporterhorizon.com\/wp-content\/uploads\/2026\/04\/IMG_1629-1024x1024.jpeg\" alt=\"\" class=\"wp-image-7509\" srcset=\"https:\/\/www.reporterhorizon.com\/wp-content\/uploads\/2026\/04\/IMG_1629-1024x1024.jpeg 1024w, https:\/\/www.reporterhorizon.com\/wp-content\/uploads\/2026\/04\/IMG_1629-300x300.jpeg 300w, https:\/\/www.reporterhorizon.com\/wp-content\/uploads\/2026\/04\/IMG_1629-150x150.jpeg 150w, https:\/\/www.reporterhorizon.com\/wp-content\/uploads\/2026\/04\/IMG_1629-1536x1536.jpeg 1536w, https:\/\/www.reporterhorizon.com\/wp-content\/uploads\/2026\/04\/IMG_1629-2048x2048.jpeg 2048w, https:\/\/www.reporterhorizon.com\/wp-content\/uploads\/2026\/04\/IMG_1629-75x75.jpeg 75w, https:\/\/www.reporterhorizon.com\/wp-content\/uploads\/2026\/04\/IMG_1629-350x350.jpeg 350w\" sizes=\"(max-width: 1024px) 100vw, 1024px\" \/><\/figure>\n<\/figure>\n\n\n\n<p>Dans un d\u00e9cret rendu public ce samedi 25 avril 2026, le pr\u00e9sident de la R\u00e9publique, <a href=\"chatgpt:\/\/generic-entity?number=1\">Mamadi Doumbouya<\/a>, a proc\u00e9d\u00e9 \u00e0 la nomination de plusieurs hauts responsables au sein du minist\u00e8re en charge de la Modernisation de l\u2019Administration et de la Fonction publique.<\/p>\n\n\n\n<p>Ces d\u00e9signations s\u2019inscrivent dans une dynamique de renforcement des capacit\u00e9s institutionnelles et de poursuite des r\u00e9formes de l\u2019appareil administratif de l\u2019\u00c9tat. Les personnalit\u00e9s retenues auront pour mission d\u2019occuper des postes strat\u00e9giques au sein de ce d\u00e9partement cl\u00e9.<\/p>\n\n\n\n<p>Ainsi, sont nomm\u00e9s :<\/p>\n\n\n\n<ul class=\"wp-block-list\">\n<li>Conseiller principal : <a href=\"chatgpt:\/\/generic-entity?number=2\">Als\u00e9ny Galy Mengu\u00e9 Soumah<\/a>, expert en management d\u00e9cisionnel et optimisation des processus de performance de l\u2019action publique ;<\/li>\n\n\n\n<li>Conseiller juridique : <a href=\"chatgpt:\/\/generic-entity?number=3\">Yamoussa Nana Camara<\/a> ;<\/li>\n\n\n\n<li>Conseiller charg\u00e9 des r\u00e9formes administratives, de la fonction publique et de la qualit\u00e9 du service public : <a href=\"chatgpt:\/\/generic-entity?number=4\">Alpha Barry<\/a>, pr\u00e9c\u00e9demment inspecteur g\u00e9n\u00e9ral de l\u2019administration publique ;<\/li>\n\n\n\n<li>Conseill\u00e8re charg\u00e9e de la modernisation et de la digitalisation de l\u2019administration : <a href=\"chatgpt:\/\/generic-entity?number=5\">Mariama Camara<\/a>, sp\u00e9cialiste du pilotage de projets de transformation num\u00e9rique et des syst\u00e8mes d\u2019information ;<\/li>\n\n\n\n<li>Conseiller charg\u00e9 de mission : <a href=\"chatgpt:\/\/generic-entity?number=6\">Farah Yeya Tono<\/a>, pr\u00e9c\u00e9demment directeur g\u00e9n\u00e9ral adjoint du Bureau de strat\u00e9gie et de d\u00e9veloppement (BSD).<\/li>\n<\/ul>\n\n\n\n<p>\u00c0 travers ces nominations, les autorit\u00e9s entendent impulser une nouvelle dynamique \u00e0 l\u2019administration publique, en misant sur des profils techniques capables d\u2019accompagner les chantiers de modernisation et d\u2019am\u00e9lioration de la qualit\u00e9 du service public.<\/p>\n\n\n\n<p><\/p>\n<script>function PlayerjsAsync(){} if(window[\"Playerjs\"]){PlayerjsAsync();}<\/script>","protected":false},"excerpt":{"rendered":"<p>Dans un d\u00e9cret rendu public ce samedi 25 avril 2026, le pr\u00e9sident de la R\u00e9publique, Mamadi Doumbouya, a proc\u00e9d\u00e9 \u00e0 la nomination de plusieurs hauts responsables au sein du minist\u00e8re en charge de la Modernisation de l\u2019Administration et de la Fonction publique. Ces d\u00e9signations s\u2019inscrivent dans une dynamique de renforcement des capacit\u00e9s institutionnelles et de [&hellip;]<\/p>\n","protected":false},"author":42,"featured_media":0,"comment_status":"open","ping_status":"open","sticky":false,"template":"","format":"standard","meta":{"jnews-multi-image_gallery":[],"jnews_single_post":{"format":"standard"},"jnews_primary_category":[],"jnews_override_counter":[],"footnotes":""},"categories":[1],"tags":[],"class_list":["post-7508","post","type-post","status-publish","format-standard","hentry","category-non-classe"],"yoast_head":"<!-- This site is optimized with the Yoast SEO plugin v27.2 - https:\/\/yoast.com\/product\/yoast-seo-wordpress\/ -->\n<title>Fonction publique : Mamadi Doumbouya nomme de nouveaux hauts cadres par d\u00e9cret - Reporterhorizon<\/title>\n<meta name=\"robots\" content=\"index, follow, max-snippet:-1, max-image-preview:large, max-video-preview:-1\" \/>\n<link rel=\"canonical\" href=\"https:\/\/www.reporterhorizon.com\/index.php\/2026\/04\/26\/fonction-publique-mamadi-doumbouya-nomme-de-nouveaux-hauts-cadres-par-decret\/\" \/>\n<meta property=\"og:locale\" content=\"fr_FR\" \/>\n<meta property=\"og:type\" content=\"article\" \/>\n<meta property=\"og:title\" content=\"Fonction publique : Mamadi Doumbouya nomme de nouveaux hauts cadres par d\u00e9cret - Reporterhorizon\" \/>\n<meta property=\"og:description\" content=\"Dans un d\u00e9cret rendu public ce samedi 25 avril 2026, le pr\u00e9sident de la R\u00e9publique, Mamadi Doumbouya, a proc\u00e9d\u00e9 \u00e0 la nomination de plusieurs hauts responsables au sein du minist\u00e8re en charge de la Modernisation de l\u2019Administration et de la Fonction publique. Ces d\u00e9signations s\u2019inscrivent dans une dynamique de renforcement des capacit\u00e9s institutionnelles et de [&hellip;]\" \/>\n<meta property=\"og:url\" content=\"https:\/\/www.reporterhorizon.com\/index.php\/2026\/04\/26\/fonction-publique-mamadi-doumbouya-nomme-de-nouveaux-hauts-cadres-par-decret\/\" \/>\n<meta property=\"og:site_name\" content=\"Reporterhorizon\" \/>\n<meta property=\"article:published_time\" content=\"2026-04-26T11:07:08+00:00\" \/>\n<meta property=\"article:modified_time\" content=\"2026-04-26T14:51:14+00:00\" \/>\n<meta property=\"og:image\" content=\"https:\/\/www.reporterhorizon.com\/wp-content\/uploads\/2026\/04\/IMG_1629.jpeg\" \/>\n\t<meta property=\"og:image:width\" content=\"645\" \/>\n\t<meta property=\"og:image:height\" content=\"450\" \/>\n\t<meta property=\"og:image:type\" content=\"image\/jpeg\" \/>\n<meta name=\"author\" content=\"Bamba\" \/>\n<meta name=\"twitter:card\" content=\"summary_large_image\" \/>\n<meta name=\"twitter:label1\" content=\"\u00c9crit par\" \/>\n\t<meta name=\"twitter:data1\" content=\"Bamba\" \/>\n\t<meta name=\"twitter:label2\" content=\"Dur\u00e9e de lecture estim\u00e9e\" \/>\n\t<meta name=\"twitter:data2\" content=\"2 minutes\" \/>\n<script type=\"application\/ld+json\" class=\"yoast-schema-graph\">{\"@context\":\"https:\/\/schema.org\",\"@graph\":[{\"@type\":\"Article\",\"@id\":\"https:\/\/www.reporterhorizon.com\/index.php\/2026\/04\/26\/fonction-publique-mamadi-doumbouya-nomme-de-nouveaux-hauts-cadres-par-decret\/#article\",\"isPartOf\":{\"@id\":\"https:\/\/www.reporterhorizon.com\/index.php\/2026\/04\/26\/fonction-publique-mamadi-doumbouya-nomme-de-nouveaux-hauts-cadres-par-decret\/\"},\"author\":{\"name\":\"Bamba\",\"@id\":\"https:\/\/www.reporterhorizon.com\/#\/schema\/person\/e54de2937f17a9c3e6a9db78e0dde802\"},\"headline\":\"Fonction publique : Mamadi Doumbouya nomme de nouveaux hauts cadres par d\u00e9cret\",\"datePublished\":\"2026-04-26T11:07:08+00:00\",\"dateModified\":\"2026-04-26T14:51:14+00:00\",\"mainEntityOfPage\":{\"@id\":\"https:\/\/www.reporterhorizon.com\/index.php\/2026\/04\/26\/fonction-publique-mamadi-doumbouya-nomme-de-nouveaux-hauts-cadres-par-decret\/\"},\"wordCount\":259,\"commentCount\":0,\"publisher\":{\"@id\":\"https:\/\/www.reporterhorizon.com\/#organization\"},\"image\":{\"@id\":\"https:\/\/www.reporterhorizon.com\/index.php\/2026\/04\/26\/fonction-publique-mamadi-doumbouya-nomme-de-nouveaux-hauts-cadres-par-decret\/#primaryimage\"},\"thumbnailUrl\":\"https:\/\/www.reporterhorizon.com\/wp-content\/uploads\/2026\/04\/IMG_1629-1024x1024.jpeg\",\"inLanguage\":\"fr-FR\",\"potentialAction\":[{\"@type\":\"CommentAction\",\"name\":\"Comment\",\"target\":[\"https:\/\/www.reporterhorizon.com\/index.php\/2026\/04\/26\/fonction-publique-mamadi-doumbouya-nomme-de-nouveaux-hauts-cadres-par-decret\/#respond\"]}]},{\"@type\":\"WebPage\",\"@id\":\"https:\/\/www.reporterhorizon.com\/index.php\/2026\/04\/26\/fonction-publique-mamadi-doumbouya-nomme-de-nouveaux-hauts-cadres-par-decret\/\",\"url\":\"https:\/\/www.reporterhorizon.com\/index.php\/2026\/04\/26\/fonction-publique-mamadi-doumbouya-nomme-de-nouveaux-hauts-cadres-par-decret\/\",\"name\":\"Fonction publique : Mamadi Doumbouya nomme de nouveaux hauts cadres par d\u00e9cret - Reporterhorizon\",\"isPartOf\":{\"@id\":\"https:\/\/www.reporterhorizon.com\/#website\"},\"primaryImageOfPage\":{\"@id\":\"https:\/\/www.reporterhorizon.com\/index.php\/2026\/04\/26\/fonction-publique-mamadi-doumbouya-nomme-de-nouveaux-hauts-cadres-par-decret\/#primaryimage\"},\"image\":{\"@id\":\"https:\/\/www.reporterhorizon.com\/index.php\/2026\/04\/26\/fonction-publique-mamadi-doumbouya-nomme-de-nouveaux-hauts-cadres-par-decret\/#primaryimage\"},\"thumbnailUrl\":\"https:\/\/www.reporterhorizon.com\/wp-content\/uploads\/2026\/04\/IMG_1629-1024x1024.jpeg\",\"datePublished\":\"2026-04-26T11:07:08+00:00\",\"dateModified\":\"2026-04-26T14:51:14+00:00\",\"breadcrumb\":{\"@id\":\"https:\/\/www.reporterhorizon.com\/index.php\/2026\/04\/26\/fonction-publique-mamadi-doumbouya-nomme-de-nouveaux-hauts-cadres-par-decret\/#breadcrumb\"},\"inLanguage\":\"fr-FR\",\"potentialAction\":[{\"@type\":\"ReadAction\",\"target\":[\"https:\/\/www.reporterhorizon.com\/index.php\/2026\/04\/26\/fonction-publique-mamadi-doumbouya-nomme-de-nouveaux-hauts-cadres-par-decret\/\"]}]},{\"@type\":\"ImageObject\",\"inLanguage\":\"fr-FR\",\"@id\":\"https:\/\/www.reporterhorizon.com\/index.php\/2026\/04\/26\/fonction-publique-mamadi-doumbouya-nomme-de-nouveaux-hauts-cadres-par-decret\/#primaryimage\",\"url\":\"https:\/\/www.reporterhorizon.com\/wp-content\/uploads\/2026\/04\/IMG_1629.jpeg\",\"contentUrl\":\"https:\/\/www.reporterhorizon.com\/wp-content\/uploads\/2026\/04\/IMG_1629.jpeg\",\"width\":645,\"height\":450},{\"@type\":\"BreadcrumbList\",\"@id\":\"https:\/\/www.reporterhorizon.com\/index.php\/2026\/04\/26\/fonction-publique-mamadi-doumbouya-nomme-de-nouveaux-hauts-cadres-par-decret\/#breadcrumb\",\"itemListElement\":[{\"@type\":\"ListItem\",\"position\":1,\"name\":\"Accueil\",\"item\":\"https:\/\/www.reporterhorizon.com\/\"},{\"@type\":\"ListItem\",\"position\":2,\"name\":\"Fonction publique : Mamadi Doumbouya nomme de nouveaux hauts cadres par d\u00e9cret\"}]},{\"@type\":\"WebSite\",\"@id\":\"https:\/\/www.reporterhorizon.com\/#website\",\"url\":\"https:\/\/www.reporterhorizon.com\/\",\"name\":\"Reporterhorizon\",\"description\":\"\",\"publisher\":{\"@id\":\"https:\/\/www.reporterhorizon.com\/#organization\"},\"potentialAction\":[{\"@type\":\"SearchAction\",\"target\":{\"@type\":\"EntryPoint\",\"urlTemplate\":\"https:\/\/www.reporterhorizon.com\/?s={search_term_string}\"},\"query-input\":{\"@type\":\"PropertyValueSpecification\",\"valueRequired\":true,\"valueName\":\"search_term_string\"}}],\"inLanguage\":\"fr-FR\"},{\"@type\":\"Organization\",\"@id\":\"https:\/\/www.reporterhorizon.com\/#organization\",\"name\":\"Reporterhorizon\",\"url\":\"https:\/\/www.reporterhorizon.com\/\",\"logo\":{\"@type\":\"ImageObject\",\"inLanguage\":\"fr-FR\",\"@id\":\"https:\/\/www.reporterhorizon.com\/#\/schema\/logo\/image\/\",\"url\":\"https:\/\/www.reporterhorizon.com\/wp-content\/uploads\/2025\/07\/LOGO-STUDIO.jpg\",\"contentUrl\":\"https:\/\/www.reporterhorizon.com\/wp-content\/uploads\/2025\/07\/LOGO-STUDIO.jpg\",\"width\":1960,\"height\":560,\"caption\":\"Reporterhorizon\"},\"image\":{\"@id\":\"https:\/\/www.reporterhorizon.com\/#\/schema\/logo\/image\/\"}},{\"@type\":\"Person\",\"@id\":\"https:\/\/www.reporterhorizon.com\/#\/schema\/person\/e54de2937f17a9c3e6a9db78e0dde802\",\"name\":\"Bamba\",\"image\":{\"@type\":\"ImageObject\",\"inLanguage\":\"fr-FR\",\"@id\":\"https:\/\/secure.gravatar.com\/avatar\/0721e5f51669073185223c713f504afe424081e2305d62bf510acd3af15b2469?s=96&d=mm&r=g\",\"url\":\"https:\/\/secure.gravatar.com\/avatar\/0721e5f51669073185223c713f504afe424081e2305d62bf510acd3af15b2469?s=96&d=mm&r=g\",\"contentUrl\":\"https:\/\/secure.gravatar.com\/avatar\/0721e5f51669073185223c713f504afe424081e2305d62bf510acd3af15b2469?s=96&d=mm&r=g\",\"caption\":\"Bamba\"},\"url\":\"https:\/\/www.reporterhorizon.com\/index.php\/author\/bamba\/\"}]}<\/script>\n<!-- \/ Yoast SEO plugin. -->","yoast_head_json":{"title":"Fonction publique : Mamadi Doumbouya nomme de nouveaux hauts cadres par d\u00e9cret - Reporterhorizon","robots":{"index":"index","follow":"follow","max-snippet":"max-snippet:-1","max-image-preview":"max-image-preview:large","max-video-preview":"max-video-preview:-1"},"canonical":"https:\/\/www.reporterhorizon.com\/index.php\/2026\/04\/26\/fonction-publique-mamadi-doumbouya-nomme-de-nouveaux-hauts-cadres-par-decret\/","og_locale":"fr_FR","og_type":"article","og_title":"Fonction publique : Mamadi Doumbouya nomme de nouveaux hauts cadres par d\u00e9cret - Reporterhorizon","og_description":"Dans un d\u00e9cret rendu public ce samedi 25 avril 2026, le pr\u00e9sident de la R\u00e9publique, Mamadi Doumbouya, a proc\u00e9d\u00e9 \u00e0 la nomination de plusieurs hauts responsables au sein du minist\u00e8re en charge de la Modernisation de l\u2019Administration et de la Fonction publique. Ces d\u00e9signations s\u2019inscrivent dans une dynamique de renforcement des capacit\u00e9s institutionnelles et de [&hellip;]","og_url":"https:\/\/www.reporterhorizon.com\/index.php\/2026\/04\/26\/fonction-publique-mamadi-doumbouya-nomme-de-nouveaux-hauts-cadres-par-decret\/","og_site_name":"Reporterhorizon","article_published_time":"2026-04-26T11:07:08+00:00","article_modified_time":"2026-04-26T14:51:14+00:00","og_image":[{"width":645,"height":450,"url":"https:\/\/www.reporterhorizon.com\/wp-content\/uploads\/2026\/04\/IMG_1629.jpeg","type":"image\/jpeg"}],"author":"Bamba","twitter_card":"summary_large_image","twitter_misc":{"\u00c9crit par":"Bamba","Dur\u00e9e de lecture estim\u00e9e":"2 minutes"},"schema":{"@context":"https:\/\/schema.org","@graph":[{"@type":"Article","@id":"https:\/\/www.reporterhorizon.com\/index.php\/2026\/04\/26\/fonction-publique-mamadi-doumbouya-nomme-de-nouveaux-hauts-cadres-par-decret\/#article","isPartOf":{"@id":"https:\/\/www.reporterhorizon.com\/index.php\/2026\/04\/26\/fonction-publique-mamadi-doumbouya-nomme-de-nouveaux-hauts-cadres-par-decret\/"},"author":{"name":"Bamba","@id":"https:\/\/www.reporterhorizon.com\/#\/schema\/person\/e54de2937f17a9c3e6a9db78e0dde802"},"headline":"Fonction publique : Mamadi Doumbouya nomme de nouveaux hauts cadres par d\u00e9cret","datePublished":"2026-04-26T11:07:08+00:00","dateModified":"2026-04-26T14:51:14+00:00","mainEntityOfPage":{"@id":"https:\/\/www.reporterhorizon.com\/index.php\/2026\/04\/26\/fonction-publique-mamadi-doumbouya-nomme-de-nouveaux-hauts-cadres-par-decret\/"},"wordCount":259,"commentCount":0,"publisher":{"@id":"https:\/\/www.reporterhorizon.com\/#organization"},"image":{"@id":"https:\/\/www.reporterhorizon.com\/index.php\/2026\/04\/26\/fonction-publique-mamadi-doumbouya-nomme-de-nouveaux-hauts-cadres-par-decret\/#primaryimage"},"thumbnailUrl":"https:\/\/www.reporterhorizon.com\/wp-content\/uploads\/2026\/04\/IMG_1629-1024x1024.jpeg","inLanguage":"fr-FR","potentialAction":[{"@type":"CommentAction","name":"Comment","target":["https:\/\/www.reporterhorizon.com\/index.php\/2026\/04\/26\/fonction-publique-mamadi-doumbouya-nomme-de-nouveaux-hauts-cadres-par-decret\/#respond"]}]},{"@type":"WebPage","@id":"https:\/\/www.reporterhorizon.com\/index.php\/2026\/04\/26\/fonction-publique-mamadi-doumbouya-nomme-de-nouveaux-hauts-cadres-par-decret\/","url":"https:\/\/www.reporterhorizon.com\/index.php\/2026\/04\/26\/fonction-publique-mamadi-doumbouya-nomme-de-nouveaux-hauts-cadres-par-decret\/","name":"Fonction publique : Mamadi Doumbouya nomme de nouveaux hauts cadres par d\u00e9cret - Reporterhorizon","isPartOf":{"@id":"https:\/\/www.reporterhorizon.com\/#website"},"primaryImageOfPage":{"@id":"https:\/\/www.reporterhorizon.com\/index.php\/2026\/04\/26\/fonction-publique-mamadi-doumbouya-nomme-de-nouveaux-hauts-cadres-par-decret\/#primaryimage"},"image":{"@id":"https:\/\/www.reporterhorizon.com\/index.php\/2026\/04\/26\/fonction-publique-mamadi-doumbouya-nomme-de-nouveaux-hauts-cadres-par-decret\/#primaryimage"},"thumbnailUrl":"https:\/\/www.reporterhorizon.com\/wp-content\/uploads\/2026\/04\/IMG_1629-1024x1024.jpeg","datePublished":"2026-04-26T11:07:08+00:00","dateModified":"2026-04-26T14:51:14+00:00","breadcrumb":{"@id":"https:\/\/www.reporterhorizon.com\/index.php\/2026\/04\/26\/fonction-publique-mamadi-doumbouya-nomme-de-nouveaux-hauts-cadres-par-decret\/#breadcrumb"},"inLanguage":"fr-FR","potentialAction":[{"@type":"ReadAction","target":["https:\/\/www.reporterhorizon.com\/index.php\/2026\/04\/26\/fonction-publique-mamadi-doumbouya-nomme-de-nouveaux-hauts-cadres-par-decret\/"]}]},{"@type":"ImageObject","inLanguage":"fr-FR","@id":"https:\/\/www.reporterhorizon.com\/index.php\/2026\/04\/26\/fonction-publique-mamadi-doumbouya-nomme-de-nouveaux-hauts-cadres-par-decret\/#primaryimage","url":"https:\/\/www.reporterhorizon.com\/wp-content\/uploads\/2026\/04\/IMG_1629.jpeg","contentUrl":"https:\/\/www.reporterhorizon.com\/wp-content\/uploads\/2026\/04\/IMG_1629.jpeg","width":645,"height":450},{"@type":"BreadcrumbList","@id":"https:\/\/www.reporterhorizon.com\/index.php\/2026\/04\/26\/fonction-publique-mamadi-doumbouya-nomme-de-nouveaux-hauts-cadres-par-decret\/#breadcrumb","itemListElement":[{"@type":"ListItem","position":1,"name":"Accueil","item":"https:\/\/www.reporterhorizon.com\/"},{"@type":"ListItem","position":2,"name":"Fonction publique : Mamadi Doumbouya nomme de nouveaux hauts cadres par d\u00e9cret"}]},{"@type":"WebSite","@id":"https:\/\/www.reporterhorizon.com\/#website","url":"https:\/\/www.reporterhorizon.com\/","name":"Reporterhorizon","description":"","publisher":{"@id":"https:\/\/www.reporterhorizon.com\/#organization"},"potentialAction":[{"@type":"SearchAction","target":{"@type":"EntryPoint","urlTemplate":"https:\/\/www.reporterhorizon.com\/?s={search_term_string}"},"query-input":{"@type":"PropertyValueSpecification","valueRequired":true,"valueName":"search_term_string"}}],"inLanguage":"fr-FR"},{"@type":"Organization","@id":"https:\/\/www.reporterhorizon.com\/#organization","name":"Reporterhorizon","url":"https:\/\/www.reporterhorizon.com\/","logo":{"@type":"ImageObject","inLanguage":"fr-FR","@id":"https:\/\/www.reporterhorizon.com\/#\/schema\/logo\/image\/","url":"https:\/\/www.reporterhorizon.com\/wp-content\/uploads\/2025\/07\/LOGO-STUDIO.jpg","contentUrl":"https:\/\/www.reporterhorizon.com\/wp-content\/uploads\/2025\/07\/LOGO-STUDIO.jpg","width":1960,"height":560,"caption":"Reporterhorizon"},"image":{"@id":"https:\/\/www.reporterhorizon.com\/#\/schema\/logo\/image\/"}},{"@type":"Person","@id":"https:\/\/www.reporterhorizon.com\/#\/schema\/person\/e54de2937f17a9c3e6a9db78e0dde802","name":"Bamba","image":{"@type":"ImageObject","inLanguage":"fr-FR","@id":"https:\/\/secure.gravatar.com\/avatar\/0721e5f51669073185223c713f504afe424081e2305d62bf510acd3af15b2469?s=96&d=mm&r=g","url":"https:\/\/secure.gravatar.com\/avatar\/0721e5f51669073185223c713f504afe424081e2305d62bf510acd3af15b2469?s=96&d=mm&r=g","contentUrl":"https:\/\/secure.gravatar.com\/avatar\/0721e5f51669073185223c713f504afe424081e2305d62bf510acd3af15b2469?s=96&d=mm&r=g","caption":"Bamba"},"url":"https:\/\/www.reporterhorizon.com\/index.php\/author\/bamba\/"}]}},"_links":{"self":[{"href":"https:\/\/www.reporterhorizon.com\/index.php\/wp-json\/wp\/v2\/posts\/7508","targetHints":{"allow":["GET"]}}],"collection":[{"href":"https:\/\/www.reporterhorizon.com\/index.php\/wp-json\/wp\/v2\/posts"}],"about":[{"href":"https:\/\/www.reporterhorizon.com\/index.php\/wp-json\/wp\/v2\/types\/post"}],"author":[{"embeddable":true,"href":"https:\/\/www.reporterhorizon.com\/index.php\/wp-json\/wp\/v2\/users\/42"}],"replies":[{"embeddable":true,"href":"https:\/\/www.reporterhorizon.com\/index.php\/wp-json\/wp\/v2\/comments?post=7508"}],"version-history":[{"count":2,"href":"https:\/\/www.reporterhorizon.com\/index.php\/wp-json\/wp\/v2\/posts\/7508\/revisions"}],"predecessor-version":[{"id":7511,"href":"https:\/\/www.reporterhorizon.com\/index.php\/wp-json\/wp\/v2\/posts\/7508\/revisions\/7511"}],"wp:attachment":[{"href":"https:\/\/www.reporterhorizon.com\/index.php\/wp-json\/wp\/v2\/media?parent=7508"}],"wp:term":[{"taxonomy":"category","embeddable":true,"href":"https:\/\/www.reporterhorizon.com\/index.php\/wp-json\/wp\/v2\/categories?post=7508"},{"taxonomy":"post_tag","embeddable":true,"href":"https:\/\/www.reporterhorizon.com\/index.php\/wp-json\/wp\/v2\/tags?post=7508"}],"curies":[{"name":"wp","href":"https:\/\/api.w.org\/{rel}","templated":true}]}}