{"id":7505,"date":"2026-04-26T10:37:58","date_gmt":"2026-04-26T10:37:58","guid":{"rendered":"https:\/\/www.reporterhorizon.com\/?p=7505"},"modified":"2026-04-26T10:37:59","modified_gmt":"2026-04-26T10:37:59","slug":"conakry-la-fondation-fac-rend-hommage-a-guglielmo-marconi","status":"publish","type":"post","link":"https:\/\/www.reporterhorizon.com\/index.php\/2026\/04\/26\/conakry-la-fondation-fac-rend-hommage-a-guglielmo-marconi\/","title":{"rendered":"Conakry : la Fondation FAC rend hommage \u00e0 Guglielmo Marconi"},"content":{"rendered":"\n<figure class=\"wp-block-gallery has-nested-images columns-default is-cropped wp-block-gallery-1 is-layout-flex wp-block-gallery-is-layout-flex\">\n<figure class=\"wp-block-image size-large\"><img fetchpriority=\"high\" decoding=\"async\" width=\"1024\" height=\"1024\" data-id=\"7506\" src=\"https:\/\/www.reporterhorizon.com\/wp-content\/uploads\/2026\/04\/IMG_1627-1024x1024.webp\" alt=\"\" class=\"wp-image-7506\" srcset=\"https:\/\/www.reporterhorizon.com\/wp-content\/uploads\/2026\/04\/IMG_1627-1024x1024.webp 1024w, https:\/\/www.reporterhorizon.com\/wp-content\/uploads\/2026\/04\/IMG_1627-300x300.webp 300w, https:\/\/www.reporterhorizon.com\/wp-content\/uploads\/2026\/04\/IMG_1627-150x150.webp 150w, https:\/\/www.reporterhorizon.com\/wp-content\/uploads\/2026\/04\/IMG_1627-1536x1536.webp 1536w, https:\/\/www.reporterhorizon.com\/wp-content\/uploads\/2026\/04\/IMG_1627-2048x2048.webp 2048w, https:\/\/www.reporterhorizon.com\/wp-content\/uploads\/2026\/04\/IMG_1627-75x75.webp 75w, https:\/\/www.reporterhorizon.com\/wp-content\/uploads\/2026\/04\/IMG_1627-350x350.webp 350w\" sizes=\"(max-width: 1024px) 100vw, 1024px\" \/><\/figure>\n<\/figure>\n\n\n\n<p>La Fondation Aboubacar CAMARA pour le Silence a c\u00e9l\u00e9br\u00e9, ce samedi 25 avril 2026, \u00e0 la Maison de la Presse de Conakry, l\u2019anniversaire de <a href=\"chatgpt:\/\/generic-entity?number=1\">Guglielmo Marconi<\/a>, reconnu comme le p\u00e8re de la radio. La c\u00e9r\u00e9monie s\u2019est d\u00e9roul\u00e9e en pr\u00e9sence du repr\u00e9sentant de l\u2019ambassade d\u2019Italie en Guin\u00e9e, marquant ainsi l\u2019importance accord\u00e9e \u00e0 cette figure majeure de la science et de la communication.<\/p>\n\n\n\n<p>Durant pr\u00e8s d\u2019une heure, le parcours et les contributions du scientifique italien ont \u00e9t\u00e9 mis en lumi\u00e8re. Le pr\u00e9sident de la Fondation a rappel\u00e9 le sens de cette initiative, soulignant la place centrale de la radio dans l\u2019\u00e9volution des m\u00e9dias et dans sa propre carri\u00e8re de chroniqueur scientifique.<\/p>\n\n\n\n<p>Dans son intervention, il a insist\u00e9 sur le r\u00f4le d\u00e9terminant de <a href=\"chatgpt:\/\/generic-entity?number=2\">Guglielmo Marconi<\/a> dans la naissance de la radiodiffusion moderne. Il a \u00e9galement \u00e9voqu\u00e9 les obstacles rencontr\u00e9s par l\u2019inventeur \u00e0 ses d\u00e9buts, ainsi que sa capacit\u00e9 \u00e0 s\u2019appuyer sur les travaux de scientifiques tels que <a href=\"chatgpt:\/\/generic-entity?number=3\">Heinrich Hertz<\/a>, <a href=\"chatgpt:\/\/generic-entity?number=4\">Alexander Popov<\/a> et <a href=\"chatgpt:\/\/generic-entity?number=5\">\u00c9douard Branly<\/a> pour d\u00e9velopper ses innovations.<\/p>\n\n\n\n<p>Invit\u00e9 \u00e0 cette c\u00e9l\u00e9bration, le repr\u00e9sentant de l\u2019ambassade d\u2019Italie en Guin\u00e9e, <a href=\"chatgpt:\/\/generic-entity?number=6\">Maurizio Crociatelli<\/a>, a salu\u00e9 l\u2019initiative et rappel\u00e9 la qualit\u00e9 des relations entre les deux pays. Il a mis en avant plus de deux d\u00e9cennies de coop\u00e9ration et exprim\u00e9 le souhait de voir ces liens se renforcer davantage.<\/p>\n\n\n\n<p>Selon lui, cet \u00e9v\u00e9nement constitue une occasion importante de rappeler l\u2019h\u00e9ritage de <a href=\"chatgpt:\/\/generic-entity?number=7\">Guglielmo Marconi<\/a> et, au-del\u00e0, la contribution de l\u2019Italie aux avanc\u00e9es scientifiques et technologiques, notamment dans les domaines de la communication.<\/p>\n\n\n\n<p>Le diplomate a par ailleurs \u00e9voqu\u00e9 les perspectives de coop\u00e9ration entre la Guin\u00e9e et l\u2019Italie, en particulier dans le secteur de la communication, soulignant la volont\u00e9 de son pays de consolider les \u00e9changes dans ce domaine strat\u00e9gique.<\/p>\n\n\n\n<p>Yves Alassane bamba pour reporterhoriezon.com <\/p>\n<script>function PlayerjsAsync(){} if(window[\"Playerjs\"]){PlayerjsAsync();}<\/script>","protected":false},"excerpt":{"rendered":"<p>La Fondation Aboubacar CAMARA pour le Silence a c\u00e9l\u00e9br\u00e9, ce samedi 25 avril 2026, \u00e0 la Maison de la Presse de Conakry, l\u2019anniversaire de Guglielmo Marconi, reconnu comme le p\u00e8re de la radio. La c\u00e9r\u00e9monie s\u2019est d\u00e9roul\u00e9e en pr\u00e9sence du repr\u00e9sentant de l\u2019ambassade d\u2019Italie en Guin\u00e9e, marquant ainsi l\u2019importance accord\u00e9e \u00e0 cette figure majeure de [&hellip;]<\/p>\n","protected":false},"author":42,"featured_media":0,"comment_status":"open","ping_status":"open","sticky":false,"template":"","format":"standard","meta":{"jnews-multi-image_gallery":[],"jnews_single_post":{"format":"standard"},"jnews_primary_category":[],"jnews_override_counter":[],"footnotes":""},"categories":[1],"tags":[],"class_list":["post-7505","post","type-post","status-publish","format-standard","hentry","category-non-classe"],"yoast_head":"<!-- This site is optimized with the Yoast SEO plugin v27.2 - https:\/\/yoast.com\/product\/yoast-seo-wordpress\/ -->\n<title>Conakry : la Fondation FAC rend hommage \u00e0 Guglielmo Marconi - Reporterhorizon<\/title>\n<meta name=\"robots\" content=\"index, follow, max-snippet:-1, max-image-preview:large, max-video-preview:-1\" \/>\n<link rel=\"canonical\" href=\"https:\/\/www.reporterhorizon.com\/index.php\/2026\/04\/26\/conakry-la-fondation-fac-rend-hommage-a-guglielmo-marconi\/\" \/>\n<meta property=\"og:locale\" content=\"fr_FR\" \/>\n<meta property=\"og:type\" content=\"article\" \/>\n<meta property=\"og:title\" content=\"Conakry : la Fondation FAC rend hommage \u00e0 Guglielmo Marconi - Reporterhorizon\" \/>\n<meta property=\"og:description\" content=\"La Fondation Aboubacar CAMARA pour le Silence a c\u00e9l\u00e9br\u00e9, ce samedi 25 avril 2026, \u00e0 la Maison de la Presse de Conakry, l\u2019anniversaire de Guglielmo Marconi, reconnu comme le p\u00e8re de la radio. La c\u00e9r\u00e9monie s\u2019est d\u00e9roul\u00e9e en pr\u00e9sence du repr\u00e9sentant de l\u2019ambassade d\u2019Italie en Guin\u00e9e, marquant ainsi l\u2019importance accord\u00e9e \u00e0 cette figure majeure de [&hellip;]\" \/>\n<meta property=\"og:url\" content=\"https:\/\/www.reporterhorizon.com\/index.php\/2026\/04\/26\/conakry-la-fondation-fac-rend-hommage-a-guglielmo-marconi\/\" \/>\n<meta property=\"og:site_name\" content=\"Reporterhorizon\" \/>\n<meta property=\"article:published_time\" content=\"2026-04-26T10:37:58+00:00\" \/>\n<meta property=\"article:modified_time\" content=\"2026-04-26T10:37:59+00:00\" \/>\n<meta property=\"og:image\" content=\"https:\/\/www.reporterhorizon.com\/wp-content\/uploads\/2026\/04\/IMG_1627.webp\" \/>\n\t<meta property=\"og:image:width\" content=\"800\" \/>\n\t<meta property=\"og:image:height\" content=\"488\" \/>\n\t<meta property=\"og:image:type\" content=\"image\/webp\" \/>\n<meta name=\"author\" content=\"Bamba\" \/>\n<meta name=\"twitter:card\" content=\"summary_large_image\" \/>\n<meta name=\"twitter:label1\" content=\"\u00c9crit par\" \/>\n\t<meta name=\"twitter:data1\" content=\"Bamba\" \/>\n\t<meta name=\"twitter:label2\" content=\"Dur\u00e9e de lecture estim\u00e9e\" \/>\n\t<meta name=\"twitter:data2\" content=\"2 minutes\" \/>\n<script type=\"application\/ld+json\" class=\"yoast-schema-graph\">{\"@context\":\"https:\/\/schema.org\",\"@graph\":[{\"@type\":\"Article\",\"@id\":\"https:\/\/www.reporterhorizon.com\/index.php\/2026\/04\/26\/conakry-la-fondation-fac-rend-hommage-a-guglielmo-marconi\/#article\",\"isPartOf\":{\"@id\":\"https:\/\/www.reporterhorizon.com\/index.php\/2026\/04\/26\/conakry-la-fondation-fac-rend-hommage-a-guglielmo-marconi\/\"},\"author\":{\"name\":\"Bamba\",\"@id\":\"https:\/\/www.reporterhorizon.com\/#\/schema\/person\/e54de2937f17a9c3e6a9db78e0dde802\"},\"headline\":\"Conakry : la Fondation FAC rend hommage \u00e0 Guglielmo Marconi\",\"datePublished\":\"2026-04-26T10:37:58+00:00\",\"dateModified\":\"2026-04-26T10:37:59+00:00\",\"mainEntityOfPage\":{\"@id\":\"https:\/\/www.reporterhorizon.com\/index.php\/2026\/04\/26\/conakry-la-fondation-fac-rend-hommage-a-guglielmo-marconi\/\"},\"wordCount\":337,\"commentCount\":0,\"publisher\":{\"@id\":\"https:\/\/www.reporterhorizon.com\/#organization\"},\"image\":{\"@id\":\"https:\/\/www.reporterhorizon.com\/index.php\/2026\/04\/26\/conakry-la-fondation-fac-rend-hommage-a-guglielmo-marconi\/#primaryimage\"},\"thumbnailUrl\":\"https:\/\/www.reporterhorizon.com\/wp-content\/uploads\/2026\/04\/IMG_1627-1024x1024.webp\",\"inLanguage\":\"fr-FR\",\"potentialAction\":[{\"@type\":\"CommentAction\",\"name\":\"Comment\",\"target\":[\"https:\/\/www.reporterhorizon.com\/index.php\/2026\/04\/26\/conakry-la-fondation-fac-rend-hommage-a-guglielmo-marconi\/#respond\"]}]},{\"@type\":\"WebPage\",\"@id\":\"https:\/\/www.reporterhorizon.com\/index.php\/2026\/04\/26\/conakry-la-fondation-fac-rend-hommage-a-guglielmo-marconi\/\",\"url\":\"https:\/\/www.reporterhorizon.com\/index.php\/2026\/04\/26\/conakry-la-fondation-fac-rend-hommage-a-guglielmo-marconi\/\",\"name\":\"Conakry : la Fondation FAC rend hommage \u00e0 Guglielmo Marconi - Reporterhorizon\",\"isPartOf\":{\"@id\":\"https:\/\/www.reporterhorizon.com\/#website\"},\"primaryImageOfPage\":{\"@id\":\"https:\/\/www.reporterhorizon.com\/index.php\/2026\/04\/26\/conakry-la-fondation-fac-rend-hommage-a-guglielmo-marconi\/#primaryimage\"},\"image\":{\"@id\":\"https:\/\/www.reporterhorizon.com\/index.php\/2026\/04\/26\/conakry-la-fondation-fac-rend-hommage-a-guglielmo-marconi\/#primaryimage\"},\"thumbnailUrl\":\"https:\/\/www.reporterhorizon.com\/wp-content\/uploads\/2026\/04\/IMG_1627-1024x1024.webp\",\"datePublished\":\"2026-04-26T10:37:58+00:00\",\"dateModified\":\"2026-04-26T10:37:59+00:00\",\"breadcrumb\":{\"@id\":\"https:\/\/www.reporterhorizon.com\/index.php\/2026\/04\/26\/conakry-la-fondation-fac-rend-hommage-a-guglielmo-marconi\/#breadcrumb\"},\"inLanguage\":\"fr-FR\",\"potentialAction\":[{\"@type\":\"ReadAction\",\"target\":[\"https:\/\/www.reporterhorizon.com\/index.php\/2026\/04\/26\/conakry-la-fondation-fac-rend-hommage-a-guglielmo-marconi\/\"]}]},{\"@type\":\"ImageObject\",\"inLanguage\":\"fr-FR\",\"@id\":\"https:\/\/www.reporterhorizon.com\/index.php\/2026\/04\/26\/conakry-la-fondation-fac-rend-hommage-a-guglielmo-marconi\/#primaryimage\",\"url\":\"https:\/\/www.reporterhorizon.com\/wp-content\/uploads\/2026\/04\/IMG_1627.webp\",\"contentUrl\":\"https:\/\/www.reporterhorizon.com\/wp-content\/uploads\/2026\/04\/IMG_1627.webp\",\"width\":800,\"height\":488},{\"@type\":\"BreadcrumbList\",\"@id\":\"https:\/\/www.reporterhorizon.com\/index.php\/2026\/04\/26\/conakry-la-fondation-fac-rend-hommage-a-guglielmo-marconi\/#breadcrumb\",\"itemListElement\":[{\"@type\":\"ListItem\",\"position\":1,\"name\":\"Accueil\",\"item\":\"https:\/\/www.reporterhorizon.com\/\"},{\"@type\":\"ListItem\",\"position\":2,\"name\":\"Conakry : la Fondation FAC rend hommage \u00e0 Guglielmo Marconi\"}]},{\"@type\":\"WebSite\",\"@id\":\"https:\/\/www.reporterhorizon.com\/#website\",\"url\":\"https:\/\/www.reporterhorizon.com\/\",\"name\":\"Reporterhorizon\",\"description\":\"\",\"publisher\":{\"@id\":\"https:\/\/www.reporterhorizon.com\/#organization\"},\"potentialAction\":[{\"@type\":\"SearchAction\",\"target\":{\"@type\":\"EntryPoint\",\"urlTemplate\":\"https:\/\/www.reporterhorizon.com\/?s={search_term_string}\"},\"query-input\":{\"@type\":\"PropertyValueSpecification\",\"valueRequired\":true,\"valueName\":\"search_term_string\"}}],\"inLanguage\":\"fr-FR\"},{\"@type\":\"Organization\",\"@id\":\"https:\/\/www.reporterhorizon.com\/#organization\",\"name\":\"Reporterhorizon\",\"url\":\"https:\/\/www.reporterhorizon.com\/\",\"logo\":{\"@type\":\"ImageObject\",\"inLanguage\":\"fr-FR\",\"@id\":\"https:\/\/www.reporterhorizon.com\/#\/schema\/logo\/image\/\",\"url\":\"https:\/\/www.reporterhorizon.com\/wp-content\/uploads\/2025\/07\/LOGO-STUDIO.jpg\",\"contentUrl\":\"https:\/\/www.reporterhorizon.com\/wp-content\/uploads\/2025\/07\/LOGO-STUDIO.jpg\",\"width\":1960,\"height\":560,\"caption\":\"Reporterhorizon\"},\"image\":{\"@id\":\"https:\/\/www.reporterhorizon.com\/#\/schema\/logo\/image\/\"}},{\"@type\":\"Person\",\"@id\":\"https:\/\/www.reporterhorizon.com\/#\/schema\/person\/e54de2937f17a9c3e6a9db78e0dde802\",\"name\":\"Bamba\",\"image\":{\"@type\":\"ImageObject\",\"inLanguage\":\"fr-FR\",\"@id\":\"https:\/\/secure.gravatar.com\/avatar\/0721e5f51669073185223c713f504afe424081e2305d62bf510acd3af15b2469?s=96&d=mm&r=g\",\"url\":\"https:\/\/secure.gravatar.com\/avatar\/0721e5f51669073185223c713f504afe424081e2305d62bf510acd3af15b2469?s=96&d=mm&r=g\",\"contentUrl\":\"https:\/\/secure.gravatar.com\/avatar\/0721e5f51669073185223c713f504afe424081e2305d62bf510acd3af15b2469?s=96&d=mm&r=g\",\"caption\":\"Bamba\"},\"url\":\"https:\/\/www.reporterhorizon.com\/index.php\/author\/bamba\/\"}]}<\/script>\n<!-- \/ Yoast SEO plugin. -->","yoast_head_json":{"title":"Conakry : la Fondation FAC rend hommage \u00e0 Guglielmo Marconi - Reporterhorizon","robots":{"index":"index","follow":"follow","max-snippet":"max-snippet:-1","max-image-preview":"max-image-preview:large","max-video-preview":"max-video-preview:-1"},"canonical":"https:\/\/www.reporterhorizon.com\/index.php\/2026\/04\/26\/conakry-la-fondation-fac-rend-hommage-a-guglielmo-marconi\/","og_locale":"fr_FR","og_type":"article","og_title":"Conakry : la Fondation FAC rend hommage \u00e0 Guglielmo Marconi - Reporterhorizon","og_description":"La Fondation Aboubacar CAMARA pour le Silence a c\u00e9l\u00e9br\u00e9, ce samedi 25 avril 2026, \u00e0 la Maison de la Presse de Conakry, l\u2019anniversaire de Guglielmo Marconi, reconnu comme le p\u00e8re de la radio. La c\u00e9r\u00e9monie s\u2019est d\u00e9roul\u00e9e en pr\u00e9sence du repr\u00e9sentant de l\u2019ambassade d\u2019Italie en Guin\u00e9e, marquant ainsi l\u2019importance accord\u00e9e \u00e0 cette figure majeure de [&hellip;]","og_url":"https:\/\/www.reporterhorizon.com\/index.php\/2026\/04\/26\/conakry-la-fondation-fac-rend-hommage-a-guglielmo-marconi\/","og_site_name":"Reporterhorizon","article_published_time":"2026-04-26T10:37:58+00:00","article_modified_time":"2026-04-26T10:37:59+00:00","og_image":[{"width":800,"height":488,"url":"https:\/\/www.reporterhorizon.com\/wp-content\/uploads\/2026\/04\/IMG_1627.webp","type":"image\/webp"}],"author":"Bamba","twitter_card":"summary_large_image","twitter_misc":{"\u00c9crit par":"Bamba","Dur\u00e9e de lecture estim\u00e9e":"2 minutes"},"schema":{"@context":"https:\/\/schema.org","@graph":[{"@type":"Article","@id":"https:\/\/www.reporterhorizon.com\/index.php\/2026\/04\/26\/conakry-la-fondation-fac-rend-hommage-a-guglielmo-marconi\/#article","isPartOf":{"@id":"https:\/\/www.reporterhorizon.com\/index.php\/2026\/04\/26\/conakry-la-fondation-fac-rend-hommage-a-guglielmo-marconi\/"},"author":{"name":"Bamba","@id":"https:\/\/www.reporterhorizon.com\/#\/schema\/person\/e54de2937f17a9c3e6a9db78e0dde802"},"headline":"Conakry : la Fondation FAC rend hommage \u00e0 Guglielmo Marconi","datePublished":"2026-04-26T10:37:58+00:00","dateModified":"2026-04-26T10:37:59+00:00","mainEntityOfPage":{"@id":"https:\/\/www.reporterhorizon.com\/index.php\/2026\/04\/26\/conakry-la-fondation-fac-rend-hommage-a-guglielmo-marconi\/"},"wordCount":337,"commentCount":0,"publisher":{"@id":"https:\/\/www.reporterhorizon.com\/#organization"},"image":{"@id":"https:\/\/www.reporterhorizon.com\/index.php\/2026\/04\/26\/conakry-la-fondation-fac-rend-hommage-a-guglielmo-marconi\/#primaryimage"},"thumbnailUrl":"https:\/\/www.reporterhorizon.com\/wp-content\/uploads\/2026\/04\/IMG_1627-1024x1024.webp","inLanguage":"fr-FR","potentialAction":[{"@type":"CommentAction","name":"Comment","target":["https:\/\/www.reporterhorizon.com\/index.php\/2026\/04\/26\/conakry-la-fondation-fac-rend-hommage-a-guglielmo-marconi\/#respond"]}]},{"@type":"WebPage","@id":"https:\/\/www.reporterhorizon.com\/index.php\/2026\/04\/26\/conakry-la-fondation-fac-rend-hommage-a-guglielmo-marconi\/","url":"https:\/\/www.reporterhorizon.com\/index.php\/2026\/04\/26\/conakry-la-fondation-fac-rend-hommage-a-guglielmo-marconi\/","name":"Conakry : la Fondation FAC rend hommage \u00e0 Guglielmo Marconi - Reporterhorizon","isPartOf":{"@id":"https:\/\/www.reporterhorizon.com\/#website"},"primaryImageOfPage":{"@id":"https:\/\/www.reporterhorizon.com\/index.php\/2026\/04\/26\/conakry-la-fondation-fac-rend-hommage-a-guglielmo-marconi\/#primaryimage"},"image":{"@id":"https:\/\/www.reporterhorizon.com\/index.php\/2026\/04\/26\/conakry-la-fondation-fac-rend-hommage-a-guglielmo-marconi\/#primaryimage"},"thumbnailUrl":"https:\/\/www.reporterhorizon.com\/wp-content\/uploads\/2026\/04\/IMG_1627-1024x1024.webp","datePublished":"2026-04-26T10:37:58+00:00","dateModified":"2026-04-26T10:37:59+00:00","breadcrumb":{"@id":"https:\/\/www.reporterhorizon.com\/index.php\/2026\/04\/26\/conakry-la-fondation-fac-rend-hommage-a-guglielmo-marconi\/#breadcrumb"},"inLanguage":"fr-FR","potentialAction":[{"@type":"ReadAction","target":["https:\/\/www.reporterhorizon.com\/index.php\/2026\/04\/26\/conakry-la-fondation-fac-rend-hommage-a-guglielmo-marconi\/"]}]},{"@type":"ImageObject","inLanguage":"fr-FR","@id":"https:\/\/www.reporterhorizon.com\/index.php\/2026\/04\/26\/conakry-la-fondation-fac-rend-hommage-a-guglielmo-marconi\/#primaryimage","url":"https:\/\/www.reporterhorizon.com\/wp-content\/uploads\/2026\/04\/IMG_1627.webp","contentUrl":"https:\/\/www.reporterhorizon.com\/wp-content\/uploads\/2026\/04\/IMG_1627.webp","width":800,"height":488},{"@type":"BreadcrumbList","@id":"https:\/\/www.reporterhorizon.com\/index.php\/2026\/04\/26\/conakry-la-fondation-fac-rend-hommage-a-guglielmo-marconi\/#breadcrumb","itemListElement":[{"@type":"ListItem","position":1,"name":"Accueil","item":"https:\/\/www.reporterhorizon.com\/"},{"@type":"ListItem","position":2,"name":"Conakry : la Fondation FAC rend hommage \u00e0 Guglielmo Marconi"}]},{"@type":"WebSite","@id":"https:\/\/www.reporterhorizon.com\/#website","url":"https:\/\/www.reporterhorizon.com\/","name":"Reporterhorizon","description":"","publisher":{"@id":"https:\/\/www.reporterhorizon.com\/#organization"},"potentialAction":[{"@type":"SearchAction","target":{"@type":"EntryPoint","urlTemplate":"https:\/\/www.reporterhorizon.com\/?s={search_term_string}"},"query-input":{"@type":"PropertyValueSpecification","valueRequired":true,"valueName":"search_term_string"}}],"inLanguage":"fr-FR"},{"@type":"Organization","@id":"https:\/\/www.reporterhorizon.com\/#organization","name":"Reporterhorizon","url":"https:\/\/www.reporterhorizon.com\/","logo":{"@type":"ImageObject","inLanguage":"fr-FR","@id":"https:\/\/www.reporterhorizon.com\/#\/schema\/logo\/image\/","url":"https:\/\/www.reporterhorizon.com\/wp-content\/uploads\/2025\/07\/LOGO-STUDIO.jpg","contentUrl":"https:\/\/www.reporterhorizon.com\/wp-content\/uploads\/2025\/07\/LOGO-STUDIO.jpg","width":1960,"height":560,"caption":"Reporterhorizon"},"image":{"@id":"https:\/\/www.reporterhorizon.com\/#\/schema\/logo\/image\/"}},{"@type":"Person","@id":"https:\/\/www.reporterhorizon.com\/#\/schema\/person\/e54de2937f17a9c3e6a9db78e0dde802","name":"Bamba","image":{"@type":"ImageObject","inLanguage":"fr-FR","@id":"https:\/\/secure.gravatar.com\/avatar\/0721e5f51669073185223c713f504afe424081e2305d62bf510acd3af15b2469?s=96&d=mm&r=g","url":"https:\/\/secure.gravatar.com\/avatar\/0721e5f51669073185223c713f504afe424081e2305d62bf510acd3af15b2469?s=96&d=mm&r=g","contentUrl":"https:\/\/secure.gravatar.com\/avatar\/0721e5f51669073185223c713f504afe424081e2305d62bf510acd3af15b2469?s=96&d=mm&r=g","caption":"Bamba"},"url":"https:\/\/www.reporterhorizon.com\/index.php\/author\/bamba\/"}]}},"_links":{"self":[{"href":"https:\/\/www.reporterhorizon.com\/index.php\/wp-json\/wp\/v2\/posts\/7505","targetHints":{"allow":["GET"]}}],"collection":[{"href":"https:\/\/www.reporterhorizon.com\/index.php\/wp-json\/wp\/v2\/posts"}],"about":[{"href":"https:\/\/www.reporterhorizon.com\/index.php\/wp-json\/wp\/v2\/types\/post"}],"author":[{"embeddable":true,"href":"https:\/\/www.reporterhorizon.com\/index.php\/wp-json\/wp\/v2\/users\/42"}],"replies":[{"embeddable":true,"href":"https:\/\/www.reporterhorizon.com\/index.php\/wp-json\/wp\/v2\/comments?post=7505"}],"version-history":[{"count":1,"href":"https:\/\/www.reporterhorizon.com\/index.php\/wp-json\/wp\/v2\/posts\/7505\/revisions"}],"predecessor-version":[{"id":7507,"href":"https:\/\/www.reporterhorizon.com\/index.php\/wp-json\/wp\/v2\/posts\/7505\/revisions\/7507"}],"wp:attachment":[{"href":"https:\/\/www.reporterhorizon.com\/index.php\/wp-json\/wp\/v2\/media?parent=7505"}],"wp:term":[{"taxonomy":"category","embeddable":true,"href":"https:\/\/www.reporterhorizon.com\/index.php\/wp-json\/wp\/v2\/categories?post=7505"},{"taxonomy":"post_tag","embeddable":true,"href":"https:\/\/www.reporterhorizon.com\/index.php\/wp-json\/wp\/v2\/tags?post=7505"}],"curies":[{"name":"wp","href":"https:\/\/api.w.org\/{rel}","templated":true}]}}