{"id":7499,"date":"2026-04-25T13:41:25","date_gmt":"2026-04-25T13:41:25","guid":{"rendered":"https:\/\/www.reporterhorizon.com\/?p=7499"},"modified":"2026-04-25T13:41:26","modified_gmt":"2026-04-25T13:41:26","slug":"litterature-dre-diaka-sidibe-dedicace-son-premier-ouvrage-un-parcours-un-destin-une-conviction-a-conakry","status":"publish","type":"post","link":"https:\/\/www.reporterhorizon.com\/index.php\/2026\/04\/25\/litterature-dre-diaka-sidibe-dedicace-son-premier-ouvrage-un-parcours-un-destin-une-conviction-a-conakry\/","title":{"rendered":"Litt\u00e9rature : Dre Diaka Sidib\u00e9 d\u00e9dicace son premier ouvrage \u00ab Un parcours, un destin, une conviction \u00bb \u00e0 Conakry"},"content":{"rendered":"\n<figure class=\"wp-block-gallery has-nested-images columns-default is-cropped wp-block-gallery-1 is-layout-flex wp-block-gallery-is-layout-flex\">\n<figure class=\"wp-block-image size-large\"><img fetchpriority=\"high\" decoding=\"async\" width=\"1024\" height=\"1024\" data-id=\"7502\" src=\"https:\/\/www.reporterhorizon.com\/wp-content\/uploads\/2026\/04\/IMG_1615-1-1024x1024.jpeg\" alt=\"\" class=\"wp-image-7502\" srcset=\"https:\/\/www.reporterhorizon.com\/wp-content\/uploads\/2026\/04\/IMG_1615-1-1024x1024.jpeg 1024w, https:\/\/www.reporterhorizon.com\/wp-content\/uploads\/2026\/04\/IMG_1615-1-300x300.jpeg 300w, https:\/\/www.reporterhorizon.com\/wp-content\/uploads\/2026\/04\/IMG_1615-1-150x150.jpeg 150w, https:\/\/www.reporterhorizon.com\/wp-content\/uploads\/2026\/04\/IMG_1615-1-768x768.jpeg 768w, https:\/\/www.reporterhorizon.com\/wp-content\/uploads\/2026\/04\/IMG_1615-1-1536x1536.jpeg 1536w, https:\/\/www.reporterhorizon.com\/wp-content\/uploads\/2026\/04\/IMG_1615-1-2048x2048.jpeg 2048w, https:\/\/www.reporterhorizon.com\/wp-content\/uploads\/2026\/04\/IMG_1615-1-75x75.jpeg 75w, https:\/\/www.reporterhorizon.com\/wp-content\/uploads\/2026\/04\/IMG_1615-1-350x350.jpeg 350w, https:\/\/www.reporterhorizon.com\/wp-content\/uploads\/2026\/04\/IMG_1615-1-750x750.jpeg 750w, https:\/\/www.reporterhorizon.com\/wp-content\/uploads\/2026\/04\/IMG_1615-1-1140x1140.jpeg 1140w, https:\/\/www.reporterhorizon.com\/wp-content\/uploads\/2026\/04\/IMG_1615-1.jpeg 442w\" sizes=\"(max-width: 1024px) 100vw, 1024px\" \/><\/figure>\n<\/figure>\n\n\n\n<p>Conakry, 25 avril 2026 \u2013 La Ministre de l\u2019Enseignement Sup\u00e9rieur et de la Recherche Scientifique, Dre Diaka Sidib\u00e9, a proc\u00e9d\u00e9 ce samedi \u00e0 la d\u00e9dicace de son tout premier ouvrage intitul\u00e9 \u00ab Un parcours, un destin, une conviction \u00bb, au Centre culturel franco-guin\u00e9en.<\/p>\n\n\n\n<p><\/p>\n\n\n\n<p>\u00c0 travers ce roman \u00e0 forte dimension autobiographique, l\u2019auteure retrace les diff\u00e9rentes \u00e9tapes de sa vie, m\u00ealant parcours professionnel, exp\u00e9riences personnelles et engagement au service de la nation. Une \u0153uvre qui se veut \u00e0 la fois t\u00e9moignage et source d\u2019inspiration pour les jeunes g\u00e9n\u00e9rations.<\/p>\n\n\n\n<figure class=\"wp-block-image size-large\"><img decoding=\"async\" width=\"1024\" height=\"1024\" src=\"https:\/\/www.reporterhorizon.com\/wp-content\/uploads\/2026\/04\/IMG_3092-1024x1024.jpeg\" alt=\"\" class=\"wp-image-7500\" srcset=\"https:\/\/www.reporterhorizon.com\/wp-content\/uploads\/2026\/04\/IMG_3092-1024x1024.jpeg 1024w, https:\/\/www.reporterhorizon.com\/wp-content\/uploads\/2026\/04\/IMG_3092-300x300.jpeg 300w, https:\/\/www.reporterhorizon.com\/wp-content\/uploads\/2026\/04\/IMG_3092-150x150.jpeg 150w, https:\/\/www.reporterhorizon.com\/wp-content\/uploads\/2026\/04\/IMG_3092-1536x1536.jpeg 1536w, https:\/\/www.reporterhorizon.com\/wp-content\/uploads\/2026\/04\/IMG_3092-2048x2048.jpeg 2048w, https:\/\/www.reporterhorizon.com\/wp-content\/uploads\/2026\/04\/IMG_3092-75x75.jpeg 75w, https:\/\/www.reporterhorizon.com\/wp-content\/uploads\/2026\/04\/IMG_3092-350x350.jpeg 350w\" sizes=\"(max-width: 1024px) 100vw, 1024px\" \/><\/figure>\n\n\n\n<p>\u00ab J\u2019ai d\u00e9cid\u00e9 de laisser ma premi\u00e8re fille lire ce roman en priorit\u00e9, parce qu\u2019elle a \u00e9t\u00e9 la premi\u00e8re \u00e0 me demander de le lui d\u00e9dicacer \u00bb, a confi\u00e9 la ministre, visiblement \u00e9mue.<\/p>\n\n\n\n<figure class=\"wp-block-gallery has-nested-images columns-default is-cropped wp-block-gallery-2 is-layout-flex wp-block-gallery-is-layout-flex\">\n<figure class=\"wp-block-image size-large\"><img decoding=\"async\" width=\"1024\" height=\"1024\" data-id=\"7503\" src=\"https:\/\/www.reporterhorizon.com\/wp-content\/uploads\/2026\/04\/IMG_3125-1024x1024.jpeg\" alt=\"\" class=\"wp-image-7503\" srcset=\"https:\/\/www.reporterhorizon.com\/wp-content\/uploads\/2026\/04\/IMG_3125-1024x1024.jpeg 1024w, https:\/\/www.reporterhorizon.com\/wp-content\/uploads\/2026\/04\/IMG_3125-300x300.jpeg 300w, https:\/\/www.reporterhorizon.com\/wp-content\/uploads\/2026\/04\/IMG_3125-150x150.jpeg 150w, https:\/\/www.reporterhorizon.com\/wp-content\/uploads\/2026\/04\/IMG_3125-1536x1536.jpeg 1536w, https:\/\/www.reporterhorizon.com\/wp-content\/uploads\/2026\/04\/IMG_3125-2048x2048.jpeg 2048w, https:\/\/www.reporterhorizon.com\/wp-content\/uploads\/2026\/04\/IMG_3125-75x75.jpeg 75w, https:\/\/www.reporterhorizon.com\/wp-content\/uploads\/2026\/04\/IMG_3125-350x350.jpeg 350w\" sizes=\"(max-width: 1024px) 100vw, 1024px\" \/><\/figure>\n<\/figure>\n\n\n\n<p>Poursuivant son intervention, Dre Diaka Sidib\u00e9 a soulign\u00e9 la port\u00e9e de son ouvrage : \u00ab Ce livre n\u2019est pas seulement un roman, c\u2019est un parcours, une vie. Une mani\u00e8re de partager ce que j\u2019ai v\u00e9cu. Il s\u2019agit d\u2019un r\u00e9cit autobiographique qui retrace une partie de mon exp\u00e9rience. \u00bb<\/p>\n\n\n\n<p>La c\u00e9r\u00e9monie de d\u00e9dicace a connu une forte affluence, r\u00e9unissant parents, proches, acteurs du monde universitaire ainsi que plusieurs membres du gouvernement, dont Madame Patricia LAMAH, ministre, venus t\u00e9moigner leur soutien \u00e0 cette initiative litt\u00e9raire.<\/p>\n\n\n\n<figure class=\"wp-block-gallery has-nested-images columns-default is-cropped wp-block-gallery-3 is-layout-flex wp-block-gallery-is-layout-flex\"><\/figure>\n\n\n\n<p>Par cette publication, Dre Diaka Sidib\u00e9 ajoute une nouvelle dimension \u00e0 son engagement, en mettant sa plume au service du partage d\u2019exp\u00e9rience et de la transmission.<\/p>\n<script>function PlayerjsAsync(){} if(window[\"Playerjs\"]){PlayerjsAsync();}<\/script>","protected":false},"excerpt":{"rendered":"<p>Conakry, 25 avril 2026 \u2013 La Ministre de l\u2019Enseignement Sup\u00e9rieur et de la Recherche Scientifique, Dre Diaka Sidib\u00e9, a proc\u00e9d\u00e9 ce samedi \u00e0 la d\u00e9dicace de son tout premier ouvrage intitul\u00e9 \u00ab Un parcours, un destin, une conviction \u00bb, au Centre culturel franco-guin\u00e9en. \u00c0 travers ce roman \u00e0 forte dimension autobiographique, l\u2019auteure retrace les diff\u00e9rentes [&hellip;]<\/p>\n","protected":false},"author":42,"featured_media":0,"comment_status":"open","ping_status":"open","sticky":false,"template":"","format":"standard","meta":{"jnews-multi-image_gallery":[],"jnews_single_post":{"format":"standard"},"jnews_primary_category":[],"jnews_override_counter":[],"footnotes":""},"categories":[1],"tags":[],"class_list":["post-7499","post","type-post","status-publish","format-standard","hentry","category-non-classe"],"yoast_head":"<!-- This site is optimized with the Yoast SEO plugin v27.2 - https:\/\/yoast.com\/product\/yoast-seo-wordpress\/ -->\n<title>Litt\u00e9rature : Dre Diaka Sidib\u00e9 d\u00e9dicace son premier ouvrage \u00ab Un parcours, un destin, une conviction \u00bb \u00e0 Conakry - Reporterhorizon<\/title>\n<meta name=\"robots\" content=\"index, follow, max-snippet:-1, max-image-preview:large, max-video-preview:-1\" \/>\n<link rel=\"canonical\" href=\"https:\/\/www.reporterhorizon.com\/index.php\/2026\/04\/25\/litterature-dre-diaka-sidibe-dedicace-son-premier-ouvrage-un-parcours-un-destin-une-conviction-a-conakry\/\" \/>\n<meta property=\"og:locale\" content=\"fr_FR\" \/>\n<meta property=\"og:type\" content=\"article\" \/>\n<meta property=\"og:title\" content=\"Litt\u00e9rature : Dre Diaka Sidib\u00e9 d\u00e9dicace son premier ouvrage \u00ab Un parcours, un destin, une conviction \u00bb \u00e0 Conakry - Reporterhorizon\" \/>\n<meta property=\"og:description\" content=\"Conakry, 25 avril 2026 \u2013 La Ministre de l\u2019Enseignement Sup\u00e9rieur et de la Recherche Scientifique, Dre Diaka Sidib\u00e9, a proc\u00e9d\u00e9 ce samedi \u00e0 la d\u00e9dicace de son tout premier ouvrage intitul\u00e9 \u00ab Un parcours, un destin, une conviction \u00bb, au Centre culturel franco-guin\u00e9en. \u00c0 travers ce roman \u00e0 forte dimension autobiographique, l\u2019auteure retrace les diff\u00e9rentes [&hellip;]\" \/>\n<meta property=\"og:url\" content=\"https:\/\/www.reporterhorizon.com\/index.php\/2026\/04\/25\/litterature-dre-diaka-sidibe-dedicace-son-premier-ouvrage-un-parcours-un-destin-une-conviction-a-conakry\/\" \/>\n<meta property=\"og:site_name\" content=\"Reporterhorizon\" \/>\n<meta property=\"article:published_time\" content=\"2026-04-25T13:41:25+00:00\" \/>\n<meta property=\"article:modified_time\" content=\"2026-04-25T13:41:26+00:00\" \/>\n<meta property=\"og:image\" content=\"https:\/\/www.reporterhorizon.com\/wp-content\/uploads\/2026\/04\/IMG_1615-1.jpeg\" \/>\n\t<meta property=\"og:image:width\" content=\"442\" \/>\n\t<meta property=\"og:image:height\" content=\"442\" \/>\n\t<meta property=\"og:image:type\" content=\"image\/jpeg\" \/>\n<meta name=\"author\" content=\"Bamba\" \/>\n<meta name=\"twitter:card\" content=\"summary_large_image\" \/>\n<meta name=\"twitter:label1\" content=\"\u00c9crit par\" \/>\n\t<meta name=\"twitter:data1\" content=\"Bamba\" \/>\n\t<meta name=\"twitter:label2\" content=\"Dur\u00e9e de lecture estim\u00e9e\" \/>\n\t<meta name=\"twitter:data2\" content=\"2 minutes\" \/>\n<script type=\"application\/ld+json\" class=\"yoast-schema-graph\">{\"@context\":\"https:\/\/schema.org\",\"@graph\":[{\"@type\":\"Article\",\"@id\":\"https:\/\/www.reporterhorizon.com\/index.php\/2026\/04\/25\/litterature-dre-diaka-sidibe-dedicace-son-premier-ouvrage-un-parcours-un-destin-une-conviction-a-conakry\/#article\",\"isPartOf\":{\"@id\":\"https:\/\/www.reporterhorizon.com\/index.php\/2026\/04\/25\/litterature-dre-diaka-sidibe-dedicace-son-premier-ouvrage-un-parcours-un-destin-une-conviction-a-conakry\/\"},\"author\":{\"name\":\"Bamba\",\"@id\":\"https:\/\/www.reporterhorizon.com\/#\/schema\/person\/e54de2937f17a9c3e6a9db78e0dde802\"},\"headline\":\"Litt\u00e9rature : Dre Diaka Sidib\u00e9 d\u00e9dicace son premier ouvrage \u00ab Un parcours, un destin, une conviction \u00bb \u00e0 Conakry\",\"datePublished\":\"2026-04-25T13:41:25+00:00\",\"dateModified\":\"2026-04-25T13:41:26+00:00\",\"mainEntityOfPage\":{\"@id\":\"https:\/\/www.reporterhorizon.com\/index.php\/2026\/04\/25\/litterature-dre-diaka-sidibe-dedicace-son-premier-ouvrage-un-parcours-un-destin-une-conviction-a-conakry\/\"},\"wordCount\":266,\"commentCount\":0,\"publisher\":{\"@id\":\"https:\/\/www.reporterhorizon.com\/#organization\"},\"image\":{\"@id\":\"https:\/\/www.reporterhorizon.com\/index.php\/2026\/04\/25\/litterature-dre-diaka-sidibe-dedicace-son-premier-ouvrage-un-parcours-un-destin-une-conviction-a-conakry\/#primaryimage\"},\"thumbnailUrl\":\"https:\/\/www.reporterhorizon.com\/wp-content\/uploads\/2026\/04\/IMG_1615-1-1024x1024.jpeg\",\"inLanguage\":\"fr-FR\",\"potentialAction\":[{\"@type\":\"CommentAction\",\"name\":\"Comment\",\"target\":[\"https:\/\/www.reporterhorizon.com\/index.php\/2026\/04\/25\/litterature-dre-diaka-sidibe-dedicace-son-premier-ouvrage-un-parcours-un-destin-une-conviction-a-conakry\/#respond\"]}]},{\"@type\":\"WebPage\",\"@id\":\"https:\/\/www.reporterhorizon.com\/index.php\/2026\/04\/25\/litterature-dre-diaka-sidibe-dedicace-son-premier-ouvrage-un-parcours-un-destin-une-conviction-a-conakry\/\",\"url\":\"https:\/\/www.reporterhorizon.com\/index.php\/2026\/04\/25\/litterature-dre-diaka-sidibe-dedicace-son-premier-ouvrage-un-parcours-un-destin-une-conviction-a-conakry\/\",\"name\":\"Litt\u00e9rature : Dre Diaka Sidib\u00e9 d\u00e9dicace son premier ouvrage \u00ab Un parcours, un destin, une conviction \u00bb \u00e0 Conakry - Reporterhorizon\",\"isPartOf\":{\"@id\":\"https:\/\/www.reporterhorizon.com\/#website\"},\"primaryImageOfPage\":{\"@id\":\"https:\/\/www.reporterhorizon.com\/index.php\/2026\/04\/25\/litterature-dre-diaka-sidibe-dedicace-son-premier-ouvrage-un-parcours-un-destin-une-conviction-a-conakry\/#primaryimage\"},\"image\":{\"@id\":\"https:\/\/www.reporterhorizon.com\/index.php\/2026\/04\/25\/litterature-dre-diaka-sidibe-dedicace-son-premier-ouvrage-un-parcours-un-destin-une-conviction-a-conakry\/#primaryimage\"},\"thumbnailUrl\":\"https:\/\/www.reporterhorizon.com\/wp-content\/uploads\/2026\/04\/IMG_1615-1-1024x1024.jpeg\",\"datePublished\":\"2026-04-25T13:41:25+00:00\",\"dateModified\":\"2026-04-25T13:41:26+00:00\",\"breadcrumb\":{\"@id\":\"https:\/\/www.reporterhorizon.com\/index.php\/2026\/04\/25\/litterature-dre-diaka-sidibe-dedicace-son-premier-ouvrage-un-parcours-un-destin-une-conviction-a-conakry\/#breadcrumb\"},\"inLanguage\":\"fr-FR\",\"potentialAction\":[{\"@type\":\"ReadAction\",\"target\":[\"https:\/\/www.reporterhorizon.com\/index.php\/2026\/04\/25\/litterature-dre-diaka-sidibe-dedicace-son-premier-ouvrage-un-parcours-un-destin-une-conviction-a-conakry\/\"]}]},{\"@type\":\"ImageObject\",\"inLanguage\":\"fr-FR\",\"@id\":\"https:\/\/www.reporterhorizon.com\/index.php\/2026\/04\/25\/litterature-dre-diaka-sidibe-dedicace-son-premier-ouvrage-un-parcours-un-destin-une-conviction-a-conakry\/#primaryimage\",\"url\":\"https:\/\/www.reporterhorizon.com\/wp-content\/uploads\/2026\/04\/IMG_1615-1.jpeg\",\"contentUrl\":\"https:\/\/www.reporterhorizon.com\/wp-content\/uploads\/2026\/04\/IMG_1615-1.jpeg\",\"width\":442,\"height\":442,\"caption\":\"Screenshot\"},{\"@type\":\"BreadcrumbList\",\"@id\":\"https:\/\/www.reporterhorizon.com\/index.php\/2026\/04\/25\/litterature-dre-diaka-sidibe-dedicace-son-premier-ouvrage-un-parcours-un-destin-une-conviction-a-conakry\/#breadcrumb\",\"itemListElement\":[{\"@type\":\"ListItem\",\"position\":1,\"name\":\"Accueil\",\"item\":\"https:\/\/www.reporterhorizon.com\/\"},{\"@type\":\"ListItem\",\"position\":2,\"name\":\"Litt\u00e9rature : Dre Diaka Sidib\u00e9 d\u00e9dicace son premier ouvrage \u00ab Un parcours, un destin, une conviction \u00bb \u00e0 Conakry\"}]},{\"@type\":\"WebSite\",\"@id\":\"https:\/\/www.reporterhorizon.com\/#website\",\"url\":\"https:\/\/www.reporterhorizon.com\/\",\"name\":\"Reporterhorizon\",\"description\":\"\",\"publisher\":{\"@id\":\"https:\/\/www.reporterhorizon.com\/#organization\"},\"potentialAction\":[{\"@type\":\"SearchAction\",\"target\":{\"@type\":\"EntryPoint\",\"urlTemplate\":\"https:\/\/www.reporterhorizon.com\/?s={search_term_string}\"},\"query-input\":{\"@type\":\"PropertyValueSpecification\",\"valueRequired\":true,\"valueName\":\"search_term_string\"}}],\"inLanguage\":\"fr-FR\"},{\"@type\":\"Organization\",\"@id\":\"https:\/\/www.reporterhorizon.com\/#organization\",\"name\":\"Reporterhorizon\",\"url\":\"https:\/\/www.reporterhorizon.com\/\",\"logo\":{\"@type\":\"ImageObject\",\"inLanguage\":\"fr-FR\",\"@id\":\"https:\/\/www.reporterhorizon.com\/#\/schema\/logo\/image\/\",\"url\":\"https:\/\/www.reporterhorizon.com\/wp-content\/uploads\/2025\/07\/LOGO-STUDIO.jpg\",\"contentUrl\":\"https:\/\/www.reporterhorizon.com\/wp-content\/uploads\/2025\/07\/LOGO-STUDIO.jpg\",\"width\":1960,\"height\":560,\"caption\":\"Reporterhorizon\"},\"image\":{\"@id\":\"https:\/\/www.reporterhorizon.com\/#\/schema\/logo\/image\/\"}},{\"@type\":\"Person\",\"@id\":\"https:\/\/www.reporterhorizon.com\/#\/schema\/person\/e54de2937f17a9c3e6a9db78e0dde802\",\"name\":\"Bamba\",\"image\":{\"@type\":\"ImageObject\",\"inLanguage\":\"fr-FR\",\"@id\":\"https:\/\/secure.gravatar.com\/avatar\/0721e5f51669073185223c713f504afe424081e2305d62bf510acd3af15b2469?s=96&d=mm&r=g\",\"url\":\"https:\/\/secure.gravatar.com\/avatar\/0721e5f51669073185223c713f504afe424081e2305d62bf510acd3af15b2469?s=96&d=mm&r=g\",\"contentUrl\":\"https:\/\/secure.gravatar.com\/avatar\/0721e5f51669073185223c713f504afe424081e2305d62bf510acd3af15b2469?s=96&d=mm&r=g\",\"caption\":\"Bamba\"},\"url\":\"https:\/\/www.reporterhorizon.com\/index.php\/author\/bamba\/\"}]}<\/script>\n<!-- \/ Yoast SEO plugin. -->","yoast_head_json":{"title":"Litt\u00e9rature : Dre Diaka Sidib\u00e9 d\u00e9dicace son premier ouvrage \u00ab Un parcours, un destin, une conviction \u00bb \u00e0 Conakry - Reporterhorizon","robots":{"index":"index","follow":"follow","max-snippet":"max-snippet:-1","max-image-preview":"max-image-preview:large","max-video-preview":"max-video-preview:-1"},"canonical":"https:\/\/www.reporterhorizon.com\/index.php\/2026\/04\/25\/litterature-dre-diaka-sidibe-dedicace-son-premier-ouvrage-un-parcours-un-destin-une-conviction-a-conakry\/","og_locale":"fr_FR","og_type":"article","og_title":"Litt\u00e9rature : Dre Diaka Sidib\u00e9 d\u00e9dicace son premier ouvrage \u00ab Un parcours, un destin, une conviction \u00bb \u00e0 Conakry - Reporterhorizon","og_description":"Conakry, 25 avril 2026 \u2013 La Ministre de l\u2019Enseignement Sup\u00e9rieur et de la Recherche Scientifique, Dre Diaka Sidib\u00e9, a proc\u00e9d\u00e9 ce samedi \u00e0 la d\u00e9dicace de son tout premier ouvrage intitul\u00e9 \u00ab Un parcours, un destin, une conviction \u00bb, au Centre culturel franco-guin\u00e9en. \u00c0 travers ce roman \u00e0 forte dimension autobiographique, l\u2019auteure retrace les diff\u00e9rentes [&hellip;]","og_url":"https:\/\/www.reporterhorizon.com\/index.php\/2026\/04\/25\/litterature-dre-diaka-sidibe-dedicace-son-premier-ouvrage-un-parcours-un-destin-une-conviction-a-conakry\/","og_site_name":"Reporterhorizon","article_published_time":"2026-04-25T13:41:25+00:00","article_modified_time":"2026-04-25T13:41:26+00:00","og_image":[{"width":442,"height":442,"url":"https:\/\/www.reporterhorizon.com\/wp-content\/uploads\/2026\/04\/IMG_1615-1.jpeg","type":"image\/jpeg"}],"author":"Bamba","twitter_card":"summary_large_image","twitter_misc":{"\u00c9crit par":"Bamba","Dur\u00e9e de lecture estim\u00e9e":"2 minutes"},"schema":{"@context":"https:\/\/schema.org","@graph":[{"@type":"Article","@id":"https:\/\/www.reporterhorizon.com\/index.php\/2026\/04\/25\/litterature-dre-diaka-sidibe-dedicace-son-premier-ouvrage-un-parcours-un-destin-une-conviction-a-conakry\/#article","isPartOf":{"@id":"https:\/\/www.reporterhorizon.com\/index.php\/2026\/04\/25\/litterature-dre-diaka-sidibe-dedicace-son-premier-ouvrage-un-parcours-un-destin-une-conviction-a-conakry\/"},"author":{"name":"Bamba","@id":"https:\/\/www.reporterhorizon.com\/#\/schema\/person\/e54de2937f17a9c3e6a9db78e0dde802"},"headline":"Litt\u00e9rature : Dre Diaka Sidib\u00e9 d\u00e9dicace son premier ouvrage \u00ab Un parcours, un destin, une conviction \u00bb \u00e0 Conakry","datePublished":"2026-04-25T13:41:25+00:00","dateModified":"2026-04-25T13:41:26+00:00","mainEntityOfPage":{"@id":"https:\/\/www.reporterhorizon.com\/index.php\/2026\/04\/25\/litterature-dre-diaka-sidibe-dedicace-son-premier-ouvrage-un-parcours-un-destin-une-conviction-a-conakry\/"},"wordCount":266,"commentCount":0,"publisher":{"@id":"https:\/\/www.reporterhorizon.com\/#organization"},"image":{"@id":"https:\/\/www.reporterhorizon.com\/index.php\/2026\/04\/25\/litterature-dre-diaka-sidibe-dedicace-son-premier-ouvrage-un-parcours-un-destin-une-conviction-a-conakry\/#primaryimage"},"thumbnailUrl":"https:\/\/www.reporterhorizon.com\/wp-content\/uploads\/2026\/04\/IMG_1615-1-1024x1024.jpeg","inLanguage":"fr-FR","potentialAction":[{"@type":"CommentAction","name":"Comment","target":["https:\/\/www.reporterhorizon.com\/index.php\/2026\/04\/25\/litterature-dre-diaka-sidibe-dedicace-son-premier-ouvrage-un-parcours-un-destin-une-conviction-a-conakry\/#respond"]}]},{"@type":"WebPage","@id":"https:\/\/www.reporterhorizon.com\/index.php\/2026\/04\/25\/litterature-dre-diaka-sidibe-dedicace-son-premier-ouvrage-un-parcours-un-destin-une-conviction-a-conakry\/","url":"https:\/\/www.reporterhorizon.com\/index.php\/2026\/04\/25\/litterature-dre-diaka-sidibe-dedicace-son-premier-ouvrage-un-parcours-un-destin-une-conviction-a-conakry\/","name":"Litt\u00e9rature : Dre Diaka Sidib\u00e9 d\u00e9dicace son premier ouvrage \u00ab Un parcours, un destin, une conviction \u00bb \u00e0 Conakry - Reporterhorizon","isPartOf":{"@id":"https:\/\/www.reporterhorizon.com\/#website"},"primaryImageOfPage":{"@id":"https:\/\/www.reporterhorizon.com\/index.php\/2026\/04\/25\/litterature-dre-diaka-sidibe-dedicace-son-premier-ouvrage-un-parcours-un-destin-une-conviction-a-conakry\/#primaryimage"},"image":{"@id":"https:\/\/www.reporterhorizon.com\/index.php\/2026\/04\/25\/litterature-dre-diaka-sidibe-dedicace-son-premier-ouvrage-un-parcours-un-destin-une-conviction-a-conakry\/#primaryimage"},"thumbnailUrl":"https:\/\/www.reporterhorizon.com\/wp-content\/uploads\/2026\/04\/IMG_1615-1-1024x1024.jpeg","datePublished":"2026-04-25T13:41:25+00:00","dateModified":"2026-04-25T13:41:26+00:00","breadcrumb":{"@id":"https:\/\/www.reporterhorizon.com\/index.php\/2026\/04\/25\/litterature-dre-diaka-sidibe-dedicace-son-premier-ouvrage-un-parcours-un-destin-une-conviction-a-conakry\/#breadcrumb"},"inLanguage":"fr-FR","potentialAction":[{"@type":"ReadAction","target":["https:\/\/www.reporterhorizon.com\/index.php\/2026\/04\/25\/litterature-dre-diaka-sidibe-dedicace-son-premier-ouvrage-un-parcours-un-destin-une-conviction-a-conakry\/"]}]},{"@type":"ImageObject","inLanguage":"fr-FR","@id":"https:\/\/www.reporterhorizon.com\/index.php\/2026\/04\/25\/litterature-dre-diaka-sidibe-dedicace-son-premier-ouvrage-un-parcours-un-destin-une-conviction-a-conakry\/#primaryimage","url":"https:\/\/www.reporterhorizon.com\/wp-content\/uploads\/2026\/04\/IMG_1615-1.jpeg","contentUrl":"https:\/\/www.reporterhorizon.com\/wp-content\/uploads\/2026\/04\/IMG_1615-1.jpeg","width":442,"height":442,"caption":"Screenshot"},{"@type":"BreadcrumbList","@id":"https:\/\/www.reporterhorizon.com\/index.php\/2026\/04\/25\/litterature-dre-diaka-sidibe-dedicace-son-premier-ouvrage-un-parcours-un-destin-une-conviction-a-conakry\/#breadcrumb","itemListElement":[{"@type":"ListItem","position":1,"name":"Accueil","item":"https:\/\/www.reporterhorizon.com\/"},{"@type":"ListItem","position":2,"name":"Litt\u00e9rature : Dre Diaka Sidib\u00e9 d\u00e9dicace son premier ouvrage \u00ab Un parcours, un destin, une conviction \u00bb \u00e0 Conakry"}]},{"@type":"WebSite","@id":"https:\/\/www.reporterhorizon.com\/#website","url":"https:\/\/www.reporterhorizon.com\/","name":"Reporterhorizon","description":"","publisher":{"@id":"https:\/\/www.reporterhorizon.com\/#organization"},"potentialAction":[{"@type":"SearchAction","target":{"@type":"EntryPoint","urlTemplate":"https:\/\/www.reporterhorizon.com\/?s={search_term_string}"},"query-input":{"@type":"PropertyValueSpecification","valueRequired":true,"valueName":"search_term_string"}}],"inLanguage":"fr-FR"},{"@type":"Organization","@id":"https:\/\/www.reporterhorizon.com\/#organization","name":"Reporterhorizon","url":"https:\/\/www.reporterhorizon.com\/","logo":{"@type":"ImageObject","inLanguage":"fr-FR","@id":"https:\/\/www.reporterhorizon.com\/#\/schema\/logo\/image\/","url":"https:\/\/www.reporterhorizon.com\/wp-content\/uploads\/2025\/07\/LOGO-STUDIO.jpg","contentUrl":"https:\/\/www.reporterhorizon.com\/wp-content\/uploads\/2025\/07\/LOGO-STUDIO.jpg","width":1960,"height":560,"caption":"Reporterhorizon"},"image":{"@id":"https:\/\/www.reporterhorizon.com\/#\/schema\/logo\/image\/"}},{"@type":"Person","@id":"https:\/\/www.reporterhorizon.com\/#\/schema\/person\/e54de2937f17a9c3e6a9db78e0dde802","name":"Bamba","image":{"@type":"ImageObject","inLanguage":"fr-FR","@id":"https:\/\/secure.gravatar.com\/avatar\/0721e5f51669073185223c713f504afe424081e2305d62bf510acd3af15b2469?s=96&d=mm&r=g","url":"https:\/\/secure.gravatar.com\/avatar\/0721e5f51669073185223c713f504afe424081e2305d62bf510acd3af15b2469?s=96&d=mm&r=g","contentUrl":"https:\/\/secure.gravatar.com\/avatar\/0721e5f51669073185223c713f504afe424081e2305d62bf510acd3af15b2469?s=96&d=mm&r=g","caption":"Bamba"},"url":"https:\/\/www.reporterhorizon.com\/index.php\/author\/bamba\/"}]}},"_links":{"self":[{"href":"https:\/\/www.reporterhorizon.com\/index.php\/wp-json\/wp\/v2\/posts\/7499","targetHints":{"allow":["GET"]}}],"collection":[{"href":"https:\/\/www.reporterhorizon.com\/index.php\/wp-json\/wp\/v2\/posts"}],"about":[{"href":"https:\/\/www.reporterhorizon.com\/index.php\/wp-json\/wp\/v2\/types\/post"}],"author":[{"embeddable":true,"href":"https:\/\/www.reporterhorizon.com\/index.php\/wp-json\/wp\/v2\/users\/42"}],"replies":[{"embeddable":true,"href":"https:\/\/www.reporterhorizon.com\/index.php\/wp-json\/wp\/v2\/comments?post=7499"}],"version-history":[{"count":1,"href":"https:\/\/www.reporterhorizon.com\/index.php\/wp-json\/wp\/v2\/posts\/7499\/revisions"}],"predecessor-version":[{"id":7504,"href":"https:\/\/www.reporterhorizon.com\/index.php\/wp-json\/wp\/v2\/posts\/7499\/revisions\/7504"}],"wp:attachment":[{"href":"https:\/\/www.reporterhorizon.com\/index.php\/wp-json\/wp\/v2\/media?parent=7499"}],"wp:term":[{"taxonomy":"category","embeddable":true,"href":"https:\/\/www.reporterhorizon.com\/index.php\/wp-json\/wp\/v2\/categories?post=7499"},{"taxonomy":"post_tag","embeddable":true,"href":"https:\/\/www.reporterhorizon.com\/index.php\/wp-json\/wp\/v2\/tags?post=7499"}],"curies":[{"name":"wp","href":"https:\/\/api.w.org\/{rel}","templated":true}]}}