{"id":7488,"date":"2026-04-25T07:30:58","date_gmt":"2026-04-25T07:30:58","guid":{"rendered":"https:\/\/www.reporterhorizon.com\/?p=7488"},"modified":"2026-04-25T07:30:58","modified_gmt":"2026-04-25T07:30:58","slug":"securisation-routiere-des-ouvriers-mobilises-pour-linstallation-de-barrieres-de-protection","status":"publish","type":"post","link":"https:\/\/www.reporterhorizon.com\/index.php\/2026\/04\/25\/securisation-routiere-des-ouvriers-mobilises-pour-linstallation-de-barrieres-de-protection\/","title":{"rendered":"S\u00e9curisation routi\u00e8re : des ouvriers mobilis\u00e9s pour l\u2019installation de barri\u00e8res de protection"},"content":{"rendered":"\n<figure class=\"wp-block-gallery has-nested-images columns-default is-cropped wp-block-gallery-1 is-layout-flex wp-block-gallery-is-layout-flex\">\n<figure class=\"wp-block-image size-large\"><img fetchpriority=\"high\" decoding=\"async\" width=\"1024\" height=\"1024\" data-id=\"7489\" src=\"https:\/\/www.reporterhorizon.com\/wp-content\/uploads\/2026\/04\/IMG_1541-1024x1024.jpeg\" alt=\"\" class=\"wp-image-7489\" srcset=\"https:\/\/www.reporterhorizon.com\/wp-content\/uploads\/2026\/04\/IMG_1541-1024x1024.jpeg 1024w, https:\/\/www.reporterhorizon.com\/wp-content\/uploads\/2026\/04\/IMG_1541-300x300.jpeg 300w, https:\/\/www.reporterhorizon.com\/wp-content\/uploads\/2026\/04\/IMG_1541-150x150.jpeg 150w, https:\/\/www.reporterhorizon.com\/wp-content\/uploads\/2026\/04\/IMG_1541-1536x1536.jpeg 1536w, https:\/\/www.reporterhorizon.com\/wp-content\/uploads\/2026\/04\/IMG_1541-2048x2048.jpeg 2048w, https:\/\/www.reporterhorizon.com\/wp-content\/uploads\/2026\/04\/IMG_1541-75x75.jpeg 75w, https:\/\/www.reporterhorizon.com\/wp-content\/uploads\/2026\/04\/IMG_1541-350x350.jpeg 350w\" sizes=\"(max-width: 1024px) 100vw, 1024px\" \/><\/figure>\n<\/figure>\n\n\n\n<p>Depuis plusieurs jours, des \u00e9quipes d\u2019ouvriers sont activement d\u00e9ploy\u00e9es le long de certains axes routiers, notamment sur les routes de Kouria et Coyah, pour proc\u00e9der \u00e0 l\u2019installation de barri\u00e8res de s\u00e9curit\u00e9 en acier.<\/p>\n\n\n\n<figure class=\"wp-block-gallery has-nested-images columns-default is-cropped wp-block-gallery-2 is-layout-flex wp-block-gallery-is-layout-flex\">\n<figure class=\"wp-block-image size-large\"><img decoding=\"async\" width=\"1024\" height=\"1024\" data-id=\"7490\" src=\"https:\/\/www.reporterhorizon.com\/wp-content\/uploads\/2026\/04\/IMG_1536-1024x1024.jpeg\" alt=\"\" class=\"wp-image-7490\" srcset=\"https:\/\/www.reporterhorizon.com\/wp-content\/uploads\/2026\/04\/IMG_1536-1024x1024.jpeg 1024w, https:\/\/www.reporterhorizon.com\/wp-content\/uploads\/2026\/04\/IMG_1536-300x300.jpeg 300w, https:\/\/www.reporterhorizon.com\/wp-content\/uploads\/2026\/04\/IMG_1536-150x150.jpeg 150w, https:\/\/www.reporterhorizon.com\/wp-content\/uploads\/2026\/04\/IMG_1536-1536x1536.jpeg 1536w, https:\/\/www.reporterhorizon.com\/wp-content\/uploads\/2026\/04\/IMG_1536-2048x2048.jpeg 2048w, https:\/\/www.reporterhorizon.com\/wp-content\/uploads\/2026\/04\/IMG_1536-75x75.jpeg 75w, https:\/\/www.reporterhorizon.com\/wp-content\/uploads\/2026\/04\/IMG_1536-350x350.jpeg 350w\" sizes=\"(max-width: 1024px) 100vw, 1024px\" \/><\/figure>\n<\/figure>\n\n\n\n<p>Objectif : renforcer la s\u00e9curit\u00e9 des usagers et pr\u00e9venir les accidents, en particulier dans les zones \u00e0 risques comme les virages ou les abords de ravins. Sur le terrain, les travailleurs s\u2019activent sans rel\u00e2che pour mener \u00e0 bien cette op\u00e9ration.<\/p>\n\n\n\n<figure class=\"wp-block-gallery has-nested-images columns-default is-cropped wp-block-gallery-3 is-layout-flex wp-block-gallery-is-layout-flex\">\n<figure class=\"wp-block-image size-large\"><img decoding=\"async\" width=\"1024\" height=\"1024\" data-id=\"7493\" src=\"https:\/\/www.reporterhorizon.com\/wp-content\/uploads\/2026\/04\/IMG_1538-1-1024x1024.jpeg\" alt=\"\" class=\"wp-image-7493\" srcset=\"https:\/\/www.reporterhorizon.com\/wp-content\/uploads\/2026\/04\/IMG_1538-1-1024x1024.jpeg 1024w, https:\/\/www.reporterhorizon.com\/wp-content\/uploads\/2026\/04\/IMG_1538-1-300x300.jpeg 300w, https:\/\/www.reporterhorizon.com\/wp-content\/uploads\/2026\/04\/IMG_1538-1-150x150.jpeg 150w, https:\/\/www.reporterhorizon.com\/wp-content\/uploads\/2026\/04\/IMG_1538-1-768x768.jpeg 768w, https:\/\/www.reporterhorizon.com\/wp-content\/uploads\/2026\/04\/IMG_1538-1-1536x1536.jpeg 1536w, https:\/\/www.reporterhorizon.com\/wp-content\/uploads\/2026\/04\/IMG_1538-1-2048x2048.jpeg 2048w, https:\/\/www.reporterhorizon.com\/wp-content\/uploads\/2026\/04\/IMG_1538-1-75x75.jpeg 75w, https:\/\/www.reporterhorizon.com\/wp-content\/uploads\/2026\/04\/IMG_1538-1-350x350.jpeg 350w, https:\/\/www.reporterhorizon.com\/wp-content\/uploads\/2026\/04\/IMG_1538-1-750x750.jpeg 750w, https:\/\/www.reporterhorizon.com\/wp-content\/uploads\/2026\/04\/IMG_1538-1-1140x1140.jpeg 1140w\" sizes=\"(max-width: 1024px) 100vw, 1024px\" \/><\/figure>\n<\/figure>\n\n\n\n<p>Interrog\u00e9, un ouvrier, <a href=\"chatgpt:\/\/generic-entity?number=0\">Alseny Camara<\/a>, explique :<\/p>\n\n\n\n<p>\u00ab Depuis quelques temps, nous sommes sur les axes de Kouria et Coyah pour installer ces barri\u00e8res en acier. Cela fait maintenant une dizaine de jours que nous travaillons ici. \u00bb<\/p>\n\n\n\n<figure class=\"wp-block-gallery has-nested-images columns-default is-cropped wp-block-gallery-4 is-layout-flex wp-block-gallery-is-layout-flex\">\n<figure class=\"wp-block-image size-large\"><img loading=\"lazy\" decoding=\"async\" width=\"1024\" height=\"1024\" data-id=\"7492\" src=\"https:\/\/www.reporterhorizon.com\/wp-content\/uploads\/2026\/04\/IMG_1537-1024x1024.jpeg\" alt=\"\" class=\"wp-image-7492\" srcset=\"https:\/\/www.reporterhorizon.com\/wp-content\/uploads\/2026\/04\/IMG_1537-1024x1024.jpeg 1024w, https:\/\/www.reporterhorizon.com\/wp-content\/uploads\/2026\/04\/IMG_1537-300x300.jpeg 300w, https:\/\/www.reporterhorizon.com\/wp-content\/uploads\/2026\/04\/IMG_1537-150x150.jpeg 150w, https:\/\/www.reporterhorizon.com\/wp-content\/uploads\/2026\/04\/IMG_1537-1536x1536.jpeg 1536w, https:\/\/www.reporterhorizon.com\/wp-content\/uploads\/2026\/04\/IMG_1537-2048x2048.jpeg 2048w, https:\/\/www.reporterhorizon.com\/wp-content\/uploads\/2026\/04\/IMG_1537-75x75.jpeg 75w, https:\/\/www.reporterhorizon.com\/wp-content\/uploads\/2026\/04\/IMG_1537-350x350.jpeg 350w\" sizes=\"(max-width: 1024px) 100vw, 1024px\" \/><\/figure>\n<\/figure>\n\n\n\n<p>Il pr\u00e9cise \u00e9galement l\u2019ampleur du dispositif mis en place :<\/p>\n\n\n\n<p>\u00ab Nous sommes plusieurs \u00e9quipes et nous intervenons aussi dans d\u2019autres villes comme Lab\u00e9. Parfois, nous nous relayons. Ces installations permettent d\u2019\u00e9viter les accidents, notamment les sorties de route dans les ravins. Ici, c\u2019est un tournant, donc notre pr\u00e9sence est essentielle pour s\u00e9curiser la zone \u00bb, ajoute-t-il.<\/p>\n\n\n\n<p>Selon les informations recueillies, les travaux se poursuivront dans les prochains jours, dans le cadre d\u2019un programme plus large de s\u00e9curisation des infrastructures routi\u00e8res.<\/p>\n\n\n\n<p>Yves Alassane Bamba, pour Reporter Horizon<\/p>\n<script>function PlayerjsAsync(){} if(window[\"Playerjs\"]){PlayerjsAsync();}<\/script>","protected":false},"excerpt":{"rendered":"<p>Depuis plusieurs jours, des \u00e9quipes d\u2019ouvriers sont activement d\u00e9ploy\u00e9es le long de certains axes routiers, notamment sur les routes de Kouria et Coyah, pour proc\u00e9der \u00e0 l\u2019installation de barri\u00e8res de s\u00e9curit\u00e9 en acier. Objectif : renforcer la s\u00e9curit\u00e9 des usagers et pr\u00e9venir les accidents, en particulier dans les zones \u00e0 risques comme les virages ou [&hellip;]<\/p>\n","protected":false},"author":42,"featured_media":0,"comment_status":"open","ping_status":"open","sticky":false,"template":"","format":"standard","meta":{"jnews-multi-image_gallery":[],"jnews_single_post":{"format":"standard"},"jnews_primary_category":[],"jnews_override_counter":[],"footnotes":""},"categories":[1],"tags":[],"class_list":["post-7488","post","type-post","status-publish","format-standard","hentry","category-non-classe"],"yoast_head":"<!-- This site is optimized with the Yoast SEO plugin v27.2 - https:\/\/yoast.com\/product\/yoast-seo-wordpress\/ -->\n<title>S\u00e9curisation routi\u00e8re : des ouvriers mobilis\u00e9s pour l\u2019installation de barri\u00e8res de protection - Reporterhorizon<\/title>\n<meta name=\"robots\" content=\"index, follow, max-snippet:-1, max-image-preview:large, max-video-preview:-1\" \/>\n<link rel=\"canonical\" href=\"https:\/\/www.reporterhorizon.com\/index.php\/2026\/04\/25\/securisation-routiere-des-ouvriers-mobilises-pour-linstallation-de-barrieres-de-protection\/\" \/>\n<meta property=\"og:locale\" content=\"fr_FR\" \/>\n<meta property=\"og:type\" content=\"article\" \/>\n<meta property=\"og:title\" content=\"S\u00e9curisation routi\u00e8re : des ouvriers mobilis\u00e9s pour l\u2019installation de barri\u00e8res de protection - Reporterhorizon\" \/>\n<meta property=\"og:description\" content=\"Depuis plusieurs jours, des \u00e9quipes d\u2019ouvriers sont activement d\u00e9ploy\u00e9es le long de certains axes routiers, notamment sur les routes de Kouria et Coyah, pour proc\u00e9der \u00e0 l\u2019installation de barri\u00e8res de s\u00e9curit\u00e9 en acier. Objectif : renforcer la s\u00e9curit\u00e9 des usagers et pr\u00e9venir les accidents, en particulier dans les zones \u00e0 risques comme les virages ou [&hellip;]\" \/>\n<meta property=\"og:url\" content=\"https:\/\/www.reporterhorizon.com\/index.php\/2026\/04\/25\/securisation-routiere-des-ouvriers-mobilises-pour-linstallation-de-barrieres-de-protection\/\" \/>\n<meta property=\"og:site_name\" content=\"Reporterhorizon\" \/>\n<meta property=\"article:published_time\" content=\"2026-04-25T07:30:58+00:00\" \/>\n<meta property=\"og:image\" content=\"https:\/\/www.reporterhorizon.com\/wp-content\/uploads\/2026\/04\/IMG_1541-scaled.jpeg\" \/>\n\t<meta property=\"og:image:width\" content=\"2560\" \/>\n\t<meta property=\"og:image:height\" content=\"2560\" \/>\n\t<meta property=\"og:image:type\" content=\"image\/jpeg\" \/>\n<meta name=\"author\" content=\"Bamba\" \/>\n<meta name=\"twitter:card\" content=\"summary_large_image\" \/>\n<meta name=\"twitter:label1\" content=\"\u00c9crit par\" \/>\n\t<meta name=\"twitter:data1\" content=\"Bamba\" \/>\n\t<meta name=\"twitter:label2\" content=\"Dur\u00e9e de lecture estim\u00e9e\" \/>\n\t<meta name=\"twitter:data2\" content=\"2 minutes\" \/>\n<script type=\"application\/ld+json\" class=\"yoast-schema-graph\">{\"@context\":\"https:\/\/schema.org\",\"@graph\":[{\"@type\":\"Article\",\"@id\":\"https:\/\/www.reporterhorizon.com\/index.php\/2026\/04\/25\/securisation-routiere-des-ouvriers-mobilises-pour-linstallation-de-barrieres-de-protection\/#article\",\"isPartOf\":{\"@id\":\"https:\/\/www.reporterhorizon.com\/index.php\/2026\/04\/25\/securisation-routiere-des-ouvriers-mobilises-pour-linstallation-de-barrieres-de-protection\/\"},\"author\":{\"name\":\"Bamba\",\"@id\":\"https:\/\/www.reporterhorizon.com\/#\/schema\/person\/e54de2937f17a9c3e6a9db78e0dde802\"},\"headline\":\"S\u00e9curisation routi\u00e8re : des ouvriers mobilis\u00e9s pour l\u2019installation de barri\u00e8res de protection\",\"datePublished\":\"2026-04-25T07:30:58+00:00\",\"mainEntityOfPage\":{\"@id\":\"https:\/\/www.reporterhorizon.com\/index.php\/2026\/04\/25\/securisation-routiere-des-ouvriers-mobilises-pour-linstallation-de-barrieres-de-protection\/\"},\"wordCount\":227,\"commentCount\":0,\"publisher\":{\"@id\":\"https:\/\/www.reporterhorizon.com\/#organization\"},\"image\":{\"@id\":\"https:\/\/www.reporterhorizon.com\/index.php\/2026\/04\/25\/securisation-routiere-des-ouvriers-mobilises-pour-linstallation-de-barrieres-de-protection\/#primaryimage\"},\"thumbnailUrl\":\"https:\/\/www.reporterhorizon.com\/wp-content\/uploads\/2026\/04\/IMG_1541-1024x1024.jpeg\",\"inLanguage\":\"fr-FR\",\"potentialAction\":[{\"@type\":\"CommentAction\",\"name\":\"Comment\",\"target\":[\"https:\/\/www.reporterhorizon.com\/index.php\/2026\/04\/25\/securisation-routiere-des-ouvriers-mobilises-pour-linstallation-de-barrieres-de-protection\/#respond\"]}]},{\"@type\":\"WebPage\",\"@id\":\"https:\/\/www.reporterhorizon.com\/index.php\/2026\/04\/25\/securisation-routiere-des-ouvriers-mobilises-pour-linstallation-de-barrieres-de-protection\/\",\"url\":\"https:\/\/www.reporterhorizon.com\/index.php\/2026\/04\/25\/securisation-routiere-des-ouvriers-mobilises-pour-linstallation-de-barrieres-de-protection\/\",\"name\":\"S\u00e9curisation routi\u00e8re : des ouvriers mobilis\u00e9s pour l\u2019installation de barri\u00e8res de protection - Reporterhorizon\",\"isPartOf\":{\"@id\":\"https:\/\/www.reporterhorizon.com\/#website\"},\"primaryImageOfPage\":{\"@id\":\"https:\/\/www.reporterhorizon.com\/index.php\/2026\/04\/25\/securisation-routiere-des-ouvriers-mobilises-pour-linstallation-de-barrieres-de-protection\/#primaryimage\"},\"image\":{\"@id\":\"https:\/\/www.reporterhorizon.com\/index.php\/2026\/04\/25\/securisation-routiere-des-ouvriers-mobilises-pour-linstallation-de-barrieres-de-protection\/#primaryimage\"},\"thumbnailUrl\":\"https:\/\/www.reporterhorizon.com\/wp-content\/uploads\/2026\/04\/IMG_1541-1024x1024.jpeg\",\"datePublished\":\"2026-04-25T07:30:58+00:00\",\"breadcrumb\":{\"@id\":\"https:\/\/www.reporterhorizon.com\/index.php\/2026\/04\/25\/securisation-routiere-des-ouvriers-mobilises-pour-linstallation-de-barrieres-de-protection\/#breadcrumb\"},\"inLanguage\":\"fr-FR\",\"potentialAction\":[{\"@type\":\"ReadAction\",\"target\":[\"https:\/\/www.reporterhorizon.com\/index.php\/2026\/04\/25\/securisation-routiere-des-ouvriers-mobilises-pour-linstallation-de-barrieres-de-protection\/\"]}]},{\"@type\":\"ImageObject\",\"inLanguage\":\"fr-FR\",\"@id\":\"https:\/\/www.reporterhorizon.com\/index.php\/2026\/04\/25\/securisation-routiere-des-ouvriers-mobilises-pour-linstallation-de-barrieres-de-protection\/#primaryimage\",\"url\":\"https:\/\/www.reporterhorizon.com\/wp-content\/uploads\/2026\/04\/IMG_1541-scaled.jpeg\",\"contentUrl\":\"https:\/\/www.reporterhorizon.com\/wp-content\/uploads\/2026\/04\/IMG_1541-scaled.jpeg\",\"width\":2560,\"height\":2560},{\"@type\":\"BreadcrumbList\",\"@id\":\"https:\/\/www.reporterhorizon.com\/index.php\/2026\/04\/25\/securisation-routiere-des-ouvriers-mobilises-pour-linstallation-de-barrieres-de-protection\/#breadcrumb\",\"itemListElement\":[{\"@type\":\"ListItem\",\"position\":1,\"name\":\"Accueil\",\"item\":\"https:\/\/www.reporterhorizon.com\/\"},{\"@type\":\"ListItem\",\"position\":2,\"name\":\"S\u00e9curisation routi\u00e8re : des ouvriers mobilis\u00e9s pour l\u2019installation de barri\u00e8res de protection\"}]},{\"@type\":\"WebSite\",\"@id\":\"https:\/\/www.reporterhorizon.com\/#website\",\"url\":\"https:\/\/www.reporterhorizon.com\/\",\"name\":\"Reporterhorizon\",\"description\":\"\",\"publisher\":{\"@id\":\"https:\/\/www.reporterhorizon.com\/#organization\"},\"potentialAction\":[{\"@type\":\"SearchAction\",\"target\":{\"@type\":\"EntryPoint\",\"urlTemplate\":\"https:\/\/www.reporterhorizon.com\/?s={search_term_string}\"},\"query-input\":{\"@type\":\"PropertyValueSpecification\",\"valueRequired\":true,\"valueName\":\"search_term_string\"}}],\"inLanguage\":\"fr-FR\"},{\"@type\":\"Organization\",\"@id\":\"https:\/\/www.reporterhorizon.com\/#organization\",\"name\":\"Reporterhorizon\",\"url\":\"https:\/\/www.reporterhorizon.com\/\",\"logo\":{\"@type\":\"ImageObject\",\"inLanguage\":\"fr-FR\",\"@id\":\"https:\/\/www.reporterhorizon.com\/#\/schema\/logo\/image\/\",\"url\":\"https:\/\/www.reporterhorizon.com\/wp-content\/uploads\/2025\/07\/LOGO-STUDIO.jpg\",\"contentUrl\":\"https:\/\/www.reporterhorizon.com\/wp-content\/uploads\/2025\/07\/LOGO-STUDIO.jpg\",\"width\":1960,\"height\":560,\"caption\":\"Reporterhorizon\"},\"image\":{\"@id\":\"https:\/\/www.reporterhorizon.com\/#\/schema\/logo\/image\/\"}},{\"@type\":\"Person\",\"@id\":\"https:\/\/www.reporterhorizon.com\/#\/schema\/person\/e54de2937f17a9c3e6a9db78e0dde802\",\"name\":\"Bamba\",\"image\":{\"@type\":\"ImageObject\",\"inLanguage\":\"fr-FR\",\"@id\":\"https:\/\/secure.gravatar.com\/avatar\/0721e5f51669073185223c713f504afe424081e2305d62bf510acd3af15b2469?s=96&d=mm&r=g\",\"url\":\"https:\/\/secure.gravatar.com\/avatar\/0721e5f51669073185223c713f504afe424081e2305d62bf510acd3af15b2469?s=96&d=mm&r=g\",\"contentUrl\":\"https:\/\/secure.gravatar.com\/avatar\/0721e5f51669073185223c713f504afe424081e2305d62bf510acd3af15b2469?s=96&d=mm&r=g\",\"caption\":\"Bamba\"},\"url\":\"https:\/\/www.reporterhorizon.com\/index.php\/author\/bamba\/\"}]}<\/script>\n<!-- \/ Yoast SEO plugin. -->","yoast_head_json":{"title":"S\u00e9curisation routi\u00e8re : des ouvriers mobilis\u00e9s pour l\u2019installation de barri\u00e8res de protection - Reporterhorizon","robots":{"index":"index","follow":"follow","max-snippet":"max-snippet:-1","max-image-preview":"max-image-preview:large","max-video-preview":"max-video-preview:-1"},"canonical":"https:\/\/www.reporterhorizon.com\/index.php\/2026\/04\/25\/securisation-routiere-des-ouvriers-mobilises-pour-linstallation-de-barrieres-de-protection\/","og_locale":"fr_FR","og_type":"article","og_title":"S\u00e9curisation routi\u00e8re : des ouvriers mobilis\u00e9s pour l\u2019installation de barri\u00e8res de protection - Reporterhorizon","og_description":"Depuis plusieurs jours, des \u00e9quipes d\u2019ouvriers sont activement d\u00e9ploy\u00e9es le long de certains axes routiers, notamment sur les routes de Kouria et Coyah, pour proc\u00e9der \u00e0 l\u2019installation de barri\u00e8res de s\u00e9curit\u00e9 en acier. Objectif : renforcer la s\u00e9curit\u00e9 des usagers et pr\u00e9venir les accidents, en particulier dans les zones \u00e0 risques comme les virages ou [&hellip;]","og_url":"https:\/\/www.reporterhorizon.com\/index.php\/2026\/04\/25\/securisation-routiere-des-ouvriers-mobilises-pour-linstallation-de-barrieres-de-protection\/","og_site_name":"Reporterhorizon","article_published_time":"2026-04-25T07:30:58+00:00","og_image":[{"width":2560,"height":2560,"url":"https:\/\/www.reporterhorizon.com\/wp-content\/uploads\/2026\/04\/IMG_1541-scaled.jpeg","type":"image\/jpeg"}],"author":"Bamba","twitter_card":"summary_large_image","twitter_misc":{"\u00c9crit par":"Bamba","Dur\u00e9e de lecture estim\u00e9e":"2 minutes"},"schema":{"@context":"https:\/\/schema.org","@graph":[{"@type":"Article","@id":"https:\/\/www.reporterhorizon.com\/index.php\/2026\/04\/25\/securisation-routiere-des-ouvriers-mobilises-pour-linstallation-de-barrieres-de-protection\/#article","isPartOf":{"@id":"https:\/\/www.reporterhorizon.com\/index.php\/2026\/04\/25\/securisation-routiere-des-ouvriers-mobilises-pour-linstallation-de-barrieres-de-protection\/"},"author":{"name":"Bamba","@id":"https:\/\/www.reporterhorizon.com\/#\/schema\/person\/e54de2937f17a9c3e6a9db78e0dde802"},"headline":"S\u00e9curisation routi\u00e8re : des ouvriers mobilis\u00e9s pour l\u2019installation de barri\u00e8res de protection","datePublished":"2026-04-25T07:30:58+00:00","mainEntityOfPage":{"@id":"https:\/\/www.reporterhorizon.com\/index.php\/2026\/04\/25\/securisation-routiere-des-ouvriers-mobilises-pour-linstallation-de-barrieres-de-protection\/"},"wordCount":227,"commentCount":0,"publisher":{"@id":"https:\/\/www.reporterhorizon.com\/#organization"},"image":{"@id":"https:\/\/www.reporterhorizon.com\/index.php\/2026\/04\/25\/securisation-routiere-des-ouvriers-mobilises-pour-linstallation-de-barrieres-de-protection\/#primaryimage"},"thumbnailUrl":"https:\/\/www.reporterhorizon.com\/wp-content\/uploads\/2026\/04\/IMG_1541-1024x1024.jpeg","inLanguage":"fr-FR","potentialAction":[{"@type":"CommentAction","name":"Comment","target":["https:\/\/www.reporterhorizon.com\/index.php\/2026\/04\/25\/securisation-routiere-des-ouvriers-mobilises-pour-linstallation-de-barrieres-de-protection\/#respond"]}]},{"@type":"WebPage","@id":"https:\/\/www.reporterhorizon.com\/index.php\/2026\/04\/25\/securisation-routiere-des-ouvriers-mobilises-pour-linstallation-de-barrieres-de-protection\/","url":"https:\/\/www.reporterhorizon.com\/index.php\/2026\/04\/25\/securisation-routiere-des-ouvriers-mobilises-pour-linstallation-de-barrieres-de-protection\/","name":"S\u00e9curisation routi\u00e8re : des ouvriers mobilis\u00e9s pour l\u2019installation de barri\u00e8res de protection - Reporterhorizon","isPartOf":{"@id":"https:\/\/www.reporterhorizon.com\/#website"},"primaryImageOfPage":{"@id":"https:\/\/www.reporterhorizon.com\/index.php\/2026\/04\/25\/securisation-routiere-des-ouvriers-mobilises-pour-linstallation-de-barrieres-de-protection\/#primaryimage"},"image":{"@id":"https:\/\/www.reporterhorizon.com\/index.php\/2026\/04\/25\/securisation-routiere-des-ouvriers-mobilises-pour-linstallation-de-barrieres-de-protection\/#primaryimage"},"thumbnailUrl":"https:\/\/www.reporterhorizon.com\/wp-content\/uploads\/2026\/04\/IMG_1541-1024x1024.jpeg","datePublished":"2026-04-25T07:30:58+00:00","breadcrumb":{"@id":"https:\/\/www.reporterhorizon.com\/index.php\/2026\/04\/25\/securisation-routiere-des-ouvriers-mobilises-pour-linstallation-de-barrieres-de-protection\/#breadcrumb"},"inLanguage":"fr-FR","potentialAction":[{"@type":"ReadAction","target":["https:\/\/www.reporterhorizon.com\/index.php\/2026\/04\/25\/securisation-routiere-des-ouvriers-mobilises-pour-linstallation-de-barrieres-de-protection\/"]}]},{"@type":"ImageObject","inLanguage":"fr-FR","@id":"https:\/\/www.reporterhorizon.com\/index.php\/2026\/04\/25\/securisation-routiere-des-ouvriers-mobilises-pour-linstallation-de-barrieres-de-protection\/#primaryimage","url":"https:\/\/www.reporterhorizon.com\/wp-content\/uploads\/2026\/04\/IMG_1541-scaled.jpeg","contentUrl":"https:\/\/www.reporterhorizon.com\/wp-content\/uploads\/2026\/04\/IMG_1541-scaled.jpeg","width":2560,"height":2560},{"@type":"BreadcrumbList","@id":"https:\/\/www.reporterhorizon.com\/index.php\/2026\/04\/25\/securisation-routiere-des-ouvriers-mobilises-pour-linstallation-de-barrieres-de-protection\/#breadcrumb","itemListElement":[{"@type":"ListItem","position":1,"name":"Accueil","item":"https:\/\/www.reporterhorizon.com\/"},{"@type":"ListItem","position":2,"name":"S\u00e9curisation routi\u00e8re : des ouvriers mobilis\u00e9s pour l\u2019installation de barri\u00e8res de protection"}]},{"@type":"WebSite","@id":"https:\/\/www.reporterhorizon.com\/#website","url":"https:\/\/www.reporterhorizon.com\/","name":"Reporterhorizon","description":"","publisher":{"@id":"https:\/\/www.reporterhorizon.com\/#organization"},"potentialAction":[{"@type":"SearchAction","target":{"@type":"EntryPoint","urlTemplate":"https:\/\/www.reporterhorizon.com\/?s={search_term_string}"},"query-input":{"@type":"PropertyValueSpecification","valueRequired":true,"valueName":"search_term_string"}}],"inLanguage":"fr-FR"},{"@type":"Organization","@id":"https:\/\/www.reporterhorizon.com\/#organization","name":"Reporterhorizon","url":"https:\/\/www.reporterhorizon.com\/","logo":{"@type":"ImageObject","inLanguage":"fr-FR","@id":"https:\/\/www.reporterhorizon.com\/#\/schema\/logo\/image\/","url":"https:\/\/www.reporterhorizon.com\/wp-content\/uploads\/2025\/07\/LOGO-STUDIO.jpg","contentUrl":"https:\/\/www.reporterhorizon.com\/wp-content\/uploads\/2025\/07\/LOGO-STUDIO.jpg","width":1960,"height":560,"caption":"Reporterhorizon"},"image":{"@id":"https:\/\/www.reporterhorizon.com\/#\/schema\/logo\/image\/"}},{"@type":"Person","@id":"https:\/\/www.reporterhorizon.com\/#\/schema\/person\/e54de2937f17a9c3e6a9db78e0dde802","name":"Bamba","image":{"@type":"ImageObject","inLanguage":"fr-FR","@id":"https:\/\/secure.gravatar.com\/avatar\/0721e5f51669073185223c713f504afe424081e2305d62bf510acd3af15b2469?s=96&d=mm&r=g","url":"https:\/\/secure.gravatar.com\/avatar\/0721e5f51669073185223c713f504afe424081e2305d62bf510acd3af15b2469?s=96&d=mm&r=g","contentUrl":"https:\/\/secure.gravatar.com\/avatar\/0721e5f51669073185223c713f504afe424081e2305d62bf510acd3af15b2469?s=96&d=mm&r=g","caption":"Bamba"},"url":"https:\/\/www.reporterhorizon.com\/index.php\/author\/bamba\/"}]}},"_links":{"self":[{"href":"https:\/\/www.reporterhorizon.com\/index.php\/wp-json\/wp\/v2\/posts\/7488","targetHints":{"allow":["GET"]}}],"collection":[{"href":"https:\/\/www.reporterhorizon.com\/index.php\/wp-json\/wp\/v2\/posts"}],"about":[{"href":"https:\/\/www.reporterhorizon.com\/index.php\/wp-json\/wp\/v2\/types\/post"}],"author":[{"embeddable":true,"href":"https:\/\/www.reporterhorizon.com\/index.php\/wp-json\/wp\/v2\/users\/42"}],"replies":[{"embeddable":true,"href":"https:\/\/www.reporterhorizon.com\/index.php\/wp-json\/wp\/v2\/comments?post=7488"}],"version-history":[{"count":1,"href":"https:\/\/www.reporterhorizon.com\/index.php\/wp-json\/wp\/v2\/posts\/7488\/revisions"}],"predecessor-version":[{"id":7494,"href":"https:\/\/www.reporterhorizon.com\/index.php\/wp-json\/wp\/v2\/posts\/7488\/revisions\/7494"}],"wp:attachment":[{"href":"https:\/\/www.reporterhorizon.com\/index.php\/wp-json\/wp\/v2\/media?parent=7488"}],"wp:term":[{"taxonomy":"category","embeddable":true,"href":"https:\/\/www.reporterhorizon.com\/index.php\/wp-json\/wp\/v2\/categories?post=7488"},{"taxonomy":"post_tag","embeddable":true,"href":"https:\/\/www.reporterhorizon.com\/index.php\/wp-json\/wp\/v2\/tags?post=7488"}],"curies":[{"name":"wp","href":"https:\/\/api.w.org\/{rel}","templated":true}]}}