{"id":7484,"date":"2026-04-24T10:18:20","date_gmt":"2026-04-24T10:18:20","guid":{"rendered":"https:\/\/www.reporterhorizon.com\/?p=7484"},"modified":"2026-04-24T10:18:22","modified_gmt":"2026-04-24T10:18:22","slug":"transport-du-personnel-le-port-autonome-de-conakry-ameliore-la-mobilite-de-ses-agents","status":"publish","type":"post","link":"https:\/\/www.reporterhorizon.com\/index.php\/2026\/04\/24\/transport-du-personnel-le-port-autonome-de-conakry-ameliore-la-mobilite-de-ses-agents\/","title":{"rendered":"Transport du personnel : le Port Autonome de Conakry am\u00e9liore la mobilit\u00e9 de ses agents"},"content":{"rendered":"\n<figure class=\"wp-block-gallery has-nested-images columns-default is-cropped wp-block-gallery-1 is-layout-flex wp-block-gallery-is-layout-flex\">\n<figure class=\"wp-block-image size-large\"><img fetchpriority=\"high\" decoding=\"async\" width=\"1024\" height=\"1024\" data-id=\"7485\" src=\"https:\/\/www.reporterhorizon.com\/wp-content\/uploads\/2026\/04\/IMG_1466-1024x1024.jpeg\" alt=\"\" class=\"wp-image-7485\" srcset=\"https:\/\/www.reporterhorizon.com\/wp-content\/uploads\/2026\/04\/IMG_1466-1024x1024.jpeg 1024w, https:\/\/www.reporterhorizon.com\/wp-content\/uploads\/2026\/04\/IMG_1466-300x300.jpeg 300w, https:\/\/www.reporterhorizon.com\/wp-content\/uploads\/2026\/04\/IMG_1466-150x150.jpeg 150w, https:\/\/www.reporterhorizon.com\/wp-content\/uploads\/2026\/04\/IMG_1466-1536x1536.jpeg 1536w, https:\/\/www.reporterhorizon.com\/wp-content\/uploads\/2026\/04\/IMG_1466-2048x2048.jpeg 2048w, https:\/\/www.reporterhorizon.com\/wp-content\/uploads\/2026\/04\/IMG_1466-75x75.jpeg 75w, https:\/\/www.reporterhorizon.com\/wp-content\/uploads\/2026\/04\/IMG_1466-350x350.jpeg 350w\" sizes=\"(max-width: 1024px) 100vw, 1024px\" \/><\/figure>\n<\/figure>\n\n\n\n<p>Le Port Autonome de Conakry renforce les conditions de travail de son personnel. Sous l\u2019impulsion de son Directeur g\u00e9n\u00e9ral, <a href=\"chatgpt:\/\/generic-entity?number=0\">Aly Koita<\/a>, un bus de transport a \u00e9t\u00e9 mis en service pour faciliter les d\u00e9placements des agents sur l\u2019axe Conakry\u201336.<\/p>\n\n\n\n<figure class=\"wp-block-gallery has-nested-images columns-default is-cropped wp-block-gallery-2 is-layout-flex wp-block-gallery-is-layout-flex\">\n<figure class=\"wp-block-image size-large\"><img decoding=\"async\" width=\"1024\" height=\"1024\" data-id=\"7486\" src=\"https:\/\/www.reporterhorizon.com\/wp-content\/uploads\/2026\/04\/IMG_1467-1024x1024.jpeg\" alt=\"\" class=\"wp-image-7486\" srcset=\"https:\/\/www.reporterhorizon.com\/wp-content\/uploads\/2026\/04\/IMG_1467-1024x1024.jpeg 1024w, https:\/\/www.reporterhorizon.com\/wp-content\/uploads\/2026\/04\/IMG_1467-300x300.jpeg 300w, https:\/\/www.reporterhorizon.com\/wp-content\/uploads\/2026\/04\/IMG_1467-150x150.jpeg 150w, https:\/\/www.reporterhorizon.com\/wp-content\/uploads\/2026\/04\/IMG_1467-1536x1536.jpeg 1536w, https:\/\/www.reporterhorizon.com\/wp-content\/uploads\/2026\/04\/IMG_1467-2048x2048.jpeg 2048w, https:\/\/www.reporterhorizon.com\/wp-content\/uploads\/2026\/04\/IMG_1467-75x75.jpeg 75w, https:\/\/www.reporterhorizon.com\/wp-content\/uploads\/2026\/04\/IMG_1467-350x350.jpeg 350w\" sizes=\"(max-width: 1024px) 100vw, 1024px\" \/><\/figure>\n<\/figure>\n\n\n\n<p>Cette initiative s\u2019inscrit dans une d\u00e9marche visant \u00e0 am\u00e9liorer le bien-\u00eatre des travailleurs et \u00e0 promouvoir une gestion ax\u00e9e sur la proximit\u00e9 et l\u2019efficacit\u00e9.<\/p>\n\n\n\n<p><\/p>\n\n\n\n<p>\u00c0 travers cette action, <a href=\"chatgpt:\/\/generic-entity?number=1\">Port Autonome de Conakry<\/a> r\u00e9affirme son engagement en faveur de ses \u00e9quipes, en mettant un accent particulier sur leurs conditions de mobilit\u00e9 et de travail au quotidien.<\/p>\n\n\n\n<p>Yves Alassane bamba pour reporterhorizon.com<\/p>\n<script>function PlayerjsAsync(){} if(window[\"Playerjs\"]){PlayerjsAsync();}<\/script>","protected":false},"excerpt":{"rendered":"<p>Le Port Autonome de Conakry renforce les conditions de travail de son personnel. Sous l\u2019impulsion de son Directeur g\u00e9n\u00e9ral, Aly Koita, un bus de transport a \u00e9t\u00e9 mis en service pour faciliter les d\u00e9placements des agents sur l\u2019axe Conakry\u201336. Cette initiative s\u2019inscrit dans une d\u00e9marche visant \u00e0 am\u00e9liorer le bien-\u00eatre des travailleurs et \u00e0 promouvoir [&hellip;]<\/p>\n","protected":false},"author":42,"featured_media":0,"comment_status":"open","ping_status":"open","sticky":false,"template":"","format":"standard","meta":{"jnews-multi-image_gallery":[],"jnews_single_post":{"format":"standard"},"jnews_primary_category":[],"jnews_override_counter":[],"footnotes":""},"categories":[1],"tags":[],"class_list":["post-7484","post","type-post","status-publish","format-standard","hentry","category-non-classe"],"yoast_head":"<!-- This site is optimized with the Yoast SEO plugin v27.2 - https:\/\/yoast.com\/product\/yoast-seo-wordpress\/ -->\n<title>Transport du personnel : le Port Autonome de Conakry am\u00e9liore la mobilit\u00e9 de ses agents - Reporterhorizon<\/title>\n<meta name=\"robots\" content=\"index, follow, max-snippet:-1, max-image-preview:large, max-video-preview:-1\" \/>\n<link rel=\"canonical\" href=\"https:\/\/www.reporterhorizon.com\/index.php\/2026\/04\/24\/transport-du-personnel-le-port-autonome-de-conakry-ameliore-la-mobilite-de-ses-agents\/\" \/>\n<meta property=\"og:locale\" content=\"fr_FR\" \/>\n<meta property=\"og:type\" content=\"article\" \/>\n<meta property=\"og:title\" content=\"Transport du personnel : le Port Autonome de Conakry am\u00e9liore la mobilit\u00e9 de ses agents - Reporterhorizon\" \/>\n<meta property=\"og:description\" content=\"Le Port Autonome de Conakry renforce les conditions de travail de son personnel. Sous l\u2019impulsion de son Directeur g\u00e9n\u00e9ral, Aly Koita, un bus de transport a \u00e9t\u00e9 mis en service pour faciliter les d\u00e9placements des agents sur l\u2019axe Conakry\u201336. Cette initiative s\u2019inscrit dans une d\u00e9marche visant \u00e0 am\u00e9liorer le bien-\u00eatre des travailleurs et \u00e0 promouvoir [&hellip;]\" \/>\n<meta property=\"og:url\" content=\"https:\/\/www.reporterhorizon.com\/index.php\/2026\/04\/24\/transport-du-personnel-le-port-autonome-de-conakry-ameliore-la-mobilite-de-ses-agents\/\" \/>\n<meta property=\"og:site_name\" content=\"Reporterhorizon\" \/>\n<meta property=\"article:published_time\" content=\"2026-04-24T10:18:20+00:00\" \/>\n<meta property=\"article:modified_time\" content=\"2026-04-24T10:18:22+00:00\" \/>\n<meta property=\"og:image\" content=\"https:\/\/www.reporterhorizon.com\/wp-content\/uploads\/2026\/04\/IMG_1466.jpeg\" \/>\n\t<meta property=\"og:image:width\" content=\"1536\" \/>\n\t<meta property=\"og:image:height\" content=\"1024\" \/>\n\t<meta property=\"og:image:type\" content=\"image\/jpeg\" \/>\n<meta name=\"author\" content=\"Bamba\" \/>\n<meta name=\"twitter:card\" content=\"summary_large_image\" \/>\n<meta name=\"twitter:label1\" content=\"\u00c9crit par\" \/>\n\t<meta name=\"twitter:data1\" content=\"Bamba\" \/>\n\t<meta name=\"twitter:label2\" content=\"Dur\u00e9e de lecture estim\u00e9e\" \/>\n\t<meta name=\"twitter:data2\" content=\"1 minute\" \/>\n<script type=\"application\/ld+json\" class=\"yoast-schema-graph\">{\"@context\":\"https:\/\/schema.org\",\"@graph\":[{\"@type\":\"Article\",\"@id\":\"https:\/\/www.reporterhorizon.com\/index.php\/2026\/04\/24\/transport-du-personnel-le-port-autonome-de-conakry-ameliore-la-mobilite-de-ses-agents\/#article\",\"isPartOf\":{\"@id\":\"https:\/\/www.reporterhorizon.com\/index.php\/2026\/04\/24\/transport-du-personnel-le-port-autonome-de-conakry-ameliore-la-mobilite-de-ses-agents\/\"},\"author\":{\"name\":\"Bamba\",\"@id\":\"https:\/\/www.reporterhorizon.com\/#\/schema\/person\/e54de2937f17a9c3e6a9db78e0dde802\"},\"headline\":\"Transport du personnel : le Port Autonome de Conakry am\u00e9liore la mobilit\u00e9 de ses agents\",\"datePublished\":\"2026-04-24T10:18:20+00:00\",\"dateModified\":\"2026-04-24T10:18:22+00:00\",\"mainEntityOfPage\":{\"@id\":\"https:\/\/www.reporterhorizon.com\/index.php\/2026\/04\/24\/transport-du-personnel-le-port-autonome-de-conakry-ameliore-la-mobilite-de-ses-agents\/\"},\"wordCount\":124,\"commentCount\":0,\"publisher\":{\"@id\":\"https:\/\/www.reporterhorizon.com\/#organization\"},\"image\":{\"@id\":\"https:\/\/www.reporterhorizon.com\/index.php\/2026\/04\/24\/transport-du-personnel-le-port-autonome-de-conakry-ameliore-la-mobilite-de-ses-agents\/#primaryimage\"},\"thumbnailUrl\":\"https:\/\/www.reporterhorizon.com\/wp-content\/uploads\/2026\/04\/IMG_1466-1024x1024.jpeg\",\"inLanguage\":\"fr-FR\",\"potentialAction\":[{\"@type\":\"CommentAction\",\"name\":\"Comment\",\"target\":[\"https:\/\/www.reporterhorizon.com\/index.php\/2026\/04\/24\/transport-du-personnel-le-port-autonome-de-conakry-ameliore-la-mobilite-de-ses-agents\/#respond\"]}]},{\"@type\":\"WebPage\",\"@id\":\"https:\/\/www.reporterhorizon.com\/index.php\/2026\/04\/24\/transport-du-personnel-le-port-autonome-de-conakry-ameliore-la-mobilite-de-ses-agents\/\",\"url\":\"https:\/\/www.reporterhorizon.com\/index.php\/2026\/04\/24\/transport-du-personnel-le-port-autonome-de-conakry-ameliore-la-mobilite-de-ses-agents\/\",\"name\":\"Transport du personnel : le Port Autonome de Conakry am\u00e9liore la mobilit\u00e9 de ses agents - Reporterhorizon\",\"isPartOf\":{\"@id\":\"https:\/\/www.reporterhorizon.com\/#website\"},\"primaryImageOfPage\":{\"@id\":\"https:\/\/www.reporterhorizon.com\/index.php\/2026\/04\/24\/transport-du-personnel-le-port-autonome-de-conakry-ameliore-la-mobilite-de-ses-agents\/#primaryimage\"},\"image\":{\"@id\":\"https:\/\/www.reporterhorizon.com\/index.php\/2026\/04\/24\/transport-du-personnel-le-port-autonome-de-conakry-ameliore-la-mobilite-de-ses-agents\/#primaryimage\"},\"thumbnailUrl\":\"https:\/\/www.reporterhorizon.com\/wp-content\/uploads\/2026\/04\/IMG_1466-1024x1024.jpeg\",\"datePublished\":\"2026-04-24T10:18:20+00:00\",\"dateModified\":\"2026-04-24T10:18:22+00:00\",\"breadcrumb\":{\"@id\":\"https:\/\/www.reporterhorizon.com\/index.php\/2026\/04\/24\/transport-du-personnel-le-port-autonome-de-conakry-ameliore-la-mobilite-de-ses-agents\/#breadcrumb\"},\"inLanguage\":\"fr-FR\",\"potentialAction\":[{\"@type\":\"ReadAction\",\"target\":[\"https:\/\/www.reporterhorizon.com\/index.php\/2026\/04\/24\/transport-du-personnel-le-port-autonome-de-conakry-ameliore-la-mobilite-de-ses-agents\/\"]}]},{\"@type\":\"ImageObject\",\"inLanguage\":\"fr-FR\",\"@id\":\"https:\/\/www.reporterhorizon.com\/index.php\/2026\/04\/24\/transport-du-personnel-le-port-autonome-de-conakry-ameliore-la-mobilite-de-ses-agents\/#primaryimage\",\"url\":\"https:\/\/www.reporterhorizon.com\/wp-content\/uploads\/2026\/04\/IMG_1466.jpeg\",\"contentUrl\":\"https:\/\/www.reporterhorizon.com\/wp-content\/uploads\/2026\/04\/IMG_1466.jpeg\",\"width\":1536,\"height\":1024},{\"@type\":\"BreadcrumbList\",\"@id\":\"https:\/\/www.reporterhorizon.com\/index.php\/2026\/04\/24\/transport-du-personnel-le-port-autonome-de-conakry-ameliore-la-mobilite-de-ses-agents\/#breadcrumb\",\"itemListElement\":[{\"@type\":\"ListItem\",\"position\":1,\"name\":\"Accueil\",\"item\":\"https:\/\/www.reporterhorizon.com\/\"},{\"@type\":\"ListItem\",\"position\":2,\"name\":\"Transport du personnel : le Port Autonome de Conakry am\u00e9liore la mobilit\u00e9 de ses agents\"}]},{\"@type\":\"WebSite\",\"@id\":\"https:\/\/www.reporterhorizon.com\/#website\",\"url\":\"https:\/\/www.reporterhorizon.com\/\",\"name\":\"Reporterhorizon\",\"description\":\"\",\"publisher\":{\"@id\":\"https:\/\/www.reporterhorizon.com\/#organization\"},\"potentialAction\":[{\"@type\":\"SearchAction\",\"target\":{\"@type\":\"EntryPoint\",\"urlTemplate\":\"https:\/\/www.reporterhorizon.com\/?s={search_term_string}\"},\"query-input\":{\"@type\":\"PropertyValueSpecification\",\"valueRequired\":true,\"valueName\":\"search_term_string\"}}],\"inLanguage\":\"fr-FR\"},{\"@type\":\"Organization\",\"@id\":\"https:\/\/www.reporterhorizon.com\/#organization\",\"name\":\"Reporterhorizon\",\"url\":\"https:\/\/www.reporterhorizon.com\/\",\"logo\":{\"@type\":\"ImageObject\",\"inLanguage\":\"fr-FR\",\"@id\":\"https:\/\/www.reporterhorizon.com\/#\/schema\/logo\/image\/\",\"url\":\"https:\/\/www.reporterhorizon.com\/wp-content\/uploads\/2025\/07\/LOGO-STUDIO.jpg\",\"contentUrl\":\"https:\/\/www.reporterhorizon.com\/wp-content\/uploads\/2025\/07\/LOGO-STUDIO.jpg\",\"width\":1960,\"height\":560,\"caption\":\"Reporterhorizon\"},\"image\":{\"@id\":\"https:\/\/www.reporterhorizon.com\/#\/schema\/logo\/image\/\"}},{\"@type\":\"Person\",\"@id\":\"https:\/\/www.reporterhorizon.com\/#\/schema\/person\/e54de2937f17a9c3e6a9db78e0dde802\",\"name\":\"Bamba\",\"image\":{\"@type\":\"ImageObject\",\"inLanguage\":\"fr-FR\",\"@id\":\"https:\/\/secure.gravatar.com\/avatar\/0721e5f51669073185223c713f504afe424081e2305d62bf510acd3af15b2469?s=96&d=mm&r=g\",\"url\":\"https:\/\/secure.gravatar.com\/avatar\/0721e5f51669073185223c713f504afe424081e2305d62bf510acd3af15b2469?s=96&d=mm&r=g\",\"contentUrl\":\"https:\/\/secure.gravatar.com\/avatar\/0721e5f51669073185223c713f504afe424081e2305d62bf510acd3af15b2469?s=96&d=mm&r=g\",\"caption\":\"Bamba\"},\"url\":\"https:\/\/www.reporterhorizon.com\/index.php\/author\/bamba\/\"}]}<\/script>\n<!-- \/ Yoast SEO plugin. -->","yoast_head_json":{"title":"Transport du personnel : le Port Autonome de Conakry am\u00e9liore la mobilit\u00e9 de ses agents - Reporterhorizon","robots":{"index":"index","follow":"follow","max-snippet":"max-snippet:-1","max-image-preview":"max-image-preview:large","max-video-preview":"max-video-preview:-1"},"canonical":"https:\/\/www.reporterhorizon.com\/index.php\/2026\/04\/24\/transport-du-personnel-le-port-autonome-de-conakry-ameliore-la-mobilite-de-ses-agents\/","og_locale":"fr_FR","og_type":"article","og_title":"Transport du personnel : le Port Autonome de Conakry am\u00e9liore la mobilit\u00e9 de ses agents - Reporterhorizon","og_description":"Le Port Autonome de Conakry renforce les conditions de travail de son personnel. Sous l\u2019impulsion de son Directeur g\u00e9n\u00e9ral, Aly Koita, un bus de transport a \u00e9t\u00e9 mis en service pour faciliter les d\u00e9placements des agents sur l\u2019axe Conakry\u201336. Cette initiative s\u2019inscrit dans une d\u00e9marche visant \u00e0 am\u00e9liorer le bien-\u00eatre des travailleurs et \u00e0 promouvoir [&hellip;]","og_url":"https:\/\/www.reporterhorizon.com\/index.php\/2026\/04\/24\/transport-du-personnel-le-port-autonome-de-conakry-ameliore-la-mobilite-de-ses-agents\/","og_site_name":"Reporterhorizon","article_published_time":"2026-04-24T10:18:20+00:00","article_modified_time":"2026-04-24T10:18:22+00:00","og_image":[{"width":1536,"height":1024,"url":"https:\/\/www.reporterhorizon.com\/wp-content\/uploads\/2026\/04\/IMG_1466.jpeg","type":"image\/jpeg"}],"author":"Bamba","twitter_card":"summary_large_image","twitter_misc":{"\u00c9crit par":"Bamba","Dur\u00e9e de lecture estim\u00e9e":"1 minute"},"schema":{"@context":"https:\/\/schema.org","@graph":[{"@type":"Article","@id":"https:\/\/www.reporterhorizon.com\/index.php\/2026\/04\/24\/transport-du-personnel-le-port-autonome-de-conakry-ameliore-la-mobilite-de-ses-agents\/#article","isPartOf":{"@id":"https:\/\/www.reporterhorizon.com\/index.php\/2026\/04\/24\/transport-du-personnel-le-port-autonome-de-conakry-ameliore-la-mobilite-de-ses-agents\/"},"author":{"name":"Bamba","@id":"https:\/\/www.reporterhorizon.com\/#\/schema\/person\/e54de2937f17a9c3e6a9db78e0dde802"},"headline":"Transport du personnel : le Port Autonome de Conakry am\u00e9liore la mobilit\u00e9 de ses agents","datePublished":"2026-04-24T10:18:20+00:00","dateModified":"2026-04-24T10:18:22+00:00","mainEntityOfPage":{"@id":"https:\/\/www.reporterhorizon.com\/index.php\/2026\/04\/24\/transport-du-personnel-le-port-autonome-de-conakry-ameliore-la-mobilite-de-ses-agents\/"},"wordCount":124,"commentCount":0,"publisher":{"@id":"https:\/\/www.reporterhorizon.com\/#organization"},"image":{"@id":"https:\/\/www.reporterhorizon.com\/index.php\/2026\/04\/24\/transport-du-personnel-le-port-autonome-de-conakry-ameliore-la-mobilite-de-ses-agents\/#primaryimage"},"thumbnailUrl":"https:\/\/www.reporterhorizon.com\/wp-content\/uploads\/2026\/04\/IMG_1466-1024x1024.jpeg","inLanguage":"fr-FR","potentialAction":[{"@type":"CommentAction","name":"Comment","target":["https:\/\/www.reporterhorizon.com\/index.php\/2026\/04\/24\/transport-du-personnel-le-port-autonome-de-conakry-ameliore-la-mobilite-de-ses-agents\/#respond"]}]},{"@type":"WebPage","@id":"https:\/\/www.reporterhorizon.com\/index.php\/2026\/04\/24\/transport-du-personnel-le-port-autonome-de-conakry-ameliore-la-mobilite-de-ses-agents\/","url":"https:\/\/www.reporterhorizon.com\/index.php\/2026\/04\/24\/transport-du-personnel-le-port-autonome-de-conakry-ameliore-la-mobilite-de-ses-agents\/","name":"Transport du personnel : le Port Autonome de Conakry am\u00e9liore la mobilit\u00e9 de ses agents - Reporterhorizon","isPartOf":{"@id":"https:\/\/www.reporterhorizon.com\/#website"},"primaryImageOfPage":{"@id":"https:\/\/www.reporterhorizon.com\/index.php\/2026\/04\/24\/transport-du-personnel-le-port-autonome-de-conakry-ameliore-la-mobilite-de-ses-agents\/#primaryimage"},"image":{"@id":"https:\/\/www.reporterhorizon.com\/index.php\/2026\/04\/24\/transport-du-personnel-le-port-autonome-de-conakry-ameliore-la-mobilite-de-ses-agents\/#primaryimage"},"thumbnailUrl":"https:\/\/www.reporterhorizon.com\/wp-content\/uploads\/2026\/04\/IMG_1466-1024x1024.jpeg","datePublished":"2026-04-24T10:18:20+00:00","dateModified":"2026-04-24T10:18:22+00:00","breadcrumb":{"@id":"https:\/\/www.reporterhorizon.com\/index.php\/2026\/04\/24\/transport-du-personnel-le-port-autonome-de-conakry-ameliore-la-mobilite-de-ses-agents\/#breadcrumb"},"inLanguage":"fr-FR","potentialAction":[{"@type":"ReadAction","target":["https:\/\/www.reporterhorizon.com\/index.php\/2026\/04\/24\/transport-du-personnel-le-port-autonome-de-conakry-ameliore-la-mobilite-de-ses-agents\/"]}]},{"@type":"ImageObject","inLanguage":"fr-FR","@id":"https:\/\/www.reporterhorizon.com\/index.php\/2026\/04\/24\/transport-du-personnel-le-port-autonome-de-conakry-ameliore-la-mobilite-de-ses-agents\/#primaryimage","url":"https:\/\/www.reporterhorizon.com\/wp-content\/uploads\/2026\/04\/IMG_1466.jpeg","contentUrl":"https:\/\/www.reporterhorizon.com\/wp-content\/uploads\/2026\/04\/IMG_1466.jpeg","width":1536,"height":1024},{"@type":"BreadcrumbList","@id":"https:\/\/www.reporterhorizon.com\/index.php\/2026\/04\/24\/transport-du-personnel-le-port-autonome-de-conakry-ameliore-la-mobilite-de-ses-agents\/#breadcrumb","itemListElement":[{"@type":"ListItem","position":1,"name":"Accueil","item":"https:\/\/www.reporterhorizon.com\/"},{"@type":"ListItem","position":2,"name":"Transport du personnel : le Port Autonome de Conakry am\u00e9liore la mobilit\u00e9 de ses agents"}]},{"@type":"WebSite","@id":"https:\/\/www.reporterhorizon.com\/#website","url":"https:\/\/www.reporterhorizon.com\/","name":"Reporterhorizon","description":"","publisher":{"@id":"https:\/\/www.reporterhorizon.com\/#organization"},"potentialAction":[{"@type":"SearchAction","target":{"@type":"EntryPoint","urlTemplate":"https:\/\/www.reporterhorizon.com\/?s={search_term_string}"},"query-input":{"@type":"PropertyValueSpecification","valueRequired":true,"valueName":"search_term_string"}}],"inLanguage":"fr-FR"},{"@type":"Organization","@id":"https:\/\/www.reporterhorizon.com\/#organization","name":"Reporterhorizon","url":"https:\/\/www.reporterhorizon.com\/","logo":{"@type":"ImageObject","inLanguage":"fr-FR","@id":"https:\/\/www.reporterhorizon.com\/#\/schema\/logo\/image\/","url":"https:\/\/www.reporterhorizon.com\/wp-content\/uploads\/2025\/07\/LOGO-STUDIO.jpg","contentUrl":"https:\/\/www.reporterhorizon.com\/wp-content\/uploads\/2025\/07\/LOGO-STUDIO.jpg","width":1960,"height":560,"caption":"Reporterhorizon"},"image":{"@id":"https:\/\/www.reporterhorizon.com\/#\/schema\/logo\/image\/"}},{"@type":"Person","@id":"https:\/\/www.reporterhorizon.com\/#\/schema\/person\/e54de2937f17a9c3e6a9db78e0dde802","name":"Bamba","image":{"@type":"ImageObject","inLanguage":"fr-FR","@id":"https:\/\/secure.gravatar.com\/avatar\/0721e5f51669073185223c713f504afe424081e2305d62bf510acd3af15b2469?s=96&d=mm&r=g","url":"https:\/\/secure.gravatar.com\/avatar\/0721e5f51669073185223c713f504afe424081e2305d62bf510acd3af15b2469?s=96&d=mm&r=g","contentUrl":"https:\/\/secure.gravatar.com\/avatar\/0721e5f51669073185223c713f504afe424081e2305d62bf510acd3af15b2469?s=96&d=mm&r=g","caption":"Bamba"},"url":"https:\/\/www.reporterhorizon.com\/index.php\/author\/bamba\/"}]}},"_links":{"self":[{"href":"https:\/\/www.reporterhorizon.com\/index.php\/wp-json\/wp\/v2\/posts\/7484","targetHints":{"allow":["GET"]}}],"collection":[{"href":"https:\/\/www.reporterhorizon.com\/index.php\/wp-json\/wp\/v2\/posts"}],"about":[{"href":"https:\/\/www.reporterhorizon.com\/index.php\/wp-json\/wp\/v2\/types\/post"}],"author":[{"embeddable":true,"href":"https:\/\/www.reporterhorizon.com\/index.php\/wp-json\/wp\/v2\/users\/42"}],"replies":[{"embeddable":true,"href":"https:\/\/www.reporterhorizon.com\/index.php\/wp-json\/wp\/v2\/comments?post=7484"}],"version-history":[{"count":1,"href":"https:\/\/www.reporterhorizon.com\/index.php\/wp-json\/wp\/v2\/posts\/7484\/revisions"}],"predecessor-version":[{"id":7487,"href":"https:\/\/www.reporterhorizon.com\/index.php\/wp-json\/wp\/v2\/posts\/7484\/revisions\/7487"}],"wp:attachment":[{"href":"https:\/\/www.reporterhorizon.com\/index.php\/wp-json\/wp\/v2\/media?parent=7484"}],"wp:term":[{"taxonomy":"category","embeddable":true,"href":"https:\/\/www.reporterhorizon.com\/index.php\/wp-json\/wp\/v2\/categories?post=7484"},{"taxonomy":"post_tag","embeddable":true,"href":"https:\/\/www.reporterhorizon.com\/index.php\/wp-json\/wp\/v2\/tags?post=7484"}],"curies":[{"name":"wp","href":"https:\/\/api.w.org\/{rel}","templated":true}]}}