{"id":7479,"date":"2026-04-24T10:09:00","date_gmt":"2026-04-24T10:09:00","guid":{"rendered":"https:\/\/www.reporterhorizon.com\/?p=7479"},"modified":"2026-04-24T10:09:01","modified_gmt":"2026-04-24T10:09:01","slug":"matam-lincineration-dordures-sur-la-voie-publique-met-en-peril-les-infrastructures-routieres","status":"publish","type":"post","link":"https:\/\/www.reporterhorizon.com\/index.php\/2026\/04\/24\/matam-lincineration-dordures-sur-la-voie-publique-met-en-peril-les-infrastructures-routieres\/","title":{"rendered":"Matam : l\u2019incin\u00e9ration d\u2019ordures sur la voie publique met en p\u00e9ril les infrastructures routi\u00e8res"},"content":{"rendered":"\n<figure class=\"wp-block-gallery has-nested-images columns-default is-cropped wp-block-gallery-1 is-layout-flex wp-block-gallery-is-layout-flex\">\n<figure class=\"wp-block-image size-large\"><img fetchpriority=\"high\" decoding=\"async\" width=\"1024\" height=\"1024\" data-id=\"7480\" src=\"https:\/\/www.reporterhorizon.com\/wp-content\/uploads\/2026\/04\/IMG_1462-1-1024x1024.webp\" alt=\"\" class=\"wp-image-7480\" srcset=\"https:\/\/www.reporterhorizon.com\/wp-content\/uploads\/2026\/04\/IMG_1462-1-1024x1024.webp 1024w, https:\/\/www.reporterhorizon.com\/wp-content\/uploads\/2026\/04\/IMG_1462-1-300x300.webp 300w, https:\/\/www.reporterhorizon.com\/wp-content\/uploads\/2026\/04\/IMG_1462-1-150x150.webp 150w, https:\/\/www.reporterhorizon.com\/wp-content\/uploads\/2026\/04\/IMG_1462-1-1536x1536.webp 1536w, https:\/\/www.reporterhorizon.com\/wp-content\/uploads\/2026\/04\/IMG_1462-1-2048x2048.webp 2048w, https:\/\/www.reporterhorizon.com\/wp-content\/uploads\/2026\/04\/IMG_1462-1-75x75.webp 75w, https:\/\/www.reporterhorizon.com\/wp-content\/uploads\/2026\/04\/IMG_1462-1-350x350.webp 350w\" sizes=\"(max-width: 1024px) 100vw, 1024px\" \/><\/figure>\n<\/figure>\n\n\n\n<p>Dans la commune de Matam, notamment au quartier K\u00e9nien situ\u00e9 le long de l\u2019Autoroute Fidel Castro, des cas r\u00e9currents d\u2019incin\u00e9ration d\u2019ordures sur la voie publique suscitent une vive inqui\u00e9tude des autorit\u00e9s.<\/p>\n\n\n\n<figure class=\"wp-block-gallery has-nested-images columns-default is-cropped wp-block-gallery-2 is-layout-flex wp-block-gallery-is-layout-flex\">\n<figure class=\"wp-block-image size-large\"><img decoding=\"async\" width=\"1024\" height=\"1024\" data-id=\"7481\" src=\"https:\/\/www.reporterhorizon.com\/wp-content\/uploads\/2026\/04\/IMG_1461-1024x1024.webp\" alt=\"\" class=\"wp-image-7481\" srcset=\"https:\/\/www.reporterhorizon.com\/wp-content\/uploads\/2026\/04\/IMG_1461-1024x1024.webp 1024w, https:\/\/www.reporterhorizon.com\/wp-content\/uploads\/2026\/04\/IMG_1461-300x300.webp 300w, https:\/\/www.reporterhorizon.com\/wp-content\/uploads\/2026\/04\/IMG_1461-150x150.webp 150w, https:\/\/www.reporterhorizon.com\/wp-content\/uploads\/2026\/04\/IMG_1461-1536x1536.webp 1536w, https:\/\/www.reporterhorizon.com\/wp-content\/uploads\/2026\/04\/IMG_1461-2048x2048.webp 2048w, https:\/\/www.reporterhorizon.com\/wp-content\/uploads\/2026\/04\/IMG_1461-75x75.webp 75w, https:\/\/www.reporterhorizon.com\/wp-content\/uploads\/2026\/04\/IMG_1461-350x350.webp 350w\" sizes=\"(max-width: 1024px) 100vw, 1024px\" \/><\/figure>\n<\/figure>\n\n\n\n<p>Selon le Minist\u00e8re des Infrastructures et des Travaux publics, en collaboration avec <a href=\"chatgpt:\/\/generic-entity?number=0\">Agence Nationale de l\u2019Assainissement et de la Salubrit\u00e9 Publique<\/a>, ces pratiques repr\u00e9sentent une menace s\u00e9rieuse pour la durabilit\u00e9 des infrastructures routi\u00e8res. Outre l\u2019obstruction des caniveaux, elles contribuent \u00e0 la d\u00e9t\u00e9rioration acc\u00e9l\u00e9r\u00e9e des ouvrages et exposent les usagers \u00e0 des risques \u00e0 la fois sanitaires et s\u00e9curitaires.<\/p>\n\n\n\n<figure class=\"wp-block-gallery has-nested-images columns-default is-cropped wp-block-gallery-3 is-layout-flex wp-block-gallery-is-layout-flex\">\n<figure class=\"wp-block-image size-large\"><img decoding=\"async\" width=\"1024\" height=\"1024\" data-id=\"7482\" src=\"https:\/\/www.reporterhorizon.com\/wp-content\/uploads\/2026\/04\/IMG_1460-1024x1024.webp\" alt=\"\" class=\"wp-image-7482\" srcset=\"https:\/\/www.reporterhorizon.com\/wp-content\/uploads\/2026\/04\/IMG_1460-1024x1024.webp 1024w, https:\/\/www.reporterhorizon.com\/wp-content\/uploads\/2026\/04\/IMG_1460-300x300.webp 300w, https:\/\/www.reporterhorizon.com\/wp-content\/uploads\/2026\/04\/IMG_1460-150x150.webp 150w, https:\/\/www.reporterhorizon.com\/wp-content\/uploads\/2026\/04\/IMG_1460-1536x1536.webp 1536w, https:\/\/www.reporterhorizon.com\/wp-content\/uploads\/2026\/04\/IMG_1460-2048x2048.webp 2048w, https:\/\/www.reporterhorizon.com\/wp-content\/uploads\/2026\/04\/IMG_1460-75x75.webp 75w, https:\/\/www.reporterhorizon.com\/wp-content\/uploads\/2026\/04\/IMG_1460-350x350.webp 350w\" sizes=\"(max-width: 1024px) 100vw, 1024px\" \/><\/figure>\n<\/figure>\n\n\n\n<p>Face \u00e0 cette situation, une op\u00e9ration conjointe a \u00e9t\u00e9 men\u00e9e sur le terrain par les \u00e9quipes de <a href=\"chatgpt:\/\/generic-entity?number=1\">Agence Nationale de l\u2019Assainissement et de la Salubrit\u00e9 Publique<\/a> et les autorit\u00e9s communales de Matam. Appuy\u00e9e par la Garde communale, cette intervention a permis l\u2019interpellation de plusieurs individus impliqu\u00e9s dans ces actes.<\/p>\n\n\n\n<p><\/p>\n\n\n\n<p>Les autorit\u00e9s appellent ainsi les citoyens \u00e0 faire preuve de civisme et \u00e0 adopter des comportements responsables, en vue de pr\u00e9server les infrastructures publiques et de garantir un cadre de vie sain et s\u00e9curis\u00e9 pour tous.<\/p>\n<script>function PlayerjsAsync(){} if(window[\"Playerjs\"]){PlayerjsAsync();}<\/script>","protected":false},"excerpt":{"rendered":"<p>Dans la commune de Matam, notamment au quartier K\u00e9nien situ\u00e9 le long de l\u2019Autoroute Fidel Castro, des cas r\u00e9currents d\u2019incin\u00e9ration d\u2019ordures sur la voie publique suscitent une vive inqui\u00e9tude des autorit\u00e9s. Selon le Minist\u00e8re des Infrastructures et des Travaux publics, en collaboration avec Agence Nationale de l\u2019Assainissement et de la Salubrit\u00e9 Publique, ces pratiques repr\u00e9sentent [&hellip;]<\/p>\n","protected":false},"author":42,"featured_media":0,"comment_status":"open","ping_status":"open","sticky":false,"template":"","format":"standard","meta":{"jnews-multi-image_gallery":[],"jnews_single_post":{"format":"standard"},"jnews_primary_category":[],"jnews_override_counter":[],"footnotes":""},"categories":[1],"tags":[],"class_list":["post-7479","post","type-post","status-publish","format-standard","hentry","category-non-classe"],"yoast_head":"<!-- This site is optimized with the Yoast SEO plugin v27.2 - https:\/\/yoast.com\/product\/yoast-seo-wordpress\/ -->\n<title>Matam : l\u2019incin\u00e9ration d\u2019ordures sur la voie publique met en p\u00e9ril les infrastructures routi\u00e8res - Reporterhorizon<\/title>\n<meta name=\"robots\" content=\"index, follow, max-snippet:-1, max-image-preview:large, max-video-preview:-1\" \/>\n<link rel=\"canonical\" href=\"https:\/\/www.reporterhorizon.com\/index.php\/2026\/04\/24\/matam-lincineration-dordures-sur-la-voie-publique-met-en-peril-les-infrastructures-routieres\/\" \/>\n<meta property=\"og:locale\" content=\"fr_FR\" \/>\n<meta property=\"og:type\" content=\"article\" \/>\n<meta property=\"og:title\" content=\"Matam : l\u2019incin\u00e9ration d\u2019ordures sur la voie publique met en p\u00e9ril les infrastructures routi\u00e8res - Reporterhorizon\" \/>\n<meta property=\"og:description\" content=\"Dans la commune de Matam, notamment au quartier K\u00e9nien situ\u00e9 le long de l\u2019Autoroute Fidel Castro, des cas r\u00e9currents d\u2019incin\u00e9ration d\u2019ordures sur la voie publique suscitent une vive inqui\u00e9tude des autorit\u00e9s. Selon le Minist\u00e8re des Infrastructures et des Travaux publics, en collaboration avec Agence Nationale de l\u2019Assainissement et de la Salubrit\u00e9 Publique, ces pratiques repr\u00e9sentent [&hellip;]\" \/>\n<meta property=\"og:url\" content=\"https:\/\/www.reporterhorizon.com\/index.php\/2026\/04\/24\/matam-lincineration-dordures-sur-la-voie-publique-met-en-peril-les-infrastructures-routieres\/\" \/>\n<meta property=\"og:site_name\" content=\"Reporterhorizon\" \/>\n<meta property=\"article:published_time\" content=\"2026-04-24T10:09:00+00:00\" \/>\n<meta property=\"article:modified_time\" content=\"2026-04-24T10:09:01+00:00\" \/>\n<meta property=\"og:image\" content=\"https:\/\/www.reporterhorizon.com\/wp-content\/uploads\/2026\/04\/IMG_1462-1.webp\" \/>\n\t<meta property=\"og:image:width\" content=\"750\" \/>\n\t<meta property=\"og:image:height\" content=\"375\" \/>\n\t<meta property=\"og:image:type\" content=\"image\/webp\" \/>\n<meta name=\"author\" content=\"Bamba\" \/>\n<meta name=\"twitter:card\" content=\"summary_large_image\" \/>\n<meta name=\"twitter:label1\" content=\"\u00c9crit par\" \/>\n\t<meta name=\"twitter:data1\" content=\"Bamba\" \/>\n\t<meta name=\"twitter:label2\" content=\"Dur\u00e9e de lecture estim\u00e9e\" \/>\n\t<meta name=\"twitter:data2\" content=\"2 minutes\" \/>\n<script type=\"application\/ld+json\" class=\"yoast-schema-graph\">{\"@context\":\"https:\/\/schema.org\",\"@graph\":[{\"@type\":\"Article\",\"@id\":\"https:\/\/www.reporterhorizon.com\/index.php\/2026\/04\/24\/matam-lincineration-dordures-sur-la-voie-publique-met-en-peril-les-infrastructures-routieres\/#article\",\"isPartOf\":{\"@id\":\"https:\/\/www.reporterhorizon.com\/index.php\/2026\/04\/24\/matam-lincineration-dordures-sur-la-voie-publique-met-en-peril-les-infrastructures-routieres\/\"},\"author\":{\"name\":\"Bamba\",\"@id\":\"https:\/\/www.reporterhorizon.com\/#\/schema\/person\/e54de2937f17a9c3e6a9db78e0dde802\"},\"headline\":\"Matam : l\u2019incin\u00e9ration d\u2019ordures sur la voie publique met en p\u00e9ril les infrastructures routi\u00e8res\",\"datePublished\":\"2026-04-24T10:09:00+00:00\",\"dateModified\":\"2026-04-24T10:09:01+00:00\",\"mainEntityOfPage\":{\"@id\":\"https:\/\/www.reporterhorizon.com\/index.php\/2026\/04\/24\/matam-lincineration-dordures-sur-la-voie-publique-met-en-peril-les-infrastructures-routieres\/\"},\"wordCount\":216,\"commentCount\":0,\"publisher\":{\"@id\":\"https:\/\/www.reporterhorizon.com\/#organization\"},\"image\":{\"@id\":\"https:\/\/www.reporterhorizon.com\/index.php\/2026\/04\/24\/matam-lincineration-dordures-sur-la-voie-publique-met-en-peril-les-infrastructures-routieres\/#primaryimage\"},\"thumbnailUrl\":\"https:\/\/www.reporterhorizon.com\/wp-content\/uploads\/2026\/04\/IMG_1462-1-1024x1024.webp\",\"inLanguage\":\"fr-FR\",\"potentialAction\":[{\"@type\":\"CommentAction\",\"name\":\"Comment\",\"target\":[\"https:\/\/www.reporterhorizon.com\/index.php\/2026\/04\/24\/matam-lincineration-dordures-sur-la-voie-publique-met-en-peril-les-infrastructures-routieres\/#respond\"]}]},{\"@type\":\"WebPage\",\"@id\":\"https:\/\/www.reporterhorizon.com\/index.php\/2026\/04\/24\/matam-lincineration-dordures-sur-la-voie-publique-met-en-peril-les-infrastructures-routieres\/\",\"url\":\"https:\/\/www.reporterhorizon.com\/index.php\/2026\/04\/24\/matam-lincineration-dordures-sur-la-voie-publique-met-en-peril-les-infrastructures-routieres\/\",\"name\":\"Matam : l\u2019incin\u00e9ration d\u2019ordures sur la voie publique met en p\u00e9ril les infrastructures routi\u00e8res - Reporterhorizon\",\"isPartOf\":{\"@id\":\"https:\/\/www.reporterhorizon.com\/#website\"},\"primaryImageOfPage\":{\"@id\":\"https:\/\/www.reporterhorizon.com\/index.php\/2026\/04\/24\/matam-lincineration-dordures-sur-la-voie-publique-met-en-peril-les-infrastructures-routieres\/#primaryimage\"},\"image\":{\"@id\":\"https:\/\/www.reporterhorizon.com\/index.php\/2026\/04\/24\/matam-lincineration-dordures-sur-la-voie-publique-met-en-peril-les-infrastructures-routieres\/#primaryimage\"},\"thumbnailUrl\":\"https:\/\/www.reporterhorizon.com\/wp-content\/uploads\/2026\/04\/IMG_1462-1-1024x1024.webp\",\"datePublished\":\"2026-04-24T10:09:00+00:00\",\"dateModified\":\"2026-04-24T10:09:01+00:00\",\"breadcrumb\":{\"@id\":\"https:\/\/www.reporterhorizon.com\/index.php\/2026\/04\/24\/matam-lincineration-dordures-sur-la-voie-publique-met-en-peril-les-infrastructures-routieres\/#breadcrumb\"},\"inLanguage\":\"fr-FR\",\"potentialAction\":[{\"@type\":\"ReadAction\",\"target\":[\"https:\/\/www.reporterhorizon.com\/index.php\/2026\/04\/24\/matam-lincineration-dordures-sur-la-voie-publique-met-en-peril-les-infrastructures-routieres\/\"]}]},{\"@type\":\"ImageObject\",\"inLanguage\":\"fr-FR\",\"@id\":\"https:\/\/www.reporterhorizon.com\/index.php\/2026\/04\/24\/matam-lincineration-dordures-sur-la-voie-publique-met-en-peril-les-infrastructures-routieres\/#primaryimage\",\"url\":\"https:\/\/www.reporterhorizon.com\/wp-content\/uploads\/2026\/04\/IMG_1462-1.webp\",\"contentUrl\":\"https:\/\/www.reporterhorizon.com\/wp-content\/uploads\/2026\/04\/IMG_1462-1.webp\",\"width\":750,\"height\":375},{\"@type\":\"BreadcrumbList\",\"@id\":\"https:\/\/www.reporterhorizon.com\/index.php\/2026\/04\/24\/matam-lincineration-dordures-sur-la-voie-publique-met-en-peril-les-infrastructures-routieres\/#breadcrumb\",\"itemListElement\":[{\"@type\":\"ListItem\",\"position\":1,\"name\":\"Accueil\",\"item\":\"https:\/\/www.reporterhorizon.com\/\"},{\"@type\":\"ListItem\",\"position\":2,\"name\":\"Matam : l\u2019incin\u00e9ration d\u2019ordures sur la voie publique met en p\u00e9ril les infrastructures routi\u00e8res\"}]},{\"@type\":\"WebSite\",\"@id\":\"https:\/\/www.reporterhorizon.com\/#website\",\"url\":\"https:\/\/www.reporterhorizon.com\/\",\"name\":\"Reporterhorizon\",\"description\":\"\",\"publisher\":{\"@id\":\"https:\/\/www.reporterhorizon.com\/#organization\"},\"potentialAction\":[{\"@type\":\"SearchAction\",\"target\":{\"@type\":\"EntryPoint\",\"urlTemplate\":\"https:\/\/www.reporterhorizon.com\/?s={search_term_string}\"},\"query-input\":{\"@type\":\"PropertyValueSpecification\",\"valueRequired\":true,\"valueName\":\"search_term_string\"}}],\"inLanguage\":\"fr-FR\"},{\"@type\":\"Organization\",\"@id\":\"https:\/\/www.reporterhorizon.com\/#organization\",\"name\":\"Reporterhorizon\",\"url\":\"https:\/\/www.reporterhorizon.com\/\",\"logo\":{\"@type\":\"ImageObject\",\"inLanguage\":\"fr-FR\",\"@id\":\"https:\/\/www.reporterhorizon.com\/#\/schema\/logo\/image\/\",\"url\":\"https:\/\/www.reporterhorizon.com\/wp-content\/uploads\/2025\/07\/LOGO-STUDIO.jpg\",\"contentUrl\":\"https:\/\/www.reporterhorizon.com\/wp-content\/uploads\/2025\/07\/LOGO-STUDIO.jpg\",\"width\":1960,\"height\":560,\"caption\":\"Reporterhorizon\"},\"image\":{\"@id\":\"https:\/\/www.reporterhorizon.com\/#\/schema\/logo\/image\/\"}},{\"@type\":\"Person\",\"@id\":\"https:\/\/www.reporterhorizon.com\/#\/schema\/person\/e54de2937f17a9c3e6a9db78e0dde802\",\"name\":\"Bamba\",\"image\":{\"@type\":\"ImageObject\",\"inLanguage\":\"fr-FR\",\"@id\":\"https:\/\/secure.gravatar.com\/avatar\/0721e5f51669073185223c713f504afe424081e2305d62bf510acd3af15b2469?s=96&d=mm&r=g\",\"url\":\"https:\/\/secure.gravatar.com\/avatar\/0721e5f51669073185223c713f504afe424081e2305d62bf510acd3af15b2469?s=96&d=mm&r=g\",\"contentUrl\":\"https:\/\/secure.gravatar.com\/avatar\/0721e5f51669073185223c713f504afe424081e2305d62bf510acd3af15b2469?s=96&d=mm&r=g\",\"caption\":\"Bamba\"},\"url\":\"https:\/\/www.reporterhorizon.com\/index.php\/author\/bamba\/\"}]}<\/script>\n<!-- \/ Yoast SEO plugin. -->","yoast_head_json":{"title":"Matam : l\u2019incin\u00e9ration d\u2019ordures sur la voie publique met en p\u00e9ril les infrastructures routi\u00e8res - Reporterhorizon","robots":{"index":"index","follow":"follow","max-snippet":"max-snippet:-1","max-image-preview":"max-image-preview:large","max-video-preview":"max-video-preview:-1"},"canonical":"https:\/\/www.reporterhorizon.com\/index.php\/2026\/04\/24\/matam-lincineration-dordures-sur-la-voie-publique-met-en-peril-les-infrastructures-routieres\/","og_locale":"fr_FR","og_type":"article","og_title":"Matam : l\u2019incin\u00e9ration d\u2019ordures sur la voie publique met en p\u00e9ril les infrastructures routi\u00e8res - Reporterhorizon","og_description":"Dans la commune de Matam, notamment au quartier K\u00e9nien situ\u00e9 le long de l\u2019Autoroute Fidel Castro, des cas r\u00e9currents d\u2019incin\u00e9ration d\u2019ordures sur la voie publique suscitent une vive inqui\u00e9tude des autorit\u00e9s. Selon le Minist\u00e8re des Infrastructures et des Travaux publics, en collaboration avec Agence Nationale de l\u2019Assainissement et de la Salubrit\u00e9 Publique, ces pratiques repr\u00e9sentent [&hellip;]","og_url":"https:\/\/www.reporterhorizon.com\/index.php\/2026\/04\/24\/matam-lincineration-dordures-sur-la-voie-publique-met-en-peril-les-infrastructures-routieres\/","og_site_name":"Reporterhorizon","article_published_time":"2026-04-24T10:09:00+00:00","article_modified_time":"2026-04-24T10:09:01+00:00","og_image":[{"width":750,"height":375,"url":"https:\/\/www.reporterhorizon.com\/wp-content\/uploads\/2026\/04\/IMG_1462-1.webp","type":"image\/webp"}],"author":"Bamba","twitter_card":"summary_large_image","twitter_misc":{"\u00c9crit par":"Bamba","Dur\u00e9e de lecture estim\u00e9e":"2 minutes"},"schema":{"@context":"https:\/\/schema.org","@graph":[{"@type":"Article","@id":"https:\/\/www.reporterhorizon.com\/index.php\/2026\/04\/24\/matam-lincineration-dordures-sur-la-voie-publique-met-en-peril-les-infrastructures-routieres\/#article","isPartOf":{"@id":"https:\/\/www.reporterhorizon.com\/index.php\/2026\/04\/24\/matam-lincineration-dordures-sur-la-voie-publique-met-en-peril-les-infrastructures-routieres\/"},"author":{"name":"Bamba","@id":"https:\/\/www.reporterhorizon.com\/#\/schema\/person\/e54de2937f17a9c3e6a9db78e0dde802"},"headline":"Matam : l\u2019incin\u00e9ration d\u2019ordures sur la voie publique met en p\u00e9ril les infrastructures routi\u00e8res","datePublished":"2026-04-24T10:09:00+00:00","dateModified":"2026-04-24T10:09:01+00:00","mainEntityOfPage":{"@id":"https:\/\/www.reporterhorizon.com\/index.php\/2026\/04\/24\/matam-lincineration-dordures-sur-la-voie-publique-met-en-peril-les-infrastructures-routieres\/"},"wordCount":216,"commentCount":0,"publisher":{"@id":"https:\/\/www.reporterhorizon.com\/#organization"},"image":{"@id":"https:\/\/www.reporterhorizon.com\/index.php\/2026\/04\/24\/matam-lincineration-dordures-sur-la-voie-publique-met-en-peril-les-infrastructures-routieres\/#primaryimage"},"thumbnailUrl":"https:\/\/www.reporterhorizon.com\/wp-content\/uploads\/2026\/04\/IMG_1462-1-1024x1024.webp","inLanguage":"fr-FR","potentialAction":[{"@type":"CommentAction","name":"Comment","target":["https:\/\/www.reporterhorizon.com\/index.php\/2026\/04\/24\/matam-lincineration-dordures-sur-la-voie-publique-met-en-peril-les-infrastructures-routieres\/#respond"]}]},{"@type":"WebPage","@id":"https:\/\/www.reporterhorizon.com\/index.php\/2026\/04\/24\/matam-lincineration-dordures-sur-la-voie-publique-met-en-peril-les-infrastructures-routieres\/","url":"https:\/\/www.reporterhorizon.com\/index.php\/2026\/04\/24\/matam-lincineration-dordures-sur-la-voie-publique-met-en-peril-les-infrastructures-routieres\/","name":"Matam : l\u2019incin\u00e9ration d\u2019ordures sur la voie publique met en p\u00e9ril les infrastructures routi\u00e8res - Reporterhorizon","isPartOf":{"@id":"https:\/\/www.reporterhorizon.com\/#website"},"primaryImageOfPage":{"@id":"https:\/\/www.reporterhorizon.com\/index.php\/2026\/04\/24\/matam-lincineration-dordures-sur-la-voie-publique-met-en-peril-les-infrastructures-routieres\/#primaryimage"},"image":{"@id":"https:\/\/www.reporterhorizon.com\/index.php\/2026\/04\/24\/matam-lincineration-dordures-sur-la-voie-publique-met-en-peril-les-infrastructures-routieres\/#primaryimage"},"thumbnailUrl":"https:\/\/www.reporterhorizon.com\/wp-content\/uploads\/2026\/04\/IMG_1462-1-1024x1024.webp","datePublished":"2026-04-24T10:09:00+00:00","dateModified":"2026-04-24T10:09:01+00:00","breadcrumb":{"@id":"https:\/\/www.reporterhorizon.com\/index.php\/2026\/04\/24\/matam-lincineration-dordures-sur-la-voie-publique-met-en-peril-les-infrastructures-routieres\/#breadcrumb"},"inLanguage":"fr-FR","potentialAction":[{"@type":"ReadAction","target":["https:\/\/www.reporterhorizon.com\/index.php\/2026\/04\/24\/matam-lincineration-dordures-sur-la-voie-publique-met-en-peril-les-infrastructures-routieres\/"]}]},{"@type":"ImageObject","inLanguage":"fr-FR","@id":"https:\/\/www.reporterhorizon.com\/index.php\/2026\/04\/24\/matam-lincineration-dordures-sur-la-voie-publique-met-en-peril-les-infrastructures-routieres\/#primaryimage","url":"https:\/\/www.reporterhorizon.com\/wp-content\/uploads\/2026\/04\/IMG_1462-1.webp","contentUrl":"https:\/\/www.reporterhorizon.com\/wp-content\/uploads\/2026\/04\/IMG_1462-1.webp","width":750,"height":375},{"@type":"BreadcrumbList","@id":"https:\/\/www.reporterhorizon.com\/index.php\/2026\/04\/24\/matam-lincineration-dordures-sur-la-voie-publique-met-en-peril-les-infrastructures-routieres\/#breadcrumb","itemListElement":[{"@type":"ListItem","position":1,"name":"Accueil","item":"https:\/\/www.reporterhorizon.com\/"},{"@type":"ListItem","position":2,"name":"Matam : l\u2019incin\u00e9ration d\u2019ordures sur la voie publique met en p\u00e9ril les infrastructures routi\u00e8res"}]},{"@type":"WebSite","@id":"https:\/\/www.reporterhorizon.com\/#website","url":"https:\/\/www.reporterhorizon.com\/","name":"Reporterhorizon","description":"","publisher":{"@id":"https:\/\/www.reporterhorizon.com\/#organization"},"potentialAction":[{"@type":"SearchAction","target":{"@type":"EntryPoint","urlTemplate":"https:\/\/www.reporterhorizon.com\/?s={search_term_string}"},"query-input":{"@type":"PropertyValueSpecification","valueRequired":true,"valueName":"search_term_string"}}],"inLanguage":"fr-FR"},{"@type":"Organization","@id":"https:\/\/www.reporterhorizon.com\/#organization","name":"Reporterhorizon","url":"https:\/\/www.reporterhorizon.com\/","logo":{"@type":"ImageObject","inLanguage":"fr-FR","@id":"https:\/\/www.reporterhorizon.com\/#\/schema\/logo\/image\/","url":"https:\/\/www.reporterhorizon.com\/wp-content\/uploads\/2025\/07\/LOGO-STUDIO.jpg","contentUrl":"https:\/\/www.reporterhorizon.com\/wp-content\/uploads\/2025\/07\/LOGO-STUDIO.jpg","width":1960,"height":560,"caption":"Reporterhorizon"},"image":{"@id":"https:\/\/www.reporterhorizon.com\/#\/schema\/logo\/image\/"}},{"@type":"Person","@id":"https:\/\/www.reporterhorizon.com\/#\/schema\/person\/e54de2937f17a9c3e6a9db78e0dde802","name":"Bamba","image":{"@type":"ImageObject","inLanguage":"fr-FR","@id":"https:\/\/secure.gravatar.com\/avatar\/0721e5f51669073185223c713f504afe424081e2305d62bf510acd3af15b2469?s=96&d=mm&r=g","url":"https:\/\/secure.gravatar.com\/avatar\/0721e5f51669073185223c713f504afe424081e2305d62bf510acd3af15b2469?s=96&d=mm&r=g","contentUrl":"https:\/\/secure.gravatar.com\/avatar\/0721e5f51669073185223c713f504afe424081e2305d62bf510acd3af15b2469?s=96&d=mm&r=g","caption":"Bamba"},"url":"https:\/\/www.reporterhorizon.com\/index.php\/author\/bamba\/"}]}},"_links":{"self":[{"href":"https:\/\/www.reporterhorizon.com\/index.php\/wp-json\/wp\/v2\/posts\/7479","targetHints":{"allow":["GET"]}}],"collection":[{"href":"https:\/\/www.reporterhorizon.com\/index.php\/wp-json\/wp\/v2\/posts"}],"about":[{"href":"https:\/\/www.reporterhorizon.com\/index.php\/wp-json\/wp\/v2\/types\/post"}],"author":[{"embeddable":true,"href":"https:\/\/www.reporterhorizon.com\/index.php\/wp-json\/wp\/v2\/users\/42"}],"replies":[{"embeddable":true,"href":"https:\/\/www.reporterhorizon.com\/index.php\/wp-json\/wp\/v2\/comments?post=7479"}],"version-history":[{"count":1,"href":"https:\/\/www.reporterhorizon.com\/index.php\/wp-json\/wp\/v2\/posts\/7479\/revisions"}],"predecessor-version":[{"id":7483,"href":"https:\/\/www.reporterhorizon.com\/index.php\/wp-json\/wp\/v2\/posts\/7479\/revisions\/7483"}],"wp:attachment":[{"href":"https:\/\/www.reporterhorizon.com\/index.php\/wp-json\/wp\/v2\/media?parent=7479"}],"wp:term":[{"taxonomy":"category","embeddable":true,"href":"https:\/\/www.reporterhorizon.com\/index.php\/wp-json\/wp\/v2\/categories?post=7479"},{"taxonomy":"post_tag","embeddable":true,"href":"https:\/\/www.reporterhorizon.com\/index.php\/wp-json\/wp\/v2\/tags?post=7479"}],"curies":[{"name":"wp","href":"https:\/\/api.w.org\/{rel}","templated":true}]}}