{"id":7467,"date":"2026-04-24T07:41:09","date_gmt":"2026-04-24T07:41:09","guid":{"rendered":"https:\/\/www.reporterhorizon.com\/?p=7467"},"modified":"2026-04-24T07:41:10","modified_gmt":"2026-04-24T07:41:10","slug":"olympiades-des-metiers-2026-la-guinee-place-les-competences-techniques-au-coeur-de-sa-strategie","status":"publish","type":"post","link":"https:\/\/www.reporterhorizon.com\/index.php\/2026\/04\/24\/olympiades-des-metiers-2026-la-guinee-place-les-competences-techniques-au-coeur-de-sa-strategie\/","title":{"rendered":"Olympiades des M\u00e9tiers 2026 : la Guin\u00e9e place les comp\u00e9tences techniques au c\u0153ur de sa strat\u00e9gie"},"content":{"rendered":"\n<figure class=\"wp-block-gallery has-nested-images columns-default is-cropped wp-block-gallery-1 is-layout-flex wp-block-gallery-is-layout-flex\">\n<figure class=\"wp-block-image size-large\"><img fetchpriority=\"high\" decoding=\"async\" width=\"1024\" height=\"1024\" data-id=\"7468\" src=\"https:\/\/www.reporterhorizon.com\/wp-content\/uploads\/2026\/04\/IMG_1455-1024x1024.jpeg\" alt=\"\" class=\"wp-image-7468\" srcset=\"https:\/\/www.reporterhorizon.com\/wp-content\/uploads\/2026\/04\/IMG_1455-1024x1024.jpeg 1024w, https:\/\/www.reporterhorizon.com\/wp-content\/uploads\/2026\/04\/IMG_1455-300x300.jpeg 300w, https:\/\/www.reporterhorizon.com\/wp-content\/uploads\/2026\/04\/IMG_1455-150x150.jpeg 150w, https:\/\/www.reporterhorizon.com\/wp-content\/uploads\/2026\/04\/IMG_1455-1536x1536.jpeg 1536w, https:\/\/www.reporterhorizon.com\/wp-content\/uploads\/2026\/04\/IMG_1455-2048x2048.jpeg 2048w, https:\/\/www.reporterhorizon.com\/wp-content\/uploads\/2026\/04\/IMG_1455-75x75.jpeg 75w, https:\/\/www.reporterhorizon.com\/wp-content\/uploads\/2026\/04\/IMG_1455-350x350.jpeg 350w\" sizes=\"(max-width: 1024px) 100vw, 1024px\" \/><\/figure>\n<\/figure>\n\n\n\n<p>Dans un contexte marqu\u00e9 par la transformation des syst\u00e8mes \u00e9ducatifs et la n\u00e9cessit\u00e9 de renforcer l\u2019employabilit\u00e9 des jeunes, la Guin\u00e9e franchit un nouveau cap. Le ministre de l\u2019\u00c9ducation nationale, de l\u2019Alphab\u00e9tisation, de l\u2019Enseignement technique et de la Formation professionnelle, <a href=\"chatgpt:\/\/generic-entity?number=0\">Alpha Bacar Barry<\/a>, a proc\u00e9d\u00e9, ce mercredi 22 avril 2026, au lancement officiel des Olympiades des M\u00e9tiers de Guin\u00e9e 2026.<\/p>\n\n\n\n<p>Plac\u00e9e sous le th\u00e8me \u00ab Le pouvoir des m\u00e9tiers : r\u00e9v\u00e9ler les talents, promouvoir l\u2019excellence \u00bb, cette initiative d\u00e9passe le simple cadre d\u2019une comp\u00e9tition. Elle s\u2019inscrit dans une volont\u00e9 politique affirm\u00e9e de revaloriser les fili\u00e8res techniques et professionnelles, longtemps sous-estim\u00e9es, et de les positionner comme des leviers essentiels de d\u00e9veloppement \u00e9conomique et social.<\/p>\n\n\n\n<figure class=\"wp-block-gallery has-nested-images columns-default is-cropped wp-block-gallery-2 is-layout-flex wp-block-gallery-is-layout-flex\">\n<figure class=\"wp-block-image size-large\"><img decoding=\"async\" width=\"1024\" height=\"1024\" data-id=\"7469\" src=\"https:\/\/www.reporterhorizon.com\/wp-content\/uploads\/2026\/04\/IMG_1458-1024x1024.jpeg\" alt=\"\" class=\"wp-image-7469\" srcset=\"https:\/\/www.reporterhorizon.com\/wp-content\/uploads\/2026\/04\/IMG_1458-1024x1024.jpeg 1024w, https:\/\/www.reporterhorizon.com\/wp-content\/uploads\/2026\/04\/IMG_1458-300x300.jpeg 300w, https:\/\/www.reporterhorizon.com\/wp-content\/uploads\/2026\/04\/IMG_1458-150x150.jpeg 150w, https:\/\/www.reporterhorizon.com\/wp-content\/uploads\/2026\/04\/IMG_1458-1536x1536.jpeg 1536w, https:\/\/www.reporterhorizon.com\/wp-content\/uploads\/2026\/04\/IMG_1458-2048x2048.jpeg 2048w, https:\/\/www.reporterhorizon.com\/wp-content\/uploads\/2026\/04\/IMG_1458-75x75.jpeg 75w, https:\/\/www.reporterhorizon.com\/wp-content\/uploads\/2026\/04\/IMG_1458-350x350.jpeg 350w\" sizes=\"(max-width: 1024px) 100vw, 1024px\" \/><\/figure>\n<\/figure>\n\n\n\n<p>La c\u00e9r\u00e9monie d\u2019ouverture, rehauss\u00e9e par la pr\u00e9sence de la ministre malienne en charge de l\u2019Entrepreneuriat, de l\u2019Emploi et de la Formation professionnelle  avec le Mali comme pays invit\u00e9 d\u2019honneur conf\u00e8re \u00e0 l\u2019\u00e9v\u00e9nement une dimension sous-r\u00e9gionale. Elle traduit \u00e9galement une vision partag\u00e9e entre Conakry et Bamako : faire de la formation technique un pilier du d\u00e9veloppement durable et de la souverainet\u00e9 \u00e9conomique.<\/p>\n\n\n\n<figure class=\"wp-block-gallery has-nested-images columns-default is-cropped wp-block-gallery-3 is-layout-flex wp-block-gallery-is-layout-flex\">\n<figure class=\"wp-block-image size-large\"><img decoding=\"async\" width=\"1024\" height=\"1024\" data-id=\"7470\" src=\"https:\/\/www.reporterhorizon.com\/wp-content\/uploads\/2026\/04\/IMG_1457-1024x1024.jpeg\" alt=\"\" class=\"wp-image-7470\" srcset=\"https:\/\/www.reporterhorizon.com\/wp-content\/uploads\/2026\/04\/IMG_1457-1024x1024.jpeg 1024w, https:\/\/www.reporterhorizon.com\/wp-content\/uploads\/2026\/04\/IMG_1457-300x300.jpeg 300w, https:\/\/www.reporterhorizon.com\/wp-content\/uploads\/2026\/04\/IMG_1457-150x150.jpeg 150w, https:\/\/www.reporterhorizon.com\/wp-content\/uploads\/2026\/04\/IMG_1457-1536x1536.jpeg 1536w, https:\/\/www.reporterhorizon.com\/wp-content\/uploads\/2026\/04\/IMG_1457-2048x2048.jpeg 2048w, https:\/\/www.reporterhorizon.com\/wp-content\/uploads\/2026\/04\/IMG_1457-75x75.jpeg 75w, https:\/\/www.reporterhorizon.com\/wp-content\/uploads\/2026\/04\/IMG_1457-350x350.jpeg 350w\" sizes=\"(max-width: 1024px) 100vw, 1024px\" \/><\/figure>\n<\/figure>\n\n\n\n<p>Dans son intervention, le ministre <a href=\"chatgpt:\/\/generic-entity?number=1\">Alpha Bacar Barry<\/a> a soulign\u00e9 l\u2019\u00e9volution des priorit\u00e9s \u00e9ducatives :<\/p>\n\n\n\n<p>\u00ab Il ne s\u2019agit plus seulement de former, mais de former utile, comp\u00e9titif et imm\u00e9diatement mobilisable sur le march\u00e9 du travail \u00bb, a-t-il d\u00e9clar\u00e9, mettant en avant la n\u00e9cessit\u00e9 d\u2019adapter les formations aux r\u00e9alit\u00e9s \u00e9conomiques.<\/p>\n\n\n\n<p>Con\u00e7ues comme une vitrine du savoir-faire national, les Olympiades des M\u00e9tiers ambitionnent \u00e9galement de servir d\u2019outil d\u2019\u00e9valuation et de comparaison des comp\u00e9tences selon les standards internationaux. Elles offrent aux jeunes un cadre d\u2019expression et de reconnaissance, tout en favorisant les partenariats entre institutions publiques, secteur priv\u00e9 et acteurs du d\u00e9veloppement.<\/p>\n\n\n\n<figure class=\"wp-block-gallery has-nested-images columns-default is-cropped wp-block-gallery-4 is-layout-flex wp-block-gallery-is-layout-flex\">\n<figure class=\"wp-block-image size-large\"><img loading=\"lazy\" decoding=\"async\" width=\"1024\" height=\"1024\" data-id=\"7471\" src=\"https:\/\/www.reporterhorizon.com\/wp-content\/uploads\/2026\/04\/IMG_1456-1024x1024.jpeg\" alt=\"\" class=\"wp-image-7471\" srcset=\"https:\/\/www.reporterhorizon.com\/wp-content\/uploads\/2026\/04\/IMG_1456-1024x1024.jpeg 1024w, https:\/\/www.reporterhorizon.com\/wp-content\/uploads\/2026\/04\/IMG_1456-300x300.jpeg 300w, https:\/\/www.reporterhorizon.com\/wp-content\/uploads\/2026\/04\/IMG_1456-150x150.jpeg 150w, https:\/\/www.reporterhorizon.com\/wp-content\/uploads\/2026\/04\/IMG_1456-1536x1536.jpeg 1536w, https:\/\/www.reporterhorizon.com\/wp-content\/uploads\/2026\/04\/IMG_1456-2048x2048.jpeg 2048w, https:\/\/www.reporterhorizon.com\/wp-content\/uploads\/2026\/04\/IMG_1456-75x75.jpeg 75w, https:\/\/www.reporterhorizon.com\/wp-content\/uploads\/2026\/04\/IMG_1456-350x350.jpeg 350w\" sizes=\"(max-width: 1024px) 100vw, 1024px\" \/><\/figure>\n<\/figure>\n\n\n\n<p>\u00c0 travers cette initiative, la Guin\u00e9e r\u00e9affirme son engagement \u00e0 faire du capital humain qualifi\u00e9 un moteur de transformation structurelle, en valorisant les m\u00e9tiers comme source de dignit\u00e9, d\u2019innovation et de croissance \u00e9conomique durable.<\/p>\n<script>function PlayerjsAsync(){} if(window[\"Playerjs\"]){PlayerjsAsync();}<\/script>","protected":false},"excerpt":{"rendered":"<p>Dans un contexte marqu\u00e9 par la transformation des syst\u00e8mes \u00e9ducatifs et la n\u00e9cessit\u00e9 de renforcer l\u2019employabilit\u00e9 des jeunes, la Guin\u00e9e franchit un nouveau cap. Le ministre de l\u2019\u00c9ducation nationale, de l\u2019Alphab\u00e9tisation, de l\u2019Enseignement technique et de la Formation professionnelle, Alpha Bacar Barry, a proc\u00e9d\u00e9, ce mercredi 22 avril 2026, au lancement officiel des Olympiades des [&hellip;]<\/p>\n","protected":false},"author":42,"featured_media":0,"comment_status":"open","ping_status":"open","sticky":false,"template":"","format":"standard","meta":{"jnews-multi-image_gallery":[],"jnews_single_post":{"format":"standard"},"jnews_primary_category":[],"jnews_override_counter":[],"footnotes":""},"categories":[1],"tags":[],"class_list":["post-7467","post","type-post","status-publish","format-standard","hentry","category-non-classe"],"yoast_head":"<!-- This site is optimized with the Yoast SEO plugin v27.2 - https:\/\/yoast.com\/product\/yoast-seo-wordpress\/ -->\n<title>Olympiades des M\u00e9tiers 2026 : la Guin\u00e9e place les comp\u00e9tences techniques au c\u0153ur de sa strat\u00e9gie - Reporterhorizon<\/title>\n<meta name=\"robots\" content=\"index, follow, max-snippet:-1, max-image-preview:large, max-video-preview:-1\" \/>\n<link rel=\"canonical\" href=\"https:\/\/www.reporterhorizon.com\/index.php\/2026\/04\/24\/olympiades-des-metiers-2026-la-guinee-place-les-competences-techniques-au-coeur-de-sa-strategie\/\" \/>\n<meta property=\"og:locale\" content=\"fr_FR\" \/>\n<meta property=\"og:type\" content=\"article\" \/>\n<meta property=\"og:title\" content=\"Olympiades des M\u00e9tiers 2026 : la Guin\u00e9e place les comp\u00e9tences techniques au c\u0153ur de sa strat\u00e9gie - Reporterhorizon\" \/>\n<meta property=\"og:description\" content=\"Dans un contexte marqu\u00e9 par la transformation des syst\u00e8mes \u00e9ducatifs et la n\u00e9cessit\u00e9 de renforcer l\u2019employabilit\u00e9 des jeunes, la Guin\u00e9e franchit un nouveau cap. Le ministre de l\u2019\u00c9ducation nationale, de l\u2019Alphab\u00e9tisation, de l\u2019Enseignement technique et de la Formation professionnelle, Alpha Bacar Barry, a proc\u00e9d\u00e9, ce mercredi 22 avril 2026, au lancement officiel des Olympiades des [&hellip;]\" \/>\n<meta property=\"og:url\" content=\"https:\/\/www.reporterhorizon.com\/index.php\/2026\/04\/24\/olympiades-des-metiers-2026-la-guinee-place-les-competences-techniques-au-coeur-de-sa-strategie\/\" \/>\n<meta property=\"og:site_name\" content=\"Reporterhorizon\" \/>\n<meta property=\"article:published_time\" content=\"2026-04-24T07:41:09+00:00\" \/>\n<meta property=\"article:modified_time\" content=\"2026-04-24T07:41:10+00:00\" \/>\n<meta property=\"og:image\" content=\"https:\/\/www.reporterhorizon.com\/wp-content\/uploads\/2026\/04\/IMG_1455.jpeg\" \/>\n\t<meta property=\"og:image:width\" content=\"1140\" \/>\n\t<meta property=\"og:image:height\" content=\"570\" \/>\n\t<meta property=\"og:image:type\" content=\"image\/jpeg\" \/>\n<meta name=\"author\" content=\"Bamba\" \/>\n<meta name=\"twitter:card\" content=\"summary_large_image\" \/>\n<meta name=\"twitter:label1\" content=\"\u00c9crit par\" \/>\n\t<meta name=\"twitter:data1\" content=\"Bamba\" \/>\n\t<meta name=\"twitter:label2\" content=\"Dur\u00e9e de lecture estim\u00e9e\" \/>\n\t<meta name=\"twitter:data2\" content=\"3 minutes\" \/>\n<script type=\"application\/ld+json\" class=\"yoast-schema-graph\">{\"@context\":\"https:\/\/schema.org\",\"@graph\":[{\"@type\":\"Article\",\"@id\":\"https:\/\/www.reporterhorizon.com\/index.php\/2026\/04\/24\/olympiades-des-metiers-2026-la-guinee-place-les-competences-techniques-au-coeur-de-sa-strategie\/#article\",\"isPartOf\":{\"@id\":\"https:\/\/www.reporterhorizon.com\/index.php\/2026\/04\/24\/olympiades-des-metiers-2026-la-guinee-place-les-competences-techniques-au-coeur-de-sa-strategie\/\"},\"author\":{\"name\":\"Bamba\",\"@id\":\"https:\/\/www.reporterhorizon.com\/#\/schema\/person\/e54de2937f17a9c3e6a9db78e0dde802\"},\"headline\":\"Olympiades des M\u00e9tiers 2026 : la Guin\u00e9e place les comp\u00e9tences techniques au c\u0153ur de sa strat\u00e9gie\",\"datePublished\":\"2026-04-24T07:41:09+00:00\",\"dateModified\":\"2026-04-24T07:41:10+00:00\",\"mainEntityOfPage\":{\"@id\":\"https:\/\/www.reporterhorizon.com\/index.php\/2026\/04\/24\/olympiades-des-metiers-2026-la-guinee-place-les-competences-techniques-au-coeur-de-sa-strategie\/\"},\"wordCount\":373,\"commentCount\":0,\"publisher\":{\"@id\":\"https:\/\/www.reporterhorizon.com\/#organization\"},\"image\":{\"@id\":\"https:\/\/www.reporterhorizon.com\/index.php\/2026\/04\/24\/olympiades-des-metiers-2026-la-guinee-place-les-competences-techniques-au-coeur-de-sa-strategie\/#primaryimage\"},\"thumbnailUrl\":\"https:\/\/www.reporterhorizon.com\/wp-content\/uploads\/2026\/04\/IMG_1455-1024x1024.jpeg\",\"inLanguage\":\"fr-FR\",\"potentialAction\":[{\"@type\":\"CommentAction\",\"name\":\"Comment\",\"target\":[\"https:\/\/www.reporterhorizon.com\/index.php\/2026\/04\/24\/olympiades-des-metiers-2026-la-guinee-place-les-competences-techniques-au-coeur-de-sa-strategie\/#respond\"]}]},{\"@type\":\"WebPage\",\"@id\":\"https:\/\/www.reporterhorizon.com\/index.php\/2026\/04\/24\/olympiades-des-metiers-2026-la-guinee-place-les-competences-techniques-au-coeur-de-sa-strategie\/\",\"url\":\"https:\/\/www.reporterhorizon.com\/index.php\/2026\/04\/24\/olympiades-des-metiers-2026-la-guinee-place-les-competences-techniques-au-coeur-de-sa-strategie\/\",\"name\":\"Olympiades des M\u00e9tiers 2026 : la Guin\u00e9e place les comp\u00e9tences techniques au c\u0153ur de sa strat\u00e9gie - Reporterhorizon\",\"isPartOf\":{\"@id\":\"https:\/\/www.reporterhorizon.com\/#website\"},\"primaryImageOfPage\":{\"@id\":\"https:\/\/www.reporterhorizon.com\/index.php\/2026\/04\/24\/olympiades-des-metiers-2026-la-guinee-place-les-competences-techniques-au-coeur-de-sa-strategie\/#primaryimage\"},\"image\":{\"@id\":\"https:\/\/www.reporterhorizon.com\/index.php\/2026\/04\/24\/olympiades-des-metiers-2026-la-guinee-place-les-competences-techniques-au-coeur-de-sa-strategie\/#primaryimage\"},\"thumbnailUrl\":\"https:\/\/www.reporterhorizon.com\/wp-content\/uploads\/2026\/04\/IMG_1455-1024x1024.jpeg\",\"datePublished\":\"2026-04-24T07:41:09+00:00\",\"dateModified\":\"2026-04-24T07:41:10+00:00\",\"breadcrumb\":{\"@id\":\"https:\/\/www.reporterhorizon.com\/index.php\/2026\/04\/24\/olympiades-des-metiers-2026-la-guinee-place-les-competences-techniques-au-coeur-de-sa-strategie\/#breadcrumb\"},\"inLanguage\":\"fr-FR\",\"potentialAction\":[{\"@type\":\"ReadAction\",\"target\":[\"https:\/\/www.reporterhorizon.com\/index.php\/2026\/04\/24\/olympiades-des-metiers-2026-la-guinee-place-les-competences-techniques-au-coeur-de-sa-strategie\/\"]}]},{\"@type\":\"ImageObject\",\"inLanguage\":\"fr-FR\",\"@id\":\"https:\/\/www.reporterhorizon.com\/index.php\/2026\/04\/24\/olympiades-des-metiers-2026-la-guinee-place-les-competences-techniques-au-coeur-de-sa-strategie\/#primaryimage\",\"url\":\"https:\/\/www.reporterhorizon.com\/wp-content\/uploads\/2026\/04\/IMG_1455.jpeg\",\"contentUrl\":\"https:\/\/www.reporterhorizon.com\/wp-content\/uploads\/2026\/04\/IMG_1455.jpeg\",\"width\":1140,\"height\":570},{\"@type\":\"BreadcrumbList\",\"@id\":\"https:\/\/www.reporterhorizon.com\/index.php\/2026\/04\/24\/olympiades-des-metiers-2026-la-guinee-place-les-competences-techniques-au-coeur-de-sa-strategie\/#breadcrumb\",\"itemListElement\":[{\"@type\":\"ListItem\",\"position\":1,\"name\":\"Accueil\",\"item\":\"https:\/\/www.reporterhorizon.com\/\"},{\"@type\":\"ListItem\",\"position\":2,\"name\":\"Olympiades des M\u00e9tiers 2026 : la Guin\u00e9e place les comp\u00e9tences techniques au c\u0153ur de sa strat\u00e9gie\"}]},{\"@type\":\"WebSite\",\"@id\":\"https:\/\/www.reporterhorizon.com\/#website\",\"url\":\"https:\/\/www.reporterhorizon.com\/\",\"name\":\"Reporterhorizon\",\"description\":\"\",\"publisher\":{\"@id\":\"https:\/\/www.reporterhorizon.com\/#organization\"},\"potentialAction\":[{\"@type\":\"SearchAction\",\"target\":{\"@type\":\"EntryPoint\",\"urlTemplate\":\"https:\/\/www.reporterhorizon.com\/?s={search_term_string}\"},\"query-input\":{\"@type\":\"PropertyValueSpecification\",\"valueRequired\":true,\"valueName\":\"search_term_string\"}}],\"inLanguage\":\"fr-FR\"},{\"@type\":\"Organization\",\"@id\":\"https:\/\/www.reporterhorizon.com\/#organization\",\"name\":\"Reporterhorizon\",\"url\":\"https:\/\/www.reporterhorizon.com\/\",\"logo\":{\"@type\":\"ImageObject\",\"inLanguage\":\"fr-FR\",\"@id\":\"https:\/\/www.reporterhorizon.com\/#\/schema\/logo\/image\/\",\"url\":\"https:\/\/www.reporterhorizon.com\/wp-content\/uploads\/2025\/07\/LOGO-STUDIO.jpg\",\"contentUrl\":\"https:\/\/www.reporterhorizon.com\/wp-content\/uploads\/2025\/07\/LOGO-STUDIO.jpg\",\"width\":1960,\"height\":560,\"caption\":\"Reporterhorizon\"},\"image\":{\"@id\":\"https:\/\/www.reporterhorizon.com\/#\/schema\/logo\/image\/\"}},{\"@type\":\"Person\",\"@id\":\"https:\/\/www.reporterhorizon.com\/#\/schema\/person\/e54de2937f17a9c3e6a9db78e0dde802\",\"name\":\"Bamba\",\"image\":{\"@type\":\"ImageObject\",\"inLanguage\":\"fr-FR\",\"@id\":\"https:\/\/secure.gravatar.com\/avatar\/0721e5f51669073185223c713f504afe424081e2305d62bf510acd3af15b2469?s=96&d=mm&r=g\",\"url\":\"https:\/\/secure.gravatar.com\/avatar\/0721e5f51669073185223c713f504afe424081e2305d62bf510acd3af15b2469?s=96&d=mm&r=g\",\"contentUrl\":\"https:\/\/secure.gravatar.com\/avatar\/0721e5f51669073185223c713f504afe424081e2305d62bf510acd3af15b2469?s=96&d=mm&r=g\",\"caption\":\"Bamba\"},\"url\":\"https:\/\/www.reporterhorizon.com\/index.php\/author\/bamba\/\"}]}<\/script>\n<!-- \/ Yoast SEO plugin. -->","yoast_head_json":{"title":"Olympiades des M\u00e9tiers 2026 : la Guin\u00e9e place les comp\u00e9tences techniques au c\u0153ur de sa strat\u00e9gie - Reporterhorizon","robots":{"index":"index","follow":"follow","max-snippet":"max-snippet:-1","max-image-preview":"max-image-preview:large","max-video-preview":"max-video-preview:-1"},"canonical":"https:\/\/www.reporterhorizon.com\/index.php\/2026\/04\/24\/olympiades-des-metiers-2026-la-guinee-place-les-competences-techniques-au-coeur-de-sa-strategie\/","og_locale":"fr_FR","og_type":"article","og_title":"Olympiades des M\u00e9tiers 2026 : la Guin\u00e9e place les comp\u00e9tences techniques au c\u0153ur de sa strat\u00e9gie - Reporterhorizon","og_description":"Dans un contexte marqu\u00e9 par la transformation des syst\u00e8mes \u00e9ducatifs et la n\u00e9cessit\u00e9 de renforcer l\u2019employabilit\u00e9 des jeunes, la Guin\u00e9e franchit un nouveau cap. Le ministre de l\u2019\u00c9ducation nationale, de l\u2019Alphab\u00e9tisation, de l\u2019Enseignement technique et de la Formation professionnelle, Alpha Bacar Barry, a proc\u00e9d\u00e9, ce mercredi 22 avril 2026, au lancement officiel des Olympiades des [&hellip;]","og_url":"https:\/\/www.reporterhorizon.com\/index.php\/2026\/04\/24\/olympiades-des-metiers-2026-la-guinee-place-les-competences-techniques-au-coeur-de-sa-strategie\/","og_site_name":"Reporterhorizon","article_published_time":"2026-04-24T07:41:09+00:00","article_modified_time":"2026-04-24T07:41:10+00:00","og_image":[{"width":1140,"height":570,"url":"https:\/\/www.reporterhorizon.com\/wp-content\/uploads\/2026\/04\/IMG_1455.jpeg","type":"image\/jpeg"}],"author":"Bamba","twitter_card":"summary_large_image","twitter_misc":{"\u00c9crit par":"Bamba","Dur\u00e9e de lecture estim\u00e9e":"3 minutes"},"schema":{"@context":"https:\/\/schema.org","@graph":[{"@type":"Article","@id":"https:\/\/www.reporterhorizon.com\/index.php\/2026\/04\/24\/olympiades-des-metiers-2026-la-guinee-place-les-competences-techniques-au-coeur-de-sa-strategie\/#article","isPartOf":{"@id":"https:\/\/www.reporterhorizon.com\/index.php\/2026\/04\/24\/olympiades-des-metiers-2026-la-guinee-place-les-competences-techniques-au-coeur-de-sa-strategie\/"},"author":{"name":"Bamba","@id":"https:\/\/www.reporterhorizon.com\/#\/schema\/person\/e54de2937f17a9c3e6a9db78e0dde802"},"headline":"Olympiades des M\u00e9tiers 2026 : la Guin\u00e9e place les comp\u00e9tences techniques au c\u0153ur de sa strat\u00e9gie","datePublished":"2026-04-24T07:41:09+00:00","dateModified":"2026-04-24T07:41:10+00:00","mainEntityOfPage":{"@id":"https:\/\/www.reporterhorizon.com\/index.php\/2026\/04\/24\/olympiades-des-metiers-2026-la-guinee-place-les-competences-techniques-au-coeur-de-sa-strategie\/"},"wordCount":373,"commentCount":0,"publisher":{"@id":"https:\/\/www.reporterhorizon.com\/#organization"},"image":{"@id":"https:\/\/www.reporterhorizon.com\/index.php\/2026\/04\/24\/olympiades-des-metiers-2026-la-guinee-place-les-competences-techniques-au-coeur-de-sa-strategie\/#primaryimage"},"thumbnailUrl":"https:\/\/www.reporterhorizon.com\/wp-content\/uploads\/2026\/04\/IMG_1455-1024x1024.jpeg","inLanguage":"fr-FR","potentialAction":[{"@type":"CommentAction","name":"Comment","target":["https:\/\/www.reporterhorizon.com\/index.php\/2026\/04\/24\/olympiades-des-metiers-2026-la-guinee-place-les-competences-techniques-au-coeur-de-sa-strategie\/#respond"]}]},{"@type":"WebPage","@id":"https:\/\/www.reporterhorizon.com\/index.php\/2026\/04\/24\/olympiades-des-metiers-2026-la-guinee-place-les-competences-techniques-au-coeur-de-sa-strategie\/","url":"https:\/\/www.reporterhorizon.com\/index.php\/2026\/04\/24\/olympiades-des-metiers-2026-la-guinee-place-les-competences-techniques-au-coeur-de-sa-strategie\/","name":"Olympiades des M\u00e9tiers 2026 : la Guin\u00e9e place les comp\u00e9tences techniques au c\u0153ur de sa strat\u00e9gie - Reporterhorizon","isPartOf":{"@id":"https:\/\/www.reporterhorizon.com\/#website"},"primaryImageOfPage":{"@id":"https:\/\/www.reporterhorizon.com\/index.php\/2026\/04\/24\/olympiades-des-metiers-2026-la-guinee-place-les-competences-techniques-au-coeur-de-sa-strategie\/#primaryimage"},"image":{"@id":"https:\/\/www.reporterhorizon.com\/index.php\/2026\/04\/24\/olympiades-des-metiers-2026-la-guinee-place-les-competences-techniques-au-coeur-de-sa-strategie\/#primaryimage"},"thumbnailUrl":"https:\/\/www.reporterhorizon.com\/wp-content\/uploads\/2026\/04\/IMG_1455-1024x1024.jpeg","datePublished":"2026-04-24T07:41:09+00:00","dateModified":"2026-04-24T07:41:10+00:00","breadcrumb":{"@id":"https:\/\/www.reporterhorizon.com\/index.php\/2026\/04\/24\/olympiades-des-metiers-2026-la-guinee-place-les-competences-techniques-au-coeur-de-sa-strategie\/#breadcrumb"},"inLanguage":"fr-FR","potentialAction":[{"@type":"ReadAction","target":["https:\/\/www.reporterhorizon.com\/index.php\/2026\/04\/24\/olympiades-des-metiers-2026-la-guinee-place-les-competences-techniques-au-coeur-de-sa-strategie\/"]}]},{"@type":"ImageObject","inLanguage":"fr-FR","@id":"https:\/\/www.reporterhorizon.com\/index.php\/2026\/04\/24\/olympiades-des-metiers-2026-la-guinee-place-les-competences-techniques-au-coeur-de-sa-strategie\/#primaryimage","url":"https:\/\/www.reporterhorizon.com\/wp-content\/uploads\/2026\/04\/IMG_1455.jpeg","contentUrl":"https:\/\/www.reporterhorizon.com\/wp-content\/uploads\/2026\/04\/IMG_1455.jpeg","width":1140,"height":570},{"@type":"BreadcrumbList","@id":"https:\/\/www.reporterhorizon.com\/index.php\/2026\/04\/24\/olympiades-des-metiers-2026-la-guinee-place-les-competences-techniques-au-coeur-de-sa-strategie\/#breadcrumb","itemListElement":[{"@type":"ListItem","position":1,"name":"Accueil","item":"https:\/\/www.reporterhorizon.com\/"},{"@type":"ListItem","position":2,"name":"Olympiades des M\u00e9tiers 2026 : la Guin\u00e9e place les comp\u00e9tences techniques au c\u0153ur de sa strat\u00e9gie"}]},{"@type":"WebSite","@id":"https:\/\/www.reporterhorizon.com\/#website","url":"https:\/\/www.reporterhorizon.com\/","name":"Reporterhorizon","description":"","publisher":{"@id":"https:\/\/www.reporterhorizon.com\/#organization"},"potentialAction":[{"@type":"SearchAction","target":{"@type":"EntryPoint","urlTemplate":"https:\/\/www.reporterhorizon.com\/?s={search_term_string}"},"query-input":{"@type":"PropertyValueSpecification","valueRequired":true,"valueName":"search_term_string"}}],"inLanguage":"fr-FR"},{"@type":"Organization","@id":"https:\/\/www.reporterhorizon.com\/#organization","name":"Reporterhorizon","url":"https:\/\/www.reporterhorizon.com\/","logo":{"@type":"ImageObject","inLanguage":"fr-FR","@id":"https:\/\/www.reporterhorizon.com\/#\/schema\/logo\/image\/","url":"https:\/\/www.reporterhorizon.com\/wp-content\/uploads\/2025\/07\/LOGO-STUDIO.jpg","contentUrl":"https:\/\/www.reporterhorizon.com\/wp-content\/uploads\/2025\/07\/LOGO-STUDIO.jpg","width":1960,"height":560,"caption":"Reporterhorizon"},"image":{"@id":"https:\/\/www.reporterhorizon.com\/#\/schema\/logo\/image\/"}},{"@type":"Person","@id":"https:\/\/www.reporterhorizon.com\/#\/schema\/person\/e54de2937f17a9c3e6a9db78e0dde802","name":"Bamba","image":{"@type":"ImageObject","inLanguage":"fr-FR","@id":"https:\/\/secure.gravatar.com\/avatar\/0721e5f51669073185223c713f504afe424081e2305d62bf510acd3af15b2469?s=96&d=mm&r=g","url":"https:\/\/secure.gravatar.com\/avatar\/0721e5f51669073185223c713f504afe424081e2305d62bf510acd3af15b2469?s=96&d=mm&r=g","contentUrl":"https:\/\/secure.gravatar.com\/avatar\/0721e5f51669073185223c713f504afe424081e2305d62bf510acd3af15b2469?s=96&d=mm&r=g","caption":"Bamba"},"url":"https:\/\/www.reporterhorizon.com\/index.php\/author\/bamba\/"}]}},"_links":{"self":[{"href":"https:\/\/www.reporterhorizon.com\/index.php\/wp-json\/wp\/v2\/posts\/7467","targetHints":{"allow":["GET"]}}],"collection":[{"href":"https:\/\/www.reporterhorizon.com\/index.php\/wp-json\/wp\/v2\/posts"}],"about":[{"href":"https:\/\/www.reporterhorizon.com\/index.php\/wp-json\/wp\/v2\/types\/post"}],"author":[{"embeddable":true,"href":"https:\/\/www.reporterhorizon.com\/index.php\/wp-json\/wp\/v2\/users\/42"}],"replies":[{"embeddable":true,"href":"https:\/\/www.reporterhorizon.com\/index.php\/wp-json\/wp\/v2\/comments?post=7467"}],"version-history":[{"count":1,"href":"https:\/\/www.reporterhorizon.com\/index.php\/wp-json\/wp\/v2\/posts\/7467\/revisions"}],"predecessor-version":[{"id":7472,"href":"https:\/\/www.reporterhorizon.com\/index.php\/wp-json\/wp\/v2\/posts\/7467\/revisions\/7472"}],"wp:attachment":[{"href":"https:\/\/www.reporterhorizon.com\/index.php\/wp-json\/wp\/v2\/media?parent=7467"}],"wp:term":[{"taxonomy":"category","embeddable":true,"href":"https:\/\/www.reporterhorizon.com\/index.php\/wp-json\/wp\/v2\/categories?post=7467"},{"taxonomy":"post_tag","embeddable":true,"href":"https:\/\/www.reporterhorizon.com\/index.php\/wp-json\/wp\/v2\/tags?post=7467"}],"curies":[{"name":"wp","href":"https:\/\/api.w.org\/{rel}","templated":true}]}}