{"id":7463,"date":"2026-04-23T14:53:06","date_gmt":"2026-04-23T14:53:06","guid":{"rendered":"https:\/\/www.reporterhorizon.com\/?p=7463"},"modified":"2026-04-23T14:53:07","modified_gmt":"2026-04-23T14:53:07","slug":"litterature-aux-72-heures-du-livre-les-visiteurs-a-la-decouverte-des-stands-dediteurs-africains","status":"publish","type":"post","link":"https:\/\/www.reporterhorizon.com\/index.php\/2026\/04\/23\/litterature-aux-72-heures-du-livre-les-visiteurs-a-la-decouverte-des-stands-dediteurs-africains\/","title":{"rendered":"Litt\u00e9rature : aux 72 Heures du Livre, les visiteurs \u00e0 la d\u00e9couverte des stands d\u2019\u00e9diteurs africains"},"content":{"rendered":"\n<figure class=\"wp-block-gallery has-nested-images columns-default is-cropped wp-block-gallery-1 is-layout-flex wp-block-gallery-is-layout-flex\"><\/figure>\n\n\n\n<p>\u00c0 <a href=\"chatgpt:\/\/generic-entity?number=0\">72 Heures du Livre<\/a>, l\u2019affluence reste soutenue autour des diff\u00e9rents stands o\u00f9 visiteurs, \u00e9l\u00e8ves et passionn\u00e9s de lecture viennent explorer une diversit\u00e9 d\u2019ouvrages. Cette 18e \u00e9dition, plac\u00e9e sous le th\u00e8me \u00ab Jeunesse et num\u00e9rique : cr\u00e9ativit\u00e9, innovation et engagement \u00bb, offre un cadre propice \u00e0 la d\u00e9couverte et \u00e0 la r\u00e9flexion autour du livre \u00e0 l\u2019\u00e8re digitale.<\/p>\n\n\n\n<p>Dans les all\u00e9es, les stands des <a href=\"chatgpt:\/\/generic-entity?number=1\">\u00c9ditions Classiques ivoiriens et s\u00e9n\u00e9galais<\/a> et des <a href=\"chatgpt:\/\/generic-entity?number=2\">\u00c9ditions Eburnie<\/a> attirent particuli\u00e8rement l\u2019attention des visiteurs.<\/p>\n\n\n\n<figure class=\"wp-block-image size-large\"><img fetchpriority=\"high\" decoding=\"async\" width=\"1024\" height=\"1024\" src=\"https:\/\/www.reporterhorizon.com\/wp-content\/uploads\/2026\/04\/IMG_1409-1024x1024.jpeg\" alt=\"\" class=\"wp-image-7464\" srcset=\"https:\/\/www.reporterhorizon.com\/wp-content\/uploads\/2026\/04\/IMG_1409-1024x1024.jpeg 1024w, https:\/\/www.reporterhorizon.com\/wp-content\/uploads\/2026\/04\/IMG_1409-300x300.jpeg 300w, https:\/\/www.reporterhorizon.com\/wp-content\/uploads\/2026\/04\/IMG_1409-150x150.jpeg 150w, https:\/\/www.reporterhorizon.com\/wp-content\/uploads\/2026\/04\/IMG_1409-1536x1536.jpeg 1536w, https:\/\/www.reporterhorizon.com\/wp-content\/uploads\/2026\/04\/IMG_1409-2048x2048.jpeg 2048w, https:\/\/www.reporterhorizon.com\/wp-content\/uploads\/2026\/04\/IMG_1409-75x75.jpeg 75w, https:\/\/www.reporterhorizon.com\/wp-content\/uploads\/2026\/04\/IMG_1409-350x350.jpeg 350w\" sizes=\"(max-width: 1024px) 100vw, 1024px\" \/><\/figure>\n\n\n\n<p>Pr\u00e9sente sur place, <a href=\"chatgpt:\/\/generic-entity?number=3\">Makoya Tour\u00e9<\/a> met en avant les opportunit\u00e9s qu\u2019offre le num\u00e9rique pour la lecture. \u00ab Aujourd\u2019hui, on peut num\u00e9riser les livres et les rendre accessibles via les plateformes digitales. Il existe d\u00e9j\u00e0 des livres num\u00e9riques, et c\u2019est un atout pour la jeunesse, notamment en mati\u00e8re de formation \u00bb, explique-t-elle.<\/p>\n\n\n\n<figure class=\"wp-block-gallery has-nested-images columns-default is-cropped wp-block-gallery-2 is-layout-flex wp-block-gallery-is-layout-flex\">\n<figure class=\"wp-block-image size-large\"><img decoding=\"async\" width=\"1024\" height=\"1024\" data-id=\"7465\" src=\"https:\/\/www.reporterhorizon.com\/wp-content\/uploads\/2026\/04\/IMG_1410-1024x1024.jpeg\" alt=\"\" class=\"wp-image-7465\" srcset=\"https:\/\/www.reporterhorizon.com\/wp-content\/uploads\/2026\/04\/IMG_1410-1024x1024.jpeg 1024w, https:\/\/www.reporterhorizon.com\/wp-content\/uploads\/2026\/04\/IMG_1410-300x300.jpeg 300w, https:\/\/www.reporterhorizon.com\/wp-content\/uploads\/2026\/04\/IMG_1410-150x150.jpeg 150w, https:\/\/www.reporterhorizon.com\/wp-content\/uploads\/2026\/04\/IMG_1410-1536x1536.jpeg 1536w, https:\/\/www.reporterhorizon.com\/wp-content\/uploads\/2026\/04\/IMG_1410-2048x2048.jpeg 2048w, https:\/\/www.reporterhorizon.com\/wp-content\/uploads\/2026\/04\/IMG_1410-75x75.jpeg 75w, https:\/\/www.reporterhorizon.com\/wp-content\/uploads\/2026\/04\/IMG_1410-350x350.jpeg 350w\" sizes=\"(max-width: 1024px) 100vw, 1024px\" \/><\/figure>\n<\/figure>\n\n\n\n<p>M\u00eame son de cloche du c\u00f4t\u00e9 de <a href=\"chatgpt:\/\/generic-entity?number=4\">A\u00efssata Camara<\/a>, rencontr\u00e9e au stand des \u00c9ditions Eburnie. Pour elle, cette initiative va au-del\u00e0 de la simple exposition. \u00ab Les 72 Heures du Livre permettent de comprendre l\u2019importance de la lecture. Le num\u00e9rique ne doit pas se limiter aux r\u00e9seaux sociaux, il doit aussi servir \u00e0 apprendre et \u00e0 se former \u00bb, souligne-t-elle.<\/p>\n\n\n\n<p>Entre expositions, rencontres avec les auteurs et \u00e9changes autour du livre, les <a href=\"chatgpt:\/\/generic-entity?number=5\">72 Heures du Livre<\/a> se poursuivent dans une ambiance d\u2019effervescence, confirmant leur r\u00f4le central dans la promotion de la lecture et de la culture en Guin\u00e9e.<\/p>\n<script>function PlayerjsAsync(){} if(window[\"Playerjs\"]){PlayerjsAsync();}<\/script>","protected":false},"excerpt":{"rendered":"<p>\u00c0 72 Heures du Livre, l\u2019affluence reste soutenue autour des diff\u00e9rents stands o\u00f9 visiteurs, \u00e9l\u00e8ves et passionn\u00e9s de lecture viennent explorer une diversit\u00e9 d\u2019ouvrages. Cette 18e \u00e9dition, plac\u00e9e sous le th\u00e8me \u00ab Jeunesse et num\u00e9rique : cr\u00e9ativit\u00e9, innovation et engagement \u00bb, offre un cadre propice \u00e0 la d\u00e9couverte et \u00e0 la r\u00e9flexion autour du livre [&hellip;]<\/p>\n","protected":false},"author":42,"featured_media":0,"comment_status":"open","ping_status":"open","sticky":false,"template":"","format":"standard","meta":{"jnews-multi-image_gallery":[],"jnews_single_post":{"format":"standard"},"jnews_primary_category":[],"jnews_override_counter":[],"footnotes":""},"categories":[1],"tags":[],"class_list":["post-7463","post","type-post","status-publish","format-standard","hentry","category-non-classe"],"yoast_head":"<!-- This site is optimized with the Yoast SEO plugin v27.2 - https:\/\/yoast.com\/product\/yoast-seo-wordpress\/ -->\n<title>Litt\u00e9rature : aux 72 Heures du Livre, les visiteurs \u00e0 la d\u00e9couverte des stands d\u2019\u00e9diteurs africains - Reporterhorizon<\/title>\n<meta name=\"robots\" content=\"index, follow, max-snippet:-1, max-image-preview:large, max-video-preview:-1\" \/>\n<link rel=\"canonical\" href=\"https:\/\/www.reporterhorizon.com\/index.php\/2026\/04\/23\/litterature-aux-72-heures-du-livre-les-visiteurs-a-la-decouverte-des-stands-dediteurs-africains\/\" \/>\n<meta property=\"og:locale\" content=\"fr_FR\" \/>\n<meta property=\"og:type\" content=\"article\" \/>\n<meta property=\"og:title\" content=\"Litt\u00e9rature : aux 72 Heures du Livre, les visiteurs \u00e0 la d\u00e9couverte des stands d\u2019\u00e9diteurs africains - Reporterhorizon\" \/>\n<meta property=\"og:description\" content=\"\u00c0 72 Heures du Livre, l\u2019affluence reste soutenue autour des diff\u00e9rents stands o\u00f9 visiteurs, \u00e9l\u00e8ves et passionn\u00e9s de lecture viennent explorer une diversit\u00e9 d\u2019ouvrages. Cette 18e \u00e9dition, plac\u00e9e sous le th\u00e8me \u00ab Jeunesse et num\u00e9rique : cr\u00e9ativit\u00e9, innovation et engagement \u00bb, offre un cadre propice \u00e0 la d\u00e9couverte et \u00e0 la r\u00e9flexion autour du livre [&hellip;]\" \/>\n<meta property=\"og:url\" content=\"https:\/\/www.reporterhorizon.com\/index.php\/2026\/04\/23\/litterature-aux-72-heures-du-livre-les-visiteurs-a-la-decouverte-des-stands-dediteurs-africains\/\" \/>\n<meta property=\"og:site_name\" content=\"Reporterhorizon\" \/>\n<meta property=\"article:published_time\" content=\"2026-04-23T14:53:06+00:00\" \/>\n<meta property=\"article:modified_time\" content=\"2026-04-23T14:53:07+00:00\" \/>\n<meta property=\"og:image\" content=\"https:\/\/www.reporterhorizon.com\/wp-content\/uploads\/2026\/04\/IMG_1409-scaled.jpeg\" \/>\n\t<meta property=\"og:image:width\" content=\"2560\" \/>\n\t<meta property=\"og:image:height\" content=\"2560\" \/>\n\t<meta property=\"og:image:type\" content=\"image\/jpeg\" \/>\n<meta name=\"author\" content=\"Bamba\" \/>\n<meta name=\"twitter:card\" content=\"summary_large_image\" \/>\n<meta name=\"twitter:label1\" content=\"\u00c9crit par\" \/>\n\t<meta name=\"twitter:data1\" content=\"Bamba\" \/>\n\t<meta name=\"twitter:label2\" content=\"Dur\u00e9e de lecture estim\u00e9e\" \/>\n\t<meta name=\"twitter:data2\" content=\"2 minutes\" \/>\n<script type=\"application\/ld+json\" class=\"yoast-schema-graph\">{\"@context\":\"https:\/\/schema.org\",\"@graph\":[{\"@type\":\"Article\",\"@id\":\"https:\/\/www.reporterhorizon.com\/index.php\/2026\/04\/23\/litterature-aux-72-heures-du-livre-les-visiteurs-a-la-decouverte-des-stands-dediteurs-africains\/#article\",\"isPartOf\":{\"@id\":\"https:\/\/www.reporterhorizon.com\/index.php\/2026\/04\/23\/litterature-aux-72-heures-du-livre-les-visiteurs-a-la-decouverte-des-stands-dediteurs-africains\/\"},\"author\":{\"name\":\"Bamba\",\"@id\":\"https:\/\/www.reporterhorizon.com\/#\/schema\/person\/e54de2937f17a9c3e6a9db78e0dde802\"},\"headline\":\"Litt\u00e9rature : aux 72 Heures du Livre, les visiteurs \u00e0 la d\u00e9couverte des stands d\u2019\u00e9diteurs africains\",\"datePublished\":\"2026-04-23T14:53:06+00:00\",\"dateModified\":\"2026-04-23T14:53:07+00:00\",\"mainEntityOfPage\":{\"@id\":\"https:\/\/www.reporterhorizon.com\/index.php\/2026\/04\/23\/litterature-aux-72-heures-du-livre-les-visiteurs-a-la-decouverte-des-stands-dediteurs-africains\/\"},\"wordCount\":264,\"commentCount\":0,\"publisher\":{\"@id\":\"https:\/\/www.reporterhorizon.com\/#organization\"},\"image\":{\"@id\":\"https:\/\/www.reporterhorizon.com\/index.php\/2026\/04\/23\/litterature-aux-72-heures-du-livre-les-visiteurs-a-la-decouverte-des-stands-dediteurs-africains\/#primaryimage\"},\"thumbnailUrl\":\"https:\/\/www.reporterhorizon.com\/wp-content\/uploads\/2026\/04\/IMG_1409-1024x1024.jpeg\",\"inLanguage\":\"fr-FR\",\"potentialAction\":[{\"@type\":\"CommentAction\",\"name\":\"Comment\",\"target\":[\"https:\/\/www.reporterhorizon.com\/index.php\/2026\/04\/23\/litterature-aux-72-heures-du-livre-les-visiteurs-a-la-decouverte-des-stands-dediteurs-africains\/#respond\"]}]},{\"@type\":\"WebPage\",\"@id\":\"https:\/\/www.reporterhorizon.com\/index.php\/2026\/04\/23\/litterature-aux-72-heures-du-livre-les-visiteurs-a-la-decouverte-des-stands-dediteurs-africains\/\",\"url\":\"https:\/\/www.reporterhorizon.com\/index.php\/2026\/04\/23\/litterature-aux-72-heures-du-livre-les-visiteurs-a-la-decouverte-des-stands-dediteurs-africains\/\",\"name\":\"Litt\u00e9rature : aux 72 Heures du Livre, les visiteurs \u00e0 la d\u00e9couverte des stands d\u2019\u00e9diteurs africains - Reporterhorizon\",\"isPartOf\":{\"@id\":\"https:\/\/www.reporterhorizon.com\/#website\"},\"primaryImageOfPage\":{\"@id\":\"https:\/\/www.reporterhorizon.com\/index.php\/2026\/04\/23\/litterature-aux-72-heures-du-livre-les-visiteurs-a-la-decouverte-des-stands-dediteurs-africains\/#primaryimage\"},\"image\":{\"@id\":\"https:\/\/www.reporterhorizon.com\/index.php\/2026\/04\/23\/litterature-aux-72-heures-du-livre-les-visiteurs-a-la-decouverte-des-stands-dediteurs-africains\/#primaryimage\"},\"thumbnailUrl\":\"https:\/\/www.reporterhorizon.com\/wp-content\/uploads\/2026\/04\/IMG_1409-1024x1024.jpeg\",\"datePublished\":\"2026-04-23T14:53:06+00:00\",\"dateModified\":\"2026-04-23T14:53:07+00:00\",\"breadcrumb\":{\"@id\":\"https:\/\/www.reporterhorizon.com\/index.php\/2026\/04\/23\/litterature-aux-72-heures-du-livre-les-visiteurs-a-la-decouverte-des-stands-dediteurs-africains\/#breadcrumb\"},\"inLanguage\":\"fr-FR\",\"potentialAction\":[{\"@type\":\"ReadAction\",\"target\":[\"https:\/\/www.reporterhorizon.com\/index.php\/2026\/04\/23\/litterature-aux-72-heures-du-livre-les-visiteurs-a-la-decouverte-des-stands-dediteurs-africains\/\"]}]},{\"@type\":\"ImageObject\",\"inLanguage\":\"fr-FR\",\"@id\":\"https:\/\/www.reporterhorizon.com\/index.php\/2026\/04\/23\/litterature-aux-72-heures-du-livre-les-visiteurs-a-la-decouverte-des-stands-dediteurs-africains\/#primaryimage\",\"url\":\"https:\/\/www.reporterhorizon.com\/wp-content\/uploads\/2026\/04\/IMG_1409-scaled.jpeg\",\"contentUrl\":\"https:\/\/www.reporterhorizon.com\/wp-content\/uploads\/2026\/04\/IMG_1409-scaled.jpeg\",\"width\":2560,\"height\":2560},{\"@type\":\"BreadcrumbList\",\"@id\":\"https:\/\/www.reporterhorizon.com\/index.php\/2026\/04\/23\/litterature-aux-72-heures-du-livre-les-visiteurs-a-la-decouverte-des-stands-dediteurs-africains\/#breadcrumb\",\"itemListElement\":[{\"@type\":\"ListItem\",\"position\":1,\"name\":\"Accueil\",\"item\":\"https:\/\/www.reporterhorizon.com\/\"},{\"@type\":\"ListItem\",\"position\":2,\"name\":\"Litt\u00e9rature : aux 72 Heures du Livre, les visiteurs \u00e0 la d\u00e9couverte des stands d\u2019\u00e9diteurs africains\"}]},{\"@type\":\"WebSite\",\"@id\":\"https:\/\/www.reporterhorizon.com\/#website\",\"url\":\"https:\/\/www.reporterhorizon.com\/\",\"name\":\"Reporterhorizon\",\"description\":\"\",\"publisher\":{\"@id\":\"https:\/\/www.reporterhorizon.com\/#organization\"},\"potentialAction\":[{\"@type\":\"SearchAction\",\"target\":{\"@type\":\"EntryPoint\",\"urlTemplate\":\"https:\/\/www.reporterhorizon.com\/?s={search_term_string}\"},\"query-input\":{\"@type\":\"PropertyValueSpecification\",\"valueRequired\":true,\"valueName\":\"search_term_string\"}}],\"inLanguage\":\"fr-FR\"},{\"@type\":\"Organization\",\"@id\":\"https:\/\/www.reporterhorizon.com\/#organization\",\"name\":\"Reporterhorizon\",\"url\":\"https:\/\/www.reporterhorizon.com\/\",\"logo\":{\"@type\":\"ImageObject\",\"inLanguage\":\"fr-FR\",\"@id\":\"https:\/\/www.reporterhorizon.com\/#\/schema\/logo\/image\/\",\"url\":\"https:\/\/www.reporterhorizon.com\/wp-content\/uploads\/2025\/07\/LOGO-STUDIO.jpg\",\"contentUrl\":\"https:\/\/www.reporterhorizon.com\/wp-content\/uploads\/2025\/07\/LOGO-STUDIO.jpg\",\"width\":1960,\"height\":560,\"caption\":\"Reporterhorizon\"},\"image\":{\"@id\":\"https:\/\/www.reporterhorizon.com\/#\/schema\/logo\/image\/\"}},{\"@type\":\"Person\",\"@id\":\"https:\/\/www.reporterhorizon.com\/#\/schema\/person\/e54de2937f17a9c3e6a9db78e0dde802\",\"name\":\"Bamba\",\"image\":{\"@type\":\"ImageObject\",\"inLanguage\":\"fr-FR\",\"@id\":\"https:\/\/secure.gravatar.com\/avatar\/0721e5f51669073185223c713f504afe424081e2305d62bf510acd3af15b2469?s=96&d=mm&r=g\",\"url\":\"https:\/\/secure.gravatar.com\/avatar\/0721e5f51669073185223c713f504afe424081e2305d62bf510acd3af15b2469?s=96&d=mm&r=g\",\"contentUrl\":\"https:\/\/secure.gravatar.com\/avatar\/0721e5f51669073185223c713f504afe424081e2305d62bf510acd3af15b2469?s=96&d=mm&r=g\",\"caption\":\"Bamba\"},\"url\":\"https:\/\/www.reporterhorizon.com\/index.php\/author\/bamba\/\"}]}<\/script>\n<!-- \/ Yoast SEO plugin. -->","yoast_head_json":{"title":"Litt\u00e9rature : aux 72 Heures du Livre, les visiteurs \u00e0 la d\u00e9couverte des stands d\u2019\u00e9diteurs africains - Reporterhorizon","robots":{"index":"index","follow":"follow","max-snippet":"max-snippet:-1","max-image-preview":"max-image-preview:large","max-video-preview":"max-video-preview:-1"},"canonical":"https:\/\/www.reporterhorizon.com\/index.php\/2026\/04\/23\/litterature-aux-72-heures-du-livre-les-visiteurs-a-la-decouverte-des-stands-dediteurs-africains\/","og_locale":"fr_FR","og_type":"article","og_title":"Litt\u00e9rature : aux 72 Heures du Livre, les visiteurs \u00e0 la d\u00e9couverte des stands d\u2019\u00e9diteurs africains - Reporterhorizon","og_description":"\u00c0 72 Heures du Livre, l\u2019affluence reste soutenue autour des diff\u00e9rents stands o\u00f9 visiteurs, \u00e9l\u00e8ves et passionn\u00e9s de lecture viennent explorer une diversit\u00e9 d\u2019ouvrages. Cette 18e \u00e9dition, plac\u00e9e sous le th\u00e8me \u00ab Jeunesse et num\u00e9rique : cr\u00e9ativit\u00e9, innovation et engagement \u00bb, offre un cadre propice \u00e0 la d\u00e9couverte et \u00e0 la r\u00e9flexion autour du livre [&hellip;]","og_url":"https:\/\/www.reporterhorizon.com\/index.php\/2026\/04\/23\/litterature-aux-72-heures-du-livre-les-visiteurs-a-la-decouverte-des-stands-dediteurs-africains\/","og_site_name":"Reporterhorizon","article_published_time":"2026-04-23T14:53:06+00:00","article_modified_time":"2026-04-23T14:53:07+00:00","og_image":[{"width":2560,"height":2560,"url":"https:\/\/www.reporterhorizon.com\/wp-content\/uploads\/2026\/04\/IMG_1409-scaled.jpeg","type":"image\/jpeg"}],"author":"Bamba","twitter_card":"summary_large_image","twitter_misc":{"\u00c9crit par":"Bamba","Dur\u00e9e de lecture estim\u00e9e":"2 minutes"},"schema":{"@context":"https:\/\/schema.org","@graph":[{"@type":"Article","@id":"https:\/\/www.reporterhorizon.com\/index.php\/2026\/04\/23\/litterature-aux-72-heures-du-livre-les-visiteurs-a-la-decouverte-des-stands-dediteurs-africains\/#article","isPartOf":{"@id":"https:\/\/www.reporterhorizon.com\/index.php\/2026\/04\/23\/litterature-aux-72-heures-du-livre-les-visiteurs-a-la-decouverte-des-stands-dediteurs-africains\/"},"author":{"name":"Bamba","@id":"https:\/\/www.reporterhorizon.com\/#\/schema\/person\/e54de2937f17a9c3e6a9db78e0dde802"},"headline":"Litt\u00e9rature : aux 72 Heures du Livre, les visiteurs \u00e0 la d\u00e9couverte des stands d\u2019\u00e9diteurs africains","datePublished":"2026-04-23T14:53:06+00:00","dateModified":"2026-04-23T14:53:07+00:00","mainEntityOfPage":{"@id":"https:\/\/www.reporterhorizon.com\/index.php\/2026\/04\/23\/litterature-aux-72-heures-du-livre-les-visiteurs-a-la-decouverte-des-stands-dediteurs-africains\/"},"wordCount":264,"commentCount":0,"publisher":{"@id":"https:\/\/www.reporterhorizon.com\/#organization"},"image":{"@id":"https:\/\/www.reporterhorizon.com\/index.php\/2026\/04\/23\/litterature-aux-72-heures-du-livre-les-visiteurs-a-la-decouverte-des-stands-dediteurs-africains\/#primaryimage"},"thumbnailUrl":"https:\/\/www.reporterhorizon.com\/wp-content\/uploads\/2026\/04\/IMG_1409-1024x1024.jpeg","inLanguage":"fr-FR","potentialAction":[{"@type":"CommentAction","name":"Comment","target":["https:\/\/www.reporterhorizon.com\/index.php\/2026\/04\/23\/litterature-aux-72-heures-du-livre-les-visiteurs-a-la-decouverte-des-stands-dediteurs-africains\/#respond"]}]},{"@type":"WebPage","@id":"https:\/\/www.reporterhorizon.com\/index.php\/2026\/04\/23\/litterature-aux-72-heures-du-livre-les-visiteurs-a-la-decouverte-des-stands-dediteurs-africains\/","url":"https:\/\/www.reporterhorizon.com\/index.php\/2026\/04\/23\/litterature-aux-72-heures-du-livre-les-visiteurs-a-la-decouverte-des-stands-dediteurs-africains\/","name":"Litt\u00e9rature : aux 72 Heures du Livre, les visiteurs \u00e0 la d\u00e9couverte des stands d\u2019\u00e9diteurs africains - Reporterhorizon","isPartOf":{"@id":"https:\/\/www.reporterhorizon.com\/#website"},"primaryImageOfPage":{"@id":"https:\/\/www.reporterhorizon.com\/index.php\/2026\/04\/23\/litterature-aux-72-heures-du-livre-les-visiteurs-a-la-decouverte-des-stands-dediteurs-africains\/#primaryimage"},"image":{"@id":"https:\/\/www.reporterhorizon.com\/index.php\/2026\/04\/23\/litterature-aux-72-heures-du-livre-les-visiteurs-a-la-decouverte-des-stands-dediteurs-africains\/#primaryimage"},"thumbnailUrl":"https:\/\/www.reporterhorizon.com\/wp-content\/uploads\/2026\/04\/IMG_1409-1024x1024.jpeg","datePublished":"2026-04-23T14:53:06+00:00","dateModified":"2026-04-23T14:53:07+00:00","breadcrumb":{"@id":"https:\/\/www.reporterhorizon.com\/index.php\/2026\/04\/23\/litterature-aux-72-heures-du-livre-les-visiteurs-a-la-decouverte-des-stands-dediteurs-africains\/#breadcrumb"},"inLanguage":"fr-FR","potentialAction":[{"@type":"ReadAction","target":["https:\/\/www.reporterhorizon.com\/index.php\/2026\/04\/23\/litterature-aux-72-heures-du-livre-les-visiteurs-a-la-decouverte-des-stands-dediteurs-africains\/"]}]},{"@type":"ImageObject","inLanguage":"fr-FR","@id":"https:\/\/www.reporterhorizon.com\/index.php\/2026\/04\/23\/litterature-aux-72-heures-du-livre-les-visiteurs-a-la-decouverte-des-stands-dediteurs-africains\/#primaryimage","url":"https:\/\/www.reporterhorizon.com\/wp-content\/uploads\/2026\/04\/IMG_1409-scaled.jpeg","contentUrl":"https:\/\/www.reporterhorizon.com\/wp-content\/uploads\/2026\/04\/IMG_1409-scaled.jpeg","width":2560,"height":2560},{"@type":"BreadcrumbList","@id":"https:\/\/www.reporterhorizon.com\/index.php\/2026\/04\/23\/litterature-aux-72-heures-du-livre-les-visiteurs-a-la-decouverte-des-stands-dediteurs-africains\/#breadcrumb","itemListElement":[{"@type":"ListItem","position":1,"name":"Accueil","item":"https:\/\/www.reporterhorizon.com\/"},{"@type":"ListItem","position":2,"name":"Litt\u00e9rature : aux 72 Heures du Livre, les visiteurs \u00e0 la d\u00e9couverte des stands d\u2019\u00e9diteurs africains"}]},{"@type":"WebSite","@id":"https:\/\/www.reporterhorizon.com\/#website","url":"https:\/\/www.reporterhorizon.com\/","name":"Reporterhorizon","description":"","publisher":{"@id":"https:\/\/www.reporterhorizon.com\/#organization"},"potentialAction":[{"@type":"SearchAction","target":{"@type":"EntryPoint","urlTemplate":"https:\/\/www.reporterhorizon.com\/?s={search_term_string}"},"query-input":{"@type":"PropertyValueSpecification","valueRequired":true,"valueName":"search_term_string"}}],"inLanguage":"fr-FR"},{"@type":"Organization","@id":"https:\/\/www.reporterhorizon.com\/#organization","name":"Reporterhorizon","url":"https:\/\/www.reporterhorizon.com\/","logo":{"@type":"ImageObject","inLanguage":"fr-FR","@id":"https:\/\/www.reporterhorizon.com\/#\/schema\/logo\/image\/","url":"https:\/\/www.reporterhorizon.com\/wp-content\/uploads\/2025\/07\/LOGO-STUDIO.jpg","contentUrl":"https:\/\/www.reporterhorizon.com\/wp-content\/uploads\/2025\/07\/LOGO-STUDIO.jpg","width":1960,"height":560,"caption":"Reporterhorizon"},"image":{"@id":"https:\/\/www.reporterhorizon.com\/#\/schema\/logo\/image\/"}},{"@type":"Person","@id":"https:\/\/www.reporterhorizon.com\/#\/schema\/person\/e54de2937f17a9c3e6a9db78e0dde802","name":"Bamba","image":{"@type":"ImageObject","inLanguage":"fr-FR","@id":"https:\/\/secure.gravatar.com\/avatar\/0721e5f51669073185223c713f504afe424081e2305d62bf510acd3af15b2469?s=96&d=mm&r=g","url":"https:\/\/secure.gravatar.com\/avatar\/0721e5f51669073185223c713f504afe424081e2305d62bf510acd3af15b2469?s=96&d=mm&r=g","contentUrl":"https:\/\/secure.gravatar.com\/avatar\/0721e5f51669073185223c713f504afe424081e2305d62bf510acd3af15b2469?s=96&d=mm&r=g","caption":"Bamba"},"url":"https:\/\/www.reporterhorizon.com\/index.php\/author\/bamba\/"}]}},"_links":{"self":[{"href":"https:\/\/www.reporterhorizon.com\/index.php\/wp-json\/wp\/v2\/posts\/7463","targetHints":{"allow":["GET"]}}],"collection":[{"href":"https:\/\/www.reporterhorizon.com\/index.php\/wp-json\/wp\/v2\/posts"}],"about":[{"href":"https:\/\/www.reporterhorizon.com\/index.php\/wp-json\/wp\/v2\/types\/post"}],"author":[{"embeddable":true,"href":"https:\/\/www.reporterhorizon.com\/index.php\/wp-json\/wp\/v2\/users\/42"}],"replies":[{"embeddable":true,"href":"https:\/\/www.reporterhorizon.com\/index.php\/wp-json\/wp\/v2\/comments?post=7463"}],"version-history":[{"count":1,"href":"https:\/\/www.reporterhorizon.com\/index.php\/wp-json\/wp\/v2\/posts\/7463\/revisions"}],"predecessor-version":[{"id":7466,"href":"https:\/\/www.reporterhorizon.com\/index.php\/wp-json\/wp\/v2\/posts\/7463\/revisions\/7466"}],"wp:attachment":[{"href":"https:\/\/www.reporterhorizon.com\/index.php\/wp-json\/wp\/v2\/media?parent=7463"}],"wp:term":[{"taxonomy":"category","embeddable":true,"href":"https:\/\/www.reporterhorizon.com\/index.php\/wp-json\/wp\/v2\/categories?post=7463"},{"taxonomy":"post_tag","embeddable":true,"href":"https:\/\/www.reporterhorizon.com\/index.php\/wp-json\/wp\/v2\/tags?post=7463"}],"curies":[{"name":"wp","href":"https:\/\/api.w.org\/{rel}","templated":true}]}}