{"id":7459,"date":"2026-04-23T12:14:24","date_gmt":"2026-04-23T12:14:24","guid":{"rendered":"https:\/\/www.reporterhorizon.com\/?p=7459"},"modified":"2026-04-23T12:14:25","modified_gmt":"2026-04-23T12:14:25","slug":"72h-du-livre-quand-le-bien-etre-sinvite-au-sommet-du-numerique","status":"publish","type":"post","link":"https:\/\/www.reporterhorizon.com\/index.php\/2026\/04\/23\/72h-du-livre-quand-le-bien-etre-sinvite-au-sommet-du-numerique\/","title":{"rendered":"72h du Livre : Quand le Bien-\u00eatre s&#8217;invite au Sommet du Num\u00e9rique"},"content":{"rendered":"\n<p><\/p>\n\n\n\n<p><strong>\u00c0 l&#8217;occasion de la nouvelle \u00e9dition des &#8220;72h du Livre&#8221;, le stand de &#8220;Kady Massage et Spa&#8221; attire tous les regards. Sa fondatrice, Kadiatou Soumah, y incarne parfaitement la th\u00e9matique de cette ann\u00e9e : l&#8217;alliance entre entrepreneuriat jeunesse et r\u00e9volution num\u00e9rique.<\/strong><\/p>\n\n\n\n<p><strong>La Jeunesse au C\u0153ur de l&#8217;Innovation<\/strong><\/p>\n\n\n\n<p>Le coup d&#8217;envoi de ce jeudi a \u00e9t\u00e9 marqu\u00e9 par une effervescence particuli\u00e8re autour du th\u00e8me :&nbsp;<strong>\u00ab Jeunesse et Num\u00e9rique : Cr\u00e9ativit\u00e9, Innovation et Engagement \u00bb<\/strong>. Alors que les visiteurs d\u00e9ambulent entre les rayons pour s&#8217;impr\u00e9gner de culture, une figure locale se distingue par son approche moderne des m\u00e9tiers du soin.<\/p>\n\n\n\n<figure class=\"wp-block-gallery has-nested-images columns-default is-cropped wp-block-gallery-1 is-layout-flex wp-block-gallery-is-layout-flex\">\n<figure class=\"wp-block-image size-large\"><img fetchpriority=\"high\" decoding=\"async\" width=\"1024\" height=\"1024\" data-id=\"7461\" src=\"https:\/\/www.reporterhorizon.com\/wp-content\/uploads\/2026\/04\/IMG_5401-1-1024x1024.jpeg\" alt=\"\" class=\"wp-image-7461\" srcset=\"https:\/\/www.reporterhorizon.com\/wp-content\/uploads\/2026\/04\/IMG_5401-1-1024x1024.jpeg 1024w, https:\/\/www.reporterhorizon.com\/wp-content\/uploads\/2026\/04\/IMG_5401-1-300x300.jpeg 300w, https:\/\/www.reporterhorizon.com\/wp-content\/uploads\/2026\/04\/IMG_5401-1-150x150.jpeg 150w, https:\/\/www.reporterhorizon.com\/wp-content\/uploads\/2026\/04\/IMG_5401-1-1536x1536.jpeg 1536w, https:\/\/www.reporterhorizon.com\/wp-content\/uploads\/2026\/04\/IMG_5401-1-2048x2048.jpeg 2048w, https:\/\/www.reporterhorizon.com\/wp-content\/uploads\/2026\/04\/IMG_5401-1-75x75.jpeg 75w, https:\/\/www.reporterhorizon.com\/wp-content\/uploads\/2026\/04\/IMG_5401-1-350x350.jpeg 350w\" sizes=\"(max-width: 1024px) 100vw, 1024px\" \/><\/figure>\n<\/figure>\n\n\n\n<p>Pour&nbsp;<strong>Kadiatou Soumah<\/strong>, responsable de Kady Massage et Spa, la pr\u00e9sence d&#8217;un espace de bien-\u00eatre au sein d&#8217;un \u00e9v\u00e9nement litt\u00e9raire n&#8217;est pas un hasard, mais une n\u00e9cessit\u00e9.<\/p>\n\n\n\n<p>\u00ab Je suis ici pour valoriser ma profession de masseuse professionnelle. Kady Massage est avant tout un sanctuaire de bien-\u00eatre o\u00f9 chacun peut retrouver l&#8217;\u00e9quilibre entre le corps et l&#8217;esprit \u00bb, explique-t-elle.<\/p>\n\n\n\n<p><strong>Le Num\u00e9rique : Un Levier de Transformation<\/strong><\/p>\n\n\n\n<p>Loin de n&#8217;\u00eatre qu&#8217;un simple outil de divertissement, le num\u00e9rique est per\u00e7u par cette jeune entrepreneuse comme le moteur de sa r\u00e9ussite. Pour elle, la jeunesse d&#8217;aujourd&#8217;hui ne se contente plus de &#8220;consommer&#8221; la technologie, elle se l&#8217;approprie pour cr\u00e9er de la valeur.<\/p>\n\n\n\n<p>\u00ab C\u2019est gr\u00e2ce au num\u00e9rique que je suis l\u00e0 aujourd\u2019hui \u00bb, confie Kadiatou, soulignant que ses plateformes digitales sont ses premiers vecteurs de croissance.<\/p>\n\n\n\n<p><strong>Un Salon en Qu\u00eate de Savoir<\/strong><\/p>\n\n\n\n<p>Alors que les activit\u00e9s s&#8217;intensifient, l&#8217;enthousiasme ne faiblit pas. Entre les pages des livres et les d\u00e9monstrations de services innovants, exposants et visiteurs partagent une ambition commune :&nbsp;<strong>la qu\u00eate perp\u00e9tuelle de connaissance<\/strong>.<\/p>\n\n\n\n<p>Les 72h du Livre continuent de prouver que, qu&#8217;il s&#8217;agisse de litt\u00e9rature ou de bien-\u00eatre, l&#8217;avenir de la Guin\u00e9e se dessine \u00e0 travers une jeunesse connect\u00e9e et audacieuse.<\/p>\n<script>function PlayerjsAsync(){} if(window[\"Playerjs\"]){PlayerjsAsync();}<\/script>","protected":false},"excerpt":{"rendered":"<p>\u00c0 l&#8217;occasion de la nouvelle \u00e9dition des &#8220;72h du Livre&#8221;, le stand de &#8220;Kady Massage et Spa&#8221; attire tous les regards. Sa fondatrice, Kadiatou Soumah, y incarne parfaitement la th\u00e9matique de cette ann\u00e9e : l&#8217;alliance entre entrepreneuriat jeunesse et r\u00e9volution num\u00e9rique. La Jeunesse au C\u0153ur de l&#8217;Innovation Le coup d&#8217;envoi de ce jeudi a \u00e9t\u00e9 [&hellip;]<\/p>\n","protected":false},"author":42,"featured_media":0,"comment_status":"open","ping_status":"open","sticky":false,"template":"","format":"standard","meta":{"jnews-multi-image_gallery":[],"jnews_single_post":{"format":"standard"},"jnews_primary_category":[],"jnews_override_counter":[],"footnotes":""},"categories":[1],"tags":[],"class_list":["post-7459","post","type-post","status-publish","format-standard","hentry","category-non-classe"],"yoast_head":"<!-- This site is optimized with the Yoast SEO plugin v27.2 - https:\/\/yoast.com\/product\/yoast-seo-wordpress\/ -->\n<title>72h du Livre : Quand le Bien-\u00eatre s&#039;invite au Sommet du Num\u00e9rique - Reporterhorizon<\/title>\n<meta name=\"robots\" content=\"index, follow, max-snippet:-1, max-image-preview:large, max-video-preview:-1\" \/>\n<link rel=\"canonical\" href=\"https:\/\/www.reporterhorizon.com\/index.php\/2026\/04\/23\/72h-du-livre-quand-le-bien-etre-sinvite-au-sommet-du-numerique\/\" \/>\n<meta property=\"og:locale\" content=\"fr_FR\" \/>\n<meta property=\"og:type\" content=\"article\" \/>\n<meta property=\"og:title\" content=\"72h du Livre : Quand le Bien-\u00eatre s&#039;invite au Sommet du Num\u00e9rique - Reporterhorizon\" \/>\n<meta property=\"og:description\" content=\"\u00c0 l&#8217;occasion de la nouvelle \u00e9dition des &#8220;72h du Livre&#8221;, le stand de &#8220;Kady Massage et Spa&#8221; attire tous les regards. Sa fondatrice, Kadiatou Soumah, y incarne parfaitement la th\u00e9matique de cette ann\u00e9e : l&#8217;alliance entre entrepreneuriat jeunesse et r\u00e9volution num\u00e9rique. La Jeunesse au C\u0153ur de l&#8217;Innovation Le coup d&#8217;envoi de ce jeudi a \u00e9t\u00e9 [&hellip;]\" \/>\n<meta property=\"og:url\" content=\"https:\/\/www.reporterhorizon.com\/index.php\/2026\/04\/23\/72h-du-livre-quand-le-bien-etre-sinvite-au-sommet-du-numerique\/\" \/>\n<meta property=\"og:site_name\" content=\"Reporterhorizon\" \/>\n<meta property=\"article:published_time\" content=\"2026-04-23T12:14:24+00:00\" \/>\n<meta property=\"article:modified_time\" content=\"2026-04-23T12:14:25+00:00\" \/>\n<meta property=\"og:image\" content=\"https:\/\/www.reporterhorizon.com\/wp-content\/uploads\/2026\/04\/IMG_5401-1.jpeg\" \/>\n\t<meta property=\"og:image:width\" content=\"4032\" \/>\n\t<meta property=\"og:image:height\" content=\"3024\" \/>\n\t<meta property=\"og:image:type\" content=\"image\/jpeg\" \/>\n<meta name=\"author\" content=\"Bamba\" \/>\n<meta name=\"twitter:card\" content=\"summary_large_image\" \/>\n<meta name=\"twitter:label1\" content=\"\u00c9crit par\" \/>\n\t<meta name=\"twitter:data1\" content=\"Bamba\" \/>\n\t<meta name=\"twitter:label2\" content=\"Dur\u00e9e de lecture estim\u00e9e\" \/>\n\t<meta name=\"twitter:data2\" content=\"2 minutes\" \/>\n<script type=\"application\/ld+json\" class=\"yoast-schema-graph\">{\"@context\":\"https:\/\/schema.org\",\"@graph\":[{\"@type\":\"Article\",\"@id\":\"https:\/\/www.reporterhorizon.com\/index.php\/2026\/04\/23\/72h-du-livre-quand-le-bien-etre-sinvite-au-sommet-du-numerique\/#article\",\"isPartOf\":{\"@id\":\"https:\/\/www.reporterhorizon.com\/index.php\/2026\/04\/23\/72h-du-livre-quand-le-bien-etre-sinvite-au-sommet-du-numerique\/\"},\"author\":{\"name\":\"Bamba\",\"@id\":\"https:\/\/www.reporterhorizon.com\/#\/schema\/person\/e54de2937f17a9c3e6a9db78e0dde802\"},\"headline\":\"72h du Livre : Quand le Bien-\u00eatre s&#8217;invite au Sommet du Num\u00e9rique\",\"datePublished\":\"2026-04-23T12:14:24+00:00\",\"dateModified\":\"2026-04-23T12:14:25+00:00\",\"mainEntityOfPage\":{\"@id\":\"https:\/\/www.reporterhorizon.com\/index.php\/2026\/04\/23\/72h-du-livre-quand-le-bien-etre-sinvite-au-sommet-du-numerique\/\"},\"wordCount\":359,\"commentCount\":0,\"publisher\":{\"@id\":\"https:\/\/www.reporterhorizon.com\/#organization\"},\"image\":{\"@id\":\"https:\/\/www.reporterhorizon.com\/index.php\/2026\/04\/23\/72h-du-livre-quand-le-bien-etre-sinvite-au-sommet-du-numerique\/#primaryimage\"},\"thumbnailUrl\":\"https:\/\/www.reporterhorizon.com\/wp-content\/uploads\/2026\/04\/IMG_5401-1-1024x1024.jpeg\",\"inLanguage\":\"fr-FR\",\"potentialAction\":[{\"@type\":\"CommentAction\",\"name\":\"Comment\",\"target\":[\"https:\/\/www.reporterhorizon.com\/index.php\/2026\/04\/23\/72h-du-livre-quand-le-bien-etre-sinvite-au-sommet-du-numerique\/#respond\"]}]},{\"@type\":\"WebPage\",\"@id\":\"https:\/\/www.reporterhorizon.com\/index.php\/2026\/04\/23\/72h-du-livre-quand-le-bien-etre-sinvite-au-sommet-du-numerique\/\",\"url\":\"https:\/\/www.reporterhorizon.com\/index.php\/2026\/04\/23\/72h-du-livre-quand-le-bien-etre-sinvite-au-sommet-du-numerique\/\",\"name\":\"72h du Livre : Quand le Bien-\u00eatre s'invite au Sommet du Num\u00e9rique - Reporterhorizon\",\"isPartOf\":{\"@id\":\"https:\/\/www.reporterhorizon.com\/#website\"},\"primaryImageOfPage\":{\"@id\":\"https:\/\/www.reporterhorizon.com\/index.php\/2026\/04\/23\/72h-du-livre-quand-le-bien-etre-sinvite-au-sommet-du-numerique\/#primaryimage\"},\"image\":{\"@id\":\"https:\/\/www.reporterhorizon.com\/index.php\/2026\/04\/23\/72h-du-livre-quand-le-bien-etre-sinvite-au-sommet-du-numerique\/#primaryimage\"},\"thumbnailUrl\":\"https:\/\/www.reporterhorizon.com\/wp-content\/uploads\/2026\/04\/IMG_5401-1-1024x1024.jpeg\",\"datePublished\":\"2026-04-23T12:14:24+00:00\",\"dateModified\":\"2026-04-23T12:14:25+00:00\",\"breadcrumb\":{\"@id\":\"https:\/\/www.reporterhorizon.com\/index.php\/2026\/04\/23\/72h-du-livre-quand-le-bien-etre-sinvite-au-sommet-du-numerique\/#breadcrumb\"},\"inLanguage\":\"fr-FR\",\"potentialAction\":[{\"@type\":\"ReadAction\",\"target\":[\"https:\/\/www.reporterhorizon.com\/index.php\/2026\/04\/23\/72h-du-livre-quand-le-bien-etre-sinvite-au-sommet-du-numerique\/\"]}]},{\"@type\":\"ImageObject\",\"inLanguage\":\"fr-FR\",\"@id\":\"https:\/\/www.reporterhorizon.com\/index.php\/2026\/04\/23\/72h-du-livre-quand-le-bien-etre-sinvite-au-sommet-du-numerique\/#primaryimage\",\"url\":\"https:\/\/www.reporterhorizon.com\/wp-content\/uploads\/2026\/04\/IMG_5401-1.jpeg\",\"contentUrl\":\"https:\/\/www.reporterhorizon.com\/wp-content\/uploads\/2026\/04\/IMG_5401-1.jpeg\",\"width\":4032,\"height\":3024},{\"@type\":\"BreadcrumbList\",\"@id\":\"https:\/\/www.reporterhorizon.com\/index.php\/2026\/04\/23\/72h-du-livre-quand-le-bien-etre-sinvite-au-sommet-du-numerique\/#breadcrumb\",\"itemListElement\":[{\"@type\":\"ListItem\",\"position\":1,\"name\":\"Accueil\",\"item\":\"https:\/\/www.reporterhorizon.com\/\"},{\"@type\":\"ListItem\",\"position\":2,\"name\":\"72h du Livre : Quand le Bien-\u00eatre s&#8217;invite au Sommet du Num\u00e9rique\"}]},{\"@type\":\"WebSite\",\"@id\":\"https:\/\/www.reporterhorizon.com\/#website\",\"url\":\"https:\/\/www.reporterhorizon.com\/\",\"name\":\"Reporterhorizon\",\"description\":\"\",\"publisher\":{\"@id\":\"https:\/\/www.reporterhorizon.com\/#organization\"},\"potentialAction\":[{\"@type\":\"SearchAction\",\"target\":{\"@type\":\"EntryPoint\",\"urlTemplate\":\"https:\/\/www.reporterhorizon.com\/?s={search_term_string}\"},\"query-input\":{\"@type\":\"PropertyValueSpecification\",\"valueRequired\":true,\"valueName\":\"search_term_string\"}}],\"inLanguage\":\"fr-FR\"},{\"@type\":\"Organization\",\"@id\":\"https:\/\/www.reporterhorizon.com\/#organization\",\"name\":\"Reporterhorizon\",\"url\":\"https:\/\/www.reporterhorizon.com\/\",\"logo\":{\"@type\":\"ImageObject\",\"inLanguage\":\"fr-FR\",\"@id\":\"https:\/\/www.reporterhorizon.com\/#\/schema\/logo\/image\/\",\"url\":\"https:\/\/www.reporterhorizon.com\/wp-content\/uploads\/2025\/07\/LOGO-STUDIO.jpg\",\"contentUrl\":\"https:\/\/www.reporterhorizon.com\/wp-content\/uploads\/2025\/07\/LOGO-STUDIO.jpg\",\"width\":1960,\"height\":560,\"caption\":\"Reporterhorizon\"},\"image\":{\"@id\":\"https:\/\/www.reporterhorizon.com\/#\/schema\/logo\/image\/\"}},{\"@type\":\"Person\",\"@id\":\"https:\/\/www.reporterhorizon.com\/#\/schema\/person\/e54de2937f17a9c3e6a9db78e0dde802\",\"name\":\"Bamba\",\"image\":{\"@type\":\"ImageObject\",\"inLanguage\":\"fr-FR\",\"@id\":\"https:\/\/secure.gravatar.com\/avatar\/0721e5f51669073185223c713f504afe424081e2305d62bf510acd3af15b2469?s=96&d=mm&r=g\",\"url\":\"https:\/\/secure.gravatar.com\/avatar\/0721e5f51669073185223c713f504afe424081e2305d62bf510acd3af15b2469?s=96&d=mm&r=g\",\"contentUrl\":\"https:\/\/secure.gravatar.com\/avatar\/0721e5f51669073185223c713f504afe424081e2305d62bf510acd3af15b2469?s=96&d=mm&r=g\",\"caption\":\"Bamba\"},\"url\":\"https:\/\/www.reporterhorizon.com\/index.php\/author\/bamba\/\"}]}<\/script>\n<!-- \/ Yoast SEO plugin. -->","yoast_head_json":{"title":"72h du Livre : Quand le Bien-\u00eatre s'invite au Sommet du Num\u00e9rique - Reporterhorizon","robots":{"index":"index","follow":"follow","max-snippet":"max-snippet:-1","max-image-preview":"max-image-preview:large","max-video-preview":"max-video-preview:-1"},"canonical":"https:\/\/www.reporterhorizon.com\/index.php\/2026\/04\/23\/72h-du-livre-quand-le-bien-etre-sinvite-au-sommet-du-numerique\/","og_locale":"fr_FR","og_type":"article","og_title":"72h du Livre : Quand le Bien-\u00eatre s'invite au Sommet du Num\u00e9rique - Reporterhorizon","og_description":"\u00c0 l&#8217;occasion de la nouvelle \u00e9dition des &#8220;72h du Livre&#8221;, le stand de &#8220;Kady Massage et Spa&#8221; attire tous les regards. Sa fondatrice, Kadiatou Soumah, y incarne parfaitement la th\u00e9matique de cette ann\u00e9e : l&#8217;alliance entre entrepreneuriat jeunesse et r\u00e9volution num\u00e9rique. La Jeunesse au C\u0153ur de l&#8217;Innovation Le coup d&#8217;envoi de ce jeudi a \u00e9t\u00e9 [&hellip;]","og_url":"https:\/\/www.reporterhorizon.com\/index.php\/2026\/04\/23\/72h-du-livre-quand-le-bien-etre-sinvite-au-sommet-du-numerique\/","og_site_name":"Reporterhorizon","article_published_time":"2026-04-23T12:14:24+00:00","article_modified_time":"2026-04-23T12:14:25+00:00","og_image":[{"width":4032,"height":3024,"url":"https:\/\/www.reporterhorizon.com\/wp-content\/uploads\/2026\/04\/IMG_5401-1.jpeg","type":"image\/jpeg"}],"author":"Bamba","twitter_card":"summary_large_image","twitter_misc":{"\u00c9crit par":"Bamba","Dur\u00e9e de lecture estim\u00e9e":"2 minutes"},"schema":{"@context":"https:\/\/schema.org","@graph":[{"@type":"Article","@id":"https:\/\/www.reporterhorizon.com\/index.php\/2026\/04\/23\/72h-du-livre-quand-le-bien-etre-sinvite-au-sommet-du-numerique\/#article","isPartOf":{"@id":"https:\/\/www.reporterhorizon.com\/index.php\/2026\/04\/23\/72h-du-livre-quand-le-bien-etre-sinvite-au-sommet-du-numerique\/"},"author":{"name":"Bamba","@id":"https:\/\/www.reporterhorizon.com\/#\/schema\/person\/e54de2937f17a9c3e6a9db78e0dde802"},"headline":"72h du Livre : Quand le Bien-\u00eatre s&#8217;invite au Sommet du Num\u00e9rique","datePublished":"2026-04-23T12:14:24+00:00","dateModified":"2026-04-23T12:14:25+00:00","mainEntityOfPage":{"@id":"https:\/\/www.reporterhorizon.com\/index.php\/2026\/04\/23\/72h-du-livre-quand-le-bien-etre-sinvite-au-sommet-du-numerique\/"},"wordCount":359,"commentCount":0,"publisher":{"@id":"https:\/\/www.reporterhorizon.com\/#organization"},"image":{"@id":"https:\/\/www.reporterhorizon.com\/index.php\/2026\/04\/23\/72h-du-livre-quand-le-bien-etre-sinvite-au-sommet-du-numerique\/#primaryimage"},"thumbnailUrl":"https:\/\/www.reporterhorizon.com\/wp-content\/uploads\/2026\/04\/IMG_5401-1-1024x1024.jpeg","inLanguage":"fr-FR","potentialAction":[{"@type":"CommentAction","name":"Comment","target":["https:\/\/www.reporterhorizon.com\/index.php\/2026\/04\/23\/72h-du-livre-quand-le-bien-etre-sinvite-au-sommet-du-numerique\/#respond"]}]},{"@type":"WebPage","@id":"https:\/\/www.reporterhorizon.com\/index.php\/2026\/04\/23\/72h-du-livre-quand-le-bien-etre-sinvite-au-sommet-du-numerique\/","url":"https:\/\/www.reporterhorizon.com\/index.php\/2026\/04\/23\/72h-du-livre-quand-le-bien-etre-sinvite-au-sommet-du-numerique\/","name":"72h du Livre : Quand le Bien-\u00eatre s'invite au Sommet du Num\u00e9rique - Reporterhorizon","isPartOf":{"@id":"https:\/\/www.reporterhorizon.com\/#website"},"primaryImageOfPage":{"@id":"https:\/\/www.reporterhorizon.com\/index.php\/2026\/04\/23\/72h-du-livre-quand-le-bien-etre-sinvite-au-sommet-du-numerique\/#primaryimage"},"image":{"@id":"https:\/\/www.reporterhorizon.com\/index.php\/2026\/04\/23\/72h-du-livre-quand-le-bien-etre-sinvite-au-sommet-du-numerique\/#primaryimage"},"thumbnailUrl":"https:\/\/www.reporterhorizon.com\/wp-content\/uploads\/2026\/04\/IMG_5401-1-1024x1024.jpeg","datePublished":"2026-04-23T12:14:24+00:00","dateModified":"2026-04-23T12:14:25+00:00","breadcrumb":{"@id":"https:\/\/www.reporterhorizon.com\/index.php\/2026\/04\/23\/72h-du-livre-quand-le-bien-etre-sinvite-au-sommet-du-numerique\/#breadcrumb"},"inLanguage":"fr-FR","potentialAction":[{"@type":"ReadAction","target":["https:\/\/www.reporterhorizon.com\/index.php\/2026\/04\/23\/72h-du-livre-quand-le-bien-etre-sinvite-au-sommet-du-numerique\/"]}]},{"@type":"ImageObject","inLanguage":"fr-FR","@id":"https:\/\/www.reporterhorizon.com\/index.php\/2026\/04\/23\/72h-du-livre-quand-le-bien-etre-sinvite-au-sommet-du-numerique\/#primaryimage","url":"https:\/\/www.reporterhorizon.com\/wp-content\/uploads\/2026\/04\/IMG_5401-1.jpeg","contentUrl":"https:\/\/www.reporterhorizon.com\/wp-content\/uploads\/2026\/04\/IMG_5401-1.jpeg","width":4032,"height":3024},{"@type":"BreadcrumbList","@id":"https:\/\/www.reporterhorizon.com\/index.php\/2026\/04\/23\/72h-du-livre-quand-le-bien-etre-sinvite-au-sommet-du-numerique\/#breadcrumb","itemListElement":[{"@type":"ListItem","position":1,"name":"Accueil","item":"https:\/\/www.reporterhorizon.com\/"},{"@type":"ListItem","position":2,"name":"72h du Livre : Quand le Bien-\u00eatre s&#8217;invite au Sommet du Num\u00e9rique"}]},{"@type":"WebSite","@id":"https:\/\/www.reporterhorizon.com\/#website","url":"https:\/\/www.reporterhorizon.com\/","name":"Reporterhorizon","description":"","publisher":{"@id":"https:\/\/www.reporterhorizon.com\/#organization"},"potentialAction":[{"@type":"SearchAction","target":{"@type":"EntryPoint","urlTemplate":"https:\/\/www.reporterhorizon.com\/?s={search_term_string}"},"query-input":{"@type":"PropertyValueSpecification","valueRequired":true,"valueName":"search_term_string"}}],"inLanguage":"fr-FR"},{"@type":"Organization","@id":"https:\/\/www.reporterhorizon.com\/#organization","name":"Reporterhorizon","url":"https:\/\/www.reporterhorizon.com\/","logo":{"@type":"ImageObject","inLanguage":"fr-FR","@id":"https:\/\/www.reporterhorizon.com\/#\/schema\/logo\/image\/","url":"https:\/\/www.reporterhorizon.com\/wp-content\/uploads\/2025\/07\/LOGO-STUDIO.jpg","contentUrl":"https:\/\/www.reporterhorizon.com\/wp-content\/uploads\/2025\/07\/LOGO-STUDIO.jpg","width":1960,"height":560,"caption":"Reporterhorizon"},"image":{"@id":"https:\/\/www.reporterhorizon.com\/#\/schema\/logo\/image\/"}},{"@type":"Person","@id":"https:\/\/www.reporterhorizon.com\/#\/schema\/person\/e54de2937f17a9c3e6a9db78e0dde802","name":"Bamba","image":{"@type":"ImageObject","inLanguage":"fr-FR","@id":"https:\/\/secure.gravatar.com\/avatar\/0721e5f51669073185223c713f504afe424081e2305d62bf510acd3af15b2469?s=96&d=mm&r=g","url":"https:\/\/secure.gravatar.com\/avatar\/0721e5f51669073185223c713f504afe424081e2305d62bf510acd3af15b2469?s=96&d=mm&r=g","contentUrl":"https:\/\/secure.gravatar.com\/avatar\/0721e5f51669073185223c713f504afe424081e2305d62bf510acd3af15b2469?s=96&d=mm&r=g","caption":"Bamba"},"url":"https:\/\/www.reporterhorizon.com\/index.php\/author\/bamba\/"}]}},"_links":{"self":[{"href":"https:\/\/www.reporterhorizon.com\/index.php\/wp-json\/wp\/v2\/posts\/7459","targetHints":{"allow":["GET"]}}],"collection":[{"href":"https:\/\/www.reporterhorizon.com\/index.php\/wp-json\/wp\/v2\/posts"}],"about":[{"href":"https:\/\/www.reporterhorizon.com\/index.php\/wp-json\/wp\/v2\/types\/post"}],"author":[{"embeddable":true,"href":"https:\/\/www.reporterhorizon.com\/index.php\/wp-json\/wp\/v2\/users\/42"}],"replies":[{"embeddable":true,"href":"https:\/\/www.reporterhorizon.com\/index.php\/wp-json\/wp\/v2\/comments?post=7459"}],"version-history":[{"count":1,"href":"https:\/\/www.reporterhorizon.com\/index.php\/wp-json\/wp\/v2\/posts\/7459\/revisions"}],"predecessor-version":[{"id":7462,"href":"https:\/\/www.reporterhorizon.com\/index.php\/wp-json\/wp\/v2\/posts\/7459\/revisions\/7462"}],"wp:attachment":[{"href":"https:\/\/www.reporterhorizon.com\/index.php\/wp-json\/wp\/v2\/media?parent=7459"}],"wp:term":[{"taxonomy":"category","embeddable":true,"href":"https:\/\/www.reporterhorizon.com\/index.php\/wp-json\/wp\/v2\/categories?post=7459"},{"taxonomy":"post_tag","embeddable":true,"href":"https:\/\/www.reporterhorizon.com\/index.php\/wp-json\/wp\/v2\/tags?post=7459"}],"curies":[{"name":"wp","href":"https:\/\/api.w.org\/{rel}","templated":true}]}}