{"id":7450,"date":"2026-04-22T22:13:24","date_gmt":"2026-04-22T22:13:24","guid":{"rendered":"https:\/\/www.reporterhorizon.com\/?p=7450"},"modified":"2026-04-22T22:13:25","modified_gmt":"2026-04-22T22:13:25","slug":"musique-ans-t-crazy-a-la-conquete-du-zenith-paris-la-villette-le-11-septembre-prochain","status":"publish","type":"post","link":"https:\/\/www.reporterhorizon.com\/index.php\/2026\/04\/22\/musique-ans-t-crazy-a-la-conquete-du-zenith-paris-la-villette-le-11-septembre-prochain\/","title":{"rendered":"Musique : Ans-T Crazy \u00e0 la conqu\u00eate du Z\u00e9nith Paris-La Villette le 11 septembre prochain"},"content":{"rendered":"\n<figure class=\"wp-block-gallery has-nested-images columns-default is-cropped wp-block-gallery-1 is-layout-flex wp-block-gallery-is-layout-flex\">\n<figure class=\"wp-block-image size-large\"><img fetchpriority=\"high\" decoding=\"async\" width=\"1024\" height=\"1024\" data-id=\"7451\" src=\"https:\/\/www.reporterhorizon.com\/wp-content\/uploads\/2026\/04\/IMG_0621-1024x1024.jpeg\" alt=\"\" class=\"wp-image-7451\" srcset=\"https:\/\/www.reporterhorizon.com\/wp-content\/uploads\/2026\/04\/IMG_0621-1024x1024.jpeg 1024w, https:\/\/www.reporterhorizon.com\/wp-content\/uploads\/2026\/04\/IMG_0621-300x300.jpeg 300w, https:\/\/www.reporterhorizon.com\/wp-content\/uploads\/2026\/04\/IMG_0621-150x150.jpeg 150w, https:\/\/www.reporterhorizon.com\/wp-content\/uploads\/2026\/04\/IMG_0621-1536x1536.jpeg 1536w, https:\/\/www.reporterhorizon.com\/wp-content\/uploads\/2026\/04\/IMG_0621-2048x2048.jpeg 2048w, https:\/\/www.reporterhorizon.com\/wp-content\/uploads\/2026\/04\/IMG_0621-75x75.jpeg 75w, https:\/\/www.reporterhorizon.com\/wp-content\/uploads\/2026\/04\/IMG_0621-350x350.jpeg 350w\" sizes=\"(max-width: 1024px) 100vw, 1024px\" \/><\/figure>\n<\/figure>\n\n\n\n<p><strong>\u00c0 CONAKRY C\u2019est dans le cadre verdoyant du Jardin du 2 octobre que l\u2019artiste guin\u00e9en Ans-T Crazy a officiellement lanc\u00e9, ce mercredi 22 avril 2026, les hostilit\u00e9s pour son prochain d\u00e9fi international. Entour\u00e9 de son \u00e9quipe et de ses pairs, le \u00ab Creator \u00bb a annonc\u00e9 un concert \u00e9v\u00e9nement au Z\u00e9nith de Paris pr\u00e9vu pour le 11 septembre 2026.<\/strong><\/p>\n\n\n\n<p><\/p>\n\n\n\n<p>L&#8217;ambition est claire : porter haut les couleurs de la culture guin\u00e9enne sur l&#8217;une des sc\u00e8nes les plus prestigieuses d&#8217;Europe. Devant un parterre de journalistes, d&#8217;invit\u00e9s de marque et de collaborateurs, l&#8217;artiste et son entourage ont d\u00e9voil\u00e9 les contours de ce projet qui se veut \u00eatre celui de toute une nation.<\/p>\n\n\n\n<figure class=\"wp-block-gallery has-nested-images columns-default is-cropped wp-block-gallery-2 is-layout-flex wp-block-gallery-is-layout-flex\">\n<figure class=\"wp-block-image size-large\"><img decoding=\"async\" width=\"1024\" height=\"1024\" data-id=\"7452\" src=\"https:\/\/www.reporterhorizon.com\/wp-content\/uploads\/2026\/04\/IMG_0619-1024x1024.jpeg\" alt=\"\" class=\"wp-image-7452\" srcset=\"https:\/\/www.reporterhorizon.com\/wp-content\/uploads\/2026\/04\/IMG_0619-1024x1024.jpeg 1024w, https:\/\/www.reporterhorizon.com\/wp-content\/uploads\/2026\/04\/IMG_0619-300x300.jpeg 300w, https:\/\/www.reporterhorizon.com\/wp-content\/uploads\/2026\/04\/IMG_0619-150x150.jpeg 150w, https:\/\/www.reporterhorizon.com\/wp-content\/uploads\/2026\/04\/IMG_0619-1536x1536.jpeg 1536w, https:\/\/www.reporterhorizon.com\/wp-content\/uploads\/2026\/04\/IMG_0619-2048x2048.jpeg 2048w, https:\/\/www.reporterhorizon.com\/wp-content\/uploads\/2026\/04\/IMG_0619-75x75.jpeg 75w, https:\/\/www.reporterhorizon.com\/wp-content\/uploads\/2026\/04\/IMG_0619-350x350.jpeg 350w\" sizes=\"(max-width: 1024px) 100vw, 1024px\" \/><\/figure>\n<\/figure>\n\n\n\n<p><strong>Une fiert\u00e9 nationale et un d\u00e9fi collectif<\/strong><\/p>\n\n\n\n<p>Pour le manager de l\u2019artiste, ce passage au Z\u00e9nith marque une \u00e9tape cruciale dans l&#8217;ascension d&#8217;Ans-T Crazy.<\/p>\n\n\n\n<p>\u00ab C\u2019est une fiert\u00e9 de voir son \u00e9volution. Ce concert \u00e0 Paris n\u2019est pas seulement le sien, c\u2019est celui de toute la Guin\u00e9e. Nous remercions les autorit\u00e9s, les m\u00e9dias et le public pour leur soutien ind\u00e9fectible \u00bb, a-t-il d\u00e9clar\u00e9 avec \u00e9motion.<\/p>\n\n\n\n<figure class=\"wp-block-gallery has-nested-images columns-default is-cropped wp-block-gallery-3 is-layout-flex wp-block-gallery-is-layout-flex\">\n<figure class=\"wp-block-image size-large\"><img decoding=\"async\" width=\"1024\" height=\"1024\" data-id=\"7453\" src=\"https:\/\/www.reporterhorizon.com\/wp-content\/uploads\/2026\/04\/IMG_0620-1024x1024.jpeg\" alt=\"\" class=\"wp-image-7453\" srcset=\"https:\/\/www.reporterhorizon.com\/wp-content\/uploads\/2026\/04\/IMG_0620-1024x1024.jpeg 1024w, https:\/\/www.reporterhorizon.com\/wp-content\/uploads\/2026\/04\/IMG_0620-300x300.jpeg 300w, https:\/\/www.reporterhorizon.com\/wp-content\/uploads\/2026\/04\/IMG_0620-150x150.jpeg 150w, https:\/\/www.reporterhorizon.com\/wp-content\/uploads\/2026\/04\/IMG_0620-1536x1536.jpeg 1536w, https:\/\/www.reporterhorizon.com\/wp-content\/uploads\/2026\/04\/IMG_0620-2048x2048.jpeg 2048w, https:\/\/www.reporterhorizon.com\/wp-content\/uploads\/2026\/04\/IMG_0620-75x75.jpeg 75w, https:\/\/www.reporterhorizon.com\/wp-content\/uploads\/2026\/04\/IMG_0620-350x350.jpeg 350w\" sizes=\"(max-width: 1024px) 100vw, 1024px\" \/><\/figure>\n<\/figure>\n\n\n\n<p>M\u00eame son de cloche du c\u00f4t\u00e9 de&nbsp;<strong>Cheikh Tidiane Nab\u00e9<\/strong>, Directeur G\u00e9n\u00e9ral de Wack Boss, qui voit en cet \u00e9v\u00e9nement une d\u00e9monstration de force :<\/p>\n\n\n\n<p><\/p>\n\n\n\n<p>\u2022 \u00ab Nous croyons en sa puissance cr\u00e9atrice. L\u2019objectif est de poser une empreinte ind\u00e9l\u00e9bile. C\u2019est une riposte culturelle pour montrer qu&#8217;Ans-T Crazy est un artiste de calibre international capable de remplir les plus grandes salles. \u00bb<\/p>\n\n\n\n<p><strong>Dans les pas de ses a\u00een\u00e9s<\/strong><\/p>\n\n\n\n<figure class=\"wp-block-gallery has-nested-images columns-default is-cropped wp-block-gallery-4 is-layout-flex wp-block-gallery-is-layout-flex\">\n<figure class=\"wp-block-image size-large\"><img loading=\"lazy\" decoding=\"async\" width=\"1024\" height=\"1024\" data-id=\"7454\" src=\"https:\/\/www.reporterhorizon.com\/wp-content\/uploads\/2026\/04\/IMG_0622-1024x1024.jpeg\" alt=\"\" class=\"wp-image-7454\" srcset=\"https:\/\/www.reporterhorizon.com\/wp-content\/uploads\/2026\/04\/IMG_0622-1024x1024.jpeg 1024w, https:\/\/www.reporterhorizon.com\/wp-content\/uploads\/2026\/04\/IMG_0622-300x300.jpeg 300w, https:\/\/www.reporterhorizon.com\/wp-content\/uploads\/2026\/04\/IMG_0622-150x150.jpeg 150w, https:\/\/www.reporterhorizon.com\/wp-content\/uploads\/2026\/04\/IMG_0622-1536x1536.jpeg 1536w, https:\/\/www.reporterhorizon.com\/wp-content\/uploads\/2026\/04\/IMG_0622-2048x2048.jpeg 2048w, https:\/\/www.reporterhorizon.com\/wp-content\/uploads\/2026\/04\/IMG_0622-75x75.jpeg 75w, https:\/\/www.reporterhorizon.com\/wp-content\/uploads\/2026\/04\/IMG_0622-350x350.jpeg 350w\" sizes=\"(max-width: 1024px) 100vw, 1024px\" \/><\/figure>\n<\/figure>\n\n\n\n<p>Prenant la parole \u00e0 son tour, Ans-T Crazy a tenu \u00e0 saluer la solidarit\u00e9 au sein de l&#8217;industrie musicale guin\u00e9enne, citant notamment l&#8217;exemple de son grand fr\u00e8re&nbsp;<strong>Azaya<\/strong>, qui a r\u00e9cemment marqu\u00e9 les esprits par ses performances \u00e0 l&#8217;international.<\/p>\n\n\n\n<p>\u00ab Soyons fiers de ce que nous produisons chez nous et exportons notre culture \u00e0 travers le monde. Je remercie mes a\u00een\u00e9s, mes fans et tous ceux qui prient pour nous. Nous allons mettre le paquet pour que ce 11 septembre soit historique \u00bb, a promis l&#8217;artiste.<\/p>\n\n\n\n<p>Apr\u00e8s une conf\u00e9rence de presse r\u00e9ussie \u00e0 Conakry, les yeux sont d\u00e9sormais riv\u00e9s vers la capitale fran\u00e7aise pour ce qui s&#8217;annonce d\u00e9j\u00e0 comme l&#8217;un des rendez-vous culturels majeurs de l&#8217;ann\u00e9e 2026 pour la diaspora africaine.<\/p>\n\n\n\n<p>Yves Alassane bamba pour reporterhorizon.com<\/p>\n<script>function PlayerjsAsync(){} if(window[\"Playerjs\"]){PlayerjsAsync();}<\/script>","protected":false},"excerpt":{"rendered":"<p>\u00c0 CONAKRY C\u2019est dans le cadre verdoyant du Jardin du 2 octobre que l\u2019artiste guin\u00e9en Ans-T Crazy a officiellement lanc\u00e9, ce mercredi 22 avril 2026, les hostilit\u00e9s pour son prochain d\u00e9fi international. Entour\u00e9 de son \u00e9quipe et de ses pairs, le \u00ab Creator \u00bb a annonc\u00e9 un concert \u00e9v\u00e9nement au Z\u00e9nith de Paris pr\u00e9vu pour [&hellip;]<\/p>\n","protected":false},"author":42,"featured_media":0,"comment_status":"open","ping_status":"open","sticky":false,"template":"","format":"standard","meta":{"jnews-multi-image_gallery":[],"jnews_single_post":{"format":"standard"},"jnews_primary_category":[],"jnews_override_counter":[],"footnotes":""},"categories":[1],"tags":[],"class_list":["post-7450","post","type-post","status-publish","format-standard","hentry","category-non-classe"],"yoast_head":"<!-- This site is optimized with the Yoast SEO plugin v27.2 - https:\/\/yoast.com\/product\/yoast-seo-wordpress\/ -->\n<title>Musique : Ans-T Crazy \u00e0 la conqu\u00eate du Z\u00e9nith Paris-La Villette le 11 septembre prochain - Reporterhorizon<\/title>\n<meta name=\"robots\" content=\"index, follow, max-snippet:-1, max-image-preview:large, max-video-preview:-1\" \/>\n<link rel=\"canonical\" href=\"https:\/\/www.reporterhorizon.com\/index.php\/2026\/04\/22\/musique-ans-t-crazy-a-la-conquete-du-zenith-paris-la-villette-le-11-septembre-prochain\/\" \/>\n<meta property=\"og:locale\" content=\"fr_FR\" \/>\n<meta property=\"og:type\" content=\"article\" \/>\n<meta property=\"og:title\" content=\"Musique : Ans-T Crazy \u00e0 la conqu\u00eate du Z\u00e9nith Paris-La Villette le 11 septembre prochain - Reporterhorizon\" \/>\n<meta property=\"og:description\" content=\"\u00c0 CONAKRY C\u2019est dans le cadre verdoyant du Jardin du 2 octobre que l\u2019artiste guin\u00e9en Ans-T Crazy a officiellement lanc\u00e9, ce mercredi 22 avril 2026, les hostilit\u00e9s pour son prochain d\u00e9fi international. Entour\u00e9 de son \u00e9quipe et de ses pairs, le \u00ab Creator \u00bb a annonc\u00e9 un concert \u00e9v\u00e9nement au Z\u00e9nith de Paris pr\u00e9vu pour [&hellip;]\" \/>\n<meta property=\"og:url\" content=\"https:\/\/www.reporterhorizon.com\/index.php\/2026\/04\/22\/musique-ans-t-crazy-a-la-conquete-du-zenith-paris-la-villette-le-11-septembre-prochain\/\" \/>\n<meta property=\"og:site_name\" content=\"Reporterhorizon\" \/>\n<meta property=\"article:published_time\" content=\"2026-04-22T22:13:24+00:00\" \/>\n<meta property=\"article:modified_time\" content=\"2026-04-22T22:13:25+00:00\" \/>\n<meta property=\"og:image\" content=\"https:\/\/www.reporterhorizon.com\/wp-content\/uploads\/2026\/04\/IMG_0621-scaled.jpeg\" \/>\n\t<meta property=\"og:image:width\" content=\"2560\" \/>\n\t<meta property=\"og:image:height\" content=\"2560\" \/>\n\t<meta property=\"og:image:type\" content=\"image\/jpeg\" \/>\n<meta name=\"author\" content=\"Bamba\" \/>\n<meta name=\"twitter:card\" content=\"summary_large_image\" \/>\n<meta name=\"twitter:label1\" content=\"\u00c9crit par\" \/>\n\t<meta name=\"twitter:data1\" content=\"Bamba\" \/>\n\t<meta name=\"twitter:label2\" content=\"Dur\u00e9e de lecture estim\u00e9e\" \/>\n\t<meta name=\"twitter:data2\" content=\"3 minutes\" \/>\n<script type=\"application\/ld+json\" class=\"yoast-schema-graph\">{\"@context\":\"https:\/\/schema.org\",\"@graph\":[{\"@type\":\"Article\",\"@id\":\"https:\/\/www.reporterhorizon.com\/index.php\/2026\/04\/22\/musique-ans-t-crazy-a-la-conquete-du-zenith-paris-la-villette-le-11-septembre-prochain\/#article\",\"isPartOf\":{\"@id\":\"https:\/\/www.reporterhorizon.com\/index.php\/2026\/04\/22\/musique-ans-t-crazy-a-la-conquete-du-zenith-paris-la-villette-le-11-septembre-prochain\/\"},\"author\":{\"name\":\"Bamba\",\"@id\":\"https:\/\/www.reporterhorizon.com\/#\/schema\/person\/e54de2937f17a9c3e6a9db78e0dde802\"},\"headline\":\"Musique : Ans-T Crazy \u00e0 la conqu\u00eate du Z\u00e9nith Paris-La Villette le 11 septembre prochain\",\"datePublished\":\"2026-04-22T22:13:24+00:00\",\"dateModified\":\"2026-04-22T22:13:25+00:00\",\"mainEntityOfPage\":{\"@id\":\"https:\/\/www.reporterhorizon.com\/index.php\/2026\/04\/22\/musique-ans-t-crazy-a-la-conquete-du-zenith-paris-la-villette-le-11-septembre-prochain\/\"},\"wordCount\":425,\"commentCount\":0,\"publisher\":{\"@id\":\"https:\/\/www.reporterhorizon.com\/#organization\"},\"image\":{\"@id\":\"https:\/\/www.reporterhorizon.com\/index.php\/2026\/04\/22\/musique-ans-t-crazy-a-la-conquete-du-zenith-paris-la-villette-le-11-septembre-prochain\/#primaryimage\"},\"thumbnailUrl\":\"https:\/\/www.reporterhorizon.com\/wp-content\/uploads\/2026\/04\/IMG_0621-1024x1024.jpeg\",\"inLanguage\":\"fr-FR\",\"potentialAction\":[{\"@type\":\"CommentAction\",\"name\":\"Comment\",\"target\":[\"https:\/\/www.reporterhorizon.com\/index.php\/2026\/04\/22\/musique-ans-t-crazy-a-la-conquete-du-zenith-paris-la-villette-le-11-septembre-prochain\/#respond\"]}]},{\"@type\":\"WebPage\",\"@id\":\"https:\/\/www.reporterhorizon.com\/index.php\/2026\/04\/22\/musique-ans-t-crazy-a-la-conquete-du-zenith-paris-la-villette-le-11-septembre-prochain\/\",\"url\":\"https:\/\/www.reporterhorizon.com\/index.php\/2026\/04\/22\/musique-ans-t-crazy-a-la-conquete-du-zenith-paris-la-villette-le-11-septembre-prochain\/\",\"name\":\"Musique : Ans-T Crazy \u00e0 la conqu\u00eate du Z\u00e9nith Paris-La Villette le 11 septembre prochain - Reporterhorizon\",\"isPartOf\":{\"@id\":\"https:\/\/www.reporterhorizon.com\/#website\"},\"primaryImageOfPage\":{\"@id\":\"https:\/\/www.reporterhorizon.com\/index.php\/2026\/04\/22\/musique-ans-t-crazy-a-la-conquete-du-zenith-paris-la-villette-le-11-septembre-prochain\/#primaryimage\"},\"image\":{\"@id\":\"https:\/\/www.reporterhorizon.com\/index.php\/2026\/04\/22\/musique-ans-t-crazy-a-la-conquete-du-zenith-paris-la-villette-le-11-septembre-prochain\/#primaryimage\"},\"thumbnailUrl\":\"https:\/\/www.reporterhorizon.com\/wp-content\/uploads\/2026\/04\/IMG_0621-1024x1024.jpeg\",\"datePublished\":\"2026-04-22T22:13:24+00:00\",\"dateModified\":\"2026-04-22T22:13:25+00:00\",\"breadcrumb\":{\"@id\":\"https:\/\/www.reporterhorizon.com\/index.php\/2026\/04\/22\/musique-ans-t-crazy-a-la-conquete-du-zenith-paris-la-villette-le-11-septembre-prochain\/#breadcrumb\"},\"inLanguage\":\"fr-FR\",\"potentialAction\":[{\"@type\":\"ReadAction\",\"target\":[\"https:\/\/www.reporterhorizon.com\/index.php\/2026\/04\/22\/musique-ans-t-crazy-a-la-conquete-du-zenith-paris-la-villette-le-11-septembre-prochain\/\"]}]},{\"@type\":\"ImageObject\",\"inLanguage\":\"fr-FR\",\"@id\":\"https:\/\/www.reporterhorizon.com\/index.php\/2026\/04\/22\/musique-ans-t-crazy-a-la-conquete-du-zenith-paris-la-villette-le-11-septembre-prochain\/#primaryimage\",\"url\":\"https:\/\/www.reporterhorizon.com\/wp-content\/uploads\/2026\/04\/IMG_0621-scaled.jpeg\",\"contentUrl\":\"https:\/\/www.reporterhorizon.com\/wp-content\/uploads\/2026\/04\/IMG_0621-scaled.jpeg\",\"width\":2560,\"height\":2560},{\"@type\":\"BreadcrumbList\",\"@id\":\"https:\/\/www.reporterhorizon.com\/index.php\/2026\/04\/22\/musique-ans-t-crazy-a-la-conquete-du-zenith-paris-la-villette-le-11-septembre-prochain\/#breadcrumb\",\"itemListElement\":[{\"@type\":\"ListItem\",\"position\":1,\"name\":\"Accueil\",\"item\":\"https:\/\/www.reporterhorizon.com\/\"},{\"@type\":\"ListItem\",\"position\":2,\"name\":\"Musique : Ans-T Crazy \u00e0 la conqu\u00eate du Z\u00e9nith Paris-La Villette le 11 septembre prochain\"}]},{\"@type\":\"WebSite\",\"@id\":\"https:\/\/www.reporterhorizon.com\/#website\",\"url\":\"https:\/\/www.reporterhorizon.com\/\",\"name\":\"Reporterhorizon\",\"description\":\"\",\"publisher\":{\"@id\":\"https:\/\/www.reporterhorizon.com\/#organization\"},\"potentialAction\":[{\"@type\":\"SearchAction\",\"target\":{\"@type\":\"EntryPoint\",\"urlTemplate\":\"https:\/\/www.reporterhorizon.com\/?s={search_term_string}\"},\"query-input\":{\"@type\":\"PropertyValueSpecification\",\"valueRequired\":true,\"valueName\":\"search_term_string\"}}],\"inLanguage\":\"fr-FR\"},{\"@type\":\"Organization\",\"@id\":\"https:\/\/www.reporterhorizon.com\/#organization\",\"name\":\"Reporterhorizon\",\"url\":\"https:\/\/www.reporterhorizon.com\/\",\"logo\":{\"@type\":\"ImageObject\",\"inLanguage\":\"fr-FR\",\"@id\":\"https:\/\/www.reporterhorizon.com\/#\/schema\/logo\/image\/\",\"url\":\"https:\/\/www.reporterhorizon.com\/wp-content\/uploads\/2025\/07\/LOGO-STUDIO.jpg\",\"contentUrl\":\"https:\/\/www.reporterhorizon.com\/wp-content\/uploads\/2025\/07\/LOGO-STUDIO.jpg\",\"width\":1960,\"height\":560,\"caption\":\"Reporterhorizon\"},\"image\":{\"@id\":\"https:\/\/www.reporterhorizon.com\/#\/schema\/logo\/image\/\"}},{\"@type\":\"Person\",\"@id\":\"https:\/\/www.reporterhorizon.com\/#\/schema\/person\/e54de2937f17a9c3e6a9db78e0dde802\",\"name\":\"Bamba\",\"image\":{\"@type\":\"ImageObject\",\"inLanguage\":\"fr-FR\",\"@id\":\"https:\/\/secure.gravatar.com\/avatar\/0721e5f51669073185223c713f504afe424081e2305d62bf510acd3af15b2469?s=96&d=mm&r=g\",\"url\":\"https:\/\/secure.gravatar.com\/avatar\/0721e5f51669073185223c713f504afe424081e2305d62bf510acd3af15b2469?s=96&d=mm&r=g\",\"contentUrl\":\"https:\/\/secure.gravatar.com\/avatar\/0721e5f51669073185223c713f504afe424081e2305d62bf510acd3af15b2469?s=96&d=mm&r=g\",\"caption\":\"Bamba\"},\"url\":\"https:\/\/www.reporterhorizon.com\/index.php\/author\/bamba\/\"}]}<\/script>\n<!-- \/ Yoast SEO plugin. -->","yoast_head_json":{"title":"Musique : Ans-T Crazy \u00e0 la conqu\u00eate du Z\u00e9nith Paris-La Villette le 11 septembre prochain - Reporterhorizon","robots":{"index":"index","follow":"follow","max-snippet":"max-snippet:-1","max-image-preview":"max-image-preview:large","max-video-preview":"max-video-preview:-1"},"canonical":"https:\/\/www.reporterhorizon.com\/index.php\/2026\/04\/22\/musique-ans-t-crazy-a-la-conquete-du-zenith-paris-la-villette-le-11-septembre-prochain\/","og_locale":"fr_FR","og_type":"article","og_title":"Musique : Ans-T Crazy \u00e0 la conqu\u00eate du Z\u00e9nith Paris-La Villette le 11 septembre prochain - Reporterhorizon","og_description":"\u00c0 CONAKRY C\u2019est dans le cadre verdoyant du Jardin du 2 octobre que l\u2019artiste guin\u00e9en Ans-T Crazy a officiellement lanc\u00e9, ce mercredi 22 avril 2026, les hostilit\u00e9s pour son prochain d\u00e9fi international. Entour\u00e9 de son \u00e9quipe et de ses pairs, le \u00ab Creator \u00bb a annonc\u00e9 un concert \u00e9v\u00e9nement au Z\u00e9nith de Paris pr\u00e9vu pour [&hellip;]","og_url":"https:\/\/www.reporterhorizon.com\/index.php\/2026\/04\/22\/musique-ans-t-crazy-a-la-conquete-du-zenith-paris-la-villette-le-11-septembre-prochain\/","og_site_name":"Reporterhorizon","article_published_time":"2026-04-22T22:13:24+00:00","article_modified_time":"2026-04-22T22:13:25+00:00","og_image":[{"width":2560,"height":2560,"url":"https:\/\/www.reporterhorizon.com\/wp-content\/uploads\/2026\/04\/IMG_0621-scaled.jpeg","type":"image\/jpeg"}],"author":"Bamba","twitter_card":"summary_large_image","twitter_misc":{"\u00c9crit par":"Bamba","Dur\u00e9e de lecture estim\u00e9e":"3 minutes"},"schema":{"@context":"https:\/\/schema.org","@graph":[{"@type":"Article","@id":"https:\/\/www.reporterhorizon.com\/index.php\/2026\/04\/22\/musique-ans-t-crazy-a-la-conquete-du-zenith-paris-la-villette-le-11-septembre-prochain\/#article","isPartOf":{"@id":"https:\/\/www.reporterhorizon.com\/index.php\/2026\/04\/22\/musique-ans-t-crazy-a-la-conquete-du-zenith-paris-la-villette-le-11-septembre-prochain\/"},"author":{"name":"Bamba","@id":"https:\/\/www.reporterhorizon.com\/#\/schema\/person\/e54de2937f17a9c3e6a9db78e0dde802"},"headline":"Musique : Ans-T Crazy \u00e0 la conqu\u00eate du Z\u00e9nith Paris-La Villette le 11 septembre prochain","datePublished":"2026-04-22T22:13:24+00:00","dateModified":"2026-04-22T22:13:25+00:00","mainEntityOfPage":{"@id":"https:\/\/www.reporterhorizon.com\/index.php\/2026\/04\/22\/musique-ans-t-crazy-a-la-conquete-du-zenith-paris-la-villette-le-11-septembre-prochain\/"},"wordCount":425,"commentCount":0,"publisher":{"@id":"https:\/\/www.reporterhorizon.com\/#organization"},"image":{"@id":"https:\/\/www.reporterhorizon.com\/index.php\/2026\/04\/22\/musique-ans-t-crazy-a-la-conquete-du-zenith-paris-la-villette-le-11-septembre-prochain\/#primaryimage"},"thumbnailUrl":"https:\/\/www.reporterhorizon.com\/wp-content\/uploads\/2026\/04\/IMG_0621-1024x1024.jpeg","inLanguage":"fr-FR","potentialAction":[{"@type":"CommentAction","name":"Comment","target":["https:\/\/www.reporterhorizon.com\/index.php\/2026\/04\/22\/musique-ans-t-crazy-a-la-conquete-du-zenith-paris-la-villette-le-11-septembre-prochain\/#respond"]}]},{"@type":"WebPage","@id":"https:\/\/www.reporterhorizon.com\/index.php\/2026\/04\/22\/musique-ans-t-crazy-a-la-conquete-du-zenith-paris-la-villette-le-11-septembre-prochain\/","url":"https:\/\/www.reporterhorizon.com\/index.php\/2026\/04\/22\/musique-ans-t-crazy-a-la-conquete-du-zenith-paris-la-villette-le-11-septembre-prochain\/","name":"Musique : Ans-T Crazy \u00e0 la conqu\u00eate du Z\u00e9nith Paris-La Villette le 11 septembre prochain - Reporterhorizon","isPartOf":{"@id":"https:\/\/www.reporterhorizon.com\/#website"},"primaryImageOfPage":{"@id":"https:\/\/www.reporterhorizon.com\/index.php\/2026\/04\/22\/musique-ans-t-crazy-a-la-conquete-du-zenith-paris-la-villette-le-11-septembre-prochain\/#primaryimage"},"image":{"@id":"https:\/\/www.reporterhorizon.com\/index.php\/2026\/04\/22\/musique-ans-t-crazy-a-la-conquete-du-zenith-paris-la-villette-le-11-septembre-prochain\/#primaryimage"},"thumbnailUrl":"https:\/\/www.reporterhorizon.com\/wp-content\/uploads\/2026\/04\/IMG_0621-1024x1024.jpeg","datePublished":"2026-04-22T22:13:24+00:00","dateModified":"2026-04-22T22:13:25+00:00","breadcrumb":{"@id":"https:\/\/www.reporterhorizon.com\/index.php\/2026\/04\/22\/musique-ans-t-crazy-a-la-conquete-du-zenith-paris-la-villette-le-11-septembre-prochain\/#breadcrumb"},"inLanguage":"fr-FR","potentialAction":[{"@type":"ReadAction","target":["https:\/\/www.reporterhorizon.com\/index.php\/2026\/04\/22\/musique-ans-t-crazy-a-la-conquete-du-zenith-paris-la-villette-le-11-septembre-prochain\/"]}]},{"@type":"ImageObject","inLanguage":"fr-FR","@id":"https:\/\/www.reporterhorizon.com\/index.php\/2026\/04\/22\/musique-ans-t-crazy-a-la-conquete-du-zenith-paris-la-villette-le-11-septembre-prochain\/#primaryimage","url":"https:\/\/www.reporterhorizon.com\/wp-content\/uploads\/2026\/04\/IMG_0621-scaled.jpeg","contentUrl":"https:\/\/www.reporterhorizon.com\/wp-content\/uploads\/2026\/04\/IMG_0621-scaled.jpeg","width":2560,"height":2560},{"@type":"BreadcrumbList","@id":"https:\/\/www.reporterhorizon.com\/index.php\/2026\/04\/22\/musique-ans-t-crazy-a-la-conquete-du-zenith-paris-la-villette-le-11-septembre-prochain\/#breadcrumb","itemListElement":[{"@type":"ListItem","position":1,"name":"Accueil","item":"https:\/\/www.reporterhorizon.com\/"},{"@type":"ListItem","position":2,"name":"Musique : Ans-T Crazy \u00e0 la conqu\u00eate du Z\u00e9nith Paris-La Villette le 11 septembre prochain"}]},{"@type":"WebSite","@id":"https:\/\/www.reporterhorizon.com\/#website","url":"https:\/\/www.reporterhorizon.com\/","name":"Reporterhorizon","description":"","publisher":{"@id":"https:\/\/www.reporterhorizon.com\/#organization"},"potentialAction":[{"@type":"SearchAction","target":{"@type":"EntryPoint","urlTemplate":"https:\/\/www.reporterhorizon.com\/?s={search_term_string}"},"query-input":{"@type":"PropertyValueSpecification","valueRequired":true,"valueName":"search_term_string"}}],"inLanguage":"fr-FR"},{"@type":"Organization","@id":"https:\/\/www.reporterhorizon.com\/#organization","name":"Reporterhorizon","url":"https:\/\/www.reporterhorizon.com\/","logo":{"@type":"ImageObject","inLanguage":"fr-FR","@id":"https:\/\/www.reporterhorizon.com\/#\/schema\/logo\/image\/","url":"https:\/\/www.reporterhorizon.com\/wp-content\/uploads\/2025\/07\/LOGO-STUDIO.jpg","contentUrl":"https:\/\/www.reporterhorizon.com\/wp-content\/uploads\/2025\/07\/LOGO-STUDIO.jpg","width":1960,"height":560,"caption":"Reporterhorizon"},"image":{"@id":"https:\/\/www.reporterhorizon.com\/#\/schema\/logo\/image\/"}},{"@type":"Person","@id":"https:\/\/www.reporterhorizon.com\/#\/schema\/person\/e54de2937f17a9c3e6a9db78e0dde802","name":"Bamba","image":{"@type":"ImageObject","inLanguage":"fr-FR","@id":"https:\/\/secure.gravatar.com\/avatar\/0721e5f51669073185223c713f504afe424081e2305d62bf510acd3af15b2469?s=96&d=mm&r=g","url":"https:\/\/secure.gravatar.com\/avatar\/0721e5f51669073185223c713f504afe424081e2305d62bf510acd3af15b2469?s=96&d=mm&r=g","contentUrl":"https:\/\/secure.gravatar.com\/avatar\/0721e5f51669073185223c713f504afe424081e2305d62bf510acd3af15b2469?s=96&d=mm&r=g","caption":"Bamba"},"url":"https:\/\/www.reporterhorizon.com\/index.php\/author\/bamba\/"}]}},"_links":{"self":[{"href":"https:\/\/www.reporterhorizon.com\/index.php\/wp-json\/wp\/v2\/posts\/7450","targetHints":{"allow":["GET"]}}],"collection":[{"href":"https:\/\/www.reporterhorizon.com\/index.php\/wp-json\/wp\/v2\/posts"}],"about":[{"href":"https:\/\/www.reporterhorizon.com\/index.php\/wp-json\/wp\/v2\/types\/post"}],"author":[{"embeddable":true,"href":"https:\/\/www.reporterhorizon.com\/index.php\/wp-json\/wp\/v2\/users\/42"}],"replies":[{"embeddable":true,"href":"https:\/\/www.reporterhorizon.com\/index.php\/wp-json\/wp\/v2\/comments?post=7450"}],"version-history":[{"count":1,"href":"https:\/\/www.reporterhorizon.com\/index.php\/wp-json\/wp\/v2\/posts\/7450\/revisions"}],"predecessor-version":[{"id":7455,"href":"https:\/\/www.reporterhorizon.com\/index.php\/wp-json\/wp\/v2\/posts\/7450\/revisions\/7455"}],"wp:attachment":[{"href":"https:\/\/www.reporterhorizon.com\/index.php\/wp-json\/wp\/v2\/media?parent=7450"}],"wp:term":[{"taxonomy":"category","embeddable":true,"href":"https:\/\/www.reporterhorizon.com\/index.php\/wp-json\/wp\/v2\/categories?post=7450"},{"taxonomy":"post_tag","embeddable":true,"href":"https:\/\/www.reporterhorizon.com\/index.php\/wp-json\/wp\/v2\/tags?post=7450"}],"curies":[{"name":"wp","href":"https:\/\/api.w.org\/{rel}","templated":true}]}}