{"id":7446,"date":"2026-04-22T13:41:17","date_gmt":"2026-04-22T13:41:17","guid":{"rendered":"https:\/\/www.reporterhorizon.com\/?p=7446"},"modified":"2026-04-22T13:46:37","modified_gmt":"2026-04-22T13:46:37","slug":"infrastructure-lancement-officiel-du-chantier-de-simandou-tv-a-koloma","status":"publish","type":"post","link":"https:\/\/www.reporterhorizon.com\/index.php\/2026\/04\/22\/infrastructure-lancement-officiel-du-chantier-de-simandou-tv-a-koloma\/","title":{"rendered":"Infrastructure : lancement officiel du chantier de Simandou TV \u00e0 Koloma"},"content":{"rendered":"\n<figure class=\"wp-block-gallery has-nested-images columns-default is-cropped wp-block-gallery-1 is-layout-flex wp-block-gallery-is-layout-flex\">\n<figure class=\"wp-block-image size-large\"><img fetchpriority=\"high\" decoding=\"async\" width=\"1024\" height=\"1024\" data-id=\"7447\" src=\"https:\/\/www.reporterhorizon.com\/wp-content\/uploads\/2026\/04\/IMG_1383-1024x1024.jpeg\" alt=\"\" class=\"wp-image-7447\" srcset=\"https:\/\/www.reporterhorizon.com\/wp-content\/uploads\/2026\/04\/IMG_1383-1024x1024.jpeg 1024w, https:\/\/www.reporterhorizon.com\/wp-content\/uploads\/2026\/04\/IMG_1383-300x300.jpeg 300w, https:\/\/www.reporterhorizon.com\/wp-content\/uploads\/2026\/04\/IMG_1383-150x150.jpeg 150w, https:\/\/www.reporterhorizon.com\/wp-content\/uploads\/2026\/04\/IMG_1383-768x768.jpeg 768w, https:\/\/www.reporterhorizon.com\/wp-content\/uploads\/2026\/04\/IMG_1383-1536x1536.jpeg 1536w, https:\/\/www.reporterhorizon.com\/wp-content\/uploads\/2026\/04\/IMG_1383-2048x2048.jpeg 2048w, https:\/\/www.reporterhorizon.com\/wp-content\/uploads\/2026\/04\/IMG_1383-75x75.jpeg 75w, https:\/\/www.reporterhorizon.com\/wp-content\/uploads\/2026\/04\/IMG_1383-350x350.jpeg 350w, https:\/\/www.reporterhorizon.com\/wp-content\/uploads\/2026\/04\/IMG_1383-750x750.jpeg 750w, https:\/\/www.reporterhorizon.com\/wp-content\/uploads\/2026\/04\/IMG_1383-1140x1140.jpeg 1140w, https:\/\/www.reporterhorizon.com\/wp-content\/uploads\/2026\/04\/IMG_1383.jpeg 896w\" sizes=\"(max-width: 1024px) 100vw, 1024px\" \/><\/figure>\n<\/figure>\n\n\n\n<p>Dans le cadre de la modernisation des infrastructures m\u00e9diatiques et du d\u00e9veloppement du num\u00e9rique en Guin\u00e9e, le projet Simandou 2040 franchit une \u00e9tape d\u00e9cisive. Ce mercredi 22 avril 2026, le Minist\u00e8re de la Communication, de l\u2019\u00c9conomie num\u00e9rique et de l\u2019Innovation, en partenariat avec le cabinet TAS Total Architecture Studio, a proc\u00e9d\u00e9 \u00e0 la pose de la premi\u00e8re pierre de Simandou TV, sur le site de Koloma.<\/p>\n\n\n\n<p>La c\u00e9r\u00e9monie s\u2019est tenue en pr\u00e9sence de plusieurs personnalit\u00e9s, notamment le pr\u00e9sident de la Haute Autorit\u00e9 de la Communication (HAC), Boubacar Yacine Diallo, ainsi que le ministre de tutelle, Mourana Soumah. Dans son allocution, ce dernier a rappel\u00e9 la port\u00e9e strat\u00e9gique du projet :<\/p>\n\n\n\n<p>\u00ab Nous ex\u00e9cutons les instructions du G\u00e9n\u00e9ral Mamadi Doumbouya pour la cr\u00e9ation d\u2019une t\u00e9l\u00e9vision port\u00e9e par les jeunes et d\u00e9di\u00e9e \u00e0 la promotion de l\u2019entrepreneuriat. Cela s\u2019inscrit dans le programme Simandou 2040 \u00bb, a-t-il affirm\u00e9.<\/p>\n\n\n\n<p>Prenant la parole \u00e0 son tour, la gouverneure de la ville de Conakry, le G\u00e9n\u00e9ral Mahawa Camara, a salu\u00e9 une initiative porteuse d\u2019espoir pour les populations. Elle a soulign\u00e9 l\u2019importance des investissements structurants dans l\u2019am\u00e9lioration des conditions de vie et dans l\u2019accompagnement des ambitions nationales :<\/p>\n\n\n\n<p>\u00ab Ce projet traduit la volont\u00e9 des autorit\u00e9s de doter le pays d\u2019infrastructures modernes et adapt\u00e9es aux besoins des jeunes, notamment dans le domaine de la cr\u00e9ation et de l\u2019innovation \u00bb, a-t-elle d\u00e9clar\u00e9.<\/p>\n\n\n\n<p>Selon les autorit\u00e9s, la future infrastructure audiovisuelle de Koloma vise \u00e0 offrir une plateforme d\u2019expression et de formation pour la jeunesse guin\u00e9enne, tout en contribuant \u00e0 la transformation du paysage m\u00e9diatique national.<\/p>\n\n\n\n<p>La pose de cette premi\u00e8re pierre marque ainsi le d\u00e9but effectif des travaux, illustrant la concr\u00e9tisation progressive des ambitions du programme Simandou 2040.<\/p>\n\n\n\n<p>Yves Alassane bamba pour reporterhorizon.com<\/p>\n\n\n\n<p><\/p>\n<script>function PlayerjsAsync(){} if(window[\"Playerjs\"]){PlayerjsAsync();}<\/script>","protected":false},"excerpt":{"rendered":"<p>Dans le cadre de la modernisation des infrastructures m\u00e9diatiques et du d\u00e9veloppement du num\u00e9rique en Guin\u00e9e, le projet Simandou 2040 franchit une \u00e9tape d\u00e9cisive. Ce mercredi 22 avril 2026, le Minist\u00e8re de la Communication, de l\u2019\u00c9conomie num\u00e9rique et de l\u2019Innovation, en partenariat avec le cabinet TAS Total Architecture Studio, a proc\u00e9d\u00e9 \u00e0 la pose de [&hellip;]<\/p>\n","protected":false},"author":42,"featured_media":0,"comment_status":"open","ping_status":"open","sticky":false,"template":"","format":"standard","meta":{"jnews-multi-image_gallery":[],"jnews_single_post":{"format":"standard"},"jnews_primary_category":[],"jnews_override_counter":[],"footnotes":""},"categories":[1],"tags":[],"class_list":["post-7446","post","type-post","status-publish","format-standard","hentry","category-non-classe"],"yoast_head":"<!-- This site is optimized with the Yoast SEO plugin v27.2 - https:\/\/yoast.com\/product\/yoast-seo-wordpress\/ -->\n<title>Infrastructure : lancement officiel du chantier de Simandou TV \u00e0 Koloma - Reporterhorizon<\/title>\n<meta name=\"robots\" content=\"index, follow, max-snippet:-1, max-image-preview:large, max-video-preview:-1\" \/>\n<link rel=\"canonical\" href=\"https:\/\/www.reporterhorizon.com\/index.php\/2026\/04\/22\/infrastructure-lancement-officiel-du-chantier-de-simandou-tv-a-koloma\/\" \/>\n<meta property=\"og:locale\" content=\"fr_FR\" \/>\n<meta property=\"og:type\" content=\"article\" \/>\n<meta property=\"og:title\" content=\"Infrastructure : lancement officiel du chantier de Simandou TV \u00e0 Koloma - Reporterhorizon\" \/>\n<meta property=\"og:description\" content=\"Dans le cadre de la modernisation des infrastructures m\u00e9diatiques et du d\u00e9veloppement du num\u00e9rique en Guin\u00e9e, le projet Simandou 2040 franchit une \u00e9tape d\u00e9cisive. Ce mercredi 22 avril 2026, le Minist\u00e8re de la Communication, de l\u2019\u00c9conomie num\u00e9rique et de l\u2019Innovation, en partenariat avec le cabinet TAS Total Architecture Studio, a proc\u00e9d\u00e9 \u00e0 la pose de [&hellip;]\" \/>\n<meta property=\"og:url\" content=\"https:\/\/www.reporterhorizon.com\/index.php\/2026\/04\/22\/infrastructure-lancement-officiel-du-chantier-de-simandou-tv-a-koloma\/\" \/>\n<meta property=\"og:site_name\" content=\"Reporterhorizon\" \/>\n<meta property=\"article:published_time\" content=\"2026-04-22T13:41:17+00:00\" \/>\n<meta property=\"article:modified_time\" content=\"2026-04-22T13:46:37+00:00\" \/>\n<meta property=\"og:image\" content=\"https:\/\/www.reporterhorizon.com\/wp-content\/uploads\/2026\/04\/IMG_1383.jpeg\" \/>\n\t<meta property=\"og:image:width\" content=\"896\" \/>\n\t<meta property=\"og:image:height\" content=\"896\" \/>\n\t<meta property=\"og:image:type\" content=\"image\/jpeg\" \/>\n<meta name=\"author\" content=\"Bamba\" \/>\n<meta name=\"twitter:card\" content=\"summary_large_image\" \/>\n<meta name=\"twitter:label1\" content=\"\u00c9crit par\" \/>\n\t<meta name=\"twitter:data1\" content=\"Bamba\" \/>\n\t<meta name=\"twitter:label2\" content=\"Dur\u00e9e de lecture estim\u00e9e\" \/>\n\t<meta name=\"twitter:data2\" content=\"2 minutes\" \/>\n<script type=\"application\/ld+json\" class=\"yoast-schema-graph\">{\"@context\":\"https:\/\/schema.org\",\"@graph\":[{\"@type\":\"Article\",\"@id\":\"https:\/\/www.reporterhorizon.com\/index.php\/2026\/04\/22\/infrastructure-lancement-officiel-du-chantier-de-simandou-tv-a-koloma\/#article\",\"isPartOf\":{\"@id\":\"https:\/\/www.reporterhorizon.com\/index.php\/2026\/04\/22\/infrastructure-lancement-officiel-du-chantier-de-simandou-tv-a-koloma\/\"},\"author\":{\"name\":\"Bamba\",\"@id\":\"https:\/\/www.reporterhorizon.com\/#\/schema\/person\/e54de2937f17a9c3e6a9db78e0dde802\"},\"headline\":\"Infrastructure : lancement officiel du chantier de Simandou TV \u00e0 Koloma\",\"datePublished\":\"2026-04-22T13:41:17+00:00\",\"dateModified\":\"2026-04-22T13:46:37+00:00\",\"mainEntityOfPage\":{\"@id\":\"https:\/\/www.reporterhorizon.com\/index.php\/2026\/04\/22\/infrastructure-lancement-officiel-du-chantier-de-simandou-tv-a-koloma\/\"},\"wordCount\":329,\"commentCount\":0,\"publisher\":{\"@id\":\"https:\/\/www.reporterhorizon.com\/#organization\"},\"image\":{\"@id\":\"https:\/\/www.reporterhorizon.com\/index.php\/2026\/04\/22\/infrastructure-lancement-officiel-du-chantier-de-simandou-tv-a-koloma\/#primaryimage\"},\"thumbnailUrl\":\"https:\/\/www.reporterhorizon.com\/wp-content\/uploads\/2026\/04\/IMG_1383-1024x1024.jpeg\",\"inLanguage\":\"fr-FR\",\"potentialAction\":[{\"@type\":\"CommentAction\",\"name\":\"Comment\",\"target\":[\"https:\/\/www.reporterhorizon.com\/index.php\/2026\/04\/22\/infrastructure-lancement-officiel-du-chantier-de-simandou-tv-a-koloma\/#respond\"]}]},{\"@type\":\"WebPage\",\"@id\":\"https:\/\/www.reporterhorizon.com\/index.php\/2026\/04\/22\/infrastructure-lancement-officiel-du-chantier-de-simandou-tv-a-koloma\/\",\"url\":\"https:\/\/www.reporterhorizon.com\/index.php\/2026\/04\/22\/infrastructure-lancement-officiel-du-chantier-de-simandou-tv-a-koloma\/\",\"name\":\"Infrastructure : lancement officiel du chantier de Simandou TV \u00e0 Koloma - Reporterhorizon\",\"isPartOf\":{\"@id\":\"https:\/\/www.reporterhorizon.com\/#website\"},\"primaryImageOfPage\":{\"@id\":\"https:\/\/www.reporterhorizon.com\/index.php\/2026\/04\/22\/infrastructure-lancement-officiel-du-chantier-de-simandou-tv-a-koloma\/#primaryimage\"},\"image\":{\"@id\":\"https:\/\/www.reporterhorizon.com\/index.php\/2026\/04\/22\/infrastructure-lancement-officiel-du-chantier-de-simandou-tv-a-koloma\/#primaryimage\"},\"thumbnailUrl\":\"https:\/\/www.reporterhorizon.com\/wp-content\/uploads\/2026\/04\/IMG_1383-1024x1024.jpeg\",\"datePublished\":\"2026-04-22T13:41:17+00:00\",\"dateModified\":\"2026-04-22T13:46:37+00:00\",\"breadcrumb\":{\"@id\":\"https:\/\/www.reporterhorizon.com\/index.php\/2026\/04\/22\/infrastructure-lancement-officiel-du-chantier-de-simandou-tv-a-koloma\/#breadcrumb\"},\"inLanguage\":\"fr-FR\",\"potentialAction\":[{\"@type\":\"ReadAction\",\"target\":[\"https:\/\/www.reporterhorizon.com\/index.php\/2026\/04\/22\/infrastructure-lancement-officiel-du-chantier-de-simandou-tv-a-koloma\/\"]}]},{\"@type\":\"ImageObject\",\"inLanguage\":\"fr-FR\",\"@id\":\"https:\/\/www.reporterhorizon.com\/index.php\/2026\/04\/22\/infrastructure-lancement-officiel-du-chantier-de-simandou-tv-a-koloma\/#primaryimage\",\"url\":\"https:\/\/www.reporterhorizon.com\/wp-content\/uploads\/2026\/04\/IMG_1383.jpeg\",\"contentUrl\":\"https:\/\/www.reporterhorizon.com\/wp-content\/uploads\/2026\/04\/IMG_1383.jpeg\",\"width\":896,\"height\":896},{\"@type\":\"BreadcrumbList\",\"@id\":\"https:\/\/www.reporterhorizon.com\/index.php\/2026\/04\/22\/infrastructure-lancement-officiel-du-chantier-de-simandou-tv-a-koloma\/#breadcrumb\",\"itemListElement\":[{\"@type\":\"ListItem\",\"position\":1,\"name\":\"Accueil\",\"item\":\"https:\/\/www.reporterhorizon.com\/\"},{\"@type\":\"ListItem\",\"position\":2,\"name\":\"Infrastructure : lancement officiel du chantier de Simandou TV \u00e0 Koloma\"}]},{\"@type\":\"WebSite\",\"@id\":\"https:\/\/www.reporterhorizon.com\/#website\",\"url\":\"https:\/\/www.reporterhorizon.com\/\",\"name\":\"Reporterhorizon\",\"description\":\"\",\"publisher\":{\"@id\":\"https:\/\/www.reporterhorizon.com\/#organization\"},\"potentialAction\":[{\"@type\":\"SearchAction\",\"target\":{\"@type\":\"EntryPoint\",\"urlTemplate\":\"https:\/\/www.reporterhorizon.com\/?s={search_term_string}\"},\"query-input\":{\"@type\":\"PropertyValueSpecification\",\"valueRequired\":true,\"valueName\":\"search_term_string\"}}],\"inLanguage\":\"fr-FR\"},{\"@type\":\"Organization\",\"@id\":\"https:\/\/www.reporterhorizon.com\/#organization\",\"name\":\"Reporterhorizon\",\"url\":\"https:\/\/www.reporterhorizon.com\/\",\"logo\":{\"@type\":\"ImageObject\",\"inLanguage\":\"fr-FR\",\"@id\":\"https:\/\/www.reporterhorizon.com\/#\/schema\/logo\/image\/\",\"url\":\"https:\/\/www.reporterhorizon.com\/wp-content\/uploads\/2025\/07\/LOGO-STUDIO.jpg\",\"contentUrl\":\"https:\/\/www.reporterhorizon.com\/wp-content\/uploads\/2025\/07\/LOGO-STUDIO.jpg\",\"width\":1960,\"height\":560,\"caption\":\"Reporterhorizon\"},\"image\":{\"@id\":\"https:\/\/www.reporterhorizon.com\/#\/schema\/logo\/image\/\"}},{\"@type\":\"Person\",\"@id\":\"https:\/\/www.reporterhorizon.com\/#\/schema\/person\/e54de2937f17a9c3e6a9db78e0dde802\",\"name\":\"Bamba\",\"image\":{\"@type\":\"ImageObject\",\"inLanguage\":\"fr-FR\",\"@id\":\"https:\/\/secure.gravatar.com\/avatar\/0721e5f51669073185223c713f504afe424081e2305d62bf510acd3af15b2469?s=96&d=mm&r=g\",\"url\":\"https:\/\/secure.gravatar.com\/avatar\/0721e5f51669073185223c713f504afe424081e2305d62bf510acd3af15b2469?s=96&d=mm&r=g\",\"contentUrl\":\"https:\/\/secure.gravatar.com\/avatar\/0721e5f51669073185223c713f504afe424081e2305d62bf510acd3af15b2469?s=96&d=mm&r=g\",\"caption\":\"Bamba\"},\"url\":\"https:\/\/www.reporterhorizon.com\/index.php\/author\/bamba\/\"}]}<\/script>\n<!-- \/ Yoast SEO plugin. -->","yoast_head_json":{"title":"Infrastructure : lancement officiel du chantier de Simandou TV \u00e0 Koloma - Reporterhorizon","robots":{"index":"index","follow":"follow","max-snippet":"max-snippet:-1","max-image-preview":"max-image-preview:large","max-video-preview":"max-video-preview:-1"},"canonical":"https:\/\/www.reporterhorizon.com\/index.php\/2026\/04\/22\/infrastructure-lancement-officiel-du-chantier-de-simandou-tv-a-koloma\/","og_locale":"fr_FR","og_type":"article","og_title":"Infrastructure : lancement officiel du chantier de Simandou TV \u00e0 Koloma - Reporterhorizon","og_description":"Dans le cadre de la modernisation des infrastructures m\u00e9diatiques et du d\u00e9veloppement du num\u00e9rique en Guin\u00e9e, le projet Simandou 2040 franchit une \u00e9tape d\u00e9cisive. Ce mercredi 22 avril 2026, le Minist\u00e8re de la Communication, de l\u2019\u00c9conomie num\u00e9rique et de l\u2019Innovation, en partenariat avec le cabinet TAS Total Architecture Studio, a proc\u00e9d\u00e9 \u00e0 la pose de [&hellip;]","og_url":"https:\/\/www.reporterhorizon.com\/index.php\/2026\/04\/22\/infrastructure-lancement-officiel-du-chantier-de-simandou-tv-a-koloma\/","og_site_name":"Reporterhorizon","article_published_time":"2026-04-22T13:41:17+00:00","article_modified_time":"2026-04-22T13:46:37+00:00","og_image":[{"width":896,"height":896,"url":"https:\/\/www.reporterhorizon.com\/wp-content\/uploads\/2026\/04\/IMG_1383.jpeg","type":"image\/jpeg"}],"author":"Bamba","twitter_card":"summary_large_image","twitter_misc":{"\u00c9crit par":"Bamba","Dur\u00e9e de lecture estim\u00e9e":"2 minutes"},"schema":{"@context":"https:\/\/schema.org","@graph":[{"@type":"Article","@id":"https:\/\/www.reporterhorizon.com\/index.php\/2026\/04\/22\/infrastructure-lancement-officiel-du-chantier-de-simandou-tv-a-koloma\/#article","isPartOf":{"@id":"https:\/\/www.reporterhorizon.com\/index.php\/2026\/04\/22\/infrastructure-lancement-officiel-du-chantier-de-simandou-tv-a-koloma\/"},"author":{"name":"Bamba","@id":"https:\/\/www.reporterhorizon.com\/#\/schema\/person\/e54de2937f17a9c3e6a9db78e0dde802"},"headline":"Infrastructure : lancement officiel du chantier de Simandou TV \u00e0 Koloma","datePublished":"2026-04-22T13:41:17+00:00","dateModified":"2026-04-22T13:46:37+00:00","mainEntityOfPage":{"@id":"https:\/\/www.reporterhorizon.com\/index.php\/2026\/04\/22\/infrastructure-lancement-officiel-du-chantier-de-simandou-tv-a-koloma\/"},"wordCount":329,"commentCount":0,"publisher":{"@id":"https:\/\/www.reporterhorizon.com\/#organization"},"image":{"@id":"https:\/\/www.reporterhorizon.com\/index.php\/2026\/04\/22\/infrastructure-lancement-officiel-du-chantier-de-simandou-tv-a-koloma\/#primaryimage"},"thumbnailUrl":"https:\/\/www.reporterhorizon.com\/wp-content\/uploads\/2026\/04\/IMG_1383-1024x1024.jpeg","inLanguage":"fr-FR","potentialAction":[{"@type":"CommentAction","name":"Comment","target":["https:\/\/www.reporterhorizon.com\/index.php\/2026\/04\/22\/infrastructure-lancement-officiel-du-chantier-de-simandou-tv-a-koloma\/#respond"]}]},{"@type":"WebPage","@id":"https:\/\/www.reporterhorizon.com\/index.php\/2026\/04\/22\/infrastructure-lancement-officiel-du-chantier-de-simandou-tv-a-koloma\/","url":"https:\/\/www.reporterhorizon.com\/index.php\/2026\/04\/22\/infrastructure-lancement-officiel-du-chantier-de-simandou-tv-a-koloma\/","name":"Infrastructure : lancement officiel du chantier de Simandou TV \u00e0 Koloma - Reporterhorizon","isPartOf":{"@id":"https:\/\/www.reporterhorizon.com\/#website"},"primaryImageOfPage":{"@id":"https:\/\/www.reporterhorizon.com\/index.php\/2026\/04\/22\/infrastructure-lancement-officiel-du-chantier-de-simandou-tv-a-koloma\/#primaryimage"},"image":{"@id":"https:\/\/www.reporterhorizon.com\/index.php\/2026\/04\/22\/infrastructure-lancement-officiel-du-chantier-de-simandou-tv-a-koloma\/#primaryimage"},"thumbnailUrl":"https:\/\/www.reporterhorizon.com\/wp-content\/uploads\/2026\/04\/IMG_1383-1024x1024.jpeg","datePublished":"2026-04-22T13:41:17+00:00","dateModified":"2026-04-22T13:46:37+00:00","breadcrumb":{"@id":"https:\/\/www.reporterhorizon.com\/index.php\/2026\/04\/22\/infrastructure-lancement-officiel-du-chantier-de-simandou-tv-a-koloma\/#breadcrumb"},"inLanguage":"fr-FR","potentialAction":[{"@type":"ReadAction","target":["https:\/\/www.reporterhorizon.com\/index.php\/2026\/04\/22\/infrastructure-lancement-officiel-du-chantier-de-simandou-tv-a-koloma\/"]}]},{"@type":"ImageObject","inLanguage":"fr-FR","@id":"https:\/\/www.reporterhorizon.com\/index.php\/2026\/04\/22\/infrastructure-lancement-officiel-du-chantier-de-simandou-tv-a-koloma\/#primaryimage","url":"https:\/\/www.reporterhorizon.com\/wp-content\/uploads\/2026\/04\/IMG_1383.jpeg","contentUrl":"https:\/\/www.reporterhorizon.com\/wp-content\/uploads\/2026\/04\/IMG_1383.jpeg","width":896,"height":896},{"@type":"BreadcrumbList","@id":"https:\/\/www.reporterhorizon.com\/index.php\/2026\/04\/22\/infrastructure-lancement-officiel-du-chantier-de-simandou-tv-a-koloma\/#breadcrumb","itemListElement":[{"@type":"ListItem","position":1,"name":"Accueil","item":"https:\/\/www.reporterhorizon.com\/"},{"@type":"ListItem","position":2,"name":"Infrastructure : lancement officiel du chantier de Simandou TV \u00e0 Koloma"}]},{"@type":"WebSite","@id":"https:\/\/www.reporterhorizon.com\/#website","url":"https:\/\/www.reporterhorizon.com\/","name":"Reporterhorizon","description":"","publisher":{"@id":"https:\/\/www.reporterhorizon.com\/#organization"},"potentialAction":[{"@type":"SearchAction","target":{"@type":"EntryPoint","urlTemplate":"https:\/\/www.reporterhorizon.com\/?s={search_term_string}"},"query-input":{"@type":"PropertyValueSpecification","valueRequired":true,"valueName":"search_term_string"}}],"inLanguage":"fr-FR"},{"@type":"Organization","@id":"https:\/\/www.reporterhorizon.com\/#organization","name":"Reporterhorizon","url":"https:\/\/www.reporterhorizon.com\/","logo":{"@type":"ImageObject","inLanguage":"fr-FR","@id":"https:\/\/www.reporterhorizon.com\/#\/schema\/logo\/image\/","url":"https:\/\/www.reporterhorizon.com\/wp-content\/uploads\/2025\/07\/LOGO-STUDIO.jpg","contentUrl":"https:\/\/www.reporterhorizon.com\/wp-content\/uploads\/2025\/07\/LOGO-STUDIO.jpg","width":1960,"height":560,"caption":"Reporterhorizon"},"image":{"@id":"https:\/\/www.reporterhorizon.com\/#\/schema\/logo\/image\/"}},{"@type":"Person","@id":"https:\/\/www.reporterhorizon.com\/#\/schema\/person\/e54de2937f17a9c3e6a9db78e0dde802","name":"Bamba","image":{"@type":"ImageObject","inLanguage":"fr-FR","@id":"https:\/\/secure.gravatar.com\/avatar\/0721e5f51669073185223c713f504afe424081e2305d62bf510acd3af15b2469?s=96&d=mm&r=g","url":"https:\/\/secure.gravatar.com\/avatar\/0721e5f51669073185223c713f504afe424081e2305d62bf510acd3af15b2469?s=96&d=mm&r=g","contentUrl":"https:\/\/secure.gravatar.com\/avatar\/0721e5f51669073185223c713f504afe424081e2305d62bf510acd3af15b2469?s=96&d=mm&r=g","caption":"Bamba"},"url":"https:\/\/www.reporterhorizon.com\/index.php\/author\/bamba\/"}]}},"_links":{"self":[{"href":"https:\/\/www.reporterhorizon.com\/index.php\/wp-json\/wp\/v2\/posts\/7446","targetHints":{"allow":["GET"]}}],"collection":[{"href":"https:\/\/www.reporterhorizon.com\/index.php\/wp-json\/wp\/v2\/posts"}],"about":[{"href":"https:\/\/www.reporterhorizon.com\/index.php\/wp-json\/wp\/v2\/types\/post"}],"author":[{"embeddable":true,"href":"https:\/\/www.reporterhorizon.com\/index.php\/wp-json\/wp\/v2\/users\/42"}],"replies":[{"embeddable":true,"href":"https:\/\/www.reporterhorizon.com\/index.php\/wp-json\/wp\/v2\/comments?post=7446"}],"version-history":[{"count":1,"href":"https:\/\/www.reporterhorizon.com\/index.php\/wp-json\/wp\/v2\/posts\/7446\/revisions"}],"predecessor-version":[{"id":7448,"href":"https:\/\/www.reporterhorizon.com\/index.php\/wp-json\/wp\/v2\/posts\/7446\/revisions\/7448"}],"wp:attachment":[{"href":"https:\/\/www.reporterhorizon.com\/index.php\/wp-json\/wp\/v2\/media?parent=7446"}],"wp:term":[{"taxonomy":"category","embeddable":true,"href":"https:\/\/www.reporterhorizon.com\/index.php\/wp-json\/wp\/v2\/categories?post=7446"},{"taxonomy":"post_tag","embeddable":true,"href":"https:\/\/www.reporterhorizon.com\/index.php\/wp-json\/wp\/v2\/tags?post=7446"}],"curies":[{"name":"wp","href":"https:\/\/api.w.org\/{rel}","templated":true}]}}