{"id":7442,"date":"2026-04-22T09:03:03","date_gmt":"2026-04-22T09:03:03","guid":{"rendered":"https:\/\/www.reporterhorizon.com\/?p=7442"},"modified":"2026-04-22T09:03:04","modified_gmt":"2026-04-22T09:03:04","slug":"football-feminin-les-amazones-u20-du-benin-en-stage-a-lome-pour-preparer-les-eliminatoires-du-mondial-2026","status":"publish","type":"post","link":"https:\/\/www.reporterhorizon.com\/index.php\/2026\/04\/22\/football-feminin-les-amazones-u20-du-benin-en-stage-a-lome-pour-preparer-les-eliminatoires-du-mondial-2026\/","title":{"rendered":"Football f\u00e9minin : les Amazones U20 du B\u00e9nin en stage \u00e0 Lom\u00e9 pour pr\u00e9parer les \u00e9liminatoires du Mondial 2026"},"content":{"rendered":"\n<figure class=\"wp-block-image size-large\"><img fetchpriority=\"high\" decoding=\"async\" width=\"1024\" height=\"1024\" src=\"https:\/\/www.reporterhorizon.com\/wp-content\/uploads\/2026\/04\/IMG_1369-1024x1024.webp\" alt=\"\" class=\"wp-image-7444\" srcset=\"https:\/\/www.reporterhorizon.com\/wp-content\/uploads\/2026\/04\/IMG_1369-1024x1024.webp 1024w, https:\/\/www.reporterhorizon.com\/wp-content\/uploads\/2026\/04\/IMG_1369-300x300.webp 300w, https:\/\/www.reporterhorizon.com\/wp-content\/uploads\/2026\/04\/IMG_1369-150x150.webp 150w, https:\/\/www.reporterhorizon.com\/wp-content\/uploads\/2026\/04\/IMG_1369-1536x1536.webp 1536w, https:\/\/www.reporterhorizon.com\/wp-content\/uploads\/2026\/04\/IMG_1369-2048x2048.webp 2048w, https:\/\/www.reporterhorizon.com\/wp-content\/uploads\/2026\/04\/IMG_1369-75x75.webp 75w, https:\/\/www.reporterhorizon.com\/wp-content\/uploads\/2026\/04\/IMG_1369-350x350.webp 350w\" sizes=\"(max-width: 1024px) 100vw, 1024px\" \/><\/figure>\n\n\n\n<figure class=\"wp-block-gallery has-nested-images columns-default is-cropped wp-block-gallery-1 is-layout-flex wp-block-gallery-is-layout-flex\"><\/figure>\n\n\n\n<p><br>La s\u00e9lection f\u00e9minine U20 du <a href=\"chatgpt:\/\/generic-entity?number=0\">B\u00e9nin<\/a> a entam\u00e9 sa pr\u00e9paration \u00e0 <a href=\"chatgpt:\/\/generic-entity?number=1\">Lom\u00e9<\/a> en vue du quatri\u00e8me et dernier tour des \u00e9liminatoires de la <a href=\"chatgpt:\/\/generic-entity?number=2\">Coupe du Monde F\u00e9minine U20 de la FIFA Pologne 2026<\/a>.<\/p>\n\n\n\n<figure class=\"wp-block-image size-large\"><img decoding=\"async\" width=\"1024\" height=\"1024\" src=\"https:\/\/www.reporterhorizon.com\/wp-content\/uploads\/2026\/04\/IMG_1370-1024x1024.webp\" alt=\"\" class=\"wp-image-7443\" srcset=\"https:\/\/www.reporterhorizon.com\/wp-content\/uploads\/2026\/04\/IMG_1370-1024x1024.webp 1024w, https:\/\/www.reporterhorizon.com\/wp-content\/uploads\/2026\/04\/IMG_1370-300x300.webp 300w, https:\/\/www.reporterhorizon.com\/wp-content\/uploads\/2026\/04\/IMG_1370-150x150.webp 150w, https:\/\/www.reporterhorizon.com\/wp-content\/uploads\/2026\/04\/IMG_1370-1536x1536.webp 1536w, https:\/\/www.reporterhorizon.com\/wp-content\/uploads\/2026\/04\/IMG_1370-2048x2048.webp 2048w, https:\/\/www.reporterhorizon.com\/wp-content\/uploads\/2026\/04\/IMG_1370-75x75.webp 75w, https:\/\/www.reporterhorizon.com\/wp-content\/uploads\/2026\/04\/IMG_1370-350x350.webp 350w\" sizes=\"(max-width: 1024px) 100vw, 1024px\" \/><\/figure>\n\n\n\n<p>Arriv\u00e9es dimanche dans la capitale togolaise, les joueuses b\u00e9ninoises, sous la direction du s\u00e9lectionneur <a href=\"chatgpt:\/\/generic-entity?number=3\">Ouz\u00e9rou Abdoulaye<\/a>, ont effectu\u00e9 leur premi\u00e8re s\u00e9ance d\u2019entra\u00eenement au <a href=\"chatgpt:\/\/generic-entity?number=4\">stade JCA d\u2019Ago\u00e8<\/a>. Ce regroupement \u00e0 l\u2019ext\u00e9rieur marque le d\u00e9but d\u2019une pr\u00e9paration intensive en vue de la double confrontation d\u00e9cisive face \u00e0 la s\u00e9lection U20 f\u00e9minine de la <a href=\"chatgpt:\/\/generic-entity?number=5\">C\u00f4te d\u2019Ivoire<\/a>.<\/p>\n\n\n\n<p><\/p>\n\n\n\n<p>D\u00e8s le lendemain, les Amazones ont poursuivi leur mont\u00e9e en puissance avec une deuxi\u00e8me s\u00e9ance d\u2019entra\u00eenement tenue dans l\u2019apr\u00e8s-midi. Au total, vingt joueuses ont pris part \u00e0 cette reprise, marqu\u00e9e notamment par le retour en s\u00e9lection de <a href=\"chatgpt:\/\/generic-entity?number=6\">Deo Gratias Ebi<\/a>.<\/p>\n\n\n\n<figure class=\"wp-block-gallery has-nested-images columns-default is-cropped wp-block-gallery-2 is-layout-flex wp-block-gallery-is-layout-flex\"><\/figure>\n\n\n\n<p>Le groupe reste toutefois incomplet, avec l\u2019arriv\u00e9e attendue de quatre autres joueuses : <a href=\"chatgpt:\/\/generic-entity?number=7\">Hosane Soukou<\/a>, appel\u00e9e pour la premi\u00e8re fois, ainsi que <a href=\"chatgpt:\/\/generic-entity?number=8\">Na\u00eflath Sadikou<\/a>, <a href=\"chatgpt:\/\/generic-entity?number=9\">Germaine Honfo<\/a> et <a href=\"chatgpt:\/\/generic-entity?number=10\">Jo\u00eblle Kpadonou<\/a>.<\/p>\n\n\n\n<p>Cette phase de pr\u00e9paration s\u2019annonce d\u00e9terminante pour les B\u00e9ninoises, qui visent une qualification historique pour la phase finale du Mondial f\u00e9minin U20.<\/p>\n<script>function PlayerjsAsync(){} if(window[\"Playerjs\"]){PlayerjsAsync();}<\/script>","protected":false},"excerpt":{"rendered":"<p>La s\u00e9lection f\u00e9minine U20 du B\u00e9nin a entam\u00e9 sa pr\u00e9paration \u00e0 Lom\u00e9 en vue du quatri\u00e8me et dernier tour des \u00e9liminatoires de la Coupe du Monde F\u00e9minine U20 de la FIFA Pologne 2026. Arriv\u00e9es dimanche dans la capitale togolaise, les joueuses b\u00e9ninoises, sous la direction du s\u00e9lectionneur Ouz\u00e9rou Abdoulaye, ont effectu\u00e9 leur premi\u00e8re s\u00e9ance d\u2019entra\u00eenement [&hellip;]<\/p>\n","protected":false},"author":42,"featured_media":0,"comment_status":"open","ping_status":"open","sticky":false,"template":"","format":"standard","meta":{"jnews-multi-image_gallery":[],"jnews_single_post":{"format":"standard"},"jnews_primary_category":[],"jnews_override_counter":[],"footnotes":""},"categories":[1],"tags":[],"class_list":["post-7442","post","type-post","status-publish","format-standard","hentry","category-non-classe"],"yoast_head":"<!-- This site is optimized with the Yoast SEO plugin v27.2 - https:\/\/yoast.com\/product\/yoast-seo-wordpress\/ -->\n<title>Football f\u00e9minin : les Amazones U20 du B\u00e9nin en stage \u00e0 Lom\u00e9 pour pr\u00e9parer les \u00e9liminatoires du Mondial 2026 - Reporterhorizon<\/title>\n<meta name=\"robots\" content=\"index, follow, max-snippet:-1, max-image-preview:large, max-video-preview:-1\" \/>\n<link rel=\"canonical\" href=\"https:\/\/www.reporterhorizon.com\/index.php\/2026\/04\/22\/football-feminin-les-amazones-u20-du-benin-en-stage-a-lome-pour-preparer-les-eliminatoires-du-mondial-2026\/\" \/>\n<meta property=\"og:locale\" content=\"fr_FR\" \/>\n<meta property=\"og:type\" content=\"article\" \/>\n<meta property=\"og:title\" content=\"Football f\u00e9minin : les Amazones U20 du B\u00e9nin en stage \u00e0 Lom\u00e9 pour pr\u00e9parer les \u00e9liminatoires du Mondial 2026 - Reporterhorizon\" \/>\n<meta property=\"og:description\" content=\"La s\u00e9lection f\u00e9minine U20 du B\u00e9nin a entam\u00e9 sa pr\u00e9paration \u00e0 Lom\u00e9 en vue du quatri\u00e8me et dernier tour des \u00e9liminatoires de la Coupe du Monde F\u00e9minine U20 de la FIFA Pologne 2026. Arriv\u00e9es dimanche dans la capitale togolaise, les joueuses b\u00e9ninoises, sous la direction du s\u00e9lectionneur Ouz\u00e9rou Abdoulaye, ont effectu\u00e9 leur premi\u00e8re s\u00e9ance d\u2019entra\u00eenement [&hellip;]\" \/>\n<meta property=\"og:url\" content=\"https:\/\/www.reporterhorizon.com\/index.php\/2026\/04\/22\/football-feminin-les-amazones-u20-du-benin-en-stage-a-lome-pour-preparer-les-eliminatoires-du-mondial-2026\/\" \/>\n<meta property=\"og:site_name\" content=\"Reporterhorizon\" \/>\n<meta property=\"article:published_time\" content=\"2026-04-22T09:03:03+00:00\" \/>\n<meta property=\"article:modified_time\" content=\"2026-04-22T09:03:04+00:00\" \/>\n<meta property=\"og:image\" content=\"https:\/\/www.reporterhorizon.com\/wp-content\/uploads\/2026\/04\/IMG_1369.webp\" \/>\n\t<meta property=\"og:image:width\" content=\"800\" \/>\n\t<meta property=\"og:image:height\" content=\"400\" \/>\n\t<meta property=\"og:image:type\" content=\"image\/webp\" \/>\n<meta name=\"author\" content=\"Bamba\" \/>\n<meta name=\"twitter:card\" content=\"summary_large_image\" \/>\n<meta name=\"twitter:label1\" content=\"\u00c9crit par\" \/>\n\t<meta name=\"twitter:data1\" content=\"Bamba\" \/>\n\t<meta name=\"twitter:label2\" content=\"Dur\u00e9e de lecture estim\u00e9e\" \/>\n\t<meta name=\"twitter:data2\" content=\"2 minutes\" \/>\n<script type=\"application\/ld+json\" class=\"yoast-schema-graph\">{\"@context\":\"https:\/\/schema.org\",\"@graph\":[{\"@type\":\"Article\",\"@id\":\"https:\/\/www.reporterhorizon.com\/index.php\/2026\/04\/22\/football-feminin-les-amazones-u20-du-benin-en-stage-a-lome-pour-preparer-les-eliminatoires-du-mondial-2026\/#article\",\"isPartOf\":{\"@id\":\"https:\/\/www.reporterhorizon.com\/index.php\/2026\/04\/22\/football-feminin-les-amazones-u20-du-benin-en-stage-a-lome-pour-preparer-les-eliminatoires-du-mondial-2026\/\"},\"author\":{\"name\":\"Bamba\",\"@id\":\"https:\/\/www.reporterhorizon.com\/#\/schema\/person\/e54de2937f17a9c3e6a9db78e0dde802\"},\"headline\":\"Football f\u00e9minin : les Amazones U20 du B\u00e9nin en stage \u00e0 Lom\u00e9 pour pr\u00e9parer les \u00e9liminatoires du Mondial 2026\",\"datePublished\":\"2026-04-22T09:03:03+00:00\",\"dateModified\":\"2026-04-22T09:03:04+00:00\",\"mainEntityOfPage\":{\"@id\":\"https:\/\/www.reporterhorizon.com\/index.php\/2026\/04\/22\/football-feminin-les-amazones-u20-du-benin-en-stage-a-lome-pour-preparer-les-eliminatoires-du-mondial-2026\/\"},\"wordCount\":236,\"commentCount\":0,\"publisher\":{\"@id\":\"https:\/\/www.reporterhorizon.com\/#organization\"},\"image\":{\"@id\":\"https:\/\/www.reporterhorizon.com\/index.php\/2026\/04\/22\/football-feminin-les-amazones-u20-du-benin-en-stage-a-lome-pour-preparer-les-eliminatoires-du-mondial-2026\/#primaryimage\"},\"thumbnailUrl\":\"https:\/\/www.reporterhorizon.com\/wp-content\/uploads\/2026\/04\/IMG_1369-1024x1024.webp\",\"inLanguage\":\"fr-FR\",\"potentialAction\":[{\"@type\":\"CommentAction\",\"name\":\"Comment\",\"target\":[\"https:\/\/www.reporterhorizon.com\/index.php\/2026\/04\/22\/football-feminin-les-amazones-u20-du-benin-en-stage-a-lome-pour-preparer-les-eliminatoires-du-mondial-2026\/#respond\"]}]},{\"@type\":\"WebPage\",\"@id\":\"https:\/\/www.reporterhorizon.com\/index.php\/2026\/04\/22\/football-feminin-les-amazones-u20-du-benin-en-stage-a-lome-pour-preparer-les-eliminatoires-du-mondial-2026\/\",\"url\":\"https:\/\/www.reporterhorizon.com\/index.php\/2026\/04\/22\/football-feminin-les-amazones-u20-du-benin-en-stage-a-lome-pour-preparer-les-eliminatoires-du-mondial-2026\/\",\"name\":\"Football f\u00e9minin : les Amazones U20 du B\u00e9nin en stage \u00e0 Lom\u00e9 pour pr\u00e9parer les \u00e9liminatoires du Mondial 2026 - Reporterhorizon\",\"isPartOf\":{\"@id\":\"https:\/\/www.reporterhorizon.com\/#website\"},\"primaryImageOfPage\":{\"@id\":\"https:\/\/www.reporterhorizon.com\/index.php\/2026\/04\/22\/football-feminin-les-amazones-u20-du-benin-en-stage-a-lome-pour-preparer-les-eliminatoires-du-mondial-2026\/#primaryimage\"},\"image\":{\"@id\":\"https:\/\/www.reporterhorizon.com\/index.php\/2026\/04\/22\/football-feminin-les-amazones-u20-du-benin-en-stage-a-lome-pour-preparer-les-eliminatoires-du-mondial-2026\/#primaryimage\"},\"thumbnailUrl\":\"https:\/\/www.reporterhorizon.com\/wp-content\/uploads\/2026\/04\/IMG_1369-1024x1024.webp\",\"datePublished\":\"2026-04-22T09:03:03+00:00\",\"dateModified\":\"2026-04-22T09:03:04+00:00\",\"breadcrumb\":{\"@id\":\"https:\/\/www.reporterhorizon.com\/index.php\/2026\/04\/22\/football-feminin-les-amazones-u20-du-benin-en-stage-a-lome-pour-preparer-les-eliminatoires-du-mondial-2026\/#breadcrumb\"},\"inLanguage\":\"fr-FR\",\"potentialAction\":[{\"@type\":\"ReadAction\",\"target\":[\"https:\/\/www.reporterhorizon.com\/index.php\/2026\/04\/22\/football-feminin-les-amazones-u20-du-benin-en-stage-a-lome-pour-preparer-les-eliminatoires-du-mondial-2026\/\"]}]},{\"@type\":\"ImageObject\",\"inLanguage\":\"fr-FR\",\"@id\":\"https:\/\/www.reporterhorizon.com\/index.php\/2026\/04\/22\/football-feminin-les-amazones-u20-du-benin-en-stage-a-lome-pour-preparer-les-eliminatoires-du-mondial-2026\/#primaryimage\",\"url\":\"https:\/\/www.reporterhorizon.com\/wp-content\/uploads\/2026\/04\/IMG_1369.webp\",\"contentUrl\":\"https:\/\/www.reporterhorizon.com\/wp-content\/uploads\/2026\/04\/IMG_1369.webp\",\"width\":800,\"height\":400},{\"@type\":\"BreadcrumbList\",\"@id\":\"https:\/\/www.reporterhorizon.com\/index.php\/2026\/04\/22\/football-feminin-les-amazones-u20-du-benin-en-stage-a-lome-pour-preparer-les-eliminatoires-du-mondial-2026\/#breadcrumb\",\"itemListElement\":[{\"@type\":\"ListItem\",\"position\":1,\"name\":\"Accueil\",\"item\":\"https:\/\/www.reporterhorizon.com\/\"},{\"@type\":\"ListItem\",\"position\":2,\"name\":\"Football f\u00e9minin : les Amazones U20 du B\u00e9nin en stage \u00e0 Lom\u00e9 pour pr\u00e9parer les \u00e9liminatoires du Mondial 2026\"}]},{\"@type\":\"WebSite\",\"@id\":\"https:\/\/www.reporterhorizon.com\/#website\",\"url\":\"https:\/\/www.reporterhorizon.com\/\",\"name\":\"Reporterhorizon\",\"description\":\"\",\"publisher\":{\"@id\":\"https:\/\/www.reporterhorizon.com\/#organization\"},\"potentialAction\":[{\"@type\":\"SearchAction\",\"target\":{\"@type\":\"EntryPoint\",\"urlTemplate\":\"https:\/\/www.reporterhorizon.com\/?s={search_term_string}\"},\"query-input\":{\"@type\":\"PropertyValueSpecification\",\"valueRequired\":true,\"valueName\":\"search_term_string\"}}],\"inLanguage\":\"fr-FR\"},{\"@type\":\"Organization\",\"@id\":\"https:\/\/www.reporterhorizon.com\/#organization\",\"name\":\"Reporterhorizon\",\"url\":\"https:\/\/www.reporterhorizon.com\/\",\"logo\":{\"@type\":\"ImageObject\",\"inLanguage\":\"fr-FR\",\"@id\":\"https:\/\/www.reporterhorizon.com\/#\/schema\/logo\/image\/\",\"url\":\"https:\/\/www.reporterhorizon.com\/wp-content\/uploads\/2025\/07\/LOGO-STUDIO.jpg\",\"contentUrl\":\"https:\/\/www.reporterhorizon.com\/wp-content\/uploads\/2025\/07\/LOGO-STUDIO.jpg\",\"width\":1960,\"height\":560,\"caption\":\"Reporterhorizon\"},\"image\":{\"@id\":\"https:\/\/www.reporterhorizon.com\/#\/schema\/logo\/image\/\"}},{\"@type\":\"Person\",\"@id\":\"https:\/\/www.reporterhorizon.com\/#\/schema\/person\/e54de2937f17a9c3e6a9db78e0dde802\",\"name\":\"Bamba\",\"image\":{\"@type\":\"ImageObject\",\"inLanguage\":\"fr-FR\",\"@id\":\"https:\/\/secure.gravatar.com\/avatar\/0721e5f51669073185223c713f504afe424081e2305d62bf510acd3af15b2469?s=96&d=mm&r=g\",\"url\":\"https:\/\/secure.gravatar.com\/avatar\/0721e5f51669073185223c713f504afe424081e2305d62bf510acd3af15b2469?s=96&d=mm&r=g\",\"contentUrl\":\"https:\/\/secure.gravatar.com\/avatar\/0721e5f51669073185223c713f504afe424081e2305d62bf510acd3af15b2469?s=96&d=mm&r=g\",\"caption\":\"Bamba\"},\"url\":\"https:\/\/www.reporterhorizon.com\/index.php\/author\/bamba\/\"}]}<\/script>\n<!-- \/ Yoast SEO plugin. -->","yoast_head_json":{"title":"Football f\u00e9minin : les Amazones U20 du B\u00e9nin en stage \u00e0 Lom\u00e9 pour pr\u00e9parer les \u00e9liminatoires du Mondial 2026 - Reporterhorizon","robots":{"index":"index","follow":"follow","max-snippet":"max-snippet:-1","max-image-preview":"max-image-preview:large","max-video-preview":"max-video-preview:-1"},"canonical":"https:\/\/www.reporterhorizon.com\/index.php\/2026\/04\/22\/football-feminin-les-amazones-u20-du-benin-en-stage-a-lome-pour-preparer-les-eliminatoires-du-mondial-2026\/","og_locale":"fr_FR","og_type":"article","og_title":"Football f\u00e9minin : les Amazones U20 du B\u00e9nin en stage \u00e0 Lom\u00e9 pour pr\u00e9parer les \u00e9liminatoires du Mondial 2026 - Reporterhorizon","og_description":"La s\u00e9lection f\u00e9minine U20 du B\u00e9nin a entam\u00e9 sa pr\u00e9paration \u00e0 Lom\u00e9 en vue du quatri\u00e8me et dernier tour des \u00e9liminatoires de la Coupe du Monde F\u00e9minine U20 de la FIFA Pologne 2026. Arriv\u00e9es dimanche dans la capitale togolaise, les joueuses b\u00e9ninoises, sous la direction du s\u00e9lectionneur Ouz\u00e9rou Abdoulaye, ont effectu\u00e9 leur premi\u00e8re s\u00e9ance d\u2019entra\u00eenement [&hellip;]","og_url":"https:\/\/www.reporterhorizon.com\/index.php\/2026\/04\/22\/football-feminin-les-amazones-u20-du-benin-en-stage-a-lome-pour-preparer-les-eliminatoires-du-mondial-2026\/","og_site_name":"Reporterhorizon","article_published_time":"2026-04-22T09:03:03+00:00","article_modified_time":"2026-04-22T09:03:04+00:00","og_image":[{"width":800,"height":400,"url":"https:\/\/www.reporterhorizon.com\/wp-content\/uploads\/2026\/04\/IMG_1369.webp","type":"image\/webp"}],"author":"Bamba","twitter_card":"summary_large_image","twitter_misc":{"\u00c9crit par":"Bamba","Dur\u00e9e de lecture estim\u00e9e":"2 minutes"},"schema":{"@context":"https:\/\/schema.org","@graph":[{"@type":"Article","@id":"https:\/\/www.reporterhorizon.com\/index.php\/2026\/04\/22\/football-feminin-les-amazones-u20-du-benin-en-stage-a-lome-pour-preparer-les-eliminatoires-du-mondial-2026\/#article","isPartOf":{"@id":"https:\/\/www.reporterhorizon.com\/index.php\/2026\/04\/22\/football-feminin-les-amazones-u20-du-benin-en-stage-a-lome-pour-preparer-les-eliminatoires-du-mondial-2026\/"},"author":{"name":"Bamba","@id":"https:\/\/www.reporterhorizon.com\/#\/schema\/person\/e54de2937f17a9c3e6a9db78e0dde802"},"headline":"Football f\u00e9minin : les Amazones U20 du B\u00e9nin en stage \u00e0 Lom\u00e9 pour pr\u00e9parer les \u00e9liminatoires du Mondial 2026","datePublished":"2026-04-22T09:03:03+00:00","dateModified":"2026-04-22T09:03:04+00:00","mainEntityOfPage":{"@id":"https:\/\/www.reporterhorizon.com\/index.php\/2026\/04\/22\/football-feminin-les-amazones-u20-du-benin-en-stage-a-lome-pour-preparer-les-eliminatoires-du-mondial-2026\/"},"wordCount":236,"commentCount":0,"publisher":{"@id":"https:\/\/www.reporterhorizon.com\/#organization"},"image":{"@id":"https:\/\/www.reporterhorizon.com\/index.php\/2026\/04\/22\/football-feminin-les-amazones-u20-du-benin-en-stage-a-lome-pour-preparer-les-eliminatoires-du-mondial-2026\/#primaryimage"},"thumbnailUrl":"https:\/\/www.reporterhorizon.com\/wp-content\/uploads\/2026\/04\/IMG_1369-1024x1024.webp","inLanguage":"fr-FR","potentialAction":[{"@type":"CommentAction","name":"Comment","target":["https:\/\/www.reporterhorizon.com\/index.php\/2026\/04\/22\/football-feminin-les-amazones-u20-du-benin-en-stage-a-lome-pour-preparer-les-eliminatoires-du-mondial-2026\/#respond"]}]},{"@type":"WebPage","@id":"https:\/\/www.reporterhorizon.com\/index.php\/2026\/04\/22\/football-feminin-les-amazones-u20-du-benin-en-stage-a-lome-pour-preparer-les-eliminatoires-du-mondial-2026\/","url":"https:\/\/www.reporterhorizon.com\/index.php\/2026\/04\/22\/football-feminin-les-amazones-u20-du-benin-en-stage-a-lome-pour-preparer-les-eliminatoires-du-mondial-2026\/","name":"Football f\u00e9minin : les Amazones U20 du B\u00e9nin en stage \u00e0 Lom\u00e9 pour pr\u00e9parer les \u00e9liminatoires du Mondial 2026 - Reporterhorizon","isPartOf":{"@id":"https:\/\/www.reporterhorizon.com\/#website"},"primaryImageOfPage":{"@id":"https:\/\/www.reporterhorizon.com\/index.php\/2026\/04\/22\/football-feminin-les-amazones-u20-du-benin-en-stage-a-lome-pour-preparer-les-eliminatoires-du-mondial-2026\/#primaryimage"},"image":{"@id":"https:\/\/www.reporterhorizon.com\/index.php\/2026\/04\/22\/football-feminin-les-amazones-u20-du-benin-en-stage-a-lome-pour-preparer-les-eliminatoires-du-mondial-2026\/#primaryimage"},"thumbnailUrl":"https:\/\/www.reporterhorizon.com\/wp-content\/uploads\/2026\/04\/IMG_1369-1024x1024.webp","datePublished":"2026-04-22T09:03:03+00:00","dateModified":"2026-04-22T09:03:04+00:00","breadcrumb":{"@id":"https:\/\/www.reporterhorizon.com\/index.php\/2026\/04\/22\/football-feminin-les-amazones-u20-du-benin-en-stage-a-lome-pour-preparer-les-eliminatoires-du-mondial-2026\/#breadcrumb"},"inLanguage":"fr-FR","potentialAction":[{"@type":"ReadAction","target":["https:\/\/www.reporterhorizon.com\/index.php\/2026\/04\/22\/football-feminin-les-amazones-u20-du-benin-en-stage-a-lome-pour-preparer-les-eliminatoires-du-mondial-2026\/"]}]},{"@type":"ImageObject","inLanguage":"fr-FR","@id":"https:\/\/www.reporterhorizon.com\/index.php\/2026\/04\/22\/football-feminin-les-amazones-u20-du-benin-en-stage-a-lome-pour-preparer-les-eliminatoires-du-mondial-2026\/#primaryimage","url":"https:\/\/www.reporterhorizon.com\/wp-content\/uploads\/2026\/04\/IMG_1369.webp","contentUrl":"https:\/\/www.reporterhorizon.com\/wp-content\/uploads\/2026\/04\/IMG_1369.webp","width":800,"height":400},{"@type":"BreadcrumbList","@id":"https:\/\/www.reporterhorizon.com\/index.php\/2026\/04\/22\/football-feminin-les-amazones-u20-du-benin-en-stage-a-lome-pour-preparer-les-eliminatoires-du-mondial-2026\/#breadcrumb","itemListElement":[{"@type":"ListItem","position":1,"name":"Accueil","item":"https:\/\/www.reporterhorizon.com\/"},{"@type":"ListItem","position":2,"name":"Football f\u00e9minin : les Amazones U20 du B\u00e9nin en stage \u00e0 Lom\u00e9 pour pr\u00e9parer les \u00e9liminatoires du Mondial 2026"}]},{"@type":"WebSite","@id":"https:\/\/www.reporterhorizon.com\/#website","url":"https:\/\/www.reporterhorizon.com\/","name":"Reporterhorizon","description":"","publisher":{"@id":"https:\/\/www.reporterhorizon.com\/#organization"},"potentialAction":[{"@type":"SearchAction","target":{"@type":"EntryPoint","urlTemplate":"https:\/\/www.reporterhorizon.com\/?s={search_term_string}"},"query-input":{"@type":"PropertyValueSpecification","valueRequired":true,"valueName":"search_term_string"}}],"inLanguage":"fr-FR"},{"@type":"Organization","@id":"https:\/\/www.reporterhorizon.com\/#organization","name":"Reporterhorizon","url":"https:\/\/www.reporterhorizon.com\/","logo":{"@type":"ImageObject","inLanguage":"fr-FR","@id":"https:\/\/www.reporterhorizon.com\/#\/schema\/logo\/image\/","url":"https:\/\/www.reporterhorizon.com\/wp-content\/uploads\/2025\/07\/LOGO-STUDIO.jpg","contentUrl":"https:\/\/www.reporterhorizon.com\/wp-content\/uploads\/2025\/07\/LOGO-STUDIO.jpg","width":1960,"height":560,"caption":"Reporterhorizon"},"image":{"@id":"https:\/\/www.reporterhorizon.com\/#\/schema\/logo\/image\/"}},{"@type":"Person","@id":"https:\/\/www.reporterhorizon.com\/#\/schema\/person\/e54de2937f17a9c3e6a9db78e0dde802","name":"Bamba","image":{"@type":"ImageObject","inLanguage":"fr-FR","@id":"https:\/\/secure.gravatar.com\/avatar\/0721e5f51669073185223c713f504afe424081e2305d62bf510acd3af15b2469?s=96&d=mm&r=g","url":"https:\/\/secure.gravatar.com\/avatar\/0721e5f51669073185223c713f504afe424081e2305d62bf510acd3af15b2469?s=96&d=mm&r=g","contentUrl":"https:\/\/secure.gravatar.com\/avatar\/0721e5f51669073185223c713f504afe424081e2305d62bf510acd3af15b2469?s=96&d=mm&r=g","caption":"Bamba"},"url":"https:\/\/www.reporterhorizon.com\/index.php\/author\/bamba\/"}]}},"_links":{"self":[{"href":"https:\/\/www.reporterhorizon.com\/index.php\/wp-json\/wp\/v2\/posts\/7442","targetHints":{"allow":["GET"]}}],"collection":[{"href":"https:\/\/www.reporterhorizon.com\/index.php\/wp-json\/wp\/v2\/posts"}],"about":[{"href":"https:\/\/www.reporterhorizon.com\/index.php\/wp-json\/wp\/v2\/types\/post"}],"author":[{"embeddable":true,"href":"https:\/\/www.reporterhorizon.com\/index.php\/wp-json\/wp\/v2\/users\/42"}],"replies":[{"embeddable":true,"href":"https:\/\/www.reporterhorizon.com\/index.php\/wp-json\/wp\/v2\/comments?post=7442"}],"version-history":[{"count":1,"href":"https:\/\/www.reporterhorizon.com\/index.php\/wp-json\/wp\/v2\/posts\/7442\/revisions"}],"predecessor-version":[{"id":7445,"href":"https:\/\/www.reporterhorizon.com\/index.php\/wp-json\/wp\/v2\/posts\/7442\/revisions\/7445"}],"wp:attachment":[{"href":"https:\/\/www.reporterhorizon.com\/index.php\/wp-json\/wp\/v2\/media?parent=7442"}],"wp:term":[{"taxonomy":"category","embeddable":true,"href":"https:\/\/www.reporterhorizon.com\/index.php\/wp-json\/wp\/v2\/categories?post=7442"},{"taxonomy":"post_tag","embeddable":true,"href":"https:\/\/www.reporterhorizon.com\/index.php\/wp-json\/wp\/v2\/tags?post=7442"}],"curies":[{"name":"wp","href":"https:\/\/api.w.org\/{rel}","templated":true}]}}