{"id":7438,"date":"2026-04-21T13:46:12","date_gmt":"2026-04-21T13:46:12","guid":{"rendered":"https:\/\/www.reporterhorizon.com\/?p=7438"},"modified":"2026-04-21T13:46:13","modified_gmt":"2026-04-21T13:46:13","slug":"formation-professionnelle-le-ministere-de-leducation-et-lascad-scellent-une-alliance-strategique","status":"publish","type":"post","link":"https:\/\/www.reporterhorizon.com\/index.php\/2026\/04\/21\/formation-professionnelle-le-ministere-de-leducation-et-lascad-scellent-une-alliance-strategique\/","title":{"rendered":"Formation professionnelle : le minist\u00e8re de l\u2019\u00c9ducation et l\u2019ASCAD scellent une alliance strat\u00e9gique"},"content":{"rendered":"\n<p>Dans une dynamique de renforcement du capital humain, le ministre de l\u2019\u00c9ducation nationale, de l\u2019Enseignement technique et de la Formation professionnelle, <a href=\"chatgpt:\/\/generic-entity?number=0\">Alpha Bacar Barry<\/a>, a re\u00e7u en audience ce mardi 21 avril 2026 le directeur g\u00e9n\u00e9ral de l\u2019<a href=\"chatgpt:\/\/generic-entity?number=1\">Agence du Service Civique d\u2019Action pour le D\u00e9veloppement (ASCAD)<\/a>, <a href=\"chatgpt:\/\/generic-entity?number=2\">G\u00e9n\u00e9ral de brigade Abdoulaye Oury Diallo<\/a>, accompagn\u00e9 de son adjoint.<\/p>\n\n\n\n<p>Cette rencontre a permis de poser les bases d\u2019un partenariat strat\u00e9gique visant \u00e0 renforcer la formation des jeunes en Guin\u00e9e. Au c\u0153ur de cette initiative figure l\u2019introduction d\u2019un mod\u00e8le de formation civilo-militaire dans les \u00e9coles techniques, avec pour objectif de d\u00e9velopper la discipline, la rigueur et le savoir-\u00eatre, en compl\u00e9ment des comp\u00e9tences professionnelles.<\/p>\n\n\n\n<p>S\u2019appuyant sur les \u00c9coles r\u00e9gionales des Arts et M\u00e9tiers, cette coop\u00e9ration pr\u00e9voit un d\u00e9ploiement progressif, accompagn\u00e9 d\u2019une gouvernance conjointe afin d\u2019assurer son efficacit\u00e9 sur le terrain.<\/p>\n\n\n\n<figure class=\"wp-block-image size-large\"><img fetchpriority=\"high\" decoding=\"async\" width=\"1024\" height=\"1024\" src=\"https:\/\/www.reporterhorizon.com\/wp-content\/uploads\/2026\/04\/IMG_1344-5-1024x1024.jpeg\" alt=\"\" class=\"wp-image-7440\" srcset=\"https:\/\/www.reporterhorizon.com\/wp-content\/uploads\/2026\/04\/IMG_1344-5-1024x1024.jpeg 1024w, https:\/\/www.reporterhorizon.com\/wp-content\/uploads\/2026\/04\/IMG_1344-5-300x300.jpeg 300w, https:\/\/www.reporterhorizon.com\/wp-content\/uploads\/2026\/04\/IMG_1344-5-150x150.jpeg 150w, https:\/\/www.reporterhorizon.com\/wp-content\/uploads\/2026\/04\/IMG_1344-5-1536x1536.jpeg 1536w, https:\/\/www.reporterhorizon.com\/wp-content\/uploads\/2026\/04\/IMG_1344-5-2048x2048.jpeg 2048w, https:\/\/www.reporterhorizon.com\/wp-content\/uploads\/2026\/04\/IMG_1344-5-75x75.jpeg 75w, https:\/\/www.reporterhorizon.com\/wp-content\/uploads\/2026\/04\/IMG_1344-5-350x350.jpeg 350w\" sizes=\"(max-width: 1024px) 100vw, 1024px\" \/><\/figure>\n\n\n\n<p>\u00ab La discipline est la matrice de toute comp\u00e9tence durable \u00bb, a d\u00e9clar\u00e9 le ministre <a href=\"chatgpt:\/\/generic-entity?number=3\">Alpha Bacar Barry<\/a>, r\u00e9affirmant sa volont\u00e9 de b\u00e2tir une jeunesse qualifi\u00e9e, structur\u00e9e et apte \u00e0 r\u00e9pondre aux exigences du march\u00e9 de l\u2019emploi.<\/p>\n\n\n\n<p>\u00c0 travers cette alliance, les deux institutions entendent impulser une nouvelle dynamique dans le secteur de la formation professionnelle, en mettant l\u2019accent sur l\u2019excellence, la responsabilit\u00e9 et l\u2019employabilit\u00e9 des jeunes.<\/p>\n\n\n\n<figure class=\"wp-block-gallery has-nested-images columns-default is-cropped wp-block-gallery-1 is-layout-flex wp-block-gallery-is-layout-flex\"><\/figure>\n<script>function PlayerjsAsync(){} if(window[\"Playerjs\"]){PlayerjsAsync();}<\/script>","protected":false},"excerpt":{"rendered":"<p>Dans une dynamique de renforcement du capital humain, le ministre de l\u2019\u00c9ducation nationale, de l\u2019Enseignement technique et de la Formation professionnelle, Alpha Bacar Barry, a re\u00e7u en audience ce mardi 21 avril 2026 le directeur g\u00e9n\u00e9ral de l\u2019Agence du Service Civique d\u2019Action pour le D\u00e9veloppement (ASCAD), G\u00e9n\u00e9ral de brigade Abdoulaye Oury Diallo, accompagn\u00e9 de son [&hellip;]<\/p>\n","protected":false},"author":42,"featured_media":0,"comment_status":"open","ping_status":"open","sticky":false,"template":"","format":"standard","meta":{"jnews-multi-image_gallery":[],"jnews_single_post":{"format":"standard"},"jnews_primary_category":[],"jnews_override_counter":[],"footnotes":""},"categories":[1],"tags":[],"class_list":["post-7438","post","type-post","status-publish","format-standard","hentry","category-non-classe"],"yoast_head":"<!-- This site is optimized with the Yoast SEO plugin v27.2 - https:\/\/yoast.com\/product\/yoast-seo-wordpress\/ -->\n<title>Formation professionnelle : le minist\u00e8re de l\u2019\u00c9ducation et l\u2019ASCAD scellent une alliance strat\u00e9gique - Reporterhorizon<\/title>\n<meta name=\"robots\" content=\"index, follow, max-snippet:-1, max-image-preview:large, max-video-preview:-1\" \/>\n<link rel=\"canonical\" href=\"https:\/\/www.reporterhorizon.com\/index.php\/2026\/04\/21\/formation-professionnelle-le-ministere-de-leducation-et-lascad-scellent-une-alliance-strategique\/\" \/>\n<meta property=\"og:locale\" content=\"fr_FR\" \/>\n<meta property=\"og:type\" content=\"article\" \/>\n<meta property=\"og:title\" content=\"Formation professionnelle : le minist\u00e8re de l\u2019\u00c9ducation et l\u2019ASCAD scellent une alliance strat\u00e9gique - Reporterhorizon\" \/>\n<meta property=\"og:description\" content=\"Dans une dynamique de renforcement du capital humain, le ministre de l\u2019\u00c9ducation nationale, de l\u2019Enseignement technique et de la Formation professionnelle, Alpha Bacar Barry, a re\u00e7u en audience ce mardi 21 avril 2026 le directeur g\u00e9n\u00e9ral de l\u2019Agence du Service Civique d\u2019Action pour le D\u00e9veloppement (ASCAD), G\u00e9n\u00e9ral de brigade Abdoulaye Oury Diallo, accompagn\u00e9 de son [&hellip;]\" \/>\n<meta property=\"og:url\" content=\"https:\/\/www.reporterhorizon.com\/index.php\/2026\/04\/21\/formation-professionnelle-le-ministere-de-leducation-et-lascad-scellent-une-alliance-strategique\/\" \/>\n<meta property=\"og:site_name\" content=\"Reporterhorizon\" \/>\n<meta property=\"article:published_time\" content=\"2026-04-21T13:46:12+00:00\" \/>\n<meta property=\"article:modified_time\" content=\"2026-04-21T13:46:13+00:00\" \/>\n<meta property=\"og:image\" content=\"https:\/\/www.reporterhorizon.com\/wp-content\/uploads\/2026\/04\/IMG_1344-5.jpeg\" \/>\n\t<meta property=\"og:image:width\" content=\"2048\" \/>\n\t<meta property=\"og:image:height\" content=\"1366\" \/>\n\t<meta property=\"og:image:type\" content=\"image\/jpeg\" \/>\n<meta name=\"author\" content=\"Bamba\" \/>\n<meta name=\"twitter:card\" content=\"summary_large_image\" \/>\n<meta name=\"twitter:label1\" content=\"\u00c9crit par\" \/>\n\t<meta name=\"twitter:data1\" content=\"Bamba\" \/>\n\t<meta name=\"twitter:label2\" content=\"Dur\u00e9e de lecture estim\u00e9e\" \/>\n\t<meta name=\"twitter:data2\" content=\"2 minutes\" \/>\n<script type=\"application\/ld+json\" class=\"yoast-schema-graph\">{\"@context\":\"https:\/\/schema.org\",\"@graph\":[{\"@type\":\"Article\",\"@id\":\"https:\/\/www.reporterhorizon.com\/index.php\/2026\/04\/21\/formation-professionnelle-le-ministere-de-leducation-et-lascad-scellent-une-alliance-strategique\/#article\",\"isPartOf\":{\"@id\":\"https:\/\/www.reporterhorizon.com\/index.php\/2026\/04\/21\/formation-professionnelle-le-ministere-de-leducation-et-lascad-scellent-une-alliance-strategique\/\"},\"author\":{\"name\":\"Bamba\",\"@id\":\"https:\/\/www.reporterhorizon.com\/#\/schema\/person\/e54de2937f17a9c3e6a9db78e0dde802\"},\"headline\":\"Formation professionnelle : le minist\u00e8re de l\u2019\u00c9ducation et l\u2019ASCAD scellent une alliance strat\u00e9gique\",\"datePublished\":\"2026-04-21T13:46:12+00:00\",\"dateModified\":\"2026-04-21T13:46:13+00:00\",\"mainEntityOfPage\":{\"@id\":\"https:\/\/www.reporterhorizon.com\/index.php\/2026\/04\/21\/formation-professionnelle-le-ministere-de-leducation-et-lascad-scellent-une-alliance-strategique\/\"},\"wordCount\":251,\"commentCount\":0,\"publisher\":{\"@id\":\"https:\/\/www.reporterhorizon.com\/#organization\"},\"image\":{\"@id\":\"https:\/\/www.reporterhorizon.com\/index.php\/2026\/04\/21\/formation-professionnelle-le-ministere-de-leducation-et-lascad-scellent-une-alliance-strategique\/#primaryimage\"},\"thumbnailUrl\":\"https:\/\/www.reporterhorizon.com\/wp-content\/uploads\/2026\/04\/IMG_1344-5-1024x1024.jpeg\",\"inLanguage\":\"fr-FR\",\"potentialAction\":[{\"@type\":\"CommentAction\",\"name\":\"Comment\",\"target\":[\"https:\/\/www.reporterhorizon.com\/index.php\/2026\/04\/21\/formation-professionnelle-le-ministere-de-leducation-et-lascad-scellent-une-alliance-strategique\/#respond\"]}]},{\"@type\":\"WebPage\",\"@id\":\"https:\/\/www.reporterhorizon.com\/index.php\/2026\/04\/21\/formation-professionnelle-le-ministere-de-leducation-et-lascad-scellent-une-alliance-strategique\/\",\"url\":\"https:\/\/www.reporterhorizon.com\/index.php\/2026\/04\/21\/formation-professionnelle-le-ministere-de-leducation-et-lascad-scellent-une-alliance-strategique\/\",\"name\":\"Formation professionnelle : le minist\u00e8re de l\u2019\u00c9ducation et l\u2019ASCAD scellent une alliance strat\u00e9gique - Reporterhorizon\",\"isPartOf\":{\"@id\":\"https:\/\/www.reporterhorizon.com\/#website\"},\"primaryImageOfPage\":{\"@id\":\"https:\/\/www.reporterhorizon.com\/index.php\/2026\/04\/21\/formation-professionnelle-le-ministere-de-leducation-et-lascad-scellent-une-alliance-strategique\/#primaryimage\"},\"image\":{\"@id\":\"https:\/\/www.reporterhorizon.com\/index.php\/2026\/04\/21\/formation-professionnelle-le-ministere-de-leducation-et-lascad-scellent-une-alliance-strategique\/#primaryimage\"},\"thumbnailUrl\":\"https:\/\/www.reporterhorizon.com\/wp-content\/uploads\/2026\/04\/IMG_1344-5-1024x1024.jpeg\",\"datePublished\":\"2026-04-21T13:46:12+00:00\",\"dateModified\":\"2026-04-21T13:46:13+00:00\",\"breadcrumb\":{\"@id\":\"https:\/\/www.reporterhorizon.com\/index.php\/2026\/04\/21\/formation-professionnelle-le-ministere-de-leducation-et-lascad-scellent-une-alliance-strategique\/#breadcrumb\"},\"inLanguage\":\"fr-FR\",\"potentialAction\":[{\"@type\":\"ReadAction\",\"target\":[\"https:\/\/www.reporterhorizon.com\/index.php\/2026\/04\/21\/formation-professionnelle-le-ministere-de-leducation-et-lascad-scellent-une-alliance-strategique\/\"]}]},{\"@type\":\"ImageObject\",\"inLanguage\":\"fr-FR\",\"@id\":\"https:\/\/www.reporterhorizon.com\/index.php\/2026\/04\/21\/formation-professionnelle-le-ministere-de-leducation-et-lascad-scellent-une-alliance-strategique\/#primaryimage\",\"url\":\"https:\/\/www.reporterhorizon.com\/wp-content\/uploads\/2026\/04\/IMG_1344-5.jpeg\",\"contentUrl\":\"https:\/\/www.reporterhorizon.com\/wp-content\/uploads\/2026\/04\/IMG_1344-5.jpeg\",\"width\":2048,\"height\":1366,\"caption\":\"{\\\"tiktok_developers_3p_anchor_params\\\":\\\"{\\\\\\\"filter_id\\\\\\\":[],\\\\\\\"capability_key\\\\\\\":[\\\\\\\"sticker\\\\\\\"],\\\\\\\"template_id\\\\\\\":\\\\\\\"\\\\\\\",\\\\\\\"capability_extra_v2\\\\\\\":{\\\\\\\"sticker\\\\\\\":[{\\\\\\\"effect_id\\\\\\\":\\\\\\\"First cutout sticker\\\\\\\",\\\\\\\"panel\\\\\\\":\\\\\\\"sticker\\\\\\\"}]},\\\\\\\"client_key\\\\\\\":\\\\\\\"awgvo7gzpeas2ho6\\\\\\\"}\\\",\\\"source_type\\\":\\\"hypic\\\",\\\"data\\\":{\\\"infoStickerId\\\":\\\"First cutout sticker\\\",\\\"imageEffectId\\\":\\\"\\\",\\\"playId\\\":\\\"\\\",\\\"pictureId\\\":\\\"5F0B56DA-2761-4404-814B-FE6B257C61A9\\\",\\\"activityName\\\":\\\"\\\",\\\"stickerId\\\":\\\"\\\",\\\"os\\\":\\\"ios\\\",\\\"appversion\\\":\\\"8.0.0\\\",\\\"enter_from\\\":\\\"enter_launch\\\",\\\"product\\\":\\\"retouch\\\",\\\"filterId\\\":\\\"\\\"}}\"},{\"@type\":\"BreadcrumbList\",\"@id\":\"https:\/\/www.reporterhorizon.com\/index.php\/2026\/04\/21\/formation-professionnelle-le-ministere-de-leducation-et-lascad-scellent-une-alliance-strategique\/#breadcrumb\",\"itemListElement\":[{\"@type\":\"ListItem\",\"position\":1,\"name\":\"Accueil\",\"item\":\"https:\/\/www.reporterhorizon.com\/\"},{\"@type\":\"ListItem\",\"position\":2,\"name\":\"Formation professionnelle : le minist\u00e8re de l\u2019\u00c9ducation et l\u2019ASCAD scellent une alliance strat\u00e9gique\"}]},{\"@type\":\"WebSite\",\"@id\":\"https:\/\/www.reporterhorizon.com\/#website\",\"url\":\"https:\/\/www.reporterhorizon.com\/\",\"name\":\"Reporterhorizon\",\"description\":\"\",\"publisher\":{\"@id\":\"https:\/\/www.reporterhorizon.com\/#organization\"},\"potentialAction\":[{\"@type\":\"SearchAction\",\"target\":{\"@type\":\"EntryPoint\",\"urlTemplate\":\"https:\/\/www.reporterhorizon.com\/?s={search_term_string}\"},\"query-input\":{\"@type\":\"PropertyValueSpecification\",\"valueRequired\":true,\"valueName\":\"search_term_string\"}}],\"inLanguage\":\"fr-FR\"},{\"@type\":\"Organization\",\"@id\":\"https:\/\/www.reporterhorizon.com\/#organization\",\"name\":\"Reporterhorizon\",\"url\":\"https:\/\/www.reporterhorizon.com\/\",\"logo\":{\"@type\":\"ImageObject\",\"inLanguage\":\"fr-FR\",\"@id\":\"https:\/\/www.reporterhorizon.com\/#\/schema\/logo\/image\/\",\"url\":\"https:\/\/www.reporterhorizon.com\/wp-content\/uploads\/2025\/07\/LOGO-STUDIO.jpg\",\"contentUrl\":\"https:\/\/www.reporterhorizon.com\/wp-content\/uploads\/2025\/07\/LOGO-STUDIO.jpg\",\"width\":1960,\"height\":560,\"caption\":\"Reporterhorizon\"},\"image\":{\"@id\":\"https:\/\/www.reporterhorizon.com\/#\/schema\/logo\/image\/\"}},{\"@type\":\"Person\",\"@id\":\"https:\/\/www.reporterhorizon.com\/#\/schema\/person\/e54de2937f17a9c3e6a9db78e0dde802\",\"name\":\"Bamba\",\"image\":{\"@type\":\"ImageObject\",\"inLanguage\":\"fr-FR\",\"@id\":\"https:\/\/secure.gravatar.com\/avatar\/0721e5f51669073185223c713f504afe424081e2305d62bf510acd3af15b2469?s=96&d=mm&r=g\",\"url\":\"https:\/\/secure.gravatar.com\/avatar\/0721e5f51669073185223c713f504afe424081e2305d62bf510acd3af15b2469?s=96&d=mm&r=g\",\"contentUrl\":\"https:\/\/secure.gravatar.com\/avatar\/0721e5f51669073185223c713f504afe424081e2305d62bf510acd3af15b2469?s=96&d=mm&r=g\",\"caption\":\"Bamba\"},\"url\":\"https:\/\/www.reporterhorizon.com\/index.php\/author\/bamba\/\"}]}<\/script>\n<!-- \/ Yoast SEO plugin. -->","yoast_head_json":{"title":"Formation professionnelle : le minist\u00e8re de l\u2019\u00c9ducation et l\u2019ASCAD scellent une alliance strat\u00e9gique - Reporterhorizon","robots":{"index":"index","follow":"follow","max-snippet":"max-snippet:-1","max-image-preview":"max-image-preview:large","max-video-preview":"max-video-preview:-1"},"canonical":"https:\/\/www.reporterhorizon.com\/index.php\/2026\/04\/21\/formation-professionnelle-le-ministere-de-leducation-et-lascad-scellent-une-alliance-strategique\/","og_locale":"fr_FR","og_type":"article","og_title":"Formation professionnelle : le minist\u00e8re de l\u2019\u00c9ducation et l\u2019ASCAD scellent une alliance strat\u00e9gique - Reporterhorizon","og_description":"Dans une dynamique de renforcement du capital humain, le ministre de l\u2019\u00c9ducation nationale, de l\u2019Enseignement technique et de la Formation professionnelle, Alpha Bacar Barry, a re\u00e7u en audience ce mardi 21 avril 2026 le directeur g\u00e9n\u00e9ral de l\u2019Agence du Service Civique d\u2019Action pour le D\u00e9veloppement (ASCAD), G\u00e9n\u00e9ral de brigade Abdoulaye Oury Diallo, accompagn\u00e9 de son [&hellip;]","og_url":"https:\/\/www.reporterhorizon.com\/index.php\/2026\/04\/21\/formation-professionnelle-le-ministere-de-leducation-et-lascad-scellent-une-alliance-strategique\/","og_site_name":"Reporterhorizon","article_published_time":"2026-04-21T13:46:12+00:00","article_modified_time":"2026-04-21T13:46:13+00:00","og_image":[{"width":2048,"height":1366,"url":"https:\/\/www.reporterhorizon.com\/wp-content\/uploads\/2026\/04\/IMG_1344-5.jpeg","type":"image\/jpeg"}],"author":"Bamba","twitter_card":"summary_large_image","twitter_misc":{"\u00c9crit par":"Bamba","Dur\u00e9e de lecture estim\u00e9e":"2 minutes"},"schema":{"@context":"https:\/\/schema.org","@graph":[{"@type":"Article","@id":"https:\/\/www.reporterhorizon.com\/index.php\/2026\/04\/21\/formation-professionnelle-le-ministere-de-leducation-et-lascad-scellent-une-alliance-strategique\/#article","isPartOf":{"@id":"https:\/\/www.reporterhorizon.com\/index.php\/2026\/04\/21\/formation-professionnelle-le-ministere-de-leducation-et-lascad-scellent-une-alliance-strategique\/"},"author":{"name":"Bamba","@id":"https:\/\/www.reporterhorizon.com\/#\/schema\/person\/e54de2937f17a9c3e6a9db78e0dde802"},"headline":"Formation professionnelle : le minist\u00e8re de l\u2019\u00c9ducation et l\u2019ASCAD scellent une alliance strat\u00e9gique","datePublished":"2026-04-21T13:46:12+00:00","dateModified":"2026-04-21T13:46:13+00:00","mainEntityOfPage":{"@id":"https:\/\/www.reporterhorizon.com\/index.php\/2026\/04\/21\/formation-professionnelle-le-ministere-de-leducation-et-lascad-scellent-une-alliance-strategique\/"},"wordCount":251,"commentCount":0,"publisher":{"@id":"https:\/\/www.reporterhorizon.com\/#organization"},"image":{"@id":"https:\/\/www.reporterhorizon.com\/index.php\/2026\/04\/21\/formation-professionnelle-le-ministere-de-leducation-et-lascad-scellent-une-alliance-strategique\/#primaryimage"},"thumbnailUrl":"https:\/\/www.reporterhorizon.com\/wp-content\/uploads\/2026\/04\/IMG_1344-5-1024x1024.jpeg","inLanguage":"fr-FR","potentialAction":[{"@type":"CommentAction","name":"Comment","target":["https:\/\/www.reporterhorizon.com\/index.php\/2026\/04\/21\/formation-professionnelle-le-ministere-de-leducation-et-lascad-scellent-une-alliance-strategique\/#respond"]}]},{"@type":"WebPage","@id":"https:\/\/www.reporterhorizon.com\/index.php\/2026\/04\/21\/formation-professionnelle-le-ministere-de-leducation-et-lascad-scellent-une-alliance-strategique\/","url":"https:\/\/www.reporterhorizon.com\/index.php\/2026\/04\/21\/formation-professionnelle-le-ministere-de-leducation-et-lascad-scellent-une-alliance-strategique\/","name":"Formation professionnelle : le minist\u00e8re de l\u2019\u00c9ducation et l\u2019ASCAD scellent une alliance strat\u00e9gique - Reporterhorizon","isPartOf":{"@id":"https:\/\/www.reporterhorizon.com\/#website"},"primaryImageOfPage":{"@id":"https:\/\/www.reporterhorizon.com\/index.php\/2026\/04\/21\/formation-professionnelle-le-ministere-de-leducation-et-lascad-scellent-une-alliance-strategique\/#primaryimage"},"image":{"@id":"https:\/\/www.reporterhorizon.com\/index.php\/2026\/04\/21\/formation-professionnelle-le-ministere-de-leducation-et-lascad-scellent-une-alliance-strategique\/#primaryimage"},"thumbnailUrl":"https:\/\/www.reporterhorizon.com\/wp-content\/uploads\/2026\/04\/IMG_1344-5-1024x1024.jpeg","datePublished":"2026-04-21T13:46:12+00:00","dateModified":"2026-04-21T13:46:13+00:00","breadcrumb":{"@id":"https:\/\/www.reporterhorizon.com\/index.php\/2026\/04\/21\/formation-professionnelle-le-ministere-de-leducation-et-lascad-scellent-une-alliance-strategique\/#breadcrumb"},"inLanguage":"fr-FR","potentialAction":[{"@type":"ReadAction","target":["https:\/\/www.reporterhorizon.com\/index.php\/2026\/04\/21\/formation-professionnelle-le-ministere-de-leducation-et-lascad-scellent-une-alliance-strategique\/"]}]},{"@type":"ImageObject","inLanguage":"fr-FR","@id":"https:\/\/www.reporterhorizon.com\/index.php\/2026\/04\/21\/formation-professionnelle-le-ministere-de-leducation-et-lascad-scellent-une-alliance-strategique\/#primaryimage","url":"https:\/\/www.reporterhorizon.com\/wp-content\/uploads\/2026\/04\/IMG_1344-5.jpeg","contentUrl":"https:\/\/www.reporterhorizon.com\/wp-content\/uploads\/2026\/04\/IMG_1344-5.jpeg","width":2048,"height":1366,"caption":"{\"tiktok_developers_3p_anchor_params\":\"{\\\"filter_id\\\":[],\\\"capability_key\\\":[\\\"sticker\\\"],\\\"template_id\\\":\\\"\\\",\\\"capability_extra_v2\\\":{\\\"sticker\\\":[{\\\"effect_id\\\":\\\"First cutout sticker\\\",\\\"panel\\\":\\\"sticker\\\"}]},\\\"client_key\\\":\\\"awgvo7gzpeas2ho6\\\"}\",\"source_type\":\"hypic\",\"data\":{\"infoStickerId\":\"First cutout sticker\",\"imageEffectId\":\"\",\"playId\":\"\",\"pictureId\":\"5F0B56DA-2761-4404-814B-FE6B257C61A9\",\"activityName\":\"\",\"stickerId\":\"\",\"os\":\"ios\",\"appversion\":\"8.0.0\",\"enter_from\":\"enter_launch\",\"product\":\"retouch\",\"filterId\":\"\"}}"},{"@type":"BreadcrumbList","@id":"https:\/\/www.reporterhorizon.com\/index.php\/2026\/04\/21\/formation-professionnelle-le-ministere-de-leducation-et-lascad-scellent-une-alliance-strategique\/#breadcrumb","itemListElement":[{"@type":"ListItem","position":1,"name":"Accueil","item":"https:\/\/www.reporterhorizon.com\/"},{"@type":"ListItem","position":2,"name":"Formation professionnelle : le minist\u00e8re de l\u2019\u00c9ducation et l\u2019ASCAD scellent une alliance strat\u00e9gique"}]},{"@type":"WebSite","@id":"https:\/\/www.reporterhorizon.com\/#website","url":"https:\/\/www.reporterhorizon.com\/","name":"Reporterhorizon","description":"","publisher":{"@id":"https:\/\/www.reporterhorizon.com\/#organization"},"potentialAction":[{"@type":"SearchAction","target":{"@type":"EntryPoint","urlTemplate":"https:\/\/www.reporterhorizon.com\/?s={search_term_string}"},"query-input":{"@type":"PropertyValueSpecification","valueRequired":true,"valueName":"search_term_string"}}],"inLanguage":"fr-FR"},{"@type":"Organization","@id":"https:\/\/www.reporterhorizon.com\/#organization","name":"Reporterhorizon","url":"https:\/\/www.reporterhorizon.com\/","logo":{"@type":"ImageObject","inLanguage":"fr-FR","@id":"https:\/\/www.reporterhorizon.com\/#\/schema\/logo\/image\/","url":"https:\/\/www.reporterhorizon.com\/wp-content\/uploads\/2025\/07\/LOGO-STUDIO.jpg","contentUrl":"https:\/\/www.reporterhorizon.com\/wp-content\/uploads\/2025\/07\/LOGO-STUDIO.jpg","width":1960,"height":560,"caption":"Reporterhorizon"},"image":{"@id":"https:\/\/www.reporterhorizon.com\/#\/schema\/logo\/image\/"}},{"@type":"Person","@id":"https:\/\/www.reporterhorizon.com\/#\/schema\/person\/e54de2937f17a9c3e6a9db78e0dde802","name":"Bamba","image":{"@type":"ImageObject","inLanguage":"fr-FR","@id":"https:\/\/secure.gravatar.com\/avatar\/0721e5f51669073185223c713f504afe424081e2305d62bf510acd3af15b2469?s=96&d=mm&r=g","url":"https:\/\/secure.gravatar.com\/avatar\/0721e5f51669073185223c713f504afe424081e2305d62bf510acd3af15b2469?s=96&d=mm&r=g","contentUrl":"https:\/\/secure.gravatar.com\/avatar\/0721e5f51669073185223c713f504afe424081e2305d62bf510acd3af15b2469?s=96&d=mm&r=g","caption":"Bamba"},"url":"https:\/\/www.reporterhorizon.com\/index.php\/author\/bamba\/"}]}},"_links":{"self":[{"href":"https:\/\/www.reporterhorizon.com\/index.php\/wp-json\/wp\/v2\/posts\/7438","targetHints":{"allow":["GET"]}}],"collection":[{"href":"https:\/\/www.reporterhorizon.com\/index.php\/wp-json\/wp\/v2\/posts"}],"about":[{"href":"https:\/\/www.reporterhorizon.com\/index.php\/wp-json\/wp\/v2\/types\/post"}],"author":[{"embeddable":true,"href":"https:\/\/www.reporterhorizon.com\/index.php\/wp-json\/wp\/v2\/users\/42"}],"replies":[{"embeddable":true,"href":"https:\/\/www.reporterhorizon.com\/index.php\/wp-json\/wp\/v2\/comments?post=7438"}],"version-history":[{"count":1,"href":"https:\/\/www.reporterhorizon.com\/index.php\/wp-json\/wp\/v2\/posts\/7438\/revisions"}],"predecessor-version":[{"id":7441,"href":"https:\/\/www.reporterhorizon.com\/index.php\/wp-json\/wp\/v2\/posts\/7438\/revisions\/7441"}],"wp:attachment":[{"href":"https:\/\/www.reporterhorizon.com\/index.php\/wp-json\/wp\/v2\/media?parent=7438"}],"wp:term":[{"taxonomy":"category","embeddable":true,"href":"https:\/\/www.reporterhorizon.com\/index.php\/wp-json\/wp\/v2\/categories?post=7438"},{"taxonomy":"post_tag","embeddable":true,"href":"https:\/\/www.reporterhorizon.com\/index.php\/wp-json\/wp\/v2\/tags?post=7438"}],"curies":[{"name":"wp","href":"https:\/\/api.w.org\/{rel}","templated":true}]}}