{"id":7427,"date":"2026-04-21T09:27:34","date_gmt":"2026-04-21T09:27:34","guid":{"rendered":"https:\/\/www.reporterhorizon.com\/?p=7427"},"modified":"2026-04-21T09:27:36","modified_gmt":"2026-04-21T09:27:36","slug":"culture-mamadou-thug-devoile-les-nouveautes-de-la-9e-edition-du-far-de-labe-2","status":"publish","type":"post","link":"https:\/\/www.reporterhorizon.com\/index.php\/2026\/04\/21\/culture-mamadou-thug-devoile-les-nouveautes-de-la-9e-edition-du-far-de-labe-2\/","title":{"rendered":"Culture : Mamadou Thug d\u00e9voile les nouveaut\u00e9s de la 9e \u00e9dition du FAR de Lab\u00e9"},"content":{"rendered":"\n<figure class=\"wp-block-gallery has-nested-images columns-default is-cropped wp-block-gallery-1 is-layout-flex wp-block-gallery-is-layout-flex\">\n<figure class=\"wp-block-image size-large\"><img fetchpriority=\"high\" decoding=\"async\" width=\"1024\" height=\"1024\" data-id=\"7428\" src=\"https:\/\/www.reporterhorizon.com\/wp-content\/uploads\/2026\/04\/20260420_161854-1-1024x1024.jpeg\" alt=\"\" class=\"wp-image-7428\" srcset=\"https:\/\/www.reporterhorizon.com\/wp-content\/uploads\/2026\/04\/20260420_161854-1-1024x1024.jpeg 1024w, https:\/\/www.reporterhorizon.com\/wp-content\/uploads\/2026\/04\/20260420_161854-1-300x300.jpeg 300w, https:\/\/www.reporterhorizon.com\/wp-content\/uploads\/2026\/04\/20260420_161854-1-150x150.jpeg 150w, https:\/\/www.reporterhorizon.com\/wp-content\/uploads\/2026\/04\/20260420_161854-1-1536x1536.jpeg 1536w, https:\/\/www.reporterhorizon.com\/wp-content\/uploads\/2026\/04\/20260420_161854-1-2048x2048.jpeg 2048w, https:\/\/www.reporterhorizon.com\/wp-content\/uploads\/2026\/04\/20260420_161854-1-75x75.jpeg 75w, https:\/\/www.reporterhorizon.com\/wp-content\/uploads\/2026\/04\/20260420_161854-1-350x350.jpeg 350w\" sizes=\"(max-width: 1024px) 100vw, 1024px\" \/><\/figure>\n<\/figure>\n\n\n\n<p>\u00c0 l\u2019approche de la neuvi\u00e8me \u00e9dition du <a href=\"chatgpt:\/\/generic-entity?number=0\">Festival des Arts du Rire de Lab\u00e9 (FAR)<\/a>, pr\u00e9vue du 4 au 11 mai 2026 \u00e0 <a href=\"chatgpt:\/\/generic-entity?number=1\">Lab\u00e9<\/a>, le promoteur <a href=\"chatgpt:\/\/generic-entity?number=2\">Mamadou Lamine Diallo dit Mamadou Thug<\/a> a lev\u00e9 le voile sur les principales innovations de cette ann\u00e9e.<\/p>\n\n\n\n<p>Parmi les grandes annonces, l\u2019organisation de spectacles grand public avec la participation d\u2019artistes de renom, notamment <a href=\"chatgpt:\/\/generic-entity?number=3\">Straiker<\/a>. Plusieurs figures de la sc\u00e8ne artistique, dont <a href=\"chatgpt:\/\/generic-entity?number=4\">Djelykaba Bintou<\/a>, ont \u00e9galement \u00e9t\u00e9 invit\u00e9es \u00e0 prendre part \u00e0 l\u2019\u00e9v\u00e9nement.<\/p>\n\n\n\n<p>Autre nouveaut\u00e9 majeure : l\u2019introduction d\u2019une rubrique d\u00e9di\u00e9e au septi\u00e8me art, avec des projections cin\u00e9matographiques qui viendront enrichir la programmation du festival. Le <a href=\"chatgpt:\/\/generic-entity?number=5\">S\u00e9n\u00e9gal<\/a> est par ailleurs annonc\u00e9 comme pays invit\u00e9 d\u2019honneur pour cette \u00e9dition.<\/p>\n\n\n\n<p>Le promoteur a \u00e9galement annonc\u00e9 la mise en place du \u00ab Prix Cisco \u00bb, une initiative visant \u00e0 encourager la cr\u00e9ativit\u00e9 des \u00e9l\u00e8ves de Lab\u00e9 \u00e0 travers des comp\u00e9titions en th\u00e9\u00e2tre, slam et humour, avec des r\u00e9compenses \u00e0 la cl\u00e9.<\/p>\n\n\n\n<p>En plus des spectacles, le FAR proposera des sessions de formation, des panels de discussion ainsi que des prestations d\u2019artistes venus de plusieurs pays africains, notamment du Congo et de la C\u00f4te d\u2019Ivoire.<\/p>\n\n\n\n<p>Au-del\u00e0 de son aspect festif, le Festival des Arts du Rire de Lab\u00e9 s\u2019affirme comme un v\u00e9ritable espace d\u2019\u00e9changes culturels et de coh\u00e9sion sociale, contribuant \u00e0 la valorisation du patrimoine artistique guin\u00e9en.<\/p>\n<script>function PlayerjsAsync(){} if(window[\"Playerjs\"]){PlayerjsAsync();}<\/script>","protected":false},"excerpt":{"rendered":"<p>\u00c0 l\u2019approche de la neuvi\u00e8me \u00e9dition du Festival des Arts du Rire de Lab\u00e9 (FAR), pr\u00e9vue du 4 au 11 mai 2026 \u00e0 Lab\u00e9, le promoteur Mamadou Lamine Diallo dit Mamadou Thug a lev\u00e9 le voile sur les principales innovations de cette ann\u00e9e. Parmi les grandes annonces, l\u2019organisation de spectacles grand public avec la participation [&hellip;]<\/p>\n","protected":false},"author":42,"featured_media":0,"comment_status":"open","ping_status":"open","sticky":false,"template":"","format":"standard","meta":{"jnews-multi-image_gallery":[],"jnews_single_post":{"format":"standard"},"jnews_primary_category":[],"jnews_override_counter":[],"footnotes":""},"categories":[1],"tags":[],"class_list":["post-7427","post","type-post","status-publish","format-standard","hentry","category-non-classe"],"yoast_head":"<!-- This site is optimized with the Yoast SEO plugin v27.2 - https:\/\/yoast.com\/product\/yoast-seo-wordpress\/ -->\n<title>Culture : Mamadou Thug d\u00e9voile les nouveaut\u00e9s de la 9e \u00e9dition du FAR de Lab\u00e9 - Reporterhorizon<\/title>\n<meta name=\"robots\" content=\"index, follow, max-snippet:-1, max-image-preview:large, max-video-preview:-1\" \/>\n<link rel=\"canonical\" href=\"https:\/\/www.reporterhorizon.com\/index.php\/2026\/04\/21\/culture-mamadou-thug-devoile-les-nouveautes-de-la-9e-edition-du-far-de-labe-2\/\" \/>\n<meta property=\"og:locale\" content=\"fr_FR\" \/>\n<meta property=\"og:type\" content=\"article\" \/>\n<meta property=\"og:title\" content=\"Culture : Mamadou Thug d\u00e9voile les nouveaut\u00e9s de la 9e \u00e9dition du FAR de Lab\u00e9 - Reporterhorizon\" \/>\n<meta property=\"og:description\" content=\"\u00c0 l\u2019approche de la neuvi\u00e8me \u00e9dition du Festival des Arts du Rire de Lab\u00e9 (FAR), pr\u00e9vue du 4 au 11 mai 2026 \u00e0 Lab\u00e9, le promoteur Mamadou Lamine Diallo dit Mamadou Thug a lev\u00e9 le voile sur les principales innovations de cette ann\u00e9e. Parmi les grandes annonces, l\u2019organisation de spectacles grand public avec la participation [&hellip;]\" \/>\n<meta property=\"og:url\" content=\"https:\/\/www.reporterhorizon.com\/index.php\/2026\/04\/21\/culture-mamadou-thug-devoile-les-nouveautes-de-la-9e-edition-du-far-de-labe-2\/\" \/>\n<meta property=\"og:site_name\" content=\"Reporterhorizon\" \/>\n<meta property=\"article:published_time\" content=\"2026-04-21T09:27:34+00:00\" \/>\n<meta property=\"article:modified_time\" content=\"2026-04-21T09:27:36+00:00\" \/>\n<meta property=\"og:image\" content=\"https:\/\/www.reporterhorizon.com\/wp-content\/uploads\/2026\/04\/20260420_161854-1-scaled.jpeg\" \/>\n\t<meta property=\"og:image:width\" content=\"2560\" \/>\n\t<meta property=\"og:image:height\" content=\"2560\" \/>\n\t<meta property=\"og:image:type\" content=\"image\/jpeg\" \/>\n<meta name=\"author\" content=\"Bamba\" \/>\n<meta name=\"twitter:card\" content=\"summary_large_image\" \/>\n<meta name=\"twitter:label1\" content=\"\u00c9crit par\" \/>\n\t<meta name=\"twitter:data1\" content=\"Bamba\" \/>\n\t<meta name=\"twitter:label2\" content=\"Dur\u00e9e de lecture estim\u00e9e\" \/>\n\t<meta name=\"twitter:data2\" content=\"2 minutes\" \/>\n<script type=\"application\/ld+json\" class=\"yoast-schema-graph\">{\"@context\":\"https:\/\/schema.org\",\"@graph\":[{\"@type\":\"Article\",\"@id\":\"https:\/\/www.reporterhorizon.com\/index.php\/2026\/04\/21\/culture-mamadou-thug-devoile-les-nouveautes-de-la-9e-edition-du-far-de-labe-2\/#article\",\"isPartOf\":{\"@id\":\"https:\/\/www.reporterhorizon.com\/index.php\/2026\/04\/21\/culture-mamadou-thug-devoile-les-nouveautes-de-la-9e-edition-du-far-de-labe-2\/\"},\"author\":{\"name\":\"Bamba\",\"@id\":\"https:\/\/www.reporterhorizon.com\/#\/schema\/person\/e54de2937f17a9c3e6a9db78e0dde802\"},\"headline\":\"Culture : Mamadou Thug d\u00e9voile les nouveaut\u00e9s de la 9e \u00e9dition du FAR de Lab\u00e9\",\"datePublished\":\"2026-04-21T09:27:34+00:00\",\"dateModified\":\"2026-04-21T09:27:36+00:00\",\"mainEntityOfPage\":{\"@id\":\"https:\/\/www.reporterhorizon.com\/index.php\/2026\/04\/21\/culture-mamadou-thug-devoile-les-nouveautes-de-la-9e-edition-du-far-de-labe-2\/\"},\"wordCount\":252,\"commentCount\":0,\"publisher\":{\"@id\":\"https:\/\/www.reporterhorizon.com\/#organization\"},\"image\":{\"@id\":\"https:\/\/www.reporterhorizon.com\/index.php\/2026\/04\/21\/culture-mamadou-thug-devoile-les-nouveautes-de-la-9e-edition-du-far-de-labe-2\/#primaryimage\"},\"thumbnailUrl\":\"https:\/\/www.reporterhorizon.com\/wp-content\/uploads\/2026\/04\/20260420_161854-1-1024x1024.jpeg\",\"inLanguage\":\"fr-FR\",\"potentialAction\":[{\"@type\":\"CommentAction\",\"name\":\"Comment\",\"target\":[\"https:\/\/www.reporterhorizon.com\/index.php\/2026\/04\/21\/culture-mamadou-thug-devoile-les-nouveautes-de-la-9e-edition-du-far-de-labe-2\/#respond\"]}]},{\"@type\":\"WebPage\",\"@id\":\"https:\/\/www.reporterhorizon.com\/index.php\/2026\/04\/21\/culture-mamadou-thug-devoile-les-nouveautes-de-la-9e-edition-du-far-de-labe-2\/\",\"url\":\"https:\/\/www.reporterhorizon.com\/index.php\/2026\/04\/21\/culture-mamadou-thug-devoile-les-nouveautes-de-la-9e-edition-du-far-de-labe-2\/\",\"name\":\"Culture : Mamadou Thug d\u00e9voile les nouveaut\u00e9s de la 9e \u00e9dition du FAR de Lab\u00e9 - Reporterhorizon\",\"isPartOf\":{\"@id\":\"https:\/\/www.reporterhorizon.com\/#website\"},\"primaryImageOfPage\":{\"@id\":\"https:\/\/www.reporterhorizon.com\/index.php\/2026\/04\/21\/culture-mamadou-thug-devoile-les-nouveautes-de-la-9e-edition-du-far-de-labe-2\/#primaryimage\"},\"image\":{\"@id\":\"https:\/\/www.reporterhorizon.com\/index.php\/2026\/04\/21\/culture-mamadou-thug-devoile-les-nouveautes-de-la-9e-edition-du-far-de-labe-2\/#primaryimage\"},\"thumbnailUrl\":\"https:\/\/www.reporterhorizon.com\/wp-content\/uploads\/2026\/04\/20260420_161854-1-1024x1024.jpeg\",\"datePublished\":\"2026-04-21T09:27:34+00:00\",\"dateModified\":\"2026-04-21T09:27:36+00:00\",\"breadcrumb\":{\"@id\":\"https:\/\/www.reporterhorizon.com\/index.php\/2026\/04\/21\/culture-mamadou-thug-devoile-les-nouveautes-de-la-9e-edition-du-far-de-labe-2\/#breadcrumb\"},\"inLanguage\":\"fr-FR\",\"potentialAction\":[{\"@type\":\"ReadAction\",\"target\":[\"https:\/\/www.reporterhorizon.com\/index.php\/2026\/04\/21\/culture-mamadou-thug-devoile-les-nouveautes-de-la-9e-edition-du-far-de-labe-2\/\"]}]},{\"@type\":\"ImageObject\",\"inLanguage\":\"fr-FR\",\"@id\":\"https:\/\/www.reporterhorizon.com\/index.php\/2026\/04\/21\/culture-mamadou-thug-devoile-les-nouveautes-de-la-9e-edition-du-far-de-labe-2\/#primaryimage\",\"url\":\"https:\/\/www.reporterhorizon.com\/wp-content\/uploads\/2026\/04\/20260420_161854-1-scaled.jpeg\",\"contentUrl\":\"https:\/\/www.reporterhorizon.com\/wp-content\/uploads\/2026\/04\/20260420_161854-1-scaled.jpeg\",\"width\":2560,\"height\":2560},{\"@type\":\"BreadcrumbList\",\"@id\":\"https:\/\/www.reporterhorizon.com\/index.php\/2026\/04\/21\/culture-mamadou-thug-devoile-les-nouveautes-de-la-9e-edition-du-far-de-labe-2\/#breadcrumb\",\"itemListElement\":[{\"@type\":\"ListItem\",\"position\":1,\"name\":\"Accueil\",\"item\":\"https:\/\/www.reporterhorizon.com\/\"},{\"@type\":\"ListItem\",\"position\":2,\"name\":\"Culture : Mamadou Thug d\u00e9voile les nouveaut\u00e9s de la 9e \u00e9dition du FAR de Lab\u00e9\"}]},{\"@type\":\"WebSite\",\"@id\":\"https:\/\/www.reporterhorizon.com\/#website\",\"url\":\"https:\/\/www.reporterhorizon.com\/\",\"name\":\"Reporterhorizon\",\"description\":\"\",\"publisher\":{\"@id\":\"https:\/\/www.reporterhorizon.com\/#organization\"},\"potentialAction\":[{\"@type\":\"SearchAction\",\"target\":{\"@type\":\"EntryPoint\",\"urlTemplate\":\"https:\/\/www.reporterhorizon.com\/?s={search_term_string}\"},\"query-input\":{\"@type\":\"PropertyValueSpecification\",\"valueRequired\":true,\"valueName\":\"search_term_string\"}}],\"inLanguage\":\"fr-FR\"},{\"@type\":\"Organization\",\"@id\":\"https:\/\/www.reporterhorizon.com\/#organization\",\"name\":\"Reporterhorizon\",\"url\":\"https:\/\/www.reporterhorizon.com\/\",\"logo\":{\"@type\":\"ImageObject\",\"inLanguage\":\"fr-FR\",\"@id\":\"https:\/\/www.reporterhorizon.com\/#\/schema\/logo\/image\/\",\"url\":\"https:\/\/www.reporterhorizon.com\/wp-content\/uploads\/2025\/07\/LOGO-STUDIO.jpg\",\"contentUrl\":\"https:\/\/www.reporterhorizon.com\/wp-content\/uploads\/2025\/07\/LOGO-STUDIO.jpg\",\"width\":1960,\"height\":560,\"caption\":\"Reporterhorizon\"},\"image\":{\"@id\":\"https:\/\/www.reporterhorizon.com\/#\/schema\/logo\/image\/\"}},{\"@type\":\"Person\",\"@id\":\"https:\/\/www.reporterhorizon.com\/#\/schema\/person\/e54de2937f17a9c3e6a9db78e0dde802\",\"name\":\"Bamba\",\"image\":{\"@type\":\"ImageObject\",\"inLanguage\":\"fr-FR\",\"@id\":\"https:\/\/secure.gravatar.com\/avatar\/0721e5f51669073185223c713f504afe424081e2305d62bf510acd3af15b2469?s=96&d=mm&r=g\",\"url\":\"https:\/\/secure.gravatar.com\/avatar\/0721e5f51669073185223c713f504afe424081e2305d62bf510acd3af15b2469?s=96&d=mm&r=g\",\"contentUrl\":\"https:\/\/secure.gravatar.com\/avatar\/0721e5f51669073185223c713f504afe424081e2305d62bf510acd3af15b2469?s=96&d=mm&r=g\",\"caption\":\"Bamba\"},\"url\":\"https:\/\/www.reporterhorizon.com\/index.php\/author\/bamba\/\"}]}<\/script>\n<!-- \/ Yoast SEO plugin. -->","yoast_head_json":{"title":"Culture : Mamadou Thug d\u00e9voile les nouveaut\u00e9s de la 9e \u00e9dition du FAR de Lab\u00e9 - Reporterhorizon","robots":{"index":"index","follow":"follow","max-snippet":"max-snippet:-1","max-image-preview":"max-image-preview:large","max-video-preview":"max-video-preview:-1"},"canonical":"https:\/\/www.reporterhorizon.com\/index.php\/2026\/04\/21\/culture-mamadou-thug-devoile-les-nouveautes-de-la-9e-edition-du-far-de-labe-2\/","og_locale":"fr_FR","og_type":"article","og_title":"Culture : Mamadou Thug d\u00e9voile les nouveaut\u00e9s de la 9e \u00e9dition du FAR de Lab\u00e9 - Reporterhorizon","og_description":"\u00c0 l\u2019approche de la neuvi\u00e8me \u00e9dition du Festival des Arts du Rire de Lab\u00e9 (FAR), pr\u00e9vue du 4 au 11 mai 2026 \u00e0 Lab\u00e9, le promoteur Mamadou Lamine Diallo dit Mamadou Thug a lev\u00e9 le voile sur les principales innovations de cette ann\u00e9e. Parmi les grandes annonces, l\u2019organisation de spectacles grand public avec la participation [&hellip;]","og_url":"https:\/\/www.reporterhorizon.com\/index.php\/2026\/04\/21\/culture-mamadou-thug-devoile-les-nouveautes-de-la-9e-edition-du-far-de-labe-2\/","og_site_name":"Reporterhorizon","article_published_time":"2026-04-21T09:27:34+00:00","article_modified_time":"2026-04-21T09:27:36+00:00","og_image":[{"width":2560,"height":2560,"url":"https:\/\/www.reporterhorizon.com\/wp-content\/uploads\/2026\/04\/20260420_161854-1-scaled.jpeg","type":"image\/jpeg"}],"author":"Bamba","twitter_card":"summary_large_image","twitter_misc":{"\u00c9crit par":"Bamba","Dur\u00e9e de lecture estim\u00e9e":"2 minutes"},"schema":{"@context":"https:\/\/schema.org","@graph":[{"@type":"Article","@id":"https:\/\/www.reporterhorizon.com\/index.php\/2026\/04\/21\/culture-mamadou-thug-devoile-les-nouveautes-de-la-9e-edition-du-far-de-labe-2\/#article","isPartOf":{"@id":"https:\/\/www.reporterhorizon.com\/index.php\/2026\/04\/21\/culture-mamadou-thug-devoile-les-nouveautes-de-la-9e-edition-du-far-de-labe-2\/"},"author":{"name":"Bamba","@id":"https:\/\/www.reporterhorizon.com\/#\/schema\/person\/e54de2937f17a9c3e6a9db78e0dde802"},"headline":"Culture : Mamadou Thug d\u00e9voile les nouveaut\u00e9s de la 9e \u00e9dition du FAR de Lab\u00e9","datePublished":"2026-04-21T09:27:34+00:00","dateModified":"2026-04-21T09:27:36+00:00","mainEntityOfPage":{"@id":"https:\/\/www.reporterhorizon.com\/index.php\/2026\/04\/21\/culture-mamadou-thug-devoile-les-nouveautes-de-la-9e-edition-du-far-de-labe-2\/"},"wordCount":252,"commentCount":0,"publisher":{"@id":"https:\/\/www.reporterhorizon.com\/#organization"},"image":{"@id":"https:\/\/www.reporterhorizon.com\/index.php\/2026\/04\/21\/culture-mamadou-thug-devoile-les-nouveautes-de-la-9e-edition-du-far-de-labe-2\/#primaryimage"},"thumbnailUrl":"https:\/\/www.reporterhorizon.com\/wp-content\/uploads\/2026\/04\/20260420_161854-1-1024x1024.jpeg","inLanguage":"fr-FR","potentialAction":[{"@type":"CommentAction","name":"Comment","target":["https:\/\/www.reporterhorizon.com\/index.php\/2026\/04\/21\/culture-mamadou-thug-devoile-les-nouveautes-de-la-9e-edition-du-far-de-labe-2\/#respond"]}]},{"@type":"WebPage","@id":"https:\/\/www.reporterhorizon.com\/index.php\/2026\/04\/21\/culture-mamadou-thug-devoile-les-nouveautes-de-la-9e-edition-du-far-de-labe-2\/","url":"https:\/\/www.reporterhorizon.com\/index.php\/2026\/04\/21\/culture-mamadou-thug-devoile-les-nouveautes-de-la-9e-edition-du-far-de-labe-2\/","name":"Culture : Mamadou Thug d\u00e9voile les nouveaut\u00e9s de la 9e \u00e9dition du FAR de Lab\u00e9 - Reporterhorizon","isPartOf":{"@id":"https:\/\/www.reporterhorizon.com\/#website"},"primaryImageOfPage":{"@id":"https:\/\/www.reporterhorizon.com\/index.php\/2026\/04\/21\/culture-mamadou-thug-devoile-les-nouveautes-de-la-9e-edition-du-far-de-labe-2\/#primaryimage"},"image":{"@id":"https:\/\/www.reporterhorizon.com\/index.php\/2026\/04\/21\/culture-mamadou-thug-devoile-les-nouveautes-de-la-9e-edition-du-far-de-labe-2\/#primaryimage"},"thumbnailUrl":"https:\/\/www.reporterhorizon.com\/wp-content\/uploads\/2026\/04\/20260420_161854-1-1024x1024.jpeg","datePublished":"2026-04-21T09:27:34+00:00","dateModified":"2026-04-21T09:27:36+00:00","breadcrumb":{"@id":"https:\/\/www.reporterhorizon.com\/index.php\/2026\/04\/21\/culture-mamadou-thug-devoile-les-nouveautes-de-la-9e-edition-du-far-de-labe-2\/#breadcrumb"},"inLanguage":"fr-FR","potentialAction":[{"@type":"ReadAction","target":["https:\/\/www.reporterhorizon.com\/index.php\/2026\/04\/21\/culture-mamadou-thug-devoile-les-nouveautes-de-la-9e-edition-du-far-de-labe-2\/"]}]},{"@type":"ImageObject","inLanguage":"fr-FR","@id":"https:\/\/www.reporterhorizon.com\/index.php\/2026\/04\/21\/culture-mamadou-thug-devoile-les-nouveautes-de-la-9e-edition-du-far-de-labe-2\/#primaryimage","url":"https:\/\/www.reporterhorizon.com\/wp-content\/uploads\/2026\/04\/20260420_161854-1-scaled.jpeg","contentUrl":"https:\/\/www.reporterhorizon.com\/wp-content\/uploads\/2026\/04\/20260420_161854-1-scaled.jpeg","width":2560,"height":2560},{"@type":"BreadcrumbList","@id":"https:\/\/www.reporterhorizon.com\/index.php\/2026\/04\/21\/culture-mamadou-thug-devoile-les-nouveautes-de-la-9e-edition-du-far-de-labe-2\/#breadcrumb","itemListElement":[{"@type":"ListItem","position":1,"name":"Accueil","item":"https:\/\/www.reporterhorizon.com\/"},{"@type":"ListItem","position":2,"name":"Culture : Mamadou Thug d\u00e9voile les nouveaut\u00e9s de la 9e \u00e9dition du FAR de Lab\u00e9"}]},{"@type":"WebSite","@id":"https:\/\/www.reporterhorizon.com\/#website","url":"https:\/\/www.reporterhorizon.com\/","name":"Reporterhorizon","description":"","publisher":{"@id":"https:\/\/www.reporterhorizon.com\/#organization"},"potentialAction":[{"@type":"SearchAction","target":{"@type":"EntryPoint","urlTemplate":"https:\/\/www.reporterhorizon.com\/?s={search_term_string}"},"query-input":{"@type":"PropertyValueSpecification","valueRequired":true,"valueName":"search_term_string"}}],"inLanguage":"fr-FR"},{"@type":"Organization","@id":"https:\/\/www.reporterhorizon.com\/#organization","name":"Reporterhorizon","url":"https:\/\/www.reporterhorizon.com\/","logo":{"@type":"ImageObject","inLanguage":"fr-FR","@id":"https:\/\/www.reporterhorizon.com\/#\/schema\/logo\/image\/","url":"https:\/\/www.reporterhorizon.com\/wp-content\/uploads\/2025\/07\/LOGO-STUDIO.jpg","contentUrl":"https:\/\/www.reporterhorizon.com\/wp-content\/uploads\/2025\/07\/LOGO-STUDIO.jpg","width":1960,"height":560,"caption":"Reporterhorizon"},"image":{"@id":"https:\/\/www.reporterhorizon.com\/#\/schema\/logo\/image\/"}},{"@type":"Person","@id":"https:\/\/www.reporterhorizon.com\/#\/schema\/person\/e54de2937f17a9c3e6a9db78e0dde802","name":"Bamba","image":{"@type":"ImageObject","inLanguage":"fr-FR","@id":"https:\/\/secure.gravatar.com\/avatar\/0721e5f51669073185223c713f504afe424081e2305d62bf510acd3af15b2469?s=96&d=mm&r=g","url":"https:\/\/secure.gravatar.com\/avatar\/0721e5f51669073185223c713f504afe424081e2305d62bf510acd3af15b2469?s=96&d=mm&r=g","contentUrl":"https:\/\/secure.gravatar.com\/avatar\/0721e5f51669073185223c713f504afe424081e2305d62bf510acd3af15b2469?s=96&d=mm&r=g","caption":"Bamba"},"url":"https:\/\/www.reporterhorizon.com\/index.php\/author\/bamba\/"}]}},"_links":{"self":[{"href":"https:\/\/www.reporterhorizon.com\/index.php\/wp-json\/wp\/v2\/posts\/7427","targetHints":{"allow":["GET"]}}],"collection":[{"href":"https:\/\/www.reporterhorizon.com\/index.php\/wp-json\/wp\/v2\/posts"}],"about":[{"href":"https:\/\/www.reporterhorizon.com\/index.php\/wp-json\/wp\/v2\/types\/post"}],"author":[{"embeddable":true,"href":"https:\/\/www.reporterhorizon.com\/index.php\/wp-json\/wp\/v2\/users\/42"}],"replies":[{"embeddable":true,"href":"https:\/\/www.reporterhorizon.com\/index.php\/wp-json\/wp\/v2\/comments?post=7427"}],"version-history":[{"count":1,"href":"https:\/\/www.reporterhorizon.com\/index.php\/wp-json\/wp\/v2\/posts\/7427\/revisions"}],"predecessor-version":[{"id":7429,"href":"https:\/\/www.reporterhorizon.com\/index.php\/wp-json\/wp\/v2\/posts\/7427\/revisions\/7429"}],"wp:attachment":[{"href":"https:\/\/www.reporterhorizon.com\/index.php\/wp-json\/wp\/v2\/media?parent=7427"}],"wp:term":[{"taxonomy":"category","embeddable":true,"href":"https:\/\/www.reporterhorizon.com\/index.php\/wp-json\/wp\/v2\/categories?post=7427"},{"taxonomy":"post_tag","embeddable":true,"href":"https:\/\/www.reporterhorizon.com\/index.php\/wp-json\/wp\/v2\/tags?post=7427"}],"curies":[{"name":"wp","href":"https:\/\/api.w.org\/{rel}","templated":true}]}}