{"id":7416,"date":"2026-04-20T16:22:33","date_gmt":"2026-04-20T16:22:33","guid":{"rendered":"https:\/\/www.reporterhorizon.com\/?p=7416"},"modified":"2026-04-20T16:22:34","modified_gmt":"2026-04-20T16:22:34","slug":"culture-la-9e-edition-du-festival-des-arts-du-rire-de-labe-prevue-du-4-au-11-mai-2026","status":"publish","type":"post","link":"https:\/\/www.reporterhorizon.com\/index.php\/2026\/04\/20\/culture-la-9e-edition-du-festival-des-arts-du-rire-de-labe-prevue-du-4-au-11-mai-2026\/","title":{"rendered":"Culture : la 9e \u00e9dition du Festival des arts du rire de Lab\u00e9 pr\u00e9vue du 4 au 11 mai 2026"},"content":{"rendered":"\n<figure class=\"wp-block-gallery has-nested-images columns-default is-cropped wp-block-gallery-1 is-layout-flex wp-block-gallery-is-layout-flex\">\n<figure class=\"wp-block-image size-large\"><img fetchpriority=\"high\" decoding=\"async\" width=\"1024\" height=\"1024\" data-id=\"7421\" src=\"https:\/\/www.reporterhorizon.com\/wp-content\/uploads\/2026\/04\/IMG_1334-2-1024x1024.jpeg\" alt=\"\" class=\"wp-image-7421\" srcset=\"https:\/\/www.reporterhorizon.com\/wp-content\/uploads\/2026\/04\/IMG_1334-2-1024x1024.jpeg 1024w, https:\/\/www.reporterhorizon.com\/wp-content\/uploads\/2026\/04\/IMG_1334-2-300x300.jpeg 300w, https:\/\/www.reporterhorizon.com\/wp-content\/uploads\/2026\/04\/IMG_1334-2-150x150.jpeg 150w, https:\/\/www.reporterhorizon.com\/wp-content\/uploads\/2026\/04\/IMG_1334-2-1536x1536.jpeg 1536w, https:\/\/www.reporterhorizon.com\/wp-content\/uploads\/2026\/04\/IMG_1334-2-2048x2048.jpeg 2048w, https:\/\/www.reporterhorizon.com\/wp-content\/uploads\/2026\/04\/IMG_1334-2-75x75.jpeg 75w, https:\/\/www.reporterhorizon.com\/wp-content\/uploads\/2026\/04\/IMG_1334-2-350x350.jpeg 350w\" sizes=\"(max-width: 1024px) 100vw, 1024px\" \/><\/figure>\n<\/figure>\n\n\n\n<figure class=\"wp-block-gallery has-nested-images columns-default is-cropped wp-block-gallery-2 is-layout-flex wp-block-gallery-is-layout-flex\"><\/figure>\n\n\n\n<figure class=\"wp-block-gallery has-nested-images columns-default is-cropped wp-block-gallery-3 is-layout-flex wp-block-gallery-is-layout-flex\"><\/figure>\n\n\n\n<p>Le <a href=\"chatgpt:\/\/generic-entity?number=0\">Festival des Arts du Rire de Lab\u00e9 (FAR)<\/a> revient pour une neuvi\u00e8me \u00e9dition qui se tiendra du 4 au 11 mai 2026 dans la r\u00e9gion du Fouta, pr\u00e9cis\u00e9ment \u00e0 <a href=\"chatgpt:\/\/generic-entity?number=1\">Lab\u00e9<\/a>.<\/p>\n\n\n\n<figure class=\"wp-block-image size-large\"><img decoding=\"async\" width=\"1024\" height=\"1024\" src=\"https:\/\/www.reporterhorizon.com\/wp-content\/uploads\/2026\/04\/IMG_0124-1-1024x1024.jpeg\" alt=\"\" class=\"wp-image-7418\" srcset=\"https:\/\/www.reporterhorizon.com\/wp-content\/uploads\/2026\/04\/IMG_0124-1-1024x1024.jpeg 1024w, https:\/\/www.reporterhorizon.com\/wp-content\/uploads\/2026\/04\/IMG_0124-1-300x300.jpeg 300w, https:\/\/www.reporterhorizon.com\/wp-content\/uploads\/2026\/04\/IMG_0124-1-150x150.jpeg 150w, https:\/\/www.reporterhorizon.com\/wp-content\/uploads\/2026\/04\/IMG_0124-1-1536x1536.jpeg 1536w, https:\/\/www.reporterhorizon.com\/wp-content\/uploads\/2026\/04\/IMG_0124-1-2048x2048.jpeg 2048w, https:\/\/www.reporterhorizon.com\/wp-content\/uploads\/2026\/04\/IMG_0124-1-75x75.jpeg 75w, https:\/\/www.reporterhorizon.com\/wp-content\/uploads\/2026\/04\/IMG_0124-1-350x350.jpeg 350w\" sizes=\"(max-width: 1024px) 100vw, 1024px\" \/><\/figure>\n\n\n\n<p>En pr\u00e9lude \u00e0 cet \u00e9v\u00e9nement, les organisateurs ont anim\u00e9 une conf\u00e9rence de presse ce lundi 20 avril \u00e0 la <a href=\"chatgpt:\/\/generic-entity?number=2\">Maison commune des journalistes<\/a>, afin de pr\u00e9senter les grandes lignes de cette \u00e9dition.<\/p>\n\n\n\n<p>Port\u00e9 par <a href=\"chatgpt:\/\/generic-entity?number=3\">Mamadou Thug<\/a> et son \u00e9quipe, le festival se veut un cadre d\u2019expression culturelle et artistique riche et diversifi\u00e9. Au programme : sensibilisation, formations, prestations artistiques, expositions, panels de discussion, projections, contes et activit\u00e9s touristiques.<\/p>\n\n\n\n<p>Cette ann\u00e9e, le <a href=\"chatgpt:\/\/generic-entity?number=4\">S\u00e9n\u00e9gal<\/a> est le pays invit\u00e9 d\u2019honneur. \u00c0 l\u2019\u00e9chelle nationale, la ville de <a href=\"chatgpt:\/\/generic-entity?number=5\">Bok\u00e9<\/a> et la pr\u00e9fecture de <a href=\"chatgpt:\/\/generic-entity?number=6\">Koubia<\/a> seront \u00e9galement mises en lumi\u00e8re.<\/p>\n\n\n\n<figure class=\"wp-block-image size-large\"><img decoding=\"async\" width=\"1024\" height=\"1024\" src=\"https:\/\/www.reporterhorizon.com\/wp-content\/uploads\/2026\/04\/IMG_0125-1024x1024.jpeg\" alt=\"\" class=\"wp-image-7419\" srcset=\"https:\/\/www.reporterhorizon.com\/wp-content\/uploads\/2026\/04\/IMG_0125-1024x1024.jpeg 1024w, https:\/\/www.reporterhorizon.com\/wp-content\/uploads\/2026\/04\/IMG_0125-300x300.jpeg 300w, https:\/\/www.reporterhorizon.com\/wp-content\/uploads\/2026\/04\/IMG_0125-150x150.jpeg 150w, https:\/\/www.reporterhorizon.com\/wp-content\/uploads\/2026\/04\/IMG_0125-1536x1536.jpeg 1536w, https:\/\/www.reporterhorizon.com\/wp-content\/uploads\/2026\/04\/IMG_0125-2048x2048.jpeg 2048w, https:\/\/www.reporterhorizon.com\/wp-content\/uploads\/2026\/04\/IMG_0125-75x75.jpeg 75w, https:\/\/www.reporterhorizon.com\/wp-content\/uploads\/2026\/04\/IMG_0125-350x350.jpeg 350w\" sizes=\"(max-width: 1024px) 100vw, 1024px\" \/><\/figure>\n\n\n\n<p>Pour le promoteur, cet \u00e9v\u00e9nement d\u00e9passe le simple cadre festif. \u00ab Je suis tr\u00e8s heureux d\u2019organiser cette neuvi\u00e8me \u00e9dition. Ce festival n\u2019est pas seulement un moment de divertissement, il a aussi une dimension sociale et culturelle \u00bb, a-t-il d\u00e9clar\u00e9, saluant au passage le soutien de son a\u00een\u00e9 <a href=\"chatgpt:\/\/generic-entity?number=7\">Path\u00e9 Moloko<\/a>.<\/p>\n\n\n\n<p>Avec la participation de plusieurs artistes et acteurs culturels, le FAR s\u2019annonce comme un rendez-vous majeur pour la promotion de la culture et du rire en Guin\u00e9e.<\/p>\n<script>function PlayerjsAsync(){} if(window[\"Playerjs\"]){PlayerjsAsync();}<\/script>","protected":false},"excerpt":{"rendered":"<p>Le Festival des Arts du Rire de Lab\u00e9 (FAR) revient pour une neuvi\u00e8me \u00e9dition qui se tiendra du 4 au 11 mai 2026 dans la r\u00e9gion du Fouta, pr\u00e9cis\u00e9ment \u00e0 Lab\u00e9. En pr\u00e9lude \u00e0 cet \u00e9v\u00e9nement, les organisateurs ont anim\u00e9 une conf\u00e9rence de presse ce lundi 20 avril \u00e0 la Maison commune des journalistes, afin [&hellip;]<\/p>\n","protected":false},"author":42,"featured_media":0,"comment_status":"open","ping_status":"open","sticky":false,"template":"","format":"standard","meta":{"jnews-multi-image_gallery":[],"jnews_single_post":{"format":"standard"},"jnews_primary_category":[],"jnews_override_counter":[],"footnotes":""},"categories":[1],"tags":[],"class_list":["post-7416","post","type-post","status-publish","format-standard","hentry","category-non-classe"],"yoast_head":"<!-- This site is optimized with the Yoast SEO plugin v27.2 - https:\/\/yoast.com\/product\/yoast-seo-wordpress\/ -->\n<title>Culture : la 9e \u00e9dition du Festival des arts du rire de Lab\u00e9 pr\u00e9vue du 4 au 11 mai 2026 - Reporterhorizon<\/title>\n<meta name=\"robots\" content=\"index, follow, max-snippet:-1, max-image-preview:large, max-video-preview:-1\" \/>\n<link rel=\"canonical\" href=\"https:\/\/www.reporterhorizon.com\/index.php\/2026\/04\/20\/culture-la-9e-edition-du-festival-des-arts-du-rire-de-labe-prevue-du-4-au-11-mai-2026\/\" \/>\n<meta property=\"og:locale\" content=\"fr_FR\" \/>\n<meta property=\"og:type\" content=\"article\" \/>\n<meta property=\"og:title\" content=\"Culture : la 9e \u00e9dition du Festival des arts du rire de Lab\u00e9 pr\u00e9vue du 4 au 11 mai 2026 - Reporterhorizon\" \/>\n<meta property=\"og:description\" content=\"Le Festival des Arts du Rire de Lab\u00e9 (FAR) revient pour une neuvi\u00e8me \u00e9dition qui se tiendra du 4 au 11 mai 2026 dans la r\u00e9gion du Fouta, pr\u00e9cis\u00e9ment \u00e0 Lab\u00e9. En pr\u00e9lude \u00e0 cet \u00e9v\u00e9nement, les organisateurs ont anim\u00e9 une conf\u00e9rence de presse ce lundi 20 avril \u00e0 la Maison commune des journalistes, afin [&hellip;]\" \/>\n<meta property=\"og:url\" content=\"https:\/\/www.reporterhorizon.com\/index.php\/2026\/04\/20\/culture-la-9e-edition-du-festival-des-arts-du-rire-de-labe-prevue-du-4-au-11-mai-2026\/\" \/>\n<meta property=\"og:site_name\" content=\"Reporterhorizon\" \/>\n<meta property=\"article:published_time\" content=\"2026-04-20T16:22:33+00:00\" \/>\n<meta property=\"article:modified_time\" content=\"2026-04-20T16:22:34+00:00\" \/>\n<meta property=\"og:image\" content=\"https:\/\/www.reporterhorizon.com\/wp-content\/uploads\/2026\/04\/IMG_1334-2-scaled.jpeg\" \/>\n\t<meta property=\"og:image:width\" content=\"2560\" \/>\n\t<meta property=\"og:image:height\" content=\"2560\" \/>\n\t<meta property=\"og:image:type\" content=\"image\/jpeg\" \/>\n<meta name=\"author\" content=\"Bamba\" \/>\n<meta name=\"twitter:card\" content=\"summary_large_image\" \/>\n<meta name=\"twitter:label1\" content=\"\u00c9crit par\" \/>\n\t<meta name=\"twitter:data1\" content=\"Bamba\" \/>\n\t<meta name=\"twitter:label2\" content=\"Dur\u00e9e de lecture estim\u00e9e\" \/>\n\t<meta name=\"twitter:data2\" content=\"2 minutes\" \/>\n<script type=\"application\/ld+json\" class=\"yoast-schema-graph\">{\"@context\":\"https:\/\/schema.org\",\"@graph\":[{\"@type\":\"Article\",\"@id\":\"https:\/\/www.reporterhorizon.com\/index.php\/2026\/04\/20\/culture-la-9e-edition-du-festival-des-arts-du-rire-de-labe-prevue-du-4-au-11-mai-2026\/#article\",\"isPartOf\":{\"@id\":\"https:\/\/www.reporterhorizon.com\/index.php\/2026\/04\/20\/culture-la-9e-edition-du-festival-des-arts-du-rire-de-labe-prevue-du-4-au-11-mai-2026\/\"},\"author\":{\"name\":\"Bamba\",\"@id\":\"https:\/\/www.reporterhorizon.com\/#\/schema\/person\/e54de2937f17a9c3e6a9db78e0dde802\"},\"headline\":\"Culture : la 9e \u00e9dition du Festival des arts du rire de Lab\u00e9 pr\u00e9vue du 4 au 11 mai 2026\",\"datePublished\":\"2026-04-20T16:22:33+00:00\",\"dateModified\":\"2026-04-20T16:22:34+00:00\",\"mainEntityOfPage\":{\"@id\":\"https:\/\/www.reporterhorizon.com\/index.php\/2026\/04\/20\/culture-la-9e-edition-du-festival-des-arts-du-rire-de-labe-prevue-du-4-au-11-mai-2026\/\"},\"wordCount\":234,\"commentCount\":0,\"publisher\":{\"@id\":\"https:\/\/www.reporterhorizon.com\/#organization\"},\"image\":{\"@id\":\"https:\/\/www.reporterhorizon.com\/index.php\/2026\/04\/20\/culture-la-9e-edition-du-festival-des-arts-du-rire-de-labe-prevue-du-4-au-11-mai-2026\/#primaryimage\"},\"thumbnailUrl\":\"https:\/\/www.reporterhorizon.com\/wp-content\/uploads\/2026\/04\/IMG_1334-2-1024x1024.jpeg\",\"inLanguage\":\"fr-FR\",\"potentialAction\":[{\"@type\":\"CommentAction\",\"name\":\"Comment\",\"target\":[\"https:\/\/www.reporterhorizon.com\/index.php\/2026\/04\/20\/culture-la-9e-edition-du-festival-des-arts-du-rire-de-labe-prevue-du-4-au-11-mai-2026\/#respond\"]}]},{\"@type\":\"WebPage\",\"@id\":\"https:\/\/www.reporterhorizon.com\/index.php\/2026\/04\/20\/culture-la-9e-edition-du-festival-des-arts-du-rire-de-labe-prevue-du-4-au-11-mai-2026\/\",\"url\":\"https:\/\/www.reporterhorizon.com\/index.php\/2026\/04\/20\/culture-la-9e-edition-du-festival-des-arts-du-rire-de-labe-prevue-du-4-au-11-mai-2026\/\",\"name\":\"Culture : la 9e \u00e9dition du Festival des arts du rire de Lab\u00e9 pr\u00e9vue du 4 au 11 mai 2026 - Reporterhorizon\",\"isPartOf\":{\"@id\":\"https:\/\/www.reporterhorizon.com\/#website\"},\"primaryImageOfPage\":{\"@id\":\"https:\/\/www.reporterhorizon.com\/index.php\/2026\/04\/20\/culture-la-9e-edition-du-festival-des-arts-du-rire-de-labe-prevue-du-4-au-11-mai-2026\/#primaryimage\"},\"image\":{\"@id\":\"https:\/\/www.reporterhorizon.com\/index.php\/2026\/04\/20\/culture-la-9e-edition-du-festival-des-arts-du-rire-de-labe-prevue-du-4-au-11-mai-2026\/#primaryimage\"},\"thumbnailUrl\":\"https:\/\/www.reporterhorizon.com\/wp-content\/uploads\/2026\/04\/IMG_1334-2-1024x1024.jpeg\",\"datePublished\":\"2026-04-20T16:22:33+00:00\",\"dateModified\":\"2026-04-20T16:22:34+00:00\",\"breadcrumb\":{\"@id\":\"https:\/\/www.reporterhorizon.com\/index.php\/2026\/04\/20\/culture-la-9e-edition-du-festival-des-arts-du-rire-de-labe-prevue-du-4-au-11-mai-2026\/#breadcrumb\"},\"inLanguage\":\"fr-FR\",\"potentialAction\":[{\"@type\":\"ReadAction\",\"target\":[\"https:\/\/www.reporterhorizon.com\/index.php\/2026\/04\/20\/culture-la-9e-edition-du-festival-des-arts-du-rire-de-labe-prevue-du-4-au-11-mai-2026\/\"]}]},{\"@type\":\"ImageObject\",\"inLanguage\":\"fr-FR\",\"@id\":\"https:\/\/www.reporterhorizon.com\/index.php\/2026\/04\/20\/culture-la-9e-edition-du-festival-des-arts-du-rire-de-labe-prevue-du-4-au-11-mai-2026\/#primaryimage\",\"url\":\"https:\/\/www.reporterhorizon.com\/wp-content\/uploads\/2026\/04\/IMG_1334-2-scaled.jpeg\",\"contentUrl\":\"https:\/\/www.reporterhorizon.com\/wp-content\/uploads\/2026\/04\/IMG_1334-2-scaled.jpeg\",\"width\":2560,\"height\":2560},{\"@type\":\"BreadcrumbList\",\"@id\":\"https:\/\/www.reporterhorizon.com\/index.php\/2026\/04\/20\/culture-la-9e-edition-du-festival-des-arts-du-rire-de-labe-prevue-du-4-au-11-mai-2026\/#breadcrumb\",\"itemListElement\":[{\"@type\":\"ListItem\",\"position\":1,\"name\":\"Accueil\",\"item\":\"https:\/\/www.reporterhorizon.com\/\"},{\"@type\":\"ListItem\",\"position\":2,\"name\":\"Culture : la 9e \u00e9dition du Festival des arts du rire de Lab\u00e9 pr\u00e9vue du 4 au 11 mai 2026\"}]},{\"@type\":\"WebSite\",\"@id\":\"https:\/\/www.reporterhorizon.com\/#website\",\"url\":\"https:\/\/www.reporterhorizon.com\/\",\"name\":\"Reporterhorizon\",\"description\":\"\",\"publisher\":{\"@id\":\"https:\/\/www.reporterhorizon.com\/#organization\"},\"potentialAction\":[{\"@type\":\"SearchAction\",\"target\":{\"@type\":\"EntryPoint\",\"urlTemplate\":\"https:\/\/www.reporterhorizon.com\/?s={search_term_string}\"},\"query-input\":{\"@type\":\"PropertyValueSpecification\",\"valueRequired\":true,\"valueName\":\"search_term_string\"}}],\"inLanguage\":\"fr-FR\"},{\"@type\":\"Organization\",\"@id\":\"https:\/\/www.reporterhorizon.com\/#organization\",\"name\":\"Reporterhorizon\",\"url\":\"https:\/\/www.reporterhorizon.com\/\",\"logo\":{\"@type\":\"ImageObject\",\"inLanguage\":\"fr-FR\",\"@id\":\"https:\/\/www.reporterhorizon.com\/#\/schema\/logo\/image\/\",\"url\":\"https:\/\/www.reporterhorizon.com\/wp-content\/uploads\/2025\/07\/LOGO-STUDIO.jpg\",\"contentUrl\":\"https:\/\/www.reporterhorizon.com\/wp-content\/uploads\/2025\/07\/LOGO-STUDIO.jpg\",\"width\":1960,\"height\":560,\"caption\":\"Reporterhorizon\"},\"image\":{\"@id\":\"https:\/\/www.reporterhorizon.com\/#\/schema\/logo\/image\/\"}},{\"@type\":\"Person\",\"@id\":\"https:\/\/www.reporterhorizon.com\/#\/schema\/person\/e54de2937f17a9c3e6a9db78e0dde802\",\"name\":\"Bamba\",\"image\":{\"@type\":\"ImageObject\",\"inLanguage\":\"fr-FR\",\"@id\":\"https:\/\/secure.gravatar.com\/avatar\/0721e5f51669073185223c713f504afe424081e2305d62bf510acd3af15b2469?s=96&d=mm&r=g\",\"url\":\"https:\/\/secure.gravatar.com\/avatar\/0721e5f51669073185223c713f504afe424081e2305d62bf510acd3af15b2469?s=96&d=mm&r=g\",\"contentUrl\":\"https:\/\/secure.gravatar.com\/avatar\/0721e5f51669073185223c713f504afe424081e2305d62bf510acd3af15b2469?s=96&d=mm&r=g\",\"caption\":\"Bamba\"},\"url\":\"https:\/\/www.reporterhorizon.com\/index.php\/author\/bamba\/\"}]}<\/script>\n<!-- \/ Yoast SEO plugin. -->","yoast_head_json":{"title":"Culture : la 9e \u00e9dition du Festival des arts du rire de Lab\u00e9 pr\u00e9vue du 4 au 11 mai 2026 - Reporterhorizon","robots":{"index":"index","follow":"follow","max-snippet":"max-snippet:-1","max-image-preview":"max-image-preview:large","max-video-preview":"max-video-preview:-1"},"canonical":"https:\/\/www.reporterhorizon.com\/index.php\/2026\/04\/20\/culture-la-9e-edition-du-festival-des-arts-du-rire-de-labe-prevue-du-4-au-11-mai-2026\/","og_locale":"fr_FR","og_type":"article","og_title":"Culture : la 9e \u00e9dition du Festival des arts du rire de Lab\u00e9 pr\u00e9vue du 4 au 11 mai 2026 - Reporterhorizon","og_description":"Le Festival des Arts du Rire de Lab\u00e9 (FAR) revient pour une neuvi\u00e8me \u00e9dition qui se tiendra du 4 au 11 mai 2026 dans la r\u00e9gion du Fouta, pr\u00e9cis\u00e9ment \u00e0 Lab\u00e9. En pr\u00e9lude \u00e0 cet \u00e9v\u00e9nement, les organisateurs ont anim\u00e9 une conf\u00e9rence de presse ce lundi 20 avril \u00e0 la Maison commune des journalistes, afin [&hellip;]","og_url":"https:\/\/www.reporterhorizon.com\/index.php\/2026\/04\/20\/culture-la-9e-edition-du-festival-des-arts-du-rire-de-labe-prevue-du-4-au-11-mai-2026\/","og_site_name":"Reporterhorizon","article_published_time":"2026-04-20T16:22:33+00:00","article_modified_time":"2026-04-20T16:22:34+00:00","og_image":[{"width":2560,"height":2560,"url":"https:\/\/www.reporterhorizon.com\/wp-content\/uploads\/2026\/04\/IMG_1334-2-scaled.jpeg","type":"image\/jpeg"}],"author":"Bamba","twitter_card":"summary_large_image","twitter_misc":{"\u00c9crit par":"Bamba","Dur\u00e9e de lecture estim\u00e9e":"2 minutes"},"schema":{"@context":"https:\/\/schema.org","@graph":[{"@type":"Article","@id":"https:\/\/www.reporterhorizon.com\/index.php\/2026\/04\/20\/culture-la-9e-edition-du-festival-des-arts-du-rire-de-labe-prevue-du-4-au-11-mai-2026\/#article","isPartOf":{"@id":"https:\/\/www.reporterhorizon.com\/index.php\/2026\/04\/20\/culture-la-9e-edition-du-festival-des-arts-du-rire-de-labe-prevue-du-4-au-11-mai-2026\/"},"author":{"name":"Bamba","@id":"https:\/\/www.reporterhorizon.com\/#\/schema\/person\/e54de2937f17a9c3e6a9db78e0dde802"},"headline":"Culture : la 9e \u00e9dition du Festival des arts du rire de Lab\u00e9 pr\u00e9vue du 4 au 11 mai 2026","datePublished":"2026-04-20T16:22:33+00:00","dateModified":"2026-04-20T16:22:34+00:00","mainEntityOfPage":{"@id":"https:\/\/www.reporterhorizon.com\/index.php\/2026\/04\/20\/culture-la-9e-edition-du-festival-des-arts-du-rire-de-labe-prevue-du-4-au-11-mai-2026\/"},"wordCount":234,"commentCount":0,"publisher":{"@id":"https:\/\/www.reporterhorizon.com\/#organization"},"image":{"@id":"https:\/\/www.reporterhorizon.com\/index.php\/2026\/04\/20\/culture-la-9e-edition-du-festival-des-arts-du-rire-de-labe-prevue-du-4-au-11-mai-2026\/#primaryimage"},"thumbnailUrl":"https:\/\/www.reporterhorizon.com\/wp-content\/uploads\/2026\/04\/IMG_1334-2-1024x1024.jpeg","inLanguage":"fr-FR","potentialAction":[{"@type":"CommentAction","name":"Comment","target":["https:\/\/www.reporterhorizon.com\/index.php\/2026\/04\/20\/culture-la-9e-edition-du-festival-des-arts-du-rire-de-labe-prevue-du-4-au-11-mai-2026\/#respond"]}]},{"@type":"WebPage","@id":"https:\/\/www.reporterhorizon.com\/index.php\/2026\/04\/20\/culture-la-9e-edition-du-festival-des-arts-du-rire-de-labe-prevue-du-4-au-11-mai-2026\/","url":"https:\/\/www.reporterhorizon.com\/index.php\/2026\/04\/20\/culture-la-9e-edition-du-festival-des-arts-du-rire-de-labe-prevue-du-4-au-11-mai-2026\/","name":"Culture : la 9e \u00e9dition du Festival des arts du rire de Lab\u00e9 pr\u00e9vue du 4 au 11 mai 2026 - Reporterhorizon","isPartOf":{"@id":"https:\/\/www.reporterhorizon.com\/#website"},"primaryImageOfPage":{"@id":"https:\/\/www.reporterhorizon.com\/index.php\/2026\/04\/20\/culture-la-9e-edition-du-festival-des-arts-du-rire-de-labe-prevue-du-4-au-11-mai-2026\/#primaryimage"},"image":{"@id":"https:\/\/www.reporterhorizon.com\/index.php\/2026\/04\/20\/culture-la-9e-edition-du-festival-des-arts-du-rire-de-labe-prevue-du-4-au-11-mai-2026\/#primaryimage"},"thumbnailUrl":"https:\/\/www.reporterhorizon.com\/wp-content\/uploads\/2026\/04\/IMG_1334-2-1024x1024.jpeg","datePublished":"2026-04-20T16:22:33+00:00","dateModified":"2026-04-20T16:22:34+00:00","breadcrumb":{"@id":"https:\/\/www.reporterhorizon.com\/index.php\/2026\/04\/20\/culture-la-9e-edition-du-festival-des-arts-du-rire-de-labe-prevue-du-4-au-11-mai-2026\/#breadcrumb"},"inLanguage":"fr-FR","potentialAction":[{"@type":"ReadAction","target":["https:\/\/www.reporterhorizon.com\/index.php\/2026\/04\/20\/culture-la-9e-edition-du-festival-des-arts-du-rire-de-labe-prevue-du-4-au-11-mai-2026\/"]}]},{"@type":"ImageObject","inLanguage":"fr-FR","@id":"https:\/\/www.reporterhorizon.com\/index.php\/2026\/04\/20\/culture-la-9e-edition-du-festival-des-arts-du-rire-de-labe-prevue-du-4-au-11-mai-2026\/#primaryimage","url":"https:\/\/www.reporterhorizon.com\/wp-content\/uploads\/2026\/04\/IMG_1334-2-scaled.jpeg","contentUrl":"https:\/\/www.reporterhorizon.com\/wp-content\/uploads\/2026\/04\/IMG_1334-2-scaled.jpeg","width":2560,"height":2560},{"@type":"BreadcrumbList","@id":"https:\/\/www.reporterhorizon.com\/index.php\/2026\/04\/20\/culture-la-9e-edition-du-festival-des-arts-du-rire-de-labe-prevue-du-4-au-11-mai-2026\/#breadcrumb","itemListElement":[{"@type":"ListItem","position":1,"name":"Accueil","item":"https:\/\/www.reporterhorizon.com\/"},{"@type":"ListItem","position":2,"name":"Culture : la 9e \u00e9dition du Festival des arts du rire de Lab\u00e9 pr\u00e9vue du 4 au 11 mai 2026"}]},{"@type":"WebSite","@id":"https:\/\/www.reporterhorizon.com\/#website","url":"https:\/\/www.reporterhorizon.com\/","name":"Reporterhorizon","description":"","publisher":{"@id":"https:\/\/www.reporterhorizon.com\/#organization"},"potentialAction":[{"@type":"SearchAction","target":{"@type":"EntryPoint","urlTemplate":"https:\/\/www.reporterhorizon.com\/?s={search_term_string}"},"query-input":{"@type":"PropertyValueSpecification","valueRequired":true,"valueName":"search_term_string"}}],"inLanguage":"fr-FR"},{"@type":"Organization","@id":"https:\/\/www.reporterhorizon.com\/#organization","name":"Reporterhorizon","url":"https:\/\/www.reporterhorizon.com\/","logo":{"@type":"ImageObject","inLanguage":"fr-FR","@id":"https:\/\/www.reporterhorizon.com\/#\/schema\/logo\/image\/","url":"https:\/\/www.reporterhorizon.com\/wp-content\/uploads\/2025\/07\/LOGO-STUDIO.jpg","contentUrl":"https:\/\/www.reporterhorizon.com\/wp-content\/uploads\/2025\/07\/LOGO-STUDIO.jpg","width":1960,"height":560,"caption":"Reporterhorizon"},"image":{"@id":"https:\/\/www.reporterhorizon.com\/#\/schema\/logo\/image\/"}},{"@type":"Person","@id":"https:\/\/www.reporterhorizon.com\/#\/schema\/person\/e54de2937f17a9c3e6a9db78e0dde802","name":"Bamba","image":{"@type":"ImageObject","inLanguage":"fr-FR","@id":"https:\/\/secure.gravatar.com\/avatar\/0721e5f51669073185223c713f504afe424081e2305d62bf510acd3af15b2469?s=96&d=mm&r=g","url":"https:\/\/secure.gravatar.com\/avatar\/0721e5f51669073185223c713f504afe424081e2305d62bf510acd3af15b2469?s=96&d=mm&r=g","contentUrl":"https:\/\/secure.gravatar.com\/avatar\/0721e5f51669073185223c713f504afe424081e2305d62bf510acd3af15b2469?s=96&d=mm&r=g","caption":"Bamba"},"url":"https:\/\/www.reporterhorizon.com\/index.php\/author\/bamba\/"}]}},"_links":{"self":[{"href":"https:\/\/www.reporterhorizon.com\/index.php\/wp-json\/wp\/v2\/posts\/7416","targetHints":{"allow":["GET"]}}],"collection":[{"href":"https:\/\/www.reporterhorizon.com\/index.php\/wp-json\/wp\/v2\/posts"}],"about":[{"href":"https:\/\/www.reporterhorizon.com\/index.php\/wp-json\/wp\/v2\/types\/post"}],"author":[{"embeddable":true,"href":"https:\/\/www.reporterhorizon.com\/index.php\/wp-json\/wp\/v2\/users\/42"}],"replies":[{"embeddable":true,"href":"https:\/\/www.reporterhorizon.com\/index.php\/wp-json\/wp\/v2\/comments?post=7416"}],"version-history":[{"count":1,"href":"https:\/\/www.reporterhorizon.com\/index.php\/wp-json\/wp\/v2\/posts\/7416\/revisions"}],"predecessor-version":[{"id":7422,"href":"https:\/\/www.reporterhorizon.com\/index.php\/wp-json\/wp\/v2\/posts\/7416\/revisions\/7422"}],"wp:attachment":[{"href":"https:\/\/www.reporterhorizon.com\/index.php\/wp-json\/wp\/v2\/media?parent=7416"}],"wp:term":[{"taxonomy":"category","embeddable":true,"href":"https:\/\/www.reporterhorizon.com\/index.php\/wp-json\/wp\/v2\/categories?post=7416"},{"taxonomy":"post_tag","embeddable":true,"href":"https:\/\/www.reporterhorizon.com\/index.php\/wp-json\/wp\/v2\/tags?post=7416"}],"curies":[{"name":"wp","href":"https:\/\/api.w.org\/{rel}","templated":true}]}}