{"id":7409,"date":"2026-04-20T15:50:27","date_gmt":"2026-04-20T15:50:27","guid":{"rendered":"https:\/\/www.reporterhorizon.com\/?p=7409"},"modified":"2026-04-20T15:50:28","modified_gmt":"2026-04-20T15:50:28","slug":"guinee-maya-la-solution-et-yama-sega-presentees-au-parquet-de-mafanco-apres-leur-audition-a-loprogem","status":"publish","type":"post","link":"https:\/\/www.reporterhorizon.com\/index.php\/2026\/04\/20\/guinee-maya-la-solution-et-yama-sega-presentees-au-parquet-de-mafanco-apres-leur-audition-a-loprogem\/","title":{"rendered":"Guin\u00e9e : Maya la Solution et Yama Sega pr\u00e9sent\u00e9es au parquet de Mafanco apr\u00e8s leur audition \u00e0 l\u2019OPROGEM"},"content":{"rendered":"\n<figure class=\"wp-block-gallery has-nested-images columns-default is-cropped wp-block-gallery-1 is-layout-flex wp-block-gallery-is-layout-flex\">\n<figure class=\"wp-block-image size-large\"><img fetchpriority=\"high\" decoding=\"async\" width=\"1024\" height=\"1024\" data-id=\"7410\" src=\"https:\/\/www.reporterhorizon.com\/wp-content\/uploads\/2026\/04\/IMG_1337-1024x1024.jpeg\" alt=\"\" class=\"wp-image-7410\" srcset=\"https:\/\/www.reporterhorizon.com\/wp-content\/uploads\/2026\/04\/IMG_1337-1024x1024.jpeg 1024w, https:\/\/www.reporterhorizon.com\/wp-content\/uploads\/2026\/04\/IMG_1337-300x300.jpeg 300w, https:\/\/www.reporterhorizon.com\/wp-content\/uploads\/2026\/04\/IMG_1337-150x150.jpeg 150w, https:\/\/www.reporterhorizon.com\/wp-content\/uploads\/2026\/04\/IMG_1337-1536x1536.jpeg 1536w, https:\/\/www.reporterhorizon.com\/wp-content\/uploads\/2026\/04\/IMG_1337-2048x2048.jpeg 2048w, https:\/\/www.reporterhorizon.com\/wp-content\/uploads\/2026\/04\/IMG_1337-75x75.jpeg 75w, https:\/\/www.reporterhorizon.com\/wp-content\/uploads\/2026\/04\/IMG_1337-350x350.jpeg 350w\" sizes=\"(max-width: 1024px) 100vw, 1024px\" \/><\/figure>\n<\/figure>\n\n\n\n<p>Apr\u00e8s deux jours d\u2019audition dans les locaux de l\u2019<a href=\"chatgpt:\/\/generic-entity?number=0\">Office de protection du genre, de l\u2019enfance et des m\u0153urs (OPROGEM)<\/a>, l\u2019influenceuse <a href=\"chatgpt:\/\/generic-entity?number=1\">Maya la Solution<\/a> et l\u2019artiste <a href=\"chatgpt:\/\/generic-entity?number=2\">Yama Sega<\/a> ont \u00e9t\u00e9 pr\u00e9sent\u00e9es ce lundi devant le parquet du <a href=\"chatgpt:\/\/generic-entity?number=3\">Tribunal de premi\u00e8re instance de Mafanco<\/a>.<\/p>\n\n\n\n<figure class=\"wp-block-gallery has-nested-images columns-default is-cropped wp-block-gallery-2 is-layout-flex wp-block-gallery-is-layout-flex\">\n<figure class=\"wp-block-image size-large\"><img decoding=\"async\" width=\"1024\" height=\"1024\" data-id=\"7411\" src=\"https:\/\/www.reporterhorizon.com\/wp-content\/uploads\/2026\/04\/IMG_1336-1024x1024.jpeg\" alt=\"\" class=\"wp-image-7411\" srcset=\"https:\/\/www.reporterhorizon.com\/wp-content\/uploads\/2026\/04\/IMG_1336-1024x1024.jpeg 1024w, https:\/\/www.reporterhorizon.com\/wp-content\/uploads\/2026\/04\/IMG_1336-300x300.jpeg 300w, https:\/\/www.reporterhorizon.com\/wp-content\/uploads\/2026\/04\/IMG_1336-150x150.jpeg 150w, https:\/\/www.reporterhorizon.com\/wp-content\/uploads\/2026\/04\/IMG_1336-1536x1536.jpeg 1536w, https:\/\/www.reporterhorizon.com\/wp-content\/uploads\/2026\/04\/IMG_1336-2048x2048.jpeg 2048w, https:\/\/www.reporterhorizon.com\/wp-content\/uploads\/2026\/04\/IMG_1336-75x75.jpeg 75w, https:\/\/www.reporterhorizon.com\/wp-content\/uploads\/2026\/04\/IMG_1336-350x350.jpeg 350w\" sizes=\"(max-width: 1024px) 100vw, 1024px\" \/><\/figure>\n<\/figure>\n\n\n\n<p>\u00c0 l\u2019issue de cette phase d\u2019enqu\u00eate, elles ont \u00e9t\u00e9 d\u00e9f\u00e9r\u00e9es devant l\u2019autorit\u00e9 judiciaire comp\u00e9tente. Leur pr\u00e9sentation au parquet marque une nouvelle \u00e9tape de la proc\u00e9dure, avec l\u2019\u00e9ventuelle ouverture d\u2019une information judiciaire.<\/p>\n\n\n\n<p>Cette \u00e9volution pourrait conduire \u00e0 leur mise en examen ou \u00e0 d\u2019autres mesures d\u00e9cid\u00e9es par le magistrat en charge du dossier, dans le respect des dispositions l\u00e9gales en vigueur.<\/p>\n<script>function PlayerjsAsync(){} if(window[\"Playerjs\"]){PlayerjsAsync();}<\/script>","protected":false},"excerpt":{"rendered":"<p>Apr\u00e8s deux jours d\u2019audition dans les locaux de l\u2019Office de protection du genre, de l\u2019enfance et des m\u0153urs (OPROGEM), l\u2019influenceuse Maya la Solution et l\u2019artiste Yama Sega ont \u00e9t\u00e9 pr\u00e9sent\u00e9es ce lundi devant le parquet du Tribunal de premi\u00e8re instance de Mafanco. \u00c0 l\u2019issue de cette phase d\u2019enqu\u00eate, elles ont \u00e9t\u00e9 d\u00e9f\u00e9r\u00e9es devant l\u2019autorit\u00e9 judiciaire [&hellip;]<\/p>\n","protected":false},"author":42,"featured_media":0,"comment_status":"open","ping_status":"open","sticky":false,"template":"","format":"standard","meta":{"jnews-multi-image_gallery":[],"jnews_single_post":{"format":"standard"},"jnews_primary_category":[],"jnews_override_counter":[],"footnotes":""},"categories":[1],"tags":[],"class_list":["post-7409","post","type-post","status-publish","format-standard","hentry","category-non-classe"],"yoast_head":"<!-- This site is optimized with the Yoast SEO plugin v27.2 - https:\/\/yoast.com\/product\/yoast-seo-wordpress\/ -->\n<title>Guin\u00e9e : Maya la Solution et Yama Sega pr\u00e9sent\u00e9es au parquet de Mafanco apr\u00e8s leur audition \u00e0 l\u2019OPROGEM - Reporterhorizon<\/title>\n<meta name=\"robots\" content=\"index, follow, max-snippet:-1, max-image-preview:large, max-video-preview:-1\" \/>\n<link rel=\"canonical\" href=\"https:\/\/www.reporterhorizon.com\/index.php\/2026\/04\/20\/guinee-maya-la-solution-et-yama-sega-presentees-au-parquet-de-mafanco-apres-leur-audition-a-loprogem\/\" \/>\n<meta property=\"og:locale\" content=\"fr_FR\" \/>\n<meta property=\"og:type\" content=\"article\" \/>\n<meta property=\"og:title\" content=\"Guin\u00e9e : Maya la Solution et Yama Sega pr\u00e9sent\u00e9es au parquet de Mafanco apr\u00e8s leur audition \u00e0 l\u2019OPROGEM - Reporterhorizon\" \/>\n<meta property=\"og:description\" content=\"Apr\u00e8s deux jours d\u2019audition dans les locaux de l\u2019Office de protection du genre, de l\u2019enfance et des m\u0153urs (OPROGEM), l\u2019influenceuse Maya la Solution et l\u2019artiste Yama Sega ont \u00e9t\u00e9 pr\u00e9sent\u00e9es ce lundi devant le parquet du Tribunal de premi\u00e8re instance de Mafanco. \u00c0 l\u2019issue de cette phase d\u2019enqu\u00eate, elles ont \u00e9t\u00e9 d\u00e9f\u00e9r\u00e9es devant l\u2019autorit\u00e9 judiciaire [&hellip;]\" \/>\n<meta property=\"og:url\" content=\"https:\/\/www.reporterhorizon.com\/index.php\/2026\/04\/20\/guinee-maya-la-solution-et-yama-sega-presentees-au-parquet-de-mafanco-apres-leur-audition-a-loprogem\/\" \/>\n<meta property=\"og:site_name\" content=\"Reporterhorizon\" \/>\n<meta property=\"article:published_time\" content=\"2026-04-20T15:50:27+00:00\" \/>\n<meta property=\"article:modified_time\" content=\"2026-04-20T15:50:28+00:00\" \/>\n<meta property=\"og:image\" content=\"https:\/\/www.reporterhorizon.com\/wp-content\/uploads\/2026\/04\/IMG_1337.jpeg\" \/>\n\t<meta property=\"og:image:width\" content=\"1140\" \/>\n\t<meta property=\"og:image:height\" content=\"570\" \/>\n\t<meta property=\"og:image:type\" content=\"image\/jpeg\" \/>\n<meta name=\"author\" content=\"Bamba\" \/>\n<meta name=\"twitter:card\" content=\"summary_large_image\" \/>\n<meta name=\"twitter:label1\" content=\"\u00c9crit par\" \/>\n\t<meta name=\"twitter:data1\" content=\"Bamba\" \/>\n\t<meta name=\"twitter:label2\" content=\"Dur\u00e9e de lecture estim\u00e9e\" \/>\n\t<meta name=\"twitter:data2\" content=\"1 minute\" \/>\n<script type=\"application\/ld+json\" class=\"yoast-schema-graph\">{\"@context\":\"https:\/\/schema.org\",\"@graph\":[{\"@type\":\"Article\",\"@id\":\"https:\/\/www.reporterhorizon.com\/index.php\/2026\/04\/20\/guinee-maya-la-solution-et-yama-sega-presentees-au-parquet-de-mafanco-apres-leur-audition-a-loprogem\/#article\",\"isPartOf\":{\"@id\":\"https:\/\/www.reporterhorizon.com\/index.php\/2026\/04\/20\/guinee-maya-la-solution-et-yama-sega-presentees-au-parquet-de-mafanco-apres-leur-audition-a-loprogem\/\"},\"author\":{\"name\":\"Bamba\",\"@id\":\"https:\/\/www.reporterhorizon.com\/#\/schema\/person\/e54de2937f17a9c3e6a9db78e0dde802\"},\"headline\":\"Guin\u00e9e : Maya la Solution et Yama Sega pr\u00e9sent\u00e9es au parquet de Mafanco apr\u00e8s leur audition \u00e0 l\u2019OPROGEM\",\"datePublished\":\"2026-04-20T15:50:27+00:00\",\"dateModified\":\"2026-04-20T15:50:28+00:00\",\"mainEntityOfPage\":{\"@id\":\"https:\/\/www.reporterhorizon.com\/index.php\/2026\/04\/20\/guinee-maya-la-solution-et-yama-sega-presentees-au-parquet-de-mafanco-apres-leur-audition-a-loprogem\/\"},\"wordCount\":146,\"commentCount\":0,\"publisher\":{\"@id\":\"https:\/\/www.reporterhorizon.com\/#organization\"},\"image\":{\"@id\":\"https:\/\/www.reporterhorizon.com\/index.php\/2026\/04\/20\/guinee-maya-la-solution-et-yama-sega-presentees-au-parquet-de-mafanco-apres-leur-audition-a-loprogem\/#primaryimage\"},\"thumbnailUrl\":\"https:\/\/www.reporterhorizon.com\/wp-content\/uploads\/2026\/04\/IMG_1337-1024x1024.jpeg\",\"inLanguage\":\"fr-FR\",\"potentialAction\":[{\"@type\":\"CommentAction\",\"name\":\"Comment\",\"target\":[\"https:\/\/www.reporterhorizon.com\/index.php\/2026\/04\/20\/guinee-maya-la-solution-et-yama-sega-presentees-au-parquet-de-mafanco-apres-leur-audition-a-loprogem\/#respond\"]}]},{\"@type\":\"WebPage\",\"@id\":\"https:\/\/www.reporterhorizon.com\/index.php\/2026\/04\/20\/guinee-maya-la-solution-et-yama-sega-presentees-au-parquet-de-mafanco-apres-leur-audition-a-loprogem\/\",\"url\":\"https:\/\/www.reporterhorizon.com\/index.php\/2026\/04\/20\/guinee-maya-la-solution-et-yama-sega-presentees-au-parquet-de-mafanco-apres-leur-audition-a-loprogem\/\",\"name\":\"Guin\u00e9e : Maya la Solution et Yama Sega pr\u00e9sent\u00e9es au parquet de Mafanco apr\u00e8s leur audition \u00e0 l\u2019OPROGEM - Reporterhorizon\",\"isPartOf\":{\"@id\":\"https:\/\/www.reporterhorizon.com\/#website\"},\"primaryImageOfPage\":{\"@id\":\"https:\/\/www.reporterhorizon.com\/index.php\/2026\/04\/20\/guinee-maya-la-solution-et-yama-sega-presentees-au-parquet-de-mafanco-apres-leur-audition-a-loprogem\/#primaryimage\"},\"image\":{\"@id\":\"https:\/\/www.reporterhorizon.com\/index.php\/2026\/04\/20\/guinee-maya-la-solution-et-yama-sega-presentees-au-parquet-de-mafanco-apres-leur-audition-a-loprogem\/#primaryimage\"},\"thumbnailUrl\":\"https:\/\/www.reporterhorizon.com\/wp-content\/uploads\/2026\/04\/IMG_1337-1024x1024.jpeg\",\"datePublished\":\"2026-04-20T15:50:27+00:00\",\"dateModified\":\"2026-04-20T15:50:28+00:00\",\"breadcrumb\":{\"@id\":\"https:\/\/www.reporterhorizon.com\/index.php\/2026\/04\/20\/guinee-maya-la-solution-et-yama-sega-presentees-au-parquet-de-mafanco-apres-leur-audition-a-loprogem\/#breadcrumb\"},\"inLanguage\":\"fr-FR\",\"potentialAction\":[{\"@type\":\"ReadAction\",\"target\":[\"https:\/\/www.reporterhorizon.com\/index.php\/2026\/04\/20\/guinee-maya-la-solution-et-yama-sega-presentees-au-parquet-de-mafanco-apres-leur-audition-a-loprogem\/\"]}]},{\"@type\":\"ImageObject\",\"inLanguage\":\"fr-FR\",\"@id\":\"https:\/\/www.reporterhorizon.com\/index.php\/2026\/04\/20\/guinee-maya-la-solution-et-yama-sega-presentees-au-parquet-de-mafanco-apres-leur-audition-a-loprogem\/#primaryimage\",\"url\":\"https:\/\/www.reporterhorizon.com\/wp-content\/uploads\/2026\/04\/IMG_1337.jpeg\",\"contentUrl\":\"https:\/\/www.reporterhorizon.com\/wp-content\/uploads\/2026\/04\/IMG_1337.jpeg\",\"width\":1140,\"height\":570},{\"@type\":\"BreadcrumbList\",\"@id\":\"https:\/\/www.reporterhorizon.com\/index.php\/2026\/04\/20\/guinee-maya-la-solution-et-yama-sega-presentees-au-parquet-de-mafanco-apres-leur-audition-a-loprogem\/#breadcrumb\",\"itemListElement\":[{\"@type\":\"ListItem\",\"position\":1,\"name\":\"Accueil\",\"item\":\"https:\/\/www.reporterhorizon.com\/\"},{\"@type\":\"ListItem\",\"position\":2,\"name\":\"Guin\u00e9e : Maya la Solution et Yama Sega pr\u00e9sent\u00e9es au parquet de Mafanco apr\u00e8s leur audition \u00e0 l\u2019OPROGEM\"}]},{\"@type\":\"WebSite\",\"@id\":\"https:\/\/www.reporterhorizon.com\/#website\",\"url\":\"https:\/\/www.reporterhorizon.com\/\",\"name\":\"Reporterhorizon\",\"description\":\"\",\"publisher\":{\"@id\":\"https:\/\/www.reporterhorizon.com\/#organization\"},\"potentialAction\":[{\"@type\":\"SearchAction\",\"target\":{\"@type\":\"EntryPoint\",\"urlTemplate\":\"https:\/\/www.reporterhorizon.com\/?s={search_term_string}\"},\"query-input\":{\"@type\":\"PropertyValueSpecification\",\"valueRequired\":true,\"valueName\":\"search_term_string\"}}],\"inLanguage\":\"fr-FR\"},{\"@type\":\"Organization\",\"@id\":\"https:\/\/www.reporterhorizon.com\/#organization\",\"name\":\"Reporterhorizon\",\"url\":\"https:\/\/www.reporterhorizon.com\/\",\"logo\":{\"@type\":\"ImageObject\",\"inLanguage\":\"fr-FR\",\"@id\":\"https:\/\/www.reporterhorizon.com\/#\/schema\/logo\/image\/\",\"url\":\"https:\/\/www.reporterhorizon.com\/wp-content\/uploads\/2025\/07\/LOGO-STUDIO.jpg\",\"contentUrl\":\"https:\/\/www.reporterhorizon.com\/wp-content\/uploads\/2025\/07\/LOGO-STUDIO.jpg\",\"width\":1960,\"height\":560,\"caption\":\"Reporterhorizon\"},\"image\":{\"@id\":\"https:\/\/www.reporterhorizon.com\/#\/schema\/logo\/image\/\"}},{\"@type\":\"Person\",\"@id\":\"https:\/\/www.reporterhorizon.com\/#\/schema\/person\/e54de2937f17a9c3e6a9db78e0dde802\",\"name\":\"Bamba\",\"image\":{\"@type\":\"ImageObject\",\"inLanguage\":\"fr-FR\",\"@id\":\"https:\/\/secure.gravatar.com\/avatar\/0721e5f51669073185223c713f504afe424081e2305d62bf510acd3af15b2469?s=96&d=mm&r=g\",\"url\":\"https:\/\/secure.gravatar.com\/avatar\/0721e5f51669073185223c713f504afe424081e2305d62bf510acd3af15b2469?s=96&d=mm&r=g\",\"contentUrl\":\"https:\/\/secure.gravatar.com\/avatar\/0721e5f51669073185223c713f504afe424081e2305d62bf510acd3af15b2469?s=96&d=mm&r=g\",\"caption\":\"Bamba\"},\"url\":\"https:\/\/www.reporterhorizon.com\/index.php\/author\/bamba\/\"}]}<\/script>\n<!-- \/ Yoast SEO plugin. -->","yoast_head_json":{"title":"Guin\u00e9e : Maya la Solution et Yama Sega pr\u00e9sent\u00e9es au parquet de Mafanco apr\u00e8s leur audition \u00e0 l\u2019OPROGEM - Reporterhorizon","robots":{"index":"index","follow":"follow","max-snippet":"max-snippet:-1","max-image-preview":"max-image-preview:large","max-video-preview":"max-video-preview:-1"},"canonical":"https:\/\/www.reporterhorizon.com\/index.php\/2026\/04\/20\/guinee-maya-la-solution-et-yama-sega-presentees-au-parquet-de-mafanco-apres-leur-audition-a-loprogem\/","og_locale":"fr_FR","og_type":"article","og_title":"Guin\u00e9e : Maya la Solution et Yama Sega pr\u00e9sent\u00e9es au parquet de Mafanco apr\u00e8s leur audition \u00e0 l\u2019OPROGEM - Reporterhorizon","og_description":"Apr\u00e8s deux jours d\u2019audition dans les locaux de l\u2019Office de protection du genre, de l\u2019enfance et des m\u0153urs (OPROGEM), l\u2019influenceuse Maya la Solution et l\u2019artiste Yama Sega ont \u00e9t\u00e9 pr\u00e9sent\u00e9es ce lundi devant le parquet du Tribunal de premi\u00e8re instance de Mafanco. \u00c0 l\u2019issue de cette phase d\u2019enqu\u00eate, elles ont \u00e9t\u00e9 d\u00e9f\u00e9r\u00e9es devant l\u2019autorit\u00e9 judiciaire [&hellip;]","og_url":"https:\/\/www.reporterhorizon.com\/index.php\/2026\/04\/20\/guinee-maya-la-solution-et-yama-sega-presentees-au-parquet-de-mafanco-apres-leur-audition-a-loprogem\/","og_site_name":"Reporterhorizon","article_published_time":"2026-04-20T15:50:27+00:00","article_modified_time":"2026-04-20T15:50:28+00:00","og_image":[{"width":1140,"height":570,"url":"https:\/\/www.reporterhorizon.com\/wp-content\/uploads\/2026\/04\/IMG_1337.jpeg","type":"image\/jpeg"}],"author":"Bamba","twitter_card":"summary_large_image","twitter_misc":{"\u00c9crit par":"Bamba","Dur\u00e9e de lecture estim\u00e9e":"1 minute"},"schema":{"@context":"https:\/\/schema.org","@graph":[{"@type":"Article","@id":"https:\/\/www.reporterhorizon.com\/index.php\/2026\/04\/20\/guinee-maya-la-solution-et-yama-sega-presentees-au-parquet-de-mafanco-apres-leur-audition-a-loprogem\/#article","isPartOf":{"@id":"https:\/\/www.reporterhorizon.com\/index.php\/2026\/04\/20\/guinee-maya-la-solution-et-yama-sega-presentees-au-parquet-de-mafanco-apres-leur-audition-a-loprogem\/"},"author":{"name":"Bamba","@id":"https:\/\/www.reporterhorizon.com\/#\/schema\/person\/e54de2937f17a9c3e6a9db78e0dde802"},"headline":"Guin\u00e9e : Maya la Solution et Yama Sega pr\u00e9sent\u00e9es au parquet de Mafanco apr\u00e8s leur audition \u00e0 l\u2019OPROGEM","datePublished":"2026-04-20T15:50:27+00:00","dateModified":"2026-04-20T15:50:28+00:00","mainEntityOfPage":{"@id":"https:\/\/www.reporterhorizon.com\/index.php\/2026\/04\/20\/guinee-maya-la-solution-et-yama-sega-presentees-au-parquet-de-mafanco-apres-leur-audition-a-loprogem\/"},"wordCount":146,"commentCount":0,"publisher":{"@id":"https:\/\/www.reporterhorizon.com\/#organization"},"image":{"@id":"https:\/\/www.reporterhorizon.com\/index.php\/2026\/04\/20\/guinee-maya-la-solution-et-yama-sega-presentees-au-parquet-de-mafanco-apres-leur-audition-a-loprogem\/#primaryimage"},"thumbnailUrl":"https:\/\/www.reporterhorizon.com\/wp-content\/uploads\/2026\/04\/IMG_1337-1024x1024.jpeg","inLanguage":"fr-FR","potentialAction":[{"@type":"CommentAction","name":"Comment","target":["https:\/\/www.reporterhorizon.com\/index.php\/2026\/04\/20\/guinee-maya-la-solution-et-yama-sega-presentees-au-parquet-de-mafanco-apres-leur-audition-a-loprogem\/#respond"]}]},{"@type":"WebPage","@id":"https:\/\/www.reporterhorizon.com\/index.php\/2026\/04\/20\/guinee-maya-la-solution-et-yama-sega-presentees-au-parquet-de-mafanco-apres-leur-audition-a-loprogem\/","url":"https:\/\/www.reporterhorizon.com\/index.php\/2026\/04\/20\/guinee-maya-la-solution-et-yama-sega-presentees-au-parquet-de-mafanco-apres-leur-audition-a-loprogem\/","name":"Guin\u00e9e : Maya la Solution et Yama Sega pr\u00e9sent\u00e9es au parquet de Mafanco apr\u00e8s leur audition \u00e0 l\u2019OPROGEM - Reporterhorizon","isPartOf":{"@id":"https:\/\/www.reporterhorizon.com\/#website"},"primaryImageOfPage":{"@id":"https:\/\/www.reporterhorizon.com\/index.php\/2026\/04\/20\/guinee-maya-la-solution-et-yama-sega-presentees-au-parquet-de-mafanco-apres-leur-audition-a-loprogem\/#primaryimage"},"image":{"@id":"https:\/\/www.reporterhorizon.com\/index.php\/2026\/04\/20\/guinee-maya-la-solution-et-yama-sega-presentees-au-parquet-de-mafanco-apres-leur-audition-a-loprogem\/#primaryimage"},"thumbnailUrl":"https:\/\/www.reporterhorizon.com\/wp-content\/uploads\/2026\/04\/IMG_1337-1024x1024.jpeg","datePublished":"2026-04-20T15:50:27+00:00","dateModified":"2026-04-20T15:50:28+00:00","breadcrumb":{"@id":"https:\/\/www.reporterhorizon.com\/index.php\/2026\/04\/20\/guinee-maya-la-solution-et-yama-sega-presentees-au-parquet-de-mafanco-apres-leur-audition-a-loprogem\/#breadcrumb"},"inLanguage":"fr-FR","potentialAction":[{"@type":"ReadAction","target":["https:\/\/www.reporterhorizon.com\/index.php\/2026\/04\/20\/guinee-maya-la-solution-et-yama-sega-presentees-au-parquet-de-mafanco-apres-leur-audition-a-loprogem\/"]}]},{"@type":"ImageObject","inLanguage":"fr-FR","@id":"https:\/\/www.reporterhorizon.com\/index.php\/2026\/04\/20\/guinee-maya-la-solution-et-yama-sega-presentees-au-parquet-de-mafanco-apres-leur-audition-a-loprogem\/#primaryimage","url":"https:\/\/www.reporterhorizon.com\/wp-content\/uploads\/2026\/04\/IMG_1337.jpeg","contentUrl":"https:\/\/www.reporterhorizon.com\/wp-content\/uploads\/2026\/04\/IMG_1337.jpeg","width":1140,"height":570},{"@type":"BreadcrumbList","@id":"https:\/\/www.reporterhorizon.com\/index.php\/2026\/04\/20\/guinee-maya-la-solution-et-yama-sega-presentees-au-parquet-de-mafanco-apres-leur-audition-a-loprogem\/#breadcrumb","itemListElement":[{"@type":"ListItem","position":1,"name":"Accueil","item":"https:\/\/www.reporterhorizon.com\/"},{"@type":"ListItem","position":2,"name":"Guin\u00e9e : Maya la Solution et Yama Sega pr\u00e9sent\u00e9es au parquet de Mafanco apr\u00e8s leur audition \u00e0 l\u2019OPROGEM"}]},{"@type":"WebSite","@id":"https:\/\/www.reporterhorizon.com\/#website","url":"https:\/\/www.reporterhorizon.com\/","name":"Reporterhorizon","description":"","publisher":{"@id":"https:\/\/www.reporterhorizon.com\/#organization"},"potentialAction":[{"@type":"SearchAction","target":{"@type":"EntryPoint","urlTemplate":"https:\/\/www.reporterhorizon.com\/?s={search_term_string}"},"query-input":{"@type":"PropertyValueSpecification","valueRequired":true,"valueName":"search_term_string"}}],"inLanguage":"fr-FR"},{"@type":"Organization","@id":"https:\/\/www.reporterhorizon.com\/#organization","name":"Reporterhorizon","url":"https:\/\/www.reporterhorizon.com\/","logo":{"@type":"ImageObject","inLanguage":"fr-FR","@id":"https:\/\/www.reporterhorizon.com\/#\/schema\/logo\/image\/","url":"https:\/\/www.reporterhorizon.com\/wp-content\/uploads\/2025\/07\/LOGO-STUDIO.jpg","contentUrl":"https:\/\/www.reporterhorizon.com\/wp-content\/uploads\/2025\/07\/LOGO-STUDIO.jpg","width":1960,"height":560,"caption":"Reporterhorizon"},"image":{"@id":"https:\/\/www.reporterhorizon.com\/#\/schema\/logo\/image\/"}},{"@type":"Person","@id":"https:\/\/www.reporterhorizon.com\/#\/schema\/person\/e54de2937f17a9c3e6a9db78e0dde802","name":"Bamba","image":{"@type":"ImageObject","inLanguage":"fr-FR","@id":"https:\/\/secure.gravatar.com\/avatar\/0721e5f51669073185223c713f504afe424081e2305d62bf510acd3af15b2469?s=96&d=mm&r=g","url":"https:\/\/secure.gravatar.com\/avatar\/0721e5f51669073185223c713f504afe424081e2305d62bf510acd3af15b2469?s=96&d=mm&r=g","contentUrl":"https:\/\/secure.gravatar.com\/avatar\/0721e5f51669073185223c713f504afe424081e2305d62bf510acd3af15b2469?s=96&d=mm&r=g","caption":"Bamba"},"url":"https:\/\/www.reporterhorizon.com\/index.php\/author\/bamba\/"}]}},"_links":{"self":[{"href":"https:\/\/www.reporterhorizon.com\/index.php\/wp-json\/wp\/v2\/posts\/7409","targetHints":{"allow":["GET"]}}],"collection":[{"href":"https:\/\/www.reporterhorizon.com\/index.php\/wp-json\/wp\/v2\/posts"}],"about":[{"href":"https:\/\/www.reporterhorizon.com\/index.php\/wp-json\/wp\/v2\/types\/post"}],"author":[{"embeddable":true,"href":"https:\/\/www.reporterhorizon.com\/index.php\/wp-json\/wp\/v2\/users\/42"}],"replies":[{"embeddable":true,"href":"https:\/\/www.reporterhorizon.com\/index.php\/wp-json\/wp\/v2\/comments?post=7409"}],"version-history":[{"count":1,"href":"https:\/\/www.reporterhorizon.com\/index.php\/wp-json\/wp\/v2\/posts\/7409\/revisions"}],"predecessor-version":[{"id":7412,"href":"https:\/\/www.reporterhorizon.com\/index.php\/wp-json\/wp\/v2\/posts\/7409\/revisions\/7412"}],"wp:attachment":[{"href":"https:\/\/www.reporterhorizon.com\/index.php\/wp-json\/wp\/v2\/media?parent=7409"}],"wp:term":[{"taxonomy":"category","embeddable":true,"href":"https:\/\/www.reporterhorizon.com\/index.php\/wp-json\/wp\/v2\/categories?post=7409"},{"taxonomy":"post_tag","embeddable":true,"href":"https:\/\/www.reporterhorizon.com\/index.php\/wp-json\/wp\/v2\/tags?post=7409"}],"curies":[{"name":"wp","href":"https:\/\/api.w.org\/{rel}","templated":true}]}}