{"id":7399,"date":"2026-04-18T11:28:35","date_gmt":"2026-04-18T11:28:35","guid":{"rendered":"https:\/\/www.reporterhorizon.com\/?p=7399"},"modified":"2026-04-18T11:28:37","modified_gmt":"2026-04-18T11:28:37","slug":"politique-le-cmp2-appelle-a-des-elections-legislatives-credibles-et-apaisees-en-guinee","status":"publish","type":"post","link":"https:\/\/www.reporterhorizon.com\/index.php\/2026\/04\/18\/politique-le-cmp2-appelle-a-des-elections-legislatives-credibles-et-apaisees-en-guinee\/","title":{"rendered":"Politique : le CMP2 appelle \u00e0 des \u00e9lections l\u00e9gislatives cr\u00e9dibles et apais\u00e9es en Guin\u00e9e"},"content":{"rendered":"\n<figure class=\"wp-block-gallery has-nested-images columns-default is-cropped wp-block-gallery-1 is-layout-flex wp-block-gallery-is-layout-flex\">\n<figure class=\"wp-block-image size-large\"><img fetchpriority=\"high\" decoding=\"async\" width=\"1024\" height=\"1024\" data-id=\"7404\" src=\"https:\/\/www.reporterhorizon.com\/wp-content\/uploads\/2026\/04\/IMG_1288-1-1024x1024.jpeg\" alt=\"\" class=\"wp-image-7404\" srcset=\"https:\/\/www.reporterhorizon.com\/wp-content\/uploads\/2026\/04\/IMG_1288-1-1024x1024.jpeg 1024w, https:\/\/www.reporterhorizon.com\/wp-content\/uploads\/2026\/04\/IMG_1288-1-300x300.jpeg 300w, https:\/\/www.reporterhorizon.com\/wp-content\/uploads\/2026\/04\/IMG_1288-1-150x150.jpeg 150w, https:\/\/www.reporterhorizon.com\/wp-content\/uploads\/2026\/04\/IMG_1288-1-768x768.jpeg 768w, https:\/\/www.reporterhorizon.com\/wp-content\/uploads\/2026\/04\/IMG_1288-1-1536x1536.jpeg 1536w, https:\/\/www.reporterhorizon.com\/wp-content\/uploads\/2026\/04\/IMG_1288-1-2048x2048.jpeg 2048w, https:\/\/www.reporterhorizon.com\/wp-content\/uploads\/2026\/04\/IMG_1288-1-75x75.jpeg 75w, https:\/\/www.reporterhorizon.com\/wp-content\/uploads\/2026\/04\/IMG_1288-1-350x350.jpeg 350w, https:\/\/www.reporterhorizon.com\/wp-content\/uploads\/2026\/04\/IMG_1288-1-750x750.jpeg 750w, https:\/\/www.reporterhorizon.com\/wp-content\/uploads\/2026\/04\/IMG_1288-1-1140x1140.jpeg 1140w\" sizes=\"(max-width: 1024px) 100vw, 1024px\" \/><\/figure>\n<\/figure>\n\n\n\n<p><\/p>\n\n\n\n<p>\u00c0 l\u2019approche des \u00e9lections l\u00e9gislatives pr\u00e9vues le 31 mai 2026, les organisations de la soci\u00e9t\u00e9 civile multiplient les initiatives pour promouvoir un climat \u00e9lectoral serein. C\u2019est dans ce contexte que l\u2019ONG <a href=\"chatgpt:\/\/generic-entity?number=0\">Club des M\u00e9tis pour la Pr\u00e9vention des Conflits et le Maintien de la Paix (CMP2)<\/a> a tenu une conf\u00e9rence de presse ce samedi 18 avril \u00e0 la <a href=\"chatgpt:\/\/generic-entity?number=1\">Maison commune des journalistes de la Mini\u00e8re<\/a>.<\/p>\n\n\n\n<figure class=\"wp-block-gallery has-nested-images columns-default is-cropped wp-block-gallery-2 is-layout-flex wp-block-gallery-is-layout-flex\">\n<figure class=\"wp-block-image size-large\"><img decoding=\"async\" width=\"1024\" height=\"1024\" data-id=\"7405\" src=\"https:\/\/www.reporterhorizon.com\/wp-content\/uploads\/2026\/04\/IMG_1285-1-1024x1024.jpeg\" alt=\"\" class=\"wp-image-7405\" srcset=\"https:\/\/www.reporterhorizon.com\/wp-content\/uploads\/2026\/04\/IMG_1285-1-1024x1024.jpeg 1024w, https:\/\/www.reporterhorizon.com\/wp-content\/uploads\/2026\/04\/IMG_1285-1-300x300.jpeg 300w, https:\/\/www.reporterhorizon.com\/wp-content\/uploads\/2026\/04\/IMG_1285-1-150x150.jpeg 150w, https:\/\/www.reporterhorizon.com\/wp-content\/uploads\/2026\/04\/IMG_1285-1-768x768.jpeg 768w, https:\/\/www.reporterhorizon.com\/wp-content\/uploads\/2026\/04\/IMG_1285-1-1536x1536.jpeg 1536w, https:\/\/www.reporterhorizon.com\/wp-content\/uploads\/2026\/04\/IMG_1285-1-2048x2048.jpeg 2048w, https:\/\/www.reporterhorizon.com\/wp-content\/uploads\/2026\/04\/IMG_1285-1-75x75.jpeg 75w, https:\/\/www.reporterhorizon.com\/wp-content\/uploads\/2026\/04\/IMG_1285-1-350x350.jpeg 350w, https:\/\/www.reporterhorizon.com\/wp-content\/uploads\/2026\/04\/IMG_1285-1-750x750.jpeg 750w, https:\/\/www.reporterhorizon.com\/wp-content\/uploads\/2026\/04\/IMG_1285-1-1140x1140.jpeg 1140w\" sizes=\"(max-width: 1024px) 100vw, 1024px\" \/><\/figure>\n<\/figure>\n\n\n\n<p>Face aux hommes de m\u00e9dias, les responsables de l\u2019organisation ont lanc\u00e9 un appel \u00e0 la responsabilit\u00e9 citoyenne, en particulier \u00e0 l\u2019endroit des jeunes, des femmes et des leaders religieux.<\/p>\n\n\n\n<figure class=\"wp-block-gallery has-nested-images columns-default is-cropped wp-block-gallery-3 is-layout-flex wp-block-gallery-is-layout-flex\">\n<figure class=\"wp-block-image size-large\"><img decoding=\"async\" width=\"1024\" height=\"1024\" data-id=\"7406\" src=\"https:\/\/www.reporterhorizon.com\/wp-content\/uploads\/2026\/04\/IMG_1286-1-1024x1024.jpeg\" alt=\"\" class=\"wp-image-7406\" srcset=\"https:\/\/www.reporterhorizon.com\/wp-content\/uploads\/2026\/04\/IMG_1286-1-1024x1024.jpeg 1024w, https:\/\/www.reporterhorizon.com\/wp-content\/uploads\/2026\/04\/IMG_1286-1-300x300.jpeg 300w, https:\/\/www.reporterhorizon.com\/wp-content\/uploads\/2026\/04\/IMG_1286-1-150x150.jpeg 150w, https:\/\/www.reporterhorizon.com\/wp-content\/uploads\/2026\/04\/IMG_1286-1-768x768.jpeg 768w, https:\/\/www.reporterhorizon.com\/wp-content\/uploads\/2026\/04\/IMG_1286-1-1536x1536.jpeg 1536w, https:\/\/www.reporterhorizon.com\/wp-content\/uploads\/2026\/04\/IMG_1286-1-2048x2048.jpeg 2048w, https:\/\/www.reporterhorizon.com\/wp-content\/uploads\/2026\/04\/IMG_1286-1-75x75.jpeg 75w, https:\/\/www.reporterhorizon.com\/wp-content\/uploads\/2026\/04\/IMG_1286-1-350x350.jpeg 350w, https:\/\/www.reporterhorizon.com\/wp-content\/uploads\/2026\/04\/IMG_1286-1-750x750.jpeg 750w, https:\/\/www.reporterhorizon.com\/wp-content\/uploads\/2026\/04\/IMG_1286-1-1140x1140.jpeg 1140w\" sizes=\"(max-width: 1024px) 100vw, 1024px\" \/><\/figure>\n<\/figure>\n\n\n\n<p>Le pr\u00e9sident par int\u00e9rim du CMP2, <a href=\"chatgpt:\/\/generic-entity?number=2\">Mohamed Konat\u00e9<\/a>, a insist\u00e9 sur l\u2019importance de la sensibilisation pour pr\u00e9venir les tensions. \u00ab \u00c0 travers cette initiative, nous voulons encourager chaque citoyen \u00e0 jouer pleinement son r\u00f4le dans la pr\u00e9vention des conflits et le maintien de la paix. Il s\u2019agit aussi de promouvoir le fair-play pendant la campagne et le respect des lois et des institutions r\u00e9publicaines \u00bb, a-t-il d\u00e9clar\u00e9.<\/p>\n\n\n\n<figure class=\"wp-block-gallery has-nested-images columns-default is-cropped wp-block-gallery-4 is-layout-flex wp-block-gallery-is-layout-flex\">\n<figure class=\"wp-block-image size-large\"><img loading=\"lazy\" decoding=\"async\" width=\"1024\" height=\"1024\" data-id=\"7407\" src=\"https:\/\/www.reporterhorizon.com\/wp-content\/uploads\/2026\/04\/IMG_1287-1-1024x1024.jpeg\" alt=\"\" class=\"wp-image-7407\" srcset=\"https:\/\/www.reporterhorizon.com\/wp-content\/uploads\/2026\/04\/IMG_1287-1-1024x1024.jpeg 1024w, https:\/\/www.reporterhorizon.com\/wp-content\/uploads\/2026\/04\/IMG_1287-1-300x300.jpeg 300w, https:\/\/www.reporterhorizon.com\/wp-content\/uploads\/2026\/04\/IMG_1287-1-150x150.jpeg 150w, https:\/\/www.reporterhorizon.com\/wp-content\/uploads\/2026\/04\/IMG_1287-1-768x768.jpeg 768w, https:\/\/www.reporterhorizon.com\/wp-content\/uploads\/2026\/04\/IMG_1287-1-1536x1536.jpeg 1536w, https:\/\/www.reporterhorizon.com\/wp-content\/uploads\/2026\/04\/IMG_1287-1-2048x2048.jpeg 2048w, https:\/\/www.reporterhorizon.com\/wp-content\/uploads\/2026\/04\/IMG_1287-1-75x75.jpeg 75w, https:\/\/www.reporterhorizon.com\/wp-content\/uploads\/2026\/04\/IMG_1287-1-350x350.jpeg 350w, https:\/\/www.reporterhorizon.com\/wp-content\/uploads\/2026\/04\/IMG_1287-1-750x750.jpeg 750w, https:\/\/www.reporterhorizon.com\/wp-content\/uploads\/2026\/04\/IMG_1287-1-1140x1140.jpeg 1140w\" sizes=\"(max-width: 1024px) 100vw, 1024px\" \/><\/figure>\n<\/figure>\n\n\n\n<p>De son c\u00f4t\u00e9, le secr\u00e9taire g\u00e9n\u00e9ral de l\u2019ONG, <a href=\"chatgpt:\/\/generic-entity?number=3\">Mohamed Mamadama Camara<\/a>, a r\u00e9affirm\u00e9 l\u2019engagement de la structure en faveur d\u2019un processus \u00e9lectoral apais\u00e9. \u00ab Si nous sommes ici aujourd\u2019hui, c\u2019est pour contribuer \u00e0 \u00e9viter les conflits et faire en sorte que ces \u00e9lections ne d\u00e9rivent pas. Nous sommes une m\u00eame nation, faisons en sorte d\u2019avoir un scrutin sinc\u00e8re et apais\u00e9 \u00bb, a-t-il soulign\u00e9.<\/p>\n\n\n\n<p>\u00c0 travers cette d\u00e9marche, le CMP2 appelle l\u2019ensemble des citoyens guin\u00e9ens \u00e0 se mobiliser dans un esprit de responsabilit\u00e9, de civisme et de paix, afin de garantir des \u00e9lections transparentes et inclusives.<\/p>\n<script>function PlayerjsAsync(){} if(window[\"Playerjs\"]){PlayerjsAsync();}<\/script>","protected":false},"excerpt":{"rendered":"<p>\u00c0 l\u2019approche des \u00e9lections l\u00e9gislatives pr\u00e9vues le 31 mai 2026, les organisations de la soci\u00e9t\u00e9 civile multiplient les initiatives pour promouvoir un climat \u00e9lectoral serein. C\u2019est dans ce contexte que l\u2019ONG Club des M\u00e9tis pour la Pr\u00e9vention des Conflits et le Maintien de la Paix (CMP2) a tenu une conf\u00e9rence de presse ce samedi 18 [&hellip;]<\/p>\n","protected":false},"author":42,"featured_media":0,"comment_status":"open","ping_status":"open","sticky":false,"template":"","format":"standard","meta":{"jnews-multi-image_gallery":[],"jnews_single_post":{"format":"standard"},"jnews_primary_category":[],"jnews_override_counter":[],"footnotes":""},"categories":[1],"tags":[],"class_list":["post-7399","post","type-post","status-publish","format-standard","hentry","category-non-classe"],"yoast_head":"<!-- This site is optimized with the Yoast SEO plugin v27.2 - https:\/\/yoast.com\/product\/yoast-seo-wordpress\/ -->\n<title>Politique : le CMP2 appelle \u00e0 des \u00e9lections l\u00e9gislatives cr\u00e9dibles et apais\u00e9es en Guin\u00e9e - Reporterhorizon<\/title>\n<meta name=\"robots\" content=\"index, follow, max-snippet:-1, max-image-preview:large, max-video-preview:-1\" \/>\n<link rel=\"canonical\" href=\"https:\/\/www.reporterhorizon.com\/index.php\/2026\/04\/18\/politique-le-cmp2-appelle-a-des-elections-legislatives-credibles-et-apaisees-en-guinee\/\" \/>\n<meta property=\"og:locale\" content=\"fr_FR\" \/>\n<meta property=\"og:type\" content=\"article\" \/>\n<meta property=\"og:title\" content=\"Politique : le CMP2 appelle \u00e0 des \u00e9lections l\u00e9gislatives cr\u00e9dibles et apais\u00e9es en Guin\u00e9e - Reporterhorizon\" \/>\n<meta property=\"og:description\" content=\"\u00c0 l\u2019approche des \u00e9lections l\u00e9gislatives pr\u00e9vues le 31 mai 2026, les organisations de la soci\u00e9t\u00e9 civile multiplient les initiatives pour promouvoir un climat \u00e9lectoral serein. C\u2019est dans ce contexte que l\u2019ONG Club des M\u00e9tis pour la Pr\u00e9vention des Conflits et le Maintien de la Paix (CMP2) a tenu une conf\u00e9rence de presse ce samedi 18 [&hellip;]\" \/>\n<meta property=\"og:url\" content=\"https:\/\/www.reporterhorizon.com\/index.php\/2026\/04\/18\/politique-le-cmp2-appelle-a-des-elections-legislatives-credibles-et-apaisees-en-guinee\/\" \/>\n<meta property=\"og:site_name\" content=\"Reporterhorizon\" \/>\n<meta property=\"article:published_time\" content=\"2026-04-18T11:28:35+00:00\" \/>\n<meta property=\"article:modified_time\" content=\"2026-04-18T11:28:37+00:00\" \/>\n<meta property=\"og:image\" content=\"https:\/\/www.reporterhorizon.com\/wp-content\/uploads\/2026\/04\/IMG_1288-1-scaled.jpeg\" \/>\n\t<meta property=\"og:image:width\" content=\"2560\" \/>\n\t<meta property=\"og:image:height\" content=\"2560\" \/>\n\t<meta property=\"og:image:type\" content=\"image\/jpeg\" \/>\n<meta name=\"author\" content=\"Bamba\" \/>\n<meta name=\"twitter:card\" content=\"summary_large_image\" \/>\n<meta name=\"twitter:label1\" content=\"\u00c9crit par\" \/>\n\t<meta name=\"twitter:data1\" content=\"Bamba\" \/>\n\t<meta name=\"twitter:label2\" content=\"Dur\u00e9e de lecture estim\u00e9e\" \/>\n\t<meta name=\"twitter:data2\" content=\"3 minutes\" \/>\n<script type=\"application\/ld+json\" class=\"yoast-schema-graph\">{\"@context\":\"https:\/\/schema.org\",\"@graph\":[{\"@type\":\"Article\",\"@id\":\"https:\/\/www.reporterhorizon.com\/index.php\/2026\/04\/18\/politique-le-cmp2-appelle-a-des-elections-legislatives-credibles-et-apaisees-en-guinee\/#article\",\"isPartOf\":{\"@id\":\"https:\/\/www.reporterhorizon.com\/index.php\/2026\/04\/18\/politique-le-cmp2-appelle-a-des-elections-legislatives-credibles-et-apaisees-en-guinee\/\"},\"author\":{\"name\":\"Bamba\",\"@id\":\"https:\/\/www.reporterhorizon.com\/#\/schema\/person\/e54de2937f17a9c3e6a9db78e0dde802\"},\"headline\":\"Politique : le CMP2 appelle \u00e0 des \u00e9lections l\u00e9gislatives cr\u00e9dibles et apais\u00e9es en Guin\u00e9e\",\"datePublished\":\"2026-04-18T11:28:35+00:00\",\"dateModified\":\"2026-04-18T11:28:37+00:00\",\"mainEntityOfPage\":{\"@id\":\"https:\/\/www.reporterhorizon.com\/index.php\/2026\/04\/18\/politique-le-cmp2-appelle-a-des-elections-legislatives-credibles-et-apaisees-en-guinee\/\"},\"wordCount\":295,\"commentCount\":0,\"publisher\":{\"@id\":\"https:\/\/www.reporterhorizon.com\/#organization\"},\"image\":{\"@id\":\"https:\/\/www.reporterhorizon.com\/index.php\/2026\/04\/18\/politique-le-cmp2-appelle-a-des-elections-legislatives-credibles-et-apaisees-en-guinee\/#primaryimage\"},\"thumbnailUrl\":\"https:\/\/www.reporterhorizon.com\/wp-content\/uploads\/2026\/04\/IMG_1288-1-1024x1024.jpeg\",\"inLanguage\":\"fr-FR\",\"potentialAction\":[{\"@type\":\"CommentAction\",\"name\":\"Comment\",\"target\":[\"https:\/\/www.reporterhorizon.com\/index.php\/2026\/04\/18\/politique-le-cmp2-appelle-a-des-elections-legislatives-credibles-et-apaisees-en-guinee\/#respond\"]}]},{\"@type\":\"WebPage\",\"@id\":\"https:\/\/www.reporterhorizon.com\/index.php\/2026\/04\/18\/politique-le-cmp2-appelle-a-des-elections-legislatives-credibles-et-apaisees-en-guinee\/\",\"url\":\"https:\/\/www.reporterhorizon.com\/index.php\/2026\/04\/18\/politique-le-cmp2-appelle-a-des-elections-legislatives-credibles-et-apaisees-en-guinee\/\",\"name\":\"Politique : le CMP2 appelle \u00e0 des \u00e9lections l\u00e9gislatives cr\u00e9dibles et apais\u00e9es en Guin\u00e9e - Reporterhorizon\",\"isPartOf\":{\"@id\":\"https:\/\/www.reporterhorizon.com\/#website\"},\"primaryImageOfPage\":{\"@id\":\"https:\/\/www.reporterhorizon.com\/index.php\/2026\/04\/18\/politique-le-cmp2-appelle-a-des-elections-legislatives-credibles-et-apaisees-en-guinee\/#primaryimage\"},\"image\":{\"@id\":\"https:\/\/www.reporterhorizon.com\/index.php\/2026\/04\/18\/politique-le-cmp2-appelle-a-des-elections-legislatives-credibles-et-apaisees-en-guinee\/#primaryimage\"},\"thumbnailUrl\":\"https:\/\/www.reporterhorizon.com\/wp-content\/uploads\/2026\/04\/IMG_1288-1-1024x1024.jpeg\",\"datePublished\":\"2026-04-18T11:28:35+00:00\",\"dateModified\":\"2026-04-18T11:28:37+00:00\",\"breadcrumb\":{\"@id\":\"https:\/\/www.reporterhorizon.com\/index.php\/2026\/04\/18\/politique-le-cmp2-appelle-a-des-elections-legislatives-credibles-et-apaisees-en-guinee\/#breadcrumb\"},\"inLanguage\":\"fr-FR\",\"potentialAction\":[{\"@type\":\"ReadAction\",\"target\":[\"https:\/\/www.reporterhorizon.com\/index.php\/2026\/04\/18\/politique-le-cmp2-appelle-a-des-elections-legislatives-credibles-et-apaisees-en-guinee\/\"]}]},{\"@type\":\"ImageObject\",\"inLanguage\":\"fr-FR\",\"@id\":\"https:\/\/www.reporterhorizon.com\/index.php\/2026\/04\/18\/politique-le-cmp2-appelle-a-des-elections-legislatives-credibles-et-apaisees-en-guinee\/#primaryimage\",\"url\":\"https:\/\/www.reporterhorizon.com\/wp-content\/uploads\/2026\/04\/IMG_1288-1-scaled.jpeg\",\"contentUrl\":\"https:\/\/www.reporterhorizon.com\/wp-content\/uploads\/2026\/04\/IMG_1288-1-scaled.jpeg\",\"width\":2560,\"height\":2560},{\"@type\":\"BreadcrumbList\",\"@id\":\"https:\/\/www.reporterhorizon.com\/index.php\/2026\/04\/18\/politique-le-cmp2-appelle-a-des-elections-legislatives-credibles-et-apaisees-en-guinee\/#breadcrumb\",\"itemListElement\":[{\"@type\":\"ListItem\",\"position\":1,\"name\":\"Accueil\",\"item\":\"https:\/\/www.reporterhorizon.com\/\"},{\"@type\":\"ListItem\",\"position\":2,\"name\":\"Politique : le CMP2 appelle \u00e0 des \u00e9lections l\u00e9gislatives cr\u00e9dibles et apais\u00e9es en Guin\u00e9e\"}]},{\"@type\":\"WebSite\",\"@id\":\"https:\/\/www.reporterhorizon.com\/#website\",\"url\":\"https:\/\/www.reporterhorizon.com\/\",\"name\":\"Reporterhorizon\",\"description\":\"\",\"publisher\":{\"@id\":\"https:\/\/www.reporterhorizon.com\/#organization\"},\"potentialAction\":[{\"@type\":\"SearchAction\",\"target\":{\"@type\":\"EntryPoint\",\"urlTemplate\":\"https:\/\/www.reporterhorizon.com\/?s={search_term_string}\"},\"query-input\":{\"@type\":\"PropertyValueSpecification\",\"valueRequired\":true,\"valueName\":\"search_term_string\"}}],\"inLanguage\":\"fr-FR\"},{\"@type\":\"Organization\",\"@id\":\"https:\/\/www.reporterhorizon.com\/#organization\",\"name\":\"Reporterhorizon\",\"url\":\"https:\/\/www.reporterhorizon.com\/\",\"logo\":{\"@type\":\"ImageObject\",\"inLanguage\":\"fr-FR\",\"@id\":\"https:\/\/www.reporterhorizon.com\/#\/schema\/logo\/image\/\",\"url\":\"https:\/\/www.reporterhorizon.com\/wp-content\/uploads\/2025\/07\/LOGO-STUDIO.jpg\",\"contentUrl\":\"https:\/\/www.reporterhorizon.com\/wp-content\/uploads\/2025\/07\/LOGO-STUDIO.jpg\",\"width\":1960,\"height\":560,\"caption\":\"Reporterhorizon\"},\"image\":{\"@id\":\"https:\/\/www.reporterhorizon.com\/#\/schema\/logo\/image\/\"}},{\"@type\":\"Person\",\"@id\":\"https:\/\/www.reporterhorizon.com\/#\/schema\/person\/e54de2937f17a9c3e6a9db78e0dde802\",\"name\":\"Bamba\",\"image\":{\"@type\":\"ImageObject\",\"inLanguage\":\"fr-FR\",\"@id\":\"https:\/\/secure.gravatar.com\/avatar\/0721e5f51669073185223c713f504afe424081e2305d62bf510acd3af15b2469?s=96&d=mm&r=g\",\"url\":\"https:\/\/secure.gravatar.com\/avatar\/0721e5f51669073185223c713f504afe424081e2305d62bf510acd3af15b2469?s=96&d=mm&r=g\",\"contentUrl\":\"https:\/\/secure.gravatar.com\/avatar\/0721e5f51669073185223c713f504afe424081e2305d62bf510acd3af15b2469?s=96&d=mm&r=g\",\"caption\":\"Bamba\"},\"url\":\"https:\/\/www.reporterhorizon.com\/index.php\/author\/bamba\/\"}]}<\/script>\n<!-- \/ Yoast SEO plugin. -->","yoast_head_json":{"title":"Politique : le CMP2 appelle \u00e0 des \u00e9lections l\u00e9gislatives cr\u00e9dibles et apais\u00e9es en Guin\u00e9e - Reporterhorizon","robots":{"index":"index","follow":"follow","max-snippet":"max-snippet:-1","max-image-preview":"max-image-preview:large","max-video-preview":"max-video-preview:-1"},"canonical":"https:\/\/www.reporterhorizon.com\/index.php\/2026\/04\/18\/politique-le-cmp2-appelle-a-des-elections-legislatives-credibles-et-apaisees-en-guinee\/","og_locale":"fr_FR","og_type":"article","og_title":"Politique : le CMP2 appelle \u00e0 des \u00e9lections l\u00e9gislatives cr\u00e9dibles et apais\u00e9es en Guin\u00e9e - Reporterhorizon","og_description":"\u00c0 l\u2019approche des \u00e9lections l\u00e9gislatives pr\u00e9vues le 31 mai 2026, les organisations de la soci\u00e9t\u00e9 civile multiplient les initiatives pour promouvoir un climat \u00e9lectoral serein. C\u2019est dans ce contexte que l\u2019ONG Club des M\u00e9tis pour la Pr\u00e9vention des Conflits et le Maintien de la Paix (CMP2) a tenu une conf\u00e9rence de presse ce samedi 18 [&hellip;]","og_url":"https:\/\/www.reporterhorizon.com\/index.php\/2026\/04\/18\/politique-le-cmp2-appelle-a-des-elections-legislatives-credibles-et-apaisees-en-guinee\/","og_site_name":"Reporterhorizon","article_published_time":"2026-04-18T11:28:35+00:00","article_modified_time":"2026-04-18T11:28:37+00:00","og_image":[{"width":2560,"height":2560,"url":"https:\/\/www.reporterhorizon.com\/wp-content\/uploads\/2026\/04\/IMG_1288-1-scaled.jpeg","type":"image\/jpeg"}],"author":"Bamba","twitter_card":"summary_large_image","twitter_misc":{"\u00c9crit par":"Bamba","Dur\u00e9e de lecture estim\u00e9e":"3 minutes"},"schema":{"@context":"https:\/\/schema.org","@graph":[{"@type":"Article","@id":"https:\/\/www.reporterhorizon.com\/index.php\/2026\/04\/18\/politique-le-cmp2-appelle-a-des-elections-legislatives-credibles-et-apaisees-en-guinee\/#article","isPartOf":{"@id":"https:\/\/www.reporterhorizon.com\/index.php\/2026\/04\/18\/politique-le-cmp2-appelle-a-des-elections-legislatives-credibles-et-apaisees-en-guinee\/"},"author":{"name":"Bamba","@id":"https:\/\/www.reporterhorizon.com\/#\/schema\/person\/e54de2937f17a9c3e6a9db78e0dde802"},"headline":"Politique : le CMP2 appelle \u00e0 des \u00e9lections l\u00e9gislatives cr\u00e9dibles et apais\u00e9es en Guin\u00e9e","datePublished":"2026-04-18T11:28:35+00:00","dateModified":"2026-04-18T11:28:37+00:00","mainEntityOfPage":{"@id":"https:\/\/www.reporterhorizon.com\/index.php\/2026\/04\/18\/politique-le-cmp2-appelle-a-des-elections-legislatives-credibles-et-apaisees-en-guinee\/"},"wordCount":295,"commentCount":0,"publisher":{"@id":"https:\/\/www.reporterhorizon.com\/#organization"},"image":{"@id":"https:\/\/www.reporterhorizon.com\/index.php\/2026\/04\/18\/politique-le-cmp2-appelle-a-des-elections-legislatives-credibles-et-apaisees-en-guinee\/#primaryimage"},"thumbnailUrl":"https:\/\/www.reporterhorizon.com\/wp-content\/uploads\/2026\/04\/IMG_1288-1-1024x1024.jpeg","inLanguage":"fr-FR","potentialAction":[{"@type":"CommentAction","name":"Comment","target":["https:\/\/www.reporterhorizon.com\/index.php\/2026\/04\/18\/politique-le-cmp2-appelle-a-des-elections-legislatives-credibles-et-apaisees-en-guinee\/#respond"]}]},{"@type":"WebPage","@id":"https:\/\/www.reporterhorizon.com\/index.php\/2026\/04\/18\/politique-le-cmp2-appelle-a-des-elections-legislatives-credibles-et-apaisees-en-guinee\/","url":"https:\/\/www.reporterhorizon.com\/index.php\/2026\/04\/18\/politique-le-cmp2-appelle-a-des-elections-legislatives-credibles-et-apaisees-en-guinee\/","name":"Politique : le CMP2 appelle \u00e0 des \u00e9lections l\u00e9gislatives cr\u00e9dibles et apais\u00e9es en Guin\u00e9e - Reporterhorizon","isPartOf":{"@id":"https:\/\/www.reporterhorizon.com\/#website"},"primaryImageOfPage":{"@id":"https:\/\/www.reporterhorizon.com\/index.php\/2026\/04\/18\/politique-le-cmp2-appelle-a-des-elections-legislatives-credibles-et-apaisees-en-guinee\/#primaryimage"},"image":{"@id":"https:\/\/www.reporterhorizon.com\/index.php\/2026\/04\/18\/politique-le-cmp2-appelle-a-des-elections-legislatives-credibles-et-apaisees-en-guinee\/#primaryimage"},"thumbnailUrl":"https:\/\/www.reporterhorizon.com\/wp-content\/uploads\/2026\/04\/IMG_1288-1-1024x1024.jpeg","datePublished":"2026-04-18T11:28:35+00:00","dateModified":"2026-04-18T11:28:37+00:00","breadcrumb":{"@id":"https:\/\/www.reporterhorizon.com\/index.php\/2026\/04\/18\/politique-le-cmp2-appelle-a-des-elections-legislatives-credibles-et-apaisees-en-guinee\/#breadcrumb"},"inLanguage":"fr-FR","potentialAction":[{"@type":"ReadAction","target":["https:\/\/www.reporterhorizon.com\/index.php\/2026\/04\/18\/politique-le-cmp2-appelle-a-des-elections-legislatives-credibles-et-apaisees-en-guinee\/"]}]},{"@type":"ImageObject","inLanguage":"fr-FR","@id":"https:\/\/www.reporterhorizon.com\/index.php\/2026\/04\/18\/politique-le-cmp2-appelle-a-des-elections-legislatives-credibles-et-apaisees-en-guinee\/#primaryimage","url":"https:\/\/www.reporterhorizon.com\/wp-content\/uploads\/2026\/04\/IMG_1288-1-scaled.jpeg","contentUrl":"https:\/\/www.reporterhorizon.com\/wp-content\/uploads\/2026\/04\/IMG_1288-1-scaled.jpeg","width":2560,"height":2560},{"@type":"BreadcrumbList","@id":"https:\/\/www.reporterhorizon.com\/index.php\/2026\/04\/18\/politique-le-cmp2-appelle-a-des-elections-legislatives-credibles-et-apaisees-en-guinee\/#breadcrumb","itemListElement":[{"@type":"ListItem","position":1,"name":"Accueil","item":"https:\/\/www.reporterhorizon.com\/"},{"@type":"ListItem","position":2,"name":"Politique : le CMP2 appelle \u00e0 des \u00e9lections l\u00e9gislatives cr\u00e9dibles et apais\u00e9es en Guin\u00e9e"}]},{"@type":"WebSite","@id":"https:\/\/www.reporterhorizon.com\/#website","url":"https:\/\/www.reporterhorizon.com\/","name":"Reporterhorizon","description":"","publisher":{"@id":"https:\/\/www.reporterhorizon.com\/#organization"},"potentialAction":[{"@type":"SearchAction","target":{"@type":"EntryPoint","urlTemplate":"https:\/\/www.reporterhorizon.com\/?s={search_term_string}"},"query-input":{"@type":"PropertyValueSpecification","valueRequired":true,"valueName":"search_term_string"}}],"inLanguage":"fr-FR"},{"@type":"Organization","@id":"https:\/\/www.reporterhorizon.com\/#organization","name":"Reporterhorizon","url":"https:\/\/www.reporterhorizon.com\/","logo":{"@type":"ImageObject","inLanguage":"fr-FR","@id":"https:\/\/www.reporterhorizon.com\/#\/schema\/logo\/image\/","url":"https:\/\/www.reporterhorizon.com\/wp-content\/uploads\/2025\/07\/LOGO-STUDIO.jpg","contentUrl":"https:\/\/www.reporterhorizon.com\/wp-content\/uploads\/2025\/07\/LOGO-STUDIO.jpg","width":1960,"height":560,"caption":"Reporterhorizon"},"image":{"@id":"https:\/\/www.reporterhorizon.com\/#\/schema\/logo\/image\/"}},{"@type":"Person","@id":"https:\/\/www.reporterhorizon.com\/#\/schema\/person\/e54de2937f17a9c3e6a9db78e0dde802","name":"Bamba","image":{"@type":"ImageObject","inLanguage":"fr-FR","@id":"https:\/\/secure.gravatar.com\/avatar\/0721e5f51669073185223c713f504afe424081e2305d62bf510acd3af15b2469?s=96&d=mm&r=g","url":"https:\/\/secure.gravatar.com\/avatar\/0721e5f51669073185223c713f504afe424081e2305d62bf510acd3af15b2469?s=96&d=mm&r=g","contentUrl":"https:\/\/secure.gravatar.com\/avatar\/0721e5f51669073185223c713f504afe424081e2305d62bf510acd3af15b2469?s=96&d=mm&r=g","caption":"Bamba"},"url":"https:\/\/www.reporterhorizon.com\/index.php\/author\/bamba\/"}]}},"_links":{"self":[{"href":"https:\/\/www.reporterhorizon.com\/index.php\/wp-json\/wp\/v2\/posts\/7399","targetHints":{"allow":["GET"]}}],"collection":[{"href":"https:\/\/www.reporterhorizon.com\/index.php\/wp-json\/wp\/v2\/posts"}],"about":[{"href":"https:\/\/www.reporterhorizon.com\/index.php\/wp-json\/wp\/v2\/types\/post"}],"author":[{"embeddable":true,"href":"https:\/\/www.reporterhorizon.com\/index.php\/wp-json\/wp\/v2\/users\/42"}],"replies":[{"embeddable":true,"href":"https:\/\/www.reporterhorizon.com\/index.php\/wp-json\/wp\/v2\/comments?post=7399"}],"version-history":[{"count":1,"href":"https:\/\/www.reporterhorizon.com\/index.php\/wp-json\/wp\/v2\/posts\/7399\/revisions"}],"predecessor-version":[{"id":7408,"href":"https:\/\/www.reporterhorizon.com\/index.php\/wp-json\/wp\/v2\/posts\/7399\/revisions\/7408"}],"wp:attachment":[{"href":"https:\/\/www.reporterhorizon.com\/index.php\/wp-json\/wp\/v2\/media?parent=7399"}],"wp:term":[{"taxonomy":"category","embeddable":true,"href":"https:\/\/www.reporterhorizon.com\/index.php\/wp-json\/wp\/v2\/categories?post=7399"},{"taxonomy":"post_tag","embeddable":true,"href":"https:\/\/www.reporterhorizon.com\/index.php\/wp-json\/wp\/v2\/tags?post=7399"}],"curies":[{"name":"wp","href":"https:\/\/api.w.org\/{rel}","templated":true}]}}