{"id":7391,"date":"2026-04-18T09:23:08","date_gmt":"2026-04-18T09:23:08","guid":{"rendered":"https:\/\/www.reporterhorizon.com\/?p=7391"},"modified":"2026-04-18T09:23:09","modified_gmt":"2026-04-18T09:23:09","slug":"commerce-friperie-a-madina-les-vetements-de-seconde-main-simposent-comme-tendance-accessible","status":"publish","type":"post","link":"https:\/\/www.reporterhorizon.com\/index.php\/2026\/04\/18\/commerce-friperie-a-madina-les-vetements-de-seconde-main-simposent-comme-tendance-accessible\/","title":{"rendered":"Commerce \/ Friperie : \u00e0 Madina, les v\u00eatements de seconde main s\u2019imposent comme tendance accessible"},"content":{"rendered":"\n<figure class=\"wp-block-gallery has-nested-images columns-default is-cropped wp-block-gallery-1 is-layout-flex wp-block-gallery-is-layout-flex\">\n<figure class=\"wp-block-image size-large\"><img fetchpriority=\"high\" decoding=\"async\" width=\"1024\" height=\"1024\" data-id=\"7392\" src=\"https:\/\/www.reporterhorizon.com\/wp-content\/uploads\/2026\/04\/IMG_1257-1-1024x1024.jpeg\" alt=\"\" class=\"wp-image-7392\" srcset=\"https:\/\/www.reporterhorizon.com\/wp-content\/uploads\/2026\/04\/IMG_1257-1-1024x1024.jpeg 1024w, https:\/\/www.reporterhorizon.com\/wp-content\/uploads\/2026\/04\/IMG_1257-1-300x300.jpeg 300w, https:\/\/www.reporterhorizon.com\/wp-content\/uploads\/2026\/04\/IMG_1257-1-150x150.jpeg 150w, https:\/\/www.reporterhorizon.com\/wp-content\/uploads\/2026\/04\/IMG_1257-1-1536x1536.jpeg 1536w, https:\/\/www.reporterhorizon.com\/wp-content\/uploads\/2026\/04\/IMG_1257-1-2048x2048.jpeg 2048w, https:\/\/www.reporterhorizon.com\/wp-content\/uploads\/2026\/04\/IMG_1257-1-75x75.jpeg 75w, https:\/\/www.reporterhorizon.com\/wp-content\/uploads\/2026\/04\/IMG_1257-1-350x350.jpeg 350w\" sizes=\"(max-width: 1024px) 100vw, 1024px\" \/><\/figure>\n<\/figure>\n\n\n\n<p>Au c\u0153ur du grand march\u00e9 de <a href=\"chatgpt:\/\/generic-entity?number=0\">Madina<\/a>, la friperie conna\u00eet un succ\u00e8s grandissant. Entre simplicit\u00e9, style et prix abordables, ces v\u00eatements de seconde main s\u00e9duisent une client\u00e8le de plus en plus large, au point de rivaliser avec certaines pi\u00e8ces de grande marque.<\/p>\n\n\n\n<figure class=\"wp-block-gallery has-nested-images columns-default is-cropped wp-block-gallery-2 is-layout-flex wp-block-gallery-is-layout-flex\">\n<figure class=\"wp-block-image size-large\"><img decoding=\"async\" width=\"1024\" height=\"1024\" data-id=\"7397\" src=\"https:\/\/www.reporterhorizon.com\/wp-content\/uploads\/2026\/04\/IMG_1261-3-1024x1024.jpeg\" alt=\"\" class=\"wp-image-7397\" srcset=\"https:\/\/www.reporterhorizon.com\/wp-content\/uploads\/2026\/04\/IMG_1261-3-1024x1024.jpeg 1024w, https:\/\/www.reporterhorizon.com\/wp-content\/uploads\/2026\/04\/IMG_1261-3-300x300.jpeg 300w, https:\/\/www.reporterhorizon.com\/wp-content\/uploads\/2026\/04\/IMG_1261-3-150x150.jpeg 150w, https:\/\/www.reporterhorizon.com\/wp-content\/uploads\/2026\/04\/IMG_1261-3-768x768.jpeg 768w, https:\/\/www.reporterhorizon.com\/wp-content\/uploads\/2026\/04\/IMG_1261-3-1536x1536.jpeg 1536w, https:\/\/www.reporterhorizon.com\/wp-content\/uploads\/2026\/04\/IMG_1261-3-2048x2048.jpeg 2048w, https:\/\/www.reporterhorizon.com\/wp-content\/uploads\/2026\/04\/IMG_1261-3-75x75.jpeg 75w, https:\/\/www.reporterhorizon.com\/wp-content\/uploads\/2026\/04\/IMG_1261-3-350x350.jpeg 350w, https:\/\/www.reporterhorizon.com\/wp-content\/uploads\/2026\/04\/IMG_1261-3-750x750.jpeg 750w, https:\/\/www.reporterhorizon.com\/wp-content\/uploads\/2026\/04\/IMG_1261-3-1140x1140.jpeg 1140w\" sizes=\"(max-width: 1024px) 100vw, 1024px\" \/><\/figure>\n<\/figure>\n\n\n\n<p>Dans les all\u00e9es du march\u00e9, commer\u00e7ants et clients trouvent leur compte. <a href=\"chatgpt:\/\/generic-entity?number=1\">Keita Alia<\/a>, sp\u00e9cialis\u00e9 dans ce commerce, souligne la rentabilit\u00e9 du secteur. \u00ab La friperie marche tr\u00e8s bien. Les prix sont abordables et souvent n\u00e9gociables. On peut vendre un pantalon entre 40 000 et 50 000 francs guin\u00e9ens. Avec 200 000 francs, on peut constituer un stock important de v\u00eatements \u00bb, explique-t-il.<\/p>\n\n\n\n<figure class=\"wp-block-gallery has-nested-images columns-default is-cropped wp-block-gallery-3 is-layout-flex wp-block-gallery-is-layout-flex\">\n<figure class=\"wp-block-image size-large\"><img decoding=\"async\" width=\"1024\" height=\"1024\" data-id=\"7396\" src=\"https:\/\/www.reporterhorizon.com\/wp-content\/uploads\/2026\/04\/IMG_1262-2-1024x1024.jpeg\" alt=\"\" class=\"wp-image-7396\" srcset=\"https:\/\/www.reporterhorizon.com\/wp-content\/uploads\/2026\/04\/IMG_1262-2-1024x1024.jpeg 1024w, https:\/\/www.reporterhorizon.com\/wp-content\/uploads\/2026\/04\/IMG_1262-2-300x300.jpeg 300w, https:\/\/www.reporterhorizon.com\/wp-content\/uploads\/2026\/04\/IMG_1262-2-150x150.jpeg 150w, https:\/\/www.reporterhorizon.com\/wp-content\/uploads\/2026\/04\/IMG_1262-2-768x768.jpeg 768w, https:\/\/www.reporterhorizon.com\/wp-content\/uploads\/2026\/04\/IMG_1262-2-1536x1536.jpeg 1536w, https:\/\/www.reporterhorizon.com\/wp-content\/uploads\/2026\/04\/IMG_1262-2-2048x2048.jpeg 2048w, https:\/\/www.reporterhorizon.com\/wp-content\/uploads\/2026\/04\/IMG_1262-2-75x75.jpeg 75w, https:\/\/www.reporterhorizon.com\/wp-content\/uploads\/2026\/04\/IMG_1262-2-350x350.jpeg 350w, https:\/\/www.reporterhorizon.com\/wp-content\/uploads\/2026\/04\/IMG_1262-2-750x750.jpeg 750w, https:\/\/www.reporterhorizon.com\/wp-content\/uploads\/2026\/04\/IMG_1262-2-1140x1140.jpeg 1140w\" sizes=\"(max-width: 1024px) 100vw, 1024px\" \/><\/figure>\n<\/figure>\n\n\n\n<p>M\u00eame constat pour <a href=\"chatgpt:\/\/generic-entity?number=2\">Daouda Bangoura<\/a>, dipl\u00f4m\u00e9 sans emploi, qui s\u2019est tourn\u00e9 vers cette activit\u00e9 pour subvenir \u00e0 ses besoins. \u00ab Ce n\u2019\u00e9tait pas mon premier choix, mais j\u2019ai trouv\u00e9 une opportunit\u00e9. La friperie est rentable et me permet de m\u2019en sortir. Il ne faut pas rester sans rien faire \u00bb, confie-t-il.<\/p>\n\n\n\n<p>Selon lui, le secteur offre des perspectives int\u00e9ressantes pour ceux qui souhaitent entreprendre avec peu de moyens. \u00ab Il y a des b\u00e9n\u00e9fices \u00e0 faire. Avec de la d\u00e9termination, on peut \u00e9voluer \u00bb, ajoute-t-il.<\/p>\n\n\n\n<figure class=\"wp-block-gallery has-nested-images columns-default is-cropped wp-block-gallery-4 is-layout-flex wp-block-gallery-is-layout-flex\">\n<figure class=\"wp-block-image size-large\"><img loading=\"lazy\" decoding=\"async\" width=\"1024\" height=\"1024\" data-id=\"7395\" src=\"https:\/\/www.reporterhorizon.com\/wp-content\/uploads\/2026\/04\/IMG_1260-1-1024x1024.jpeg\" alt=\"\" class=\"wp-image-7395\" srcset=\"https:\/\/www.reporterhorizon.com\/wp-content\/uploads\/2026\/04\/IMG_1260-1-1024x1024.jpeg 1024w, https:\/\/www.reporterhorizon.com\/wp-content\/uploads\/2026\/04\/IMG_1260-1-300x300.jpeg 300w, https:\/\/www.reporterhorizon.com\/wp-content\/uploads\/2026\/04\/IMG_1260-1-150x150.jpeg 150w, https:\/\/www.reporterhorizon.com\/wp-content\/uploads\/2026\/04\/IMG_1260-1-1536x1536.jpeg 1536w, https:\/\/www.reporterhorizon.com\/wp-content\/uploads\/2026\/04\/IMG_1260-1-2048x2048.jpeg 2048w, https:\/\/www.reporterhorizon.com\/wp-content\/uploads\/2026\/04\/IMG_1260-1-75x75.jpeg 75w, https:\/\/www.reporterhorizon.com\/wp-content\/uploads\/2026\/04\/IMG_1260-1-350x350.jpeg 350w\" sizes=\"(max-width: 1024px) 100vw, 1024px\" \/><\/figure>\n<\/figure>\n\n\n\n<p>Du c\u00f4t\u00e9 des clients, l\u2019engouement est tout aussi visible. Attir\u00e9s par des prix accessibles et la diversit\u00e9 des articles, ils repartent souvent satisfaits de leurs achats.<\/p>\n\n\n\n<p>\u00c0 Madina, la friperie s\u2019impose ainsi comme une alternative \u00e9conomique et tendance, r\u00e9v\u00e9lant un commerce dynamique qui contribue \u00e0 faire vivre de nombreux jeunes tout en r\u00e9pondant aux besoins vestimentaires d\u2019une large population.<\/p>\n<script>function PlayerjsAsync(){} if(window[\"Playerjs\"]){PlayerjsAsync();}<\/script>","protected":false},"excerpt":{"rendered":"<p>Au c\u0153ur du grand march\u00e9 de Madina, la friperie conna\u00eet un succ\u00e8s grandissant. Entre simplicit\u00e9, style et prix abordables, ces v\u00eatements de seconde main s\u00e9duisent une client\u00e8le de plus en plus large, au point de rivaliser avec certaines pi\u00e8ces de grande marque. Dans les all\u00e9es du march\u00e9, commer\u00e7ants et clients trouvent leur compte. Keita Alia, [&hellip;]<\/p>\n","protected":false},"author":42,"featured_media":0,"comment_status":"open","ping_status":"open","sticky":false,"template":"","format":"standard","meta":{"jnews-multi-image_gallery":[],"jnews_single_post":{"format":"standard"},"jnews_primary_category":[],"jnews_override_counter":[],"footnotes":""},"categories":[1],"tags":[],"class_list":["post-7391","post","type-post","status-publish","format-standard","hentry","category-non-classe"],"yoast_head":"<!-- This site is optimized with the Yoast SEO plugin v27.2 - https:\/\/yoast.com\/product\/yoast-seo-wordpress\/ -->\n<title>Commerce \/ Friperie : \u00e0 Madina, les v\u00eatements de seconde main s\u2019imposent comme tendance accessible - Reporterhorizon<\/title>\n<meta name=\"robots\" content=\"index, follow, max-snippet:-1, max-image-preview:large, max-video-preview:-1\" \/>\n<link rel=\"canonical\" href=\"https:\/\/www.reporterhorizon.com\/index.php\/2026\/04\/18\/commerce-friperie-a-madina-les-vetements-de-seconde-main-simposent-comme-tendance-accessible\/\" \/>\n<meta property=\"og:locale\" content=\"fr_FR\" \/>\n<meta property=\"og:type\" content=\"article\" \/>\n<meta property=\"og:title\" content=\"Commerce \/ Friperie : \u00e0 Madina, les v\u00eatements de seconde main s\u2019imposent comme tendance accessible - Reporterhorizon\" \/>\n<meta property=\"og:description\" content=\"Au c\u0153ur du grand march\u00e9 de Madina, la friperie conna\u00eet un succ\u00e8s grandissant. Entre simplicit\u00e9, style et prix abordables, ces v\u00eatements de seconde main s\u00e9duisent une client\u00e8le de plus en plus large, au point de rivaliser avec certaines pi\u00e8ces de grande marque. Dans les all\u00e9es du march\u00e9, commer\u00e7ants et clients trouvent leur compte. Keita Alia, [&hellip;]\" \/>\n<meta property=\"og:url\" content=\"https:\/\/www.reporterhorizon.com\/index.php\/2026\/04\/18\/commerce-friperie-a-madina-les-vetements-de-seconde-main-simposent-comme-tendance-accessible\/\" \/>\n<meta property=\"og:site_name\" content=\"Reporterhorizon\" \/>\n<meta property=\"article:published_time\" content=\"2026-04-18T09:23:08+00:00\" \/>\n<meta property=\"article:modified_time\" content=\"2026-04-18T09:23:09+00:00\" \/>\n<meta property=\"og:image\" content=\"https:\/\/www.reporterhorizon.com\/wp-content\/uploads\/2026\/04\/IMG_1257-1-1024x1024.jpeg\" \/>\n\t<meta property=\"og:image:width\" content=\"1024\" \/>\n\t<meta property=\"og:image:height\" content=\"1024\" \/>\n\t<meta property=\"og:image:type\" content=\"image\/jpeg\" \/>\n<meta name=\"author\" content=\"Bamba\" \/>\n<meta name=\"twitter:card\" content=\"summary_large_image\" \/>\n<meta name=\"twitter:label1\" content=\"\u00c9crit par\" \/>\n\t<meta name=\"twitter:data1\" content=\"Bamba\" \/>\n\t<meta name=\"twitter:label2\" content=\"Dur\u00e9e de lecture estim\u00e9e\" \/>\n\t<meta name=\"twitter:data2\" content=\"3 minutes\" \/>\n<script type=\"application\/ld+json\" class=\"yoast-schema-graph\">{\"@context\":\"https:\/\/schema.org\",\"@graph\":[{\"@type\":\"Article\",\"@id\":\"https:\/\/www.reporterhorizon.com\/index.php\/2026\/04\/18\/commerce-friperie-a-madina-les-vetements-de-seconde-main-simposent-comme-tendance-accessible\/#article\",\"isPartOf\":{\"@id\":\"https:\/\/www.reporterhorizon.com\/index.php\/2026\/04\/18\/commerce-friperie-a-madina-les-vetements-de-seconde-main-simposent-comme-tendance-accessible\/\"},\"author\":{\"name\":\"Bamba\",\"@id\":\"https:\/\/www.reporterhorizon.com\/#\/schema\/person\/e54de2937f17a9c3e6a9db78e0dde802\"},\"headline\":\"Commerce \/ Friperie : \u00e0 Madina, les v\u00eatements de seconde main s\u2019imposent comme tendance accessible\",\"datePublished\":\"2026-04-18T09:23:08+00:00\",\"dateModified\":\"2026-04-18T09:23:09+00:00\",\"mainEntityOfPage\":{\"@id\":\"https:\/\/www.reporterhorizon.com\/index.php\/2026\/04\/18\/commerce-friperie-a-madina-les-vetements-de-seconde-main-simposent-comme-tendance-accessible\/\"},\"wordCount\":278,\"commentCount\":0,\"publisher\":{\"@id\":\"https:\/\/www.reporterhorizon.com\/#organization\"},\"image\":{\"@id\":\"https:\/\/www.reporterhorizon.com\/index.php\/2026\/04\/18\/commerce-friperie-a-madina-les-vetements-de-seconde-main-simposent-comme-tendance-accessible\/#primaryimage\"},\"thumbnailUrl\":\"https:\/\/www.reporterhorizon.com\/wp-content\/uploads\/2026\/04\/IMG_1257-1-1024x1024.jpeg\",\"inLanguage\":\"fr-FR\",\"potentialAction\":[{\"@type\":\"CommentAction\",\"name\":\"Comment\",\"target\":[\"https:\/\/www.reporterhorizon.com\/index.php\/2026\/04\/18\/commerce-friperie-a-madina-les-vetements-de-seconde-main-simposent-comme-tendance-accessible\/#respond\"]}]},{\"@type\":\"WebPage\",\"@id\":\"https:\/\/www.reporterhorizon.com\/index.php\/2026\/04\/18\/commerce-friperie-a-madina-les-vetements-de-seconde-main-simposent-comme-tendance-accessible\/\",\"url\":\"https:\/\/www.reporterhorizon.com\/index.php\/2026\/04\/18\/commerce-friperie-a-madina-les-vetements-de-seconde-main-simposent-comme-tendance-accessible\/\",\"name\":\"Commerce \/ Friperie : \u00e0 Madina, les v\u00eatements de seconde main s\u2019imposent comme tendance accessible - Reporterhorizon\",\"isPartOf\":{\"@id\":\"https:\/\/www.reporterhorizon.com\/#website\"},\"primaryImageOfPage\":{\"@id\":\"https:\/\/www.reporterhorizon.com\/index.php\/2026\/04\/18\/commerce-friperie-a-madina-les-vetements-de-seconde-main-simposent-comme-tendance-accessible\/#primaryimage\"},\"image\":{\"@id\":\"https:\/\/www.reporterhorizon.com\/index.php\/2026\/04\/18\/commerce-friperie-a-madina-les-vetements-de-seconde-main-simposent-comme-tendance-accessible\/#primaryimage\"},\"thumbnailUrl\":\"https:\/\/www.reporterhorizon.com\/wp-content\/uploads\/2026\/04\/IMG_1257-1-1024x1024.jpeg\",\"datePublished\":\"2026-04-18T09:23:08+00:00\",\"dateModified\":\"2026-04-18T09:23:09+00:00\",\"breadcrumb\":{\"@id\":\"https:\/\/www.reporterhorizon.com\/index.php\/2026\/04\/18\/commerce-friperie-a-madina-les-vetements-de-seconde-main-simposent-comme-tendance-accessible\/#breadcrumb\"},\"inLanguage\":\"fr-FR\",\"potentialAction\":[{\"@type\":\"ReadAction\",\"target\":[\"https:\/\/www.reporterhorizon.com\/index.php\/2026\/04\/18\/commerce-friperie-a-madina-les-vetements-de-seconde-main-simposent-comme-tendance-accessible\/\"]}]},{\"@type\":\"ImageObject\",\"inLanguage\":\"fr-FR\",\"@id\":\"https:\/\/www.reporterhorizon.com\/index.php\/2026\/04\/18\/commerce-friperie-a-madina-les-vetements-de-seconde-main-simposent-comme-tendance-accessible\/#primaryimage\",\"url\":\"https:\/\/www.reporterhorizon.com\/wp-content\/uploads\/2026\/04\/IMG_1257-1.jpeg\",\"contentUrl\":\"https:\/\/www.reporterhorizon.com\/wp-content\/uploads\/2026\/04\/IMG_1257-1.jpeg\",\"width\":4032,\"height\":3024},{\"@type\":\"BreadcrumbList\",\"@id\":\"https:\/\/www.reporterhorizon.com\/index.php\/2026\/04\/18\/commerce-friperie-a-madina-les-vetements-de-seconde-main-simposent-comme-tendance-accessible\/#breadcrumb\",\"itemListElement\":[{\"@type\":\"ListItem\",\"position\":1,\"name\":\"Accueil\",\"item\":\"https:\/\/www.reporterhorizon.com\/\"},{\"@type\":\"ListItem\",\"position\":2,\"name\":\"Commerce \/ Friperie : \u00e0 Madina, les v\u00eatements de seconde main s\u2019imposent comme tendance accessible\"}]},{\"@type\":\"WebSite\",\"@id\":\"https:\/\/www.reporterhorizon.com\/#website\",\"url\":\"https:\/\/www.reporterhorizon.com\/\",\"name\":\"Reporterhorizon\",\"description\":\"\",\"publisher\":{\"@id\":\"https:\/\/www.reporterhorizon.com\/#organization\"},\"potentialAction\":[{\"@type\":\"SearchAction\",\"target\":{\"@type\":\"EntryPoint\",\"urlTemplate\":\"https:\/\/www.reporterhorizon.com\/?s={search_term_string}\"},\"query-input\":{\"@type\":\"PropertyValueSpecification\",\"valueRequired\":true,\"valueName\":\"search_term_string\"}}],\"inLanguage\":\"fr-FR\"},{\"@type\":\"Organization\",\"@id\":\"https:\/\/www.reporterhorizon.com\/#organization\",\"name\":\"Reporterhorizon\",\"url\":\"https:\/\/www.reporterhorizon.com\/\",\"logo\":{\"@type\":\"ImageObject\",\"inLanguage\":\"fr-FR\",\"@id\":\"https:\/\/www.reporterhorizon.com\/#\/schema\/logo\/image\/\",\"url\":\"https:\/\/www.reporterhorizon.com\/wp-content\/uploads\/2025\/07\/LOGO-STUDIO.jpg\",\"contentUrl\":\"https:\/\/www.reporterhorizon.com\/wp-content\/uploads\/2025\/07\/LOGO-STUDIO.jpg\",\"width\":1960,\"height\":560,\"caption\":\"Reporterhorizon\"},\"image\":{\"@id\":\"https:\/\/www.reporterhorizon.com\/#\/schema\/logo\/image\/\"}},{\"@type\":\"Person\",\"@id\":\"https:\/\/www.reporterhorizon.com\/#\/schema\/person\/e54de2937f17a9c3e6a9db78e0dde802\",\"name\":\"Bamba\",\"image\":{\"@type\":\"ImageObject\",\"inLanguage\":\"fr-FR\",\"@id\":\"https:\/\/secure.gravatar.com\/avatar\/0721e5f51669073185223c713f504afe424081e2305d62bf510acd3af15b2469?s=96&d=mm&r=g\",\"url\":\"https:\/\/secure.gravatar.com\/avatar\/0721e5f51669073185223c713f504afe424081e2305d62bf510acd3af15b2469?s=96&d=mm&r=g\",\"contentUrl\":\"https:\/\/secure.gravatar.com\/avatar\/0721e5f51669073185223c713f504afe424081e2305d62bf510acd3af15b2469?s=96&d=mm&r=g\",\"caption\":\"Bamba\"},\"url\":\"https:\/\/www.reporterhorizon.com\/index.php\/author\/bamba\/\"}]}<\/script>\n<!-- \/ Yoast SEO plugin. -->","yoast_head_json":{"title":"Commerce \/ Friperie : \u00e0 Madina, les v\u00eatements de seconde main s\u2019imposent comme tendance accessible - Reporterhorizon","robots":{"index":"index","follow":"follow","max-snippet":"max-snippet:-1","max-image-preview":"max-image-preview:large","max-video-preview":"max-video-preview:-1"},"canonical":"https:\/\/www.reporterhorizon.com\/index.php\/2026\/04\/18\/commerce-friperie-a-madina-les-vetements-de-seconde-main-simposent-comme-tendance-accessible\/","og_locale":"fr_FR","og_type":"article","og_title":"Commerce \/ Friperie : \u00e0 Madina, les v\u00eatements de seconde main s\u2019imposent comme tendance accessible - Reporterhorizon","og_description":"Au c\u0153ur du grand march\u00e9 de Madina, la friperie conna\u00eet un succ\u00e8s grandissant. Entre simplicit\u00e9, style et prix abordables, ces v\u00eatements de seconde main s\u00e9duisent une client\u00e8le de plus en plus large, au point de rivaliser avec certaines pi\u00e8ces de grande marque. Dans les all\u00e9es du march\u00e9, commer\u00e7ants et clients trouvent leur compte. Keita Alia, [&hellip;]","og_url":"https:\/\/www.reporterhorizon.com\/index.php\/2026\/04\/18\/commerce-friperie-a-madina-les-vetements-de-seconde-main-simposent-comme-tendance-accessible\/","og_site_name":"Reporterhorizon","article_published_time":"2026-04-18T09:23:08+00:00","article_modified_time":"2026-04-18T09:23:09+00:00","og_image":[{"width":1024,"height":1024,"url":"https:\/\/www.reporterhorizon.com\/wp-content\/uploads\/2026\/04\/IMG_1257-1-1024x1024.jpeg","type":"image\/jpeg"}],"author":"Bamba","twitter_card":"summary_large_image","twitter_misc":{"\u00c9crit par":"Bamba","Dur\u00e9e de lecture estim\u00e9e":"3 minutes"},"schema":{"@context":"https:\/\/schema.org","@graph":[{"@type":"Article","@id":"https:\/\/www.reporterhorizon.com\/index.php\/2026\/04\/18\/commerce-friperie-a-madina-les-vetements-de-seconde-main-simposent-comme-tendance-accessible\/#article","isPartOf":{"@id":"https:\/\/www.reporterhorizon.com\/index.php\/2026\/04\/18\/commerce-friperie-a-madina-les-vetements-de-seconde-main-simposent-comme-tendance-accessible\/"},"author":{"name":"Bamba","@id":"https:\/\/www.reporterhorizon.com\/#\/schema\/person\/e54de2937f17a9c3e6a9db78e0dde802"},"headline":"Commerce \/ Friperie : \u00e0 Madina, les v\u00eatements de seconde main s\u2019imposent comme tendance accessible","datePublished":"2026-04-18T09:23:08+00:00","dateModified":"2026-04-18T09:23:09+00:00","mainEntityOfPage":{"@id":"https:\/\/www.reporterhorizon.com\/index.php\/2026\/04\/18\/commerce-friperie-a-madina-les-vetements-de-seconde-main-simposent-comme-tendance-accessible\/"},"wordCount":278,"commentCount":0,"publisher":{"@id":"https:\/\/www.reporterhorizon.com\/#organization"},"image":{"@id":"https:\/\/www.reporterhorizon.com\/index.php\/2026\/04\/18\/commerce-friperie-a-madina-les-vetements-de-seconde-main-simposent-comme-tendance-accessible\/#primaryimage"},"thumbnailUrl":"https:\/\/www.reporterhorizon.com\/wp-content\/uploads\/2026\/04\/IMG_1257-1-1024x1024.jpeg","inLanguage":"fr-FR","potentialAction":[{"@type":"CommentAction","name":"Comment","target":["https:\/\/www.reporterhorizon.com\/index.php\/2026\/04\/18\/commerce-friperie-a-madina-les-vetements-de-seconde-main-simposent-comme-tendance-accessible\/#respond"]}]},{"@type":"WebPage","@id":"https:\/\/www.reporterhorizon.com\/index.php\/2026\/04\/18\/commerce-friperie-a-madina-les-vetements-de-seconde-main-simposent-comme-tendance-accessible\/","url":"https:\/\/www.reporterhorizon.com\/index.php\/2026\/04\/18\/commerce-friperie-a-madina-les-vetements-de-seconde-main-simposent-comme-tendance-accessible\/","name":"Commerce \/ Friperie : \u00e0 Madina, les v\u00eatements de seconde main s\u2019imposent comme tendance accessible - Reporterhorizon","isPartOf":{"@id":"https:\/\/www.reporterhorizon.com\/#website"},"primaryImageOfPage":{"@id":"https:\/\/www.reporterhorizon.com\/index.php\/2026\/04\/18\/commerce-friperie-a-madina-les-vetements-de-seconde-main-simposent-comme-tendance-accessible\/#primaryimage"},"image":{"@id":"https:\/\/www.reporterhorizon.com\/index.php\/2026\/04\/18\/commerce-friperie-a-madina-les-vetements-de-seconde-main-simposent-comme-tendance-accessible\/#primaryimage"},"thumbnailUrl":"https:\/\/www.reporterhorizon.com\/wp-content\/uploads\/2026\/04\/IMG_1257-1-1024x1024.jpeg","datePublished":"2026-04-18T09:23:08+00:00","dateModified":"2026-04-18T09:23:09+00:00","breadcrumb":{"@id":"https:\/\/www.reporterhorizon.com\/index.php\/2026\/04\/18\/commerce-friperie-a-madina-les-vetements-de-seconde-main-simposent-comme-tendance-accessible\/#breadcrumb"},"inLanguage":"fr-FR","potentialAction":[{"@type":"ReadAction","target":["https:\/\/www.reporterhorizon.com\/index.php\/2026\/04\/18\/commerce-friperie-a-madina-les-vetements-de-seconde-main-simposent-comme-tendance-accessible\/"]}]},{"@type":"ImageObject","inLanguage":"fr-FR","@id":"https:\/\/www.reporterhorizon.com\/index.php\/2026\/04\/18\/commerce-friperie-a-madina-les-vetements-de-seconde-main-simposent-comme-tendance-accessible\/#primaryimage","url":"https:\/\/www.reporterhorizon.com\/wp-content\/uploads\/2026\/04\/IMG_1257-1.jpeg","contentUrl":"https:\/\/www.reporterhorizon.com\/wp-content\/uploads\/2026\/04\/IMG_1257-1.jpeg","width":4032,"height":3024},{"@type":"BreadcrumbList","@id":"https:\/\/www.reporterhorizon.com\/index.php\/2026\/04\/18\/commerce-friperie-a-madina-les-vetements-de-seconde-main-simposent-comme-tendance-accessible\/#breadcrumb","itemListElement":[{"@type":"ListItem","position":1,"name":"Accueil","item":"https:\/\/www.reporterhorizon.com\/"},{"@type":"ListItem","position":2,"name":"Commerce \/ Friperie : \u00e0 Madina, les v\u00eatements de seconde main s\u2019imposent comme tendance accessible"}]},{"@type":"WebSite","@id":"https:\/\/www.reporterhorizon.com\/#website","url":"https:\/\/www.reporterhorizon.com\/","name":"Reporterhorizon","description":"","publisher":{"@id":"https:\/\/www.reporterhorizon.com\/#organization"},"potentialAction":[{"@type":"SearchAction","target":{"@type":"EntryPoint","urlTemplate":"https:\/\/www.reporterhorizon.com\/?s={search_term_string}"},"query-input":{"@type":"PropertyValueSpecification","valueRequired":true,"valueName":"search_term_string"}}],"inLanguage":"fr-FR"},{"@type":"Organization","@id":"https:\/\/www.reporterhorizon.com\/#organization","name":"Reporterhorizon","url":"https:\/\/www.reporterhorizon.com\/","logo":{"@type":"ImageObject","inLanguage":"fr-FR","@id":"https:\/\/www.reporterhorizon.com\/#\/schema\/logo\/image\/","url":"https:\/\/www.reporterhorizon.com\/wp-content\/uploads\/2025\/07\/LOGO-STUDIO.jpg","contentUrl":"https:\/\/www.reporterhorizon.com\/wp-content\/uploads\/2025\/07\/LOGO-STUDIO.jpg","width":1960,"height":560,"caption":"Reporterhorizon"},"image":{"@id":"https:\/\/www.reporterhorizon.com\/#\/schema\/logo\/image\/"}},{"@type":"Person","@id":"https:\/\/www.reporterhorizon.com\/#\/schema\/person\/e54de2937f17a9c3e6a9db78e0dde802","name":"Bamba","image":{"@type":"ImageObject","inLanguage":"fr-FR","@id":"https:\/\/secure.gravatar.com\/avatar\/0721e5f51669073185223c713f504afe424081e2305d62bf510acd3af15b2469?s=96&d=mm&r=g","url":"https:\/\/secure.gravatar.com\/avatar\/0721e5f51669073185223c713f504afe424081e2305d62bf510acd3af15b2469?s=96&d=mm&r=g","contentUrl":"https:\/\/secure.gravatar.com\/avatar\/0721e5f51669073185223c713f504afe424081e2305d62bf510acd3af15b2469?s=96&d=mm&r=g","caption":"Bamba"},"url":"https:\/\/www.reporterhorizon.com\/index.php\/author\/bamba\/"}]}},"_links":{"self":[{"href":"https:\/\/www.reporterhorizon.com\/index.php\/wp-json\/wp\/v2\/posts\/7391","targetHints":{"allow":["GET"]}}],"collection":[{"href":"https:\/\/www.reporterhorizon.com\/index.php\/wp-json\/wp\/v2\/posts"}],"about":[{"href":"https:\/\/www.reporterhorizon.com\/index.php\/wp-json\/wp\/v2\/types\/post"}],"author":[{"embeddable":true,"href":"https:\/\/www.reporterhorizon.com\/index.php\/wp-json\/wp\/v2\/users\/42"}],"replies":[{"embeddable":true,"href":"https:\/\/www.reporterhorizon.com\/index.php\/wp-json\/wp\/v2\/comments?post=7391"}],"version-history":[{"count":1,"href":"https:\/\/www.reporterhorizon.com\/index.php\/wp-json\/wp\/v2\/posts\/7391\/revisions"}],"predecessor-version":[{"id":7398,"href":"https:\/\/www.reporterhorizon.com\/index.php\/wp-json\/wp\/v2\/posts\/7391\/revisions\/7398"}],"wp:attachment":[{"href":"https:\/\/www.reporterhorizon.com\/index.php\/wp-json\/wp\/v2\/media?parent=7391"}],"wp:term":[{"taxonomy":"category","embeddable":true,"href":"https:\/\/www.reporterhorizon.com\/index.php\/wp-json\/wp\/v2\/categories?post=7391"},{"taxonomy":"post_tag","embeddable":true,"href":"https:\/\/www.reporterhorizon.com\/index.php\/wp-json\/wp\/v2\/tags?post=7391"}],"curies":[{"name":"wp","href":"https:\/\/api.w.org\/{rel}","templated":true}]}}