{"id":7362,"date":"2026-04-17T08:43:28","date_gmt":"2026-04-17T08:43:28","guid":{"rendered":"https:\/\/www.reporterhorizon.com\/?p=7362"},"modified":"2026-04-17T08:43:30","modified_gmt":"2026-04-17T08:43:30","slug":"marche-hamdallaye-un-carrefour-commercial-anime-du-midi-jusqua-la-nuit","status":"publish","type":"post","link":"https:\/\/www.reporterhorizon.com\/index.php\/2026\/04\/17\/marche-hamdallaye-un-carrefour-commercial-anime-du-midi-jusqua-la-nuit\/","title":{"rendered":"March\u00e9 Hamdallaye : un carrefour commercial anim\u00e9 du midi jusqu\u2019\u00e0 la nuit"},"content":{"rendered":"\n<figure class=\"wp-block-gallery has-nested-images columns-default is-cropped wp-block-gallery-1 is-layout-flex wp-block-gallery-is-layout-flex\">\n<figure class=\"wp-block-image size-large\"><img fetchpriority=\"high\" decoding=\"async\" width=\"1024\" height=\"1024\" data-id=\"7363\" src=\"https:\/\/www.reporterhorizon.com\/wp-content\/uploads\/2026\/04\/IMG_1139-1024x1024.jpeg\" alt=\"\" class=\"wp-image-7363\" srcset=\"https:\/\/www.reporterhorizon.com\/wp-content\/uploads\/2026\/04\/IMG_1139-1024x1024.jpeg 1024w, https:\/\/www.reporterhorizon.com\/wp-content\/uploads\/2026\/04\/IMG_1139-300x300.jpeg 300w, https:\/\/www.reporterhorizon.com\/wp-content\/uploads\/2026\/04\/IMG_1139-150x150.jpeg 150w, https:\/\/www.reporterhorizon.com\/wp-content\/uploads\/2026\/04\/IMG_1139-1536x1536.jpeg 1536w, https:\/\/www.reporterhorizon.com\/wp-content\/uploads\/2026\/04\/IMG_1139-2048x2048.jpeg 2048w, https:\/\/www.reporterhorizon.com\/wp-content\/uploads\/2026\/04\/IMG_1139-75x75.jpeg 75w, https:\/\/www.reporterhorizon.com\/wp-content\/uploads\/2026\/04\/IMG_1139-350x350.jpeg 350w\" sizes=\"(max-width: 1024px) 100vw, 1024px\" \/><\/figure>\n<\/figure>\n\n\n\n<p>Au c\u0153ur du carrefour <a href=\"chatgpt:\/\/generic-entity?number=0\">Hamdallaye<\/a>, l\u2019activit\u00e9 commerciale bat son plein du milieu de la journ\u00e9e jusqu\u2019en soir\u00e9e. Dans cet espace devenu incontournable, de nombreux commer\u00e7ants proposent une diversit\u00e9 d\u2019articles, allant des v\u00eatements aux chaussures, \u00e0 des prix jug\u00e9s accessibles par les clients.<\/p>\n\n\n\n<figure class=\"wp-block-gallery has-nested-images columns-default is-cropped wp-block-gallery-2 is-layout-flex wp-block-gallery-is-layout-flex\">\n<figure class=\"wp-block-image size-large\"><img decoding=\"async\" width=\"1024\" height=\"1024\" data-id=\"7364\" src=\"https:\/\/www.reporterhorizon.com\/wp-content\/uploads\/2026\/04\/IMG_1140-1024x1024.jpeg\" alt=\"\" class=\"wp-image-7364\" srcset=\"https:\/\/www.reporterhorizon.com\/wp-content\/uploads\/2026\/04\/IMG_1140-1024x1024.jpeg 1024w, https:\/\/www.reporterhorizon.com\/wp-content\/uploads\/2026\/04\/IMG_1140-300x300.jpeg 300w, https:\/\/www.reporterhorizon.com\/wp-content\/uploads\/2026\/04\/IMG_1140-150x150.jpeg 150w, https:\/\/www.reporterhorizon.com\/wp-content\/uploads\/2026\/04\/IMG_1140-1536x1536.jpeg 1536w, https:\/\/www.reporterhorizon.com\/wp-content\/uploads\/2026\/04\/IMG_1140-2048x2048.jpeg 2048w, https:\/\/www.reporterhorizon.com\/wp-content\/uploads\/2026\/04\/IMG_1140-75x75.jpeg 75w, https:\/\/www.reporterhorizon.com\/wp-content\/uploads\/2026\/04\/IMG_1140-350x350.jpeg 350w\" sizes=\"(max-width: 1024px) 100vw, 1024px\" \/><\/figure>\n<\/figure>\n\n\n\n<p>Dans ce coin tr\u00e8s fr\u00e9quent\u00e9, hommes et femmes s\u2019activent quotidiennement pour \u00e9couler leurs marchandises. L\u2019ambiance y est dynamique, attirant une client\u00e8le fid\u00e8le qui pr\u00e9f\u00e8re ce march\u00e9 de proximit\u00e9 aux grands centres commerciaux de la capitale.<\/p>\n\n\n\n<figure class=\"wp-block-gallery has-nested-images columns-default is-cropped wp-block-gallery-3 is-layout-flex wp-block-gallery-is-layout-flex\">\n<figure class=\"wp-block-image size-large\"><img decoding=\"async\" width=\"1024\" height=\"1024\" data-id=\"7365\" src=\"https:\/\/www.reporterhorizon.com\/wp-content\/uploads\/2026\/04\/IMG_1147-1024x1024.jpeg\" alt=\"\" class=\"wp-image-7365\" srcset=\"https:\/\/www.reporterhorizon.com\/wp-content\/uploads\/2026\/04\/IMG_1147-1024x1024.jpeg 1024w, https:\/\/www.reporterhorizon.com\/wp-content\/uploads\/2026\/04\/IMG_1147-300x300.jpeg 300w, https:\/\/www.reporterhorizon.com\/wp-content\/uploads\/2026\/04\/IMG_1147-150x150.jpeg 150w, https:\/\/www.reporterhorizon.com\/wp-content\/uploads\/2026\/04\/IMG_1147-1536x1536.jpeg 1536w, https:\/\/www.reporterhorizon.com\/wp-content\/uploads\/2026\/04\/IMG_1147-2048x2048.jpeg 2048w, https:\/\/www.reporterhorizon.com\/wp-content\/uploads\/2026\/04\/IMG_1147-75x75.jpeg 75w, https:\/\/www.reporterhorizon.com\/wp-content\/uploads\/2026\/04\/IMG_1147-350x350.jpeg 350w\" sizes=\"(max-width: 1024px) 100vw, 1024px\" \/><\/figure>\n<\/figure>\n\n\n\n<p><a href=\"chatgpt:\/\/generic-entity?number=1\">Fatoumata Sylla<\/a>, r\u00e9sidant non loin du quartier, appr\u00e9cie particuli\u00e8rement les avantages qu\u2019offre ce lieu. \u00ab Les articles vendus ici, que ce soit les habits ou les chaussures, ne sont pas chers. En plus, c\u2019est proche de chez moi, ce qui me facilite les achats. On peut trouver des v\u00eatements \u00e0 partir de 15 000 francs guin\u00e9ens \u00bb, explique-t-elle.<\/p>\n\n\n\n<figure class=\"wp-block-gallery has-nested-images columns-default is-cropped wp-block-gallery-4 is-layout-flex wp-block-gallery-is-layout-flex\">\n<figure class=\"wp-block-image size-large\"><img loading=\"lazy\" decoding=\"async\" width=\"1024\" height=\"1024\" data-id=\"7366\" src=\"https:\/\/www.reporterhorizon.com\/wp-content\/uploads\/2026\/04\/IMG_1146-1024x1024.jpeg\" alt=\"\" class=\"wp-image-7366\" srcset=\"https:\/\/www.reporterhorizon.com\/wp-content\/uploads\/2026\/04\/IMG_1146-1024x1024.jpeg 1024w, https:\/\/www.reporterhorizon.com\/wp-content\/uploads\/2026\/04\/IMG_1146-300x300.jpeg 300w, https:\/\/www.reporterhorizon.com\/wp-content\/uploads\/2026\/04\/IMG_1146-150x150.jpeg 150w, https:\/\/www.reporterhorizon.com\/wp-content\/uploads\/2026\/04\/IMG_1146-1536x1536.jpeg 1536w, https:\/\/www.reporterhorizon.com\/wp-content\/uploads\/2026\/04\/IMG_1146-2048x2048.jpeg 2048w, https:\/\/www.reporterhorizon.com\/wp-content\/uploads\/2026\/04\/IMG_1146-75x75.jpeg 75w, https:\/\/www.reporterhorizon.com\/wp-content\/uploads\/2026\/04\/IMG_1146-350x350.jpeg 350w\" sizes=\"(max-width: 1024px) 100vw, 1024px\" \/><\/figure>\n<\/figure>\n\n\n\n<p>Habitu\u00e9e des lieux, elle souligne \u00e9galement l\u2019atmosph\u00e8re qui r\u00e8gne sur ce carrefour. \u00ab Le rond-point est tr\u00e8s anim\u00e9, surtout en soir\u00e9e. C\u2019est agr\u00e9able \u00e0 voir, les commer\u00e7ants sont bien organis\u00e9s et chacun respecte son espace sans conflit \u00bb, ajoute-t-elle.<\/p>\n\n\n\n<p>De l\u2019apr\u00e8s-midi jusqu\u2019\u00e0 la nuit, le march\u00e9 de Hamdallaye demeure ainsi un p\u00f4le commercial actif, o\u00f9 se m\u00ealent accessibilit\u00e9, convivialit\u00e9 et dynamisme, faisant de ce carrefour un lieu pris\u00e9 par les habitants de Conakry.<\/p>\n\n\n\n<p> <a href=\"chatgpt:\/\/generic-entity?number=2\">Yves Alassane Bamba<\/a> pour Reporter Horizon.<\/p>\n<script>function PlayerjsAsync(){} if(window[\"Playerjs\"]){PlayerjsAsync();}<\/script>","protected":false},"excerpt":{"rendered":"<p>Au c\u0153ur du carrefour Hamdallaye, l\u2019activit\u00e9 commerciale bat son plein du milieu de la journ\u00e9e jusqu\u2019en soir\u00e9e. Dans cet espace devenu incontournable, de nombreux commer\u00e7ants proposent une diversit\u00e9 d\u2019articles, allant des v\u00eatements aux chaussures, \u00e0 des prix jug\u00e9s accessibles par les clients. Dans ce coin tr\u00e8s fr\u00e9quent\u00e9, hommes et femmes s\u2019activent quotidiennement pour \u00e9couler leurs [&hellip;]<\/p>\n","protected":false},"author":42,"featured_media":0,"comment_status":"open","ping_status":"open","sticky":false,"template":"","format":"standard","meta":{"jnews-multi-image_gallery":[],"jnews_single_post":{"format":"standard"},"jnews_primary_category":[],"jnews_override_counter":[],"footnotes":""},"categories":[1],"tags":[],"class_list":["post-7362","post","type-post","status-publish","format-standard","hentry","category-non-classe"],"yoast_head":"<!-- This site is optimized with the Yoast SEO plugin v27.2 - https:\/\/yoast.com\/product\/yoast-seo-wordpress\/ -->\n<title>March\u00e9 Hamdallaye : un carrefour commercial anim\u00e9 du midi jusqu\u2019\u00e0 la nuit - Reporterhorizon<\/title>\n<meta name=\"robots\" content=\"index, follow, max-snippet:-1, max-image-preview:large, max-video-preview:-1\" \/>\n<link rel=\"canonical\" href=\"https:\/\/www.reporterhorizon.com\/index.php\/2026\/04\/17\/marche-hamdallaye-un-carrefour-commercial-anime-du-midi-jusqua-la-nuit\/\" \/>\n<meta property=\"og:locale\" content=\"fr_FR\" \/>\n<meta property=\"og:type\" content=\"article\" \/>\n<meta property=\"og:title\" content=\"March\u00e9 Hamdallaye : un carrefour commercial anim\u00e9 du midi jusqu\u2019\u00e0 la nuit - Reporterhorizon\" \/>\n<meta property=\"og:description\" content=\"Au c\u0153ur du carrefour Hamdallaye, l\u2019activit\u00e9 commerciale bat son plein du milieu de la journ\u00e9e jusqu\u2019en soir\u00e9e. Dans cet espace devenu incontournable, de nombreux commer\u00e7ants proposent une diversit\u00e9 d\u2019articles, allant des v\u00eatements aux chaussures, \u00e0 des prix jug\u00e9s accessibles par les clients. Dans ce coin tr\u00e8s fr\u00e9quent\u00e9, hommes et femmes s\u2019activent quotidiennement pour \u00e9couler leurs [&hellip;]\" \/>\n<meta property=\"og:url\" content=\"https:\/\/www.reporterhorizon.com\/index.php\/2026\/04\/17\/marche-hamdallaye-un-carrefour-commercial-anime-du-midi-jusqua-la-nuit\/\" \/>\n<meta property=\"og:site_name\" content=\"Reporterhorizon\" \/>\n<meta property=\"article:published_time\" content=\"2026-04-17T08:43:28+00:00\" \/>\n<meta property=\"article:modified_time\" content=\"2026-04-17T08:43:30+00:00\" \/>\n<meta property=\"og:image\" content=\"https:\/\/www.reporterhorizon.com\/wp-content\/uploads\/2026\/04\/IMG_1139-scaled.jpeg\" \/>\n\t<meta property=\"og:image:width\" content=\"2560\" \/>\n\t<meta property=\"og:image:height\" content=\"2560\" \/>\n\t<meta property=\"og:image:type\" content=\"image\/jpeg\" \/>\n<meta name=\"author\" content=\"Bamba\" \/>\n<meta name=\"twitter:card\" content=\"summary_large_image\" \/>\n<meta name=\"twitter:label1\" content=\"\u00c9crit par\" \/>\n\t<meta name=\"twitter:data1\" content=\"Bamba\" \/>\n\t<meta name=\"twitter:label2\" content=\"Dur\u00e9e de lecture estim\u00e9e\" \/>\n\t<meta name=\"twitter:data2\" content=\"2 minutes\" \/>\n<script type=\"application\/ld+json\" class=\"yoast-schema-graph\">{\"@context\":\"https:\/\/schema.org\",\"@graph\":[{\"@type\":\"Article\",\"@id\":\"https:\/\/www.reporterhorizon.com\/index.php\/2026\/04\/17\/marche-hamdallaye-un-carrefour-commercial-anime-du-midi-jusqua-la-nuit\/#article\",\"isPartOf\":{\"@id\":\"https:\/\/www.reporterhorizon.com\/index.php\/2026\/04\/17\/marche-hamdallaye-un-carrefour-commercial-anime-du-midi-jusqua-la-nuit\/\"},\"author\":{\"name\":\"Bamba\",\"@id\":\"https:\/\/www.reporterhorizon.com\/#\/schema\/person\/e54de2937f17a9c3e6a9db78e0dde802\"},\"headline\":\"March\u00e9 Hamdallaye : un carrefour commercial anim\u00e9 du midi jusqu\u2019\u00e0 la nuit\",\"datePublished\":\"2026-04-17T08:43:28+00:00\",\"dateModified\":\"2026-04-17T08:43:30+00:00\",\"mainEntityOfPage\":{\"@id\":\"https:\/\/www.reporterhorizon.com\/index.php\/2026\/04\/17\/marche-hamdallaye-un-carrefour-commercial-anime-du-midi-jusqua-la-nuit\/\"},\"wordCount\":254,\"commentCount\":0,\"publisher\":{\"@id\":\"https:\/\/www.reporterhorizon.com\/#organization\"},\"image\":{\"@id\":\"https:\/\/www.reporterhorizon.com\/index.php\/2026\/04\/17\/marche-hamdallaye-un-carrefour-commercial-anime-du-midi-jusqua-la-nuit\/#primaryimage\"},\"thumbnailUrl\":\"https:\/\/www.reporterhorizon.com\/wp-content\/uploads\/2026\/04\/IMG_1139-1024x1024.jpeg\",\"inLanguage\":\"fr-FR\",\"potentialAction\":[{\"@type\":\"CommentAction\",\"name\":\"Comment\",\"target\":[\"https:\/\/www.reporterhorizon.com\/index.php\/2026\/04\/17\/marche-hamdallaye-un-carrefour-commercial-anime-du-midi-jusqua-la-nuit\/#respond\"]}]},{\"@type\":\"WebPage\",\"@id\":\"https:\/\/www.reporterhorizon.com\/index.php\/2026\/04\/17\/marche-hamdallaye-un-carrefour-commercial-anime-du-midi-jusqua-la-nuit\/\",\"url\":\"https:\/\/www.reporterhorizon.com\/index.php\/2026\/04\/17\/marche-hamdallaye-un-carrefour-commercial-anime-du-midi-jusqua-la-nuit\/\",\"name\":\"March\u00e9 Hamdallaye : un carrefour commercial anim\u00e9 du midi jusqu\u2019\u00e0 la nuit - Reporterhorizon\",\"isPartOf\":{\"@id\":\"https:\/\/www.reporterhorizon.com\/#website\"},\"primaryImageOfPage\":{\"@id\":\"https:\/\/www.reporterhorizon.com\/index.php\/2026\/04\/17\/marche-hamdallaye-un-carrefour-commercial-anime-du-midi-jusqua-la-nuit\/#primaryimage\"},\"image\":{\"@id\":\"https:\/\/www.reporterhorizon.com\/index.php\/2026\/04\/17\/marche-hamdallaye-un-carrefour-commercial-anime-du-midi-jusqua-la-nuit\/#primaryimage\"},\"thumbnailUrl\":\"https:\/\/www.reporterhorizon.com\/wp-content\/uploads\/2026\/04\/IMG_1139-1024x1024.jpeg\",\"datePublished\":\"2026-04-17T08:43:28+00:00\",\"dateModified\":\"2026-04-17T08:43:30+00:00\",\"breadcrumb\":{\"@id\":\"https:\/\/www.reporterhorizon.com\/index.php\/2026\/04\/17\/marche-hamdallaye-un-carrefour-commercial-anime-du-midi-jusqua-la-nuit\/#breadcrumb\"},\"inLanguage\":\"fr-FR\",\"potentialAction\":[{\"@type\":\"ReadAction\",\"target\":[\"https:\/\/www.reporterhorizon.com\/index.php\/2026\/04\/17\/marche-hamdallaye-un-carrefour-commercial-anime-du-midi-jusqua-la-nuit\/\"]}]},{\"@type\":\"ImageObject\",\"inLanguage\":\"fr-FR\",\"@id\":\"https:\/\/www.reporterhorizon.com\/index.php\/2026\/04\/17\/marche-hamdallaye-un-carrefour-commercial-anime-du-midi-jusqua-la-nuit\/#primaryimage\",\"url\":\"https:\/\/www.reporterhorizon.com\/wp-content\/uploads\/2026\/04\/IMG_1139-scaled.jpeg\",\"contentUrl\":\"https:\/\/www.reporterhorizon.com\/wp-content\/uploads\/2026\/04\/IMG_1139-scaled.jpeg\",\"width\":2560,\"height\":2560},{\"@type\":\"BreadcrumbList\",\"@id\":\"https:\/\/www.reporterhorizon.com\/index.php\/2026\/04\/17\/marche-hamdallaye-un-carrefour-commercial-anime-du-midi-jusqua-la-nuit\/#breadcrumb\",\"itemListElement\":[{\"@type\":\"ListItem\",\"position\":1,\"name\":\"Accueil\",\"item\":\"https:\/\/www.reporterhorizon.com\/\"},{\"@type\":\"ListItem\",\"position\":2,\"name\":\"March\u00e9 Hamdallaye : un carrefour commercial anim\u00e9 du midi jusqu\u2019\u00e0 la nuit\"}]},{\"@type\":\"WebSite\",\"@id\":\"https:\/\/www.reporterhorizon.com\/#website\",\"url\":\"https:\/\/www.reporterhorizon.com\/\",\"name\":\"Reporterhorizon\",\"description\":\"\",\"publisher\":{\"@id\":\"https:\/\/www.reporterhorizon.com\/#organization\"},\"potentialAction\":[{\"@type\":\"SearchAction\",\"target\":{\"@type\":\"EntryPoint\",\"urlTemplate\":\"https:\/\/www.reporterhorizon.com\/?s={search_term_string}\"},\"query-input\":{\"@type\":\"PropertyValueSpecification\",\"valueRequired\":true,\"valueName\":\"search_term_string\"}}],\"inLanguage\":\"fr-FR\"},{\"@type\":\"Organization\",\"@id\":\"https:\/\/www.reporterhorizon.com\/#organization\",\"name\":\"Reporterhorizon\",\"url\":\"https:\/\/www.reporterhorizon.com\/\",\"logo\":{\"@type\":\"ImageObject\",\"inLanguage\":\"fr-FR\",\"@id\":\"https:\/\/www.reporterhorizon.com\/#\/schema\/logo\/image\/\",\"url\":\"https:\/\/www.reporterhorizon.com\/wp-content\/uploads\/2025\/07\/LOGO-STUDIO.jpg\",\"contentUrl\":\"https:\/\/www.reporterhorizon.com\/wp-content\/uploads\/2025\/07\/LOGO-STUDIO.jpg\",\"width\":1960,\"height\":560,\"caption\":\"Reporterhorizon\"},\"image\":{\"@id\":\"https:\/\/www.reporterhorizon.com\/#\/schema\/logo\/image\/\"}},{\"@type\":\"Person\",\"@id\":\"https:\/\/www.reporterhorizon.com\/#\/schema\/person\/e54de2937f17a9c3e6a9db78e0dde802\",\"name\":\"Bamba\",\"image\":{\"@type\":\"ImageObject\",\"inLanguage\":\"fr-FR\",\"@id\":\"https:\/\/secure.gravatar.com\/avatar\/0721e5f51669073185223c713f504afe424081e2305d62bf510acd3af15b2469?s=96&d=mm&r=g\",\"url\":\"https:\/\/secure.gravatar.com\/avatar\/0721e5f51669073185223c713f504afe424081e2305d62bf510acd3af15b2469?s=96&d=mm&r=g\",\"contentUrl\":\"https:\/\/secure.gravatar.com\/avatar\/0721e5f51669073185223c713f504afe424081e2305d62bf510acd3af15b2469?s=96&d=mm&r=g\",\"caption\":\"Bamba\"},\"url\":\"https:\/\/www.reporterhorizon.com\/index.php\/author\/bamba\/\"}]}<\/script>\n<!-- \/ Yoast SEO plugin. -->","yoast_head_json":{"title":"March\u00e9 Hamdallaye : un carrefour commercial anim\u00e9 du midi jusqu\u2019\u00e0 la nuit - Reporterhorizon","robots":{"index":"index","follow":"follow","max-snippet":"max-snippet:-1","max-image-preview":"max-image-preview:large","max-video-preview":"max-video-preview:-1"},"canonical":"https:\/\/www.reporterhorizon.com\/index.php\/2026\/04\/17\/marche-hamdallaye-un-carrefour-commercial-anime-du-midi-jusqua-la-nuit\/","og_locale":"fr_FR","og_type":"article","og_title":"March\u00e9 Hamdallaye : un carrefour commercial anim\u00e9 du midi jusqu\u2019\u00e0 la nuit - Reporterhorizon","og_description":"Au c\u0153ur du carrefour Hamdallaye, l\u2019activit\u00e9 commerciale bat son plein du milieu de la journ\u00e9e jusqu\u2019en soir\u00e9e. Dans cet espace devenu incontournable, de nombreux commer\u00e7ants proposent une diversit\u00e9 d\u2019articles, allant des v\u00eatements aux chaussures, \u00e0 des prix jug\u00e9s accessibles par les clients. Dans ce coin tr\u00e8s fr\u00e9quent\u00e9, hommes et femmes s\u2019activent quotidiennement pour \u00e9couler leurs [&hellip;]","og_url":"https:\/\/www.reporterhorizon.com\/index.php\/2026\/04\/17\/marche-hamdallaye-un-carrefour-commercial-anime-du-midi-jusqua-la-nuit\/","og_site_name":"Reporterhorizon","article_published_time":"2026-04-17T08:43:28+00:00","article_modified_time":"2026-04-17T08:43:30+00:00","og_image":[{"width":2560,"height":2560,"url":"https:\/\/www.reporterhorizon.com\/wp-content\/uploads\/2026\/04\/IMG_1139-scaled.jpeg","type":"image\/jpeg"}],"author":"Bamba","twitter_card":"summary_large_image","twitter_misc":{"\u00c9crit par":"Bamba","Dur\u00e9e de lecture estim\u00e9e":"2 minutes"},"schema":{"@context":"https:\/\/schema.org","@graph":[{"@type":"Article","@id":"https:\/\/www.reporterhorizon.com\/index.php\/2026\/04\/17\/marche-hamdallaye-un-carrefour-commercial-anime-du-midi-jusqua-la-nuit\/#article","isPartOf":{"@id":"https:\/\/www.reporterhorizon.com\/index.php\/2026\/04\/17\/marche-hamdallaye-un-carrefour-commercial-anime-du-midi-jusqua-la-nuit\/"},"author":{"name":"Bamba","@id":"https:\/\/www.reporterhorizon.com\/#\/schema\/person\/e54de2937f17a9c3e6a9db78e0dde802"},"headline":"March\u00e9 Hamdallaye : un carrefour commercial anim\u00e9 du midi jusqu\u2019\u00e0 la nuit","datePublished":"2026-04-17T08:43:28+00:00","dateModified":"2026-04-17T08:43:30+00:00","mainEntityOfPage":{"@id":"https:\/\/www.reporterhorizon.com\/index.php\/2026\/04\/17\/marche-hamdallaye-un-carrefour-commercial-anime-du-midi-jusqua-la-nuit\/"},"wordCount":254,"commentCount":0,"publisher":{"@id":"https:\/\/www.reporterhorizon.com\/#organization"},"image":{"@id":"https:\/\/www.reporterhorizon.com\/index.php\/2026\/04\/17\/marche-hamdallaye-un-carrefour-commercial-anime-du-midi-jusqua-la-nuit\/#primaryimage"},"thumbnailUrl":"https:\/\/www.reporterhorizon.com\/wp-content\/uploads\/2026\/04\/IMG_1139-1024x1024.jpeg","inLanguage":"fr-FR","potentialAction":[{"@type":"CommentAction","name":"Comment","target":["https:\/\/www.reporterhorizon.com\/index.php\/2026\/04\/17\/marche-hamdallaye-un-carrefour-commercial-anime-du-midi-jusqua-la-nuit\/#respond"]}]},{"@type":"WebPage","@id":"https:\/\/www.reporterhorizon.com\/index.php\/2026\/04\/17\/marche-hamdallaye-un-carrefour-commercial-anime-du-midi-jusqua-la-nuit\/","url":"https:\/\/www.reporterhorizon.com\/index.php\/2026\/04\/17\/marche-hamdallaye-un-carrefour-commercial-anime-du-midi-jusqua-la-nuit\/","name":"March\u00e9 Hamdallaye : un carrefour commercial anim\u00e9 du midi jusqu\u2019\u00e0 la nuit - Reporterhorizon","isPartOf":{"@id":"https:\/\/www.reporterhorizon.com\/#website"},"primaryImageOfPage":{"@id":"https:\/\/www.reporterhorizon.com\/index.php\/2026\/04\/17\/marche-hamdallaye-un-carrefour-commercial-anime-du-midi-jusqua-la-nuit\/#primaryimage"},"image":{"@id":"https:\/\/www.reporterhorizon.com\/index.php\/2026\/04\/17\/marche-hamdallaye-un-carrefour-commercial-anime-du-midi-jusqua-la-nuit\/#primaryimage"},"thumbnailUrl":"https:\/\/www.reporterhorizon.com\/wp-content\/uploads\/2026\/04\/IMG_1139-1024x1024.jpeg","datePublished":"2026-04-17T08:43:28+00:00","dateModified":"2026-04-17T08:43:30+00:00","breadcrumb":{"@id":"https:\/\/www.reporterhorizon.com\/index.php\/2026\/04\/17\/marche-hamdallaye-un-carrefour-commercial-anime-du-midi-jusqua-la-nuit\/#breadcrumb"},"inLanguage":"fr-FR","potentialAction":[{"@type":"ReadAction","target":["https:\/\/www.reporterhorizon.com\/index.php\/2026\/04\/17\/marche-hamdallaye-un-carrefour-commercial-anime-du-midi-jusqua-la-nuit\/"]}]},{"@type":"ImageObject","inLanguage":"fr-FR","@id":"https:\/\/www.reporterhorizon.com\/index.php\/2026\/04\/17\/marche-hamdallaye-un-carrefour-commercial-anime-du-midi-jusqua-la-nuit\/#primaryimage","url":"https:\/\/www.reporterhorizon.com\/wp-content\/uploads\/2026\/04\/IMG_1139-scaled.jpeg","contentUrl":"https:\/\/www.reporterhorizon.com\/wp-content\/uploads\/2026\/04\/IMG_1139-scaled.jpeg","width":2560,"height":2560},{"@type":"BreadcrumbList","@id":"https:\/\/www.reporterhorizon.com\/index.php\/2026\/04\/17\/marche-hamdallaye-un-carrefour-commercial-anime-du-midi-jusqua-la-nuit\/#breadcrumb","itemListElement":[{"@type":"ListItem","position":1,"name":"Accueil","item":"https:\/\/www.reporterhorizon.com\/"},{"@type":"ListItem","position":2,"name":"March\u00e9 Hamdallaye : un carrefour commercial anim\u00e9 du midi jusqu\u2019\u00e0 la nuit"}]},{"@type":"WebSite","@id":"https:\/\/www.reporterhorizon.com\/#website","url":"https:\/\/www.reporterhorizon.com\/","name":"Reporterhorizon","description":"","publisher":{"@id":"https:\/\/www.reporterhorizon.com\/#organization"},"potentialAction":[{"@type":"SearchAction","target":{"@type":"EntryPoint","urlTemplate":"https:\/\/www.reporterhorizon.com\/?s={search_term_string}"},"query-input":{"@type":"PropertyValueSpecification","valueRequired":true,"valueName":"search_term_string"}}],"inLanguage":"fr-FR"},{"@type":"Organization","@id":"https:\/\/www.reporterhorizon.com\/#organization","name":"Reporterhorizon","url":"https:\/\/www.reporterhorizon.com\/","logo":{"@type":"ImageObject","inLanguage":"fr-FR","@id":"https:\/\/www.reporterhorizon.com\/#\/schema\/logo\/image\/","url":"https:\/\/www.reporterhorizon.com\/wp-content\/uploads\/2025\/07\/LOGO-STUDIO.jpg","contentUrl":"https:\/\/www.reporterhorizon.com\/wp-content\/uploads\/2025\/07\/LOGO-STUDIO.jpg","width":1960,"height":560,"caption":"Reporterhorizon"},"image":{"@id":"https:\/\/www.reporterhorizon.com\/#\/schema\/logo\/image\/"}},{"@type":"Person","@id":"https:\/\/www.reporterhorizon.com\/#\/schema\/person\/e54de2937f17a9c3e6a9db78e0dde802","name":"Bamba","image":{"@type":"ImageObject","inLanguage":"fr-FR","@id":"https:\/\/secure.gravatar.com\/avatar\/0721e5f51669073185223c713f504afe424081e2305d62bf510acd3af15b2469?s=96&d=mm&r=g","url":"https:\/\/secure.gravatar.com\/avatar\/0721e5f51669073185223c713f504afe424081e2305d62bf510acd3af15b2469?s=96&d=mm&r=g","contentUrl":"https:\/\/secure.gravatar.com\/avatar\/0721e5f51669073185223c713f504afe424081e2305d62bf510acd3af15b2469?s=96&d=mm&r=g","caption":"Bamba"},"url":"https:\/\/www.reporterhorizon.com\/index.php\/author\/bamba\/"}]}},"_links":{"self":[{"href":"https:\/\/www.reporterhorizon.com\/index.php\/wp-json\/wp\/v2\/posts\/7362","targetHints":{"allow":["GET"]}}],"collection":[{"href":"https:\/\/www.reporterhorizon.com\/index.php\/wp-json\/wp\/v2\/posts"}],"about":[{"href":"https:\/\/www.reporterhorizon.com\/index.php\/wp-json\/wp\/v2\/types\/post"}],"author":[{"embeddable":true,"href":"https:\/\/www.reporterhorizon.com\/index.php\/wp-json\/wp\/v2\/users\/42"}],"replies":[{"embeddable":true,"href":"https:\/\/www.reporterhorizon.com\/index.php\/wp-json\/wp\/v2\/comments?post=7362"}],"version-history":[{"count":1,"href":"https:\/\/www.reporterhorizon.com\/index.php\/wp-json\/wp\/v2\/posts\/7362\/revisions"}],"predecessor-version":[{"id":7367,"href":"https:\/\/www.reporterhorizon.com\/index.php\/wp-json\/wp\/v2\/posts\/7362\/revisions\/7367"}],"wp:attachment":[{"href":"https:\/\/www.reporterhorizon.com\/index.php\/wp-json\/wp\/v2\/media?parent=7362"}],"wp:term":[{"taxonomy":"category","embeddable":true,"href":"https:\/\/www.reporterhorizon.com\/index.php\/wp-json\/wp\/v2\/categories?post=7362"},{"taxonomy":"post_tag","embeddable":true,"href":"https:\/\/www.reporterhorizon.com\/index.php\/wp-json\/wp\/v2\/tags?post=7362"}],"curies":[{"name":"wp","href":"https:\/\/api.w.org\/{rel}","templated":true}]}}