{"id":7352,"date":"2026-04-16T09:25:01","date_gmt":"2026-04-16T09:25:01","guid":{"rendered":"https:\/\/www.reporterhorizon.com\/?p=7352"},"modified":"2026-04-16T09:25:03","modified_gmt":"2026-04-16T09:25:03","slug":"deces-de-mamadou-sylla-figure-du-patronat-et-de-la-vie-politique-guineenne","status":"publish","type":"post","link":"https:\/\/www.reporterhorizon.com\/index.php\/2026\/04\/16\/deces-de-mamadou-sylla-figure-du-patronat-et-de-la-vie-politique-guineenne\/","title":{"rendered":"D\u00e9c\u00e8s de Mamadou Sylla, figure du patronat et de la vie politique guin\u00e9enne"},"content":{"rendered":"\n<figure class=\"wp-block-gallery has-nested-images columns-default is-cropped wp-block-gallery-1 is-layout-flex wp-block-gallery-is-layout-flex\">\n<figure class=\"wp-block-image size-large\"><img fetchpriority=\"high\" decoding=\"async\" width=\"1024\" height=\"1024\" data-id=\"7353\" src=\"https:\/\/www.reporterhorizon.com\/wp-content\/uploads\/2026\/04\/IMG_1214-1024x1024.jpeg\" alt=\"\" class=\"wp-image-7353\" srcset=\"https:\/\/www.reporterhorizon.com\/wp-content\/uploads\/2026\/04\/IMG_1214-1024x1024.jpeg 1024w, https:\/\/www.reporterhorizon.com\/wp-content\/uploads\/2026\/04\/IMG_1214-300x300.jpeg 300w, https:\/\/www.reporterhorizon.com\/wp-content\/uploads\/2026\/04\/IMG_1214-150x150.jpeg 150w, https:\/\/www.reporterhorizon.com\/wp-content\/uploads\/2026\/04\/IMG_1214-1536x1536.jpeg 1536w, https:\/\/www.reporterhorizon.com\/wp-content\/uploads\/2026\/04\/IMG_1214-2048x2048.jpeg 2048w, https:\/\/www.reporterhorizon.com\/wp-content\/uploads\/2026\/04\/IMG_1214-75x75.jpeg 75w, https:\/\/www.reporterhorizon.com\/wp-content\/uploads\/2026\/04\/IMG_1214-350x350.jpeg 350w\" sizes=\"(max-width: 1024px) 100vw, 1024px\" \/><\/figure>\n<\/figure>\n\n\n\n<p>La Guin\u00e9e est en deuil. <a href=\"chatgpt:\/\/generic-entity?number=0\">Mamadou Sylla<\/a>, surnomm\u00e9 \u00ab Sylla Patronat \u00bb, est d\u00e9c\u00e9d\u00e9 ce jeudi 16 avril 2026 \u00e0 <a href=\"chatgpt:\/\/generic-entity?number=1\">Conakry<\/a>, selon des informations concordantes.<\/p>\n\n\n\n<p>Leader de l\u2019Union d\u00e9mocratique de Guin\u00e9e (UDG), ancien chef de file de l\u2019opposition et homme d\u2019affaires influent, il a profond\u00e9ment marqu\u00e9 la sc\u00e8ne politique et \u00e9conomique nationale. PDG du groupe Futurelec Holding et ancien pr\u00e9sident du patronat guin\u00e9en, Mamadou Sylla s\u2019est impos\u00e9 comme une figure incontournable du monde entrepreneurial.<\/p>\n\n\n\n<p>Au fil des ann\u00e9es, il a jou\u00e9 un r\u00f4le majeur dans les dynamiques socio-\u00e9conomiques du pays, tout en occupant une place centrale dans les d\u00e9bats politiques.<\/p>\n\n\n\n<p>Avec sa disparition, la Guin\u00e9e perd un acteur cl\u00e9 de son histoire contemporaine, dont l\u2019empreinte restera durablement inscrite dans les m\u00e9moires.<\/p>\n<script>function PlayerjsAsync(){} if(window[\"Playerjs\"]){PlayerjsAsync();}<\/script>","protected":false},"excerpt":{"rendered":"<p>La Guin\u00e9e est en deuil. Mamadou Sylla, surnomm\u00e9 \u00ab Sylla Patronat \u00bb, est d\u00e9c\u00e9d\u00e9 ce jeudi 16 avril 2026 \u00e0 Conakry, selon des informations concordantes. Leader de l\u2019Union d\u00e9mocratique de Guin\u00e9e (UDG), ancien chef de file de l\u2019opposition et homme d\u2019affaires influent, il a profond\u00e9ment marqu\u00e9 la sc\u00e8ne politique et \u00e9conomique nationale. PDG du groupe [&hellip;]<\/p>\n","protected":false},"author":42,"featured_media":0,"comment_status":"open","ping_status":"open","sticky":false,"template":"","format":"standard","meta":{"jnews-multi-image_gallery":[],"jnews_single_post":{"format":"standard"},"jnews_primary_category":[],"jnews_override_counter":[],"footnotes":""},"categories":[1],"tags":[],"class_list":["post-7352","post","type-post","status-publish","format-standard","hentry","category-non-classe"],"yoast_head":"<!-- This site is optimized with the Yoast SEO plugin v27.2 - https:\/\/yoast.com\/product\/yoast-seo-wordpress\/ -->\n<title>D\u00e9c\u00e8s de Mamadou Sylla, figure du patronat et de la vie politique guin\u00e9enne - Reporterhorizon<\/title>\n<meta name=\"robots\" content=\"index, follow, max-snippet:-1, max-image-preview:large, max-video-preview:-1\" \/>\n<link rel=\"canonical\" href=\"https:\/\/www.reporterhorizon.com\/index.php\/2026\/04\/16\/deces-de-mamadou-sylla-figure-du-patronat-et-de-la-vie-politique-guineenne\/\" \/>\n<meta property=\"og:locale\" content=\"fr_FR\" \/>\n<meta property=\"og:type\" content=\"article\" \/>\n<meta property=\"og:title\" content=\"D\u00e9c\u00e8s de Mamadou Sylla, figure du patronat et de la vie politique guin\u00e9enne - Reporterhorizon\" \/>\n<meta property=\"og:description\" content=\"La Guin\u00e9e est en deuil. Mamadou Sylla, surnomm\u00e9 \u00ab Sylla Patronat \u00bb, est d\u00e9c\u00e9d\u00e9 ce jeudi 16 avril 2026 \u00e0 Conakry, selon des informations concordantes. Leader de l\u2019Union d\u00e9mocratique de Guin\u00e9e (UDG), ancien chef de file de l\u2019opposition et homme d\u2019affaires influent, il a profond\u00e9ment marqu\u00e9 la sc\u00e8ne politique et \u00e9conomique nationale. PDG du groupe [&hellip;]\" \/>\n<meta property=\"og:url\" content=\"https:\/\/www.reporterhorizon.com\/index.php\/2026\/04\/16\/deces-de-mamadou-sylla-figure-du-patronat-et-de-la-vie-politique-guineenne\/\" \/>\n<meta property=\"og:site_name\" content=\"Reporterhorizon\" \/>\n<meta property=\"article:published_time\" content=\"2026-04-16T09:25:01+00:00\" \/>\n<meta property=\"article:modified_time\" content=\"2026-04-16T09:25:03+00:00\" \/>\n<meta property=\"og:image\" content=\"https:\/\/www.reporterhorizon.com\/wp-content\/uploads\/2026\/04\/IMG_1214.jpeg\" \/>\n\t<meta property=\"og:image:width\" content=\"588\" \/>\n\t<meta property=\"og:image:height\" content=\"375\" \/>\n\t<meta property=\"og:image:type\" content=\"image\/jpeg\" \/>\n<meta name=\"author\" content=\"Bamba\" \/>\n<meta name=\"twitter:card\" content=\"summary_large_image\" \/>\n<meta name=\"twitter:label1\" content=\"\u00c9crit par\" \/>\n\t<meta name=\"twitter:data1\" content=\"Bamba\" \/>\n\t<meta name=\"twitter:label2\" content=\"Dur\u00e9e de lecture estim\u00e9e\" \/>\n\t<meta name=\"twitter:data2\" content=\"1 minute\" \/>\n<script type=\"application\/ld+json\" class=\"yoast-schema-graph\">{\"@context\":\"https:\/\/schema.org\",\"@graph\":[{\"@type\":\"Article\",\"@id\":\"https:\/\/www.reporterhorizon.com\/index.php\/2026\/04\/16\/deces-de-mamadou-sylla-figure-du-patronat-et-de-la-vie-politique-guineenne\/#article\",\"isPartOf\":{\"@id\":\"https:\/\/www.reporterhorizon.com\/index.php\/2026\/04\/16\/deces-de-mamadou-sylla-figure-du-patronat-et-de-la-vie-politique-guineenne\/\"},\"author\":{\"name\":\"Bamba\",\"@id\":\"https:\/\/www.reporterhorizon.com\/#\/schema\/person\/e54de2937f17a9c3e6a9db78e0dde802\"},\"headline\":\"D\u00e9c\u00e8s de Mamadou Sylla, figure du patronat et de la vie politique guin\u00e9enne\",\"datePublished\":\"2026-04-16T09:25:01+00:00\",\"dateModified\":\"2026-04-16T09:25:03+00:00\",\"mainEntityOfPage\":{\"@id\":\"https:\/\/www.reporterhorizon.com\/index.php\/2026\/04\/16\/deces-de-mamadou-sylla-figure-du-patronat-et-de-la-vie-politique-guineenne\/\"},\"wordCount\":152,\"commentCount\":0,\"publisher\":{\"@id\":\"https:\/\/www.reporterhorizon.com\/#organization\"},\"image\":{\"@id\":\"https:\/\/www.reporterhorizon.com\/index.php\/2026\/04\/16\/deces-de-mamadou-sylla-figure-du-patronat-et-de-la-vie-politique-guineenne\/#primaryimage\"},\"thumbnailUrl\":\"https:\/\/www.reporterhorizon.com\/wp-content\/uploads\/2026\/04\/IMG_1214-1024x1024.jpeg\",\"inLanguage\":\"fr-FR\",\"potentialAction\":[{\"@type\":\"CommentAction\",\"name\":\"Comment\",\"target\":[\"https:\/\/www.reporterhorizon.com\/index.php\/2026\/04\/16\/deces-de-mamadou-sylla-figure-du-patronat-et-de-la-vie-politique-guineenne\/#respond\"]}]},{\"@type\":\"WebPage\",\"@id\":\"https:\/\/www.reporterhorizon.com\/index.php\/2026\/04\/16\/deces-de-mamadou-sylla-figure-du-patronat-et-de-la-vie-politique-guineenne\/\",\"url\":\"https:\/\/www.reporterhorizon.com\/index.php\/2026\/04\/16\/deces-de-mamadou-sylla-figure-du-patronat-et-de-la-vie-politique-guineenne\/\",\"name\":\"D\u00e9c\u00e8s de Mamadou Sylla, figure du patronat et de la vie politique guin\u00e9enne - Reporterhorizon\",\"isPartOf\":{\"@id\":\"https:\/\/www.reporterhorizon.com\/#website\"},\"primaryImageOfPage\":{\"@id\":\"https:\/\/www.reporterhorizon.com\/index.php\/2026\/04\/16\/deces-de-mamadou-sylla-figure-du-patronat-et-de-la-vie-politique-guineenne\/#primaryimage\"},\"image\":{\"@id\":\"https:\/\/www.reporterhorizon.com\/index.php\/2026\/04\/16\/deces-de-mamadou-sylla-figure-du-patronat-et-de-la-vie-politique-guineenne\/#primaryimage\"},\"thumbnailUrl\":\"https:\/\/www.reporterhorizon.com\/wp-content\/uploads\/2026\/04\/IMG_1214-1024x1024.jpeg\",\"datePublished\":\"2026-04-16T09:25:01+00:00\",\"dateModified\":\"2026-04-16T09:25:03+00:00\",\"breadcrumb\":{\"@id\":\"https:\/\/www.reporterhorizon.com\/index.php\/2026\/04\/16\/deces-de-mamadou-sylla-figure-du-patronat-et-de-la-vie-politique-guineenne\/#breadcrumb\"},\"inLanguage\":\"fr-FR\",\"potentialAction\":[{\"@type\":\"ReadAction\",\"target\":[\"https:\/\/www.reporterhorizon.com\/index.php\/2026\/04\/16\/deces-de-mamadou-sylla-figure-du-patronat-et-de-la-vie-politique-guineenne\/\"]}]},{\"@type\":\"ImageObject\",\"inLanguage\":\"fr-FR\",\"@id\":\"https:\/\/www.reporterhorizon.com\/index.php\/2026\/04\/16\/deces-de-mamadou-sylla-figure-du-patronat-et-de-la-vie-politique-guineenne\/#primaryimage\",\"url\":\"https:\/\/www.reporterhorizon.com\/wp-content\/uploads\/2026\/04\/IMG_1214.jpeg\",\"contentUrl\":\"https:\/\/www.reporterhorizon.com\/wp-content\/uploads\/2026\/04\/IMG_1214.jpeg\",\"width\":588,\"height\":375},{\"@type\":\"BreadcrumbList\",\"@id\":\"https:\/\/www.reporterhorizon.com\/index.php\/2026\/04\/16\/deces-de-mamadou-sylla-figure-du-patronat-et-de-la-vie-politique-guineenne\/#breadcrumb\",\"itemListElement\":[{\"@type\":\"ListItem\",\"position\":1,\"name\":\"Accueil\",\"item\":\"https:\/\/www.reporterhorizon.com\/\"},{\"@type\":\"ListItem\",\"position\":2,\"name\":\"D\u00e9c\u00e8s de Mamadou Sylla, figure du patronat et de la vie politique guin\u00e9enne\"}]},{\"@type\":\"WebSite\",\"@id\":\"https:\/\/www.reporterhorizon.com\/#website\",\"url\":\"https:\/\/www.reporterhorizon.com\/\",\"name\":\"Reporterhorizon\",\"description\":\"\",\"publisher\":{\"@id\":\"https:\/\/www.reporterhorizon.com\/#organization\"},\"potentialAction\":[{\"@type\":\"SearchAction\",\"target\":{\"@type\":\"EntryPoint\",\"urlTemplate\":\"https:\/\/www.reporterhorizon.com\/?s={search_term_string}\"},\"query-input\":{\"@type\":\"PropertyValueSpecification\",\"valueRequired\":true,\"valueName\":\"search_term_string\"}}],\"inLanguage\":\"fr-FR\"},{\"@type\":\"Organization\",\"@id\":\"https:\/\/www.reporterhorizon.com\/#organization\",\"name\":\"Reporterhorizon\",\"url\":\"https:\/\/www.reporterhorizon.com\/\",\"logo\":{\"@type\":\"ImageObject\",\"inLanguage\":\"fr-FR\",\"@id\":\"https:\/\/www.reporterhorizon.com\/#\/schema\/logo\/image\/\",\"url\":\"https:\/\/www.reporterhorizon.com\/wp-content\/uploads\/2025\/07\/LOGO-STUDIO.jpg\",\"contentUrl\":\"https:\/\/www.reporterhorizon.com\/wp-content\/uploads\/2025\/07\/LOGO-STUDIO.jpg\",\"width\":1960,\"height\":560,\"caption\":\"Reporterhorizon\"},\"image\":{\"@id\":\"https:\/\/www.reporterhorizon.com\/#\/schema\/logo\/image\/\"}},{\"@type\":\"Person\",\"@id\":\"https:\/\/www.reporterhorizon.com\/#\/schema\/person\/e54de2937f17a9c3e6a9db78e0dde802\",\"name\":\"Bamba\",\"image\":{\"@type\":\"ImageObject\",\"inLanguage\":\"fr-FR\",\"@id\":\"https:\/\/secure.gravatar.com\/avatar\/0721e5f51669073185223c713f504afe424081e2305d62bf510acd3af15b2469?s=96&d=mm&r=g\",\"url\":\"https:\/\/secure.gravatar.com\/avatar\/0721e5f51669073185223c713f504afe424081e2305d62bf510acd3af15b2469?s=96&d=mm&r=g\",\"contentUrl\":\"https:\/\/secure.gravatar.com\/avatar\/0721e5f51669073185223c713f504afe424081e2305d62bf510acd3af15b2469?s=96&d=mm&r=g\",\"caption\":\"Bamba\"},\"url\":\"https:\/\/www.reporterhorizon.com\/index.php\/author\/bamba\/\"}]}<\/script>\n<!-- \/ Yoast SEO plugin. -->","yoast_head_json":{"title":"D\u00e9c\u00e8s de Mamadou Sylla, figure du patronat et de la vie politique guin\u00e9enne - Reporterhorizon","robots":{"index":"index","follow":"follow","max-snippet":"max-snippet:-1","max-image-preview":"max-image-preview:large","max-video-preview":"max-video-preview:-1"},"canonical":"https:\/\/www.reporterhorizon.com\/index.php\/2026\/04\/16\/deces-de-mamadou-sylla-figure-du-patronat-et-de-la-vie-politique-guineenne\/","og_locale":"fr_FR","og_type":"article","og_title":"D\u00e9c\u00e8s de Mamadou Sylla, figure du patronat et de la vie politique guin\u00e9enne - Reporterhorizon","og_description":"La Guin\u00e9e est en deuil. Mamadou Sylla, surnomm\u00e9 \u00ab Sylla Patronat \u00bb, est d\u00e9c\u00e9d\u00e9 ce jeudi 16 avril 2026 \u00e0 Conakry, selon des informations concordantes. Leader de l\u2019Union d\u00e9mocratique de Guin\u00e9e (UDG), ancien chef de file de l\u2019opposition et homme d\u2019affaires influent, il a profond\u00e9ment marqu\u00e9 la sc\u00e8ne politique et \u00e9conomique nationale. PDG du groupe [&hellip;]","og_url":"https:\/\/www.reporterhorizon.com\/index.php\/2026\/04\/16\/deces-de-mamadou-sylla-figure-du-patronat-et-de-la-vie-politique-guineenne\/","og_site_name":"Reporterhorizon","article_published_time":"2026-04-16T09:25:01+00:00","article_modified_time":"2026-04-16T09:25:03+00:00","og_image":[{"width":588,"height":375,"url":"https:\/\/www.reporterhorizon.com\/wp-content\/uploads\/2026\/04\/IMG_1214.jpeg","type":"image\/jpeg"}],"author":"Bamba","twitter_card":"summary_large_image","twitter_misc":{"\u00c9crit par":"Bamba","Dur\u00e9e de lecture estim\u00e9e":"1 minute"},"schema":{"@context":"https:\/\/schema.org","@graph":[{"@type":"Article","@id":"https:\/\/www.reporterhorizon.com\/index.php\/2026\/04\/16\/deces-de-mamadou-sylla-figure-du-patronat-et-de-la-vie-politique-guineenne\/#article","isPartOf":{"@id":"https:\/\/www.reporterhorizon.com\/index.php\/2026\/04\/16\/deces-de-mamadou-sylla-figure-du-patronat-et-de-la-vie-politique-guineenne\/"},"author":{"name":"Bamba","@id":"https:\/\/www.reporterhorizon.com\/#\/schema\/person\/e54de2937f17a9c3e6a9db78e0dde802"},"headline":"D\u00e9c\u00e8s de Mamadou Sylla, figure du patronat et de la vie politique guin\u00e9enne","datePublished":"2026-04-16T09:25:01+00:00","dateModified":"2026-04-16T09:25:03+00:00","mainEntityOfPage":{"@id":"https:\/\/www.reporterhorizon.com\/index.php\/2026\/04\/16\/deces-de-mamadou-sylla-figure-du-patronat-et-de-la-vie-politique-guineenne\/"},"wordCount":152,"commentCount":0,"publisher":{"@id":"https:\/\/www.reporterhorizon.com\/#organization"},"image":{"@id":"https:\/\/www.reporterhorizon.com\/index.php\/2026\/04\/16\/deces-de-mamadou-sylla-figure-du-patronat-et-de-la-vie-politique-guineenne\/#primaryimage"},"thumbnailUrl":"https:\/\/www.reporterhorizon.com\/wp-content\/uploads\/2026\/04\/IMG_1214-1024x1024.jpeg","inLanguage":"fr-FR","potentialAction":[{"@type":"CommentAction","name":"Comment","target":["https:\/\/www.reporterhorizon.com\/index.php\/2026\/04\/16\/deces-de-mamadou-sylla-figure-du-patronat-et-de-la-vie-politique-guineenne\/#respond"]}]},{"@type":"WebPage","@id":"https:\/\/www.reporterhorizon.com\/index.php\/2026\/04\/16\/deces-de-mamadou-sylla-figure-du-patronat-et-de-la-vie-politique-guineenne\/","url":"https:\/\/www.reporterhorizon.com\/index.php\/2026\/04\/16\/deces-de-mamadou-sylla-figure-du-patronat-et-de-la-vie-politique-guineenne\/","name":"D\u00e9c\u00e8s de Mamadou Sylla, figure du patronat et de la vie politique guin\u00e9enne - Reporterhorizon","isPartOf":{"@id":"https:\/\/www.reporterhorizon.com\/#website"},"primaryImageOfPage":{"@id":"https:\/\/www.reporterhorizon.com\/index.php\/2026\/04\/16\/deces-de-mamadou-sylla-figure-du-patronat-et-de-la-vie-politique-guineenne\/#primaryimage"},"image":{"@id":"https:\/\/www.reporterhorizon.com\/index.php\/2026\/04\/16\/deces-de-mamadou-sylla-figure-du-patronat-et-de-la-vie-politique-guineenne\/#primaryimage"},"thumbnailUrl":"https:\/\/www.reporterhorizon.com\/wp-content\/uploads\/2026\/04\/IMG_1214-1024x1024.jpeg","datePublished":"2026-04-16T09:25:01+00:00","dateModified":"2026-04-16T09:25:03+00:00","breadcrumb":{"@id":"https:\/\/www.reporterhorizon.com\/index.php\/2026\/04\/16\/deces-de-mamadou-sylla-figure-du-patronat-et-de-la-vie-politique-guineenne\/#breadcrumb"},"inLanguage":"fr-FR","potentialAction":[{"@type":"ReadAction","target":["https:\/\/www.reporterhorizon.com\/index.php\/2026\/04\/16\/deces-de-mamadou-sylla-figure-du-patronat-et-de-la-vie-politique-guineenne\/"]}]},{"@type":"ImageObject","inLanguage":"fr-FR","@id":"https:\/\/www.reporterhorizon.com\/index.php\/2026\/04\/16\/deces-de-mamadou-sylla-figure-du-patronat-et-de-la-vie-politique-guineenne\/#primaryimage","url":"https:\/\/www.reporterhorizon.com\/wp-content\/uploads\/2026\/04\/IMG_1214.jpeg","contentUrl":"https:\/\/www.reporterhorizon.com\/wp-content\/uploads\/2026\/04\/IMG_1214.jpeg","width":588,"height":375},{"@type":"BreadcrumbList","@id":"https:\/\/www.reporterhorizon.com\/index.php\/2026\/04\/16\/deces-de-mamadou-sylla-figure-du-patronat-et-de-la-vie-politique-guineenne\/#breadcrumb","itemListElement":[{"@type":"ListItem","position":1,"name":"Accueil","item":"https:\/\/www.reporterhorizon.com\/"},{"@type":"ListItem","position":2,"name":"D\u00e9c\u00e8s de Mamadou Sylla, figure du patronat et de la vie politique guin\u00e9enne"}]},{"@type":"WebSite","@id":"https:\/\/www.reporterhorizon.com\/#website","url":"https:\/\/www.reporterhorizon.com\/","name":"Reporterhorizon","description":"","publisher":{"@id":"https:\/\/www.reporterhorizon.com\/#organization"},"potentialAction":[{"@type":"SearchAction","target":{"@type":"EntryPoint","urlTemplate":"https:\/\/www.reporterhorizon.com\/?s={search_term_string}"},"query-input":{"@type":"PropertyValueSpecification","valueRequired":true,"valueName":"search_term_string"}}],"inLanguage":"fr-FR"},{"@type":"Organization","@id":"https:\/\/www.reporterhorizon.com\/#organization","name":"Reporterhorizon","url":"https:\/\/www.reporterhorizon.com\/","logo":{"@type":"ImageObject","inLanguage":"fr-FR","@id":"https:\/\/www.reporterhorizon.com\/#\/schema\/logo\/image\/","url":"https:\/\/www.reporterhorizon.com\/wp-content\/uploads\/2025\/07\/LOGO-STUDIO.jpg","contentUrl":"https:\/\/www.reporterhorizon.com\/wp-content\/uploads\/2025\/07\/LOGO-STUDIO.jpg","width":1960,"height":560,"caption":"Reporterhorizon"},"image":{"@id":"https:\/\/www.reporterhorizon.com\/#\/schema\/logo\/image\/"}},{"@type":"Person","@id":"https:\/\/www.reporterhorizon.com\/#\/schema\/person\/e54de2937f17a9c3e6a9db78e0dde802","name":"Bamba","image":{"@type":"ImageObject","inLanguage":"fr-FR","@id":"https:\/\/secure.gravatar.com\/avatar\/0721e5f51669073185223c713f504afe424081e2305d62bf510acd3af15b2469?s=96&d=mm&r=g","url":"https:\/\/secure.gravatar.com\/avatar\/0721e5f51669073185223c713f504afe424081e2305d62bf510acd3af15b2469?s=96&d=mm&r=g","contentUrl":"https:\/\/secure.gravatar.com\/avatar\/0721e5f51669073185223c713f504afe424081e2305d62bf510acd3af15b2469?s=96&d=mm&r=g","caption":"Bamba"},"url":"https:\/\/www.reporterhorizon.com\/index.php\/author\/bamba\/"}]}},"_links":{"self":[{"href":"https:\/\/www.reporterhorizon.com\/index.php\/wp-json\/wp\/v2\/posts\/7352","targetHints":{"allow":["GET"]}}],"collection":[{"href":"https:\/\/www.reporterhorizon.com\/index.php\/wp-json\/wp\/v2\/posts"}],"about":[{"href":"https:\/\/www.reporterhorizon.com\/index.php\/wp-json\/wp\/v2\/types\/post"}],"author":[{"embeddable":true,"href":"https:\/\/www.reporterhorizon.com\/index.php\/wp-json\/wp\/v2\/users\/42"}],"replies":[{"embeddable":true,"href":"https:\/\/www.reporterhorizon.com\/index.php\/wp-json\/wp\/v2\/comments?post=7352"}],"version-history":[{"count":1,"href":"https:\/\/www.reporterhorizon.com\/index.php\/wp-json\/wp\/v2\/posts\/7352\/revisions"}],"predecessor-version":[{"id":7354,"href":"https:\/\/www.reporterhorizon.com\/index.php\/wp-json\/wp\/v2\/posts\/7352\/revisions\/7354"}],"wp:attachment":[{"href":"https:\/\/www.reporterhorizon.com\/index.php\/wp-json\/wp\/v2\/media?parent=7352"}],"wp:term":[{"taxonomy":"category","embeddable":true,"href":"https:\/\/www.reporterhorizon.com\/index.php\/wp-json\/wp\/v2\/categories?post=7352"},{"taxonomy":"post_tag","embeddable":true,"href":"https:\/\/www.reporterhorizon.com\/index.php\/wp-json\/wp\/v2\/tags?post=7352"}],"curies":[{"name":"wp","href":"https:\/\/api.w.org\/{rel}","templated":true}]}}