{"id":7347,"date":"2026-04-15T22:17:32","date_gmt":"2026-04-15T22:17:32","guid":{"rendered":"https:\/\/www.reporterhorizon.com\/?p=7347"},"modified":"2026-04-15T22:17:33","modified_gmt":"2026-04-15T22:17:33","slug":"mobilisation-nationale-du-8-mars-les-femmes-celebrees-au-stade-petit-sory-de-nongo","status":"publish","type":"post","link":"https:\/\/www.reporterhorizon.com\/index.php\/2026\/04\/15\/mobilisation-nationale-du-8-mars-les-femmes-celebrees-au-stade-petit-sory-de-nongo\/","title":{"rendered":"Mobilisation nationale du 8 mars : les femmes c\u00e9l\u00e9br\u00e9es au stade Petit Sory de Nongo"},"content":{"rendered":"\n<figure class=\"wp-block-gallery has-nested-images columns-default is-cropped wp-block-gallery-1 is-layout-flex wp-block-gallery-is-layout-flex\"><\/figure>\n\n\n\n<p>La Journ\u00e9e internationale des droits des femmes a \u00e9t\u00e9 marqu\u00e9e par une forte mobilisation au <a href=\"chatgpt:\/\/generic-entity?number=0\">Stade Petit Sory de Nongo<\/a>, en pr\u00e9sence de plusieurs autorit\u00e9s, dont le pr\u00e9sident <a href=\"chatgpt:\/\/generic-entity?number=1\">Mamadi Doumbouya<\/a>.<\/p>\n\n\n\n<figure class=\"wp-block-gallery has-nested-images columns-default is-cropped wp-block-gallery-2 is-layout-flex wp-block-gallery-is-layout-flex\">\n<figure class=\"wp-block-image size-large\"><img fetchpriority=\"high\" decoding=\"async\" width=\"1024\" height=\"1024\" data-id=\"7348\" src=\"https:\/\/www.reporterhorizon.com\/wp-content\/uploads\/2026\/04\/IMG_1190-1024x1024.jpeg\" alt=\"\" class=\"wp-image-7348\" srcset=\"https:\/\/www.reporterhorizon.com\/wp-content\/uploads\/2026\/04\/IMG_1190-1024x1024.jpeg 1024w, https:\/\/www.reporterhorizon.com\/wp-content\/uploads\/2026\/04\/IMG_1190-300x300.jpeg 300w, https:\/\/www.reporterhorizon.com\/wp-content\/uploads\/2026\/04\/IMG_1190-150x150.jpeg 150w, https:\/\/www.reporterhorizon.com\/wp-content\/uploads\/2026\/04\/IMG_1190-1536x1536.jpeg 1536w, https:\/\/www.reporterhorizon.com\/wp-content\/uploads\/2026\/04\/IMG_1190-2048x2048.jpeg 2048w, https:\/\/www.reporterhorizon.com\/wp-content\/uploads\/2026\/04\/IMG_1190-75x75.jpeg 75w, https:\/\/www.reporterhorizon.com\/wp-content\/uploads\/2026\/04\/IMG_1190-350x350.jpeg 350w\" sizes=\"(max-width: 1024px) 100vw, 1024px\" \/><\/figure>\n<\/figure>\n\n\n\n<p>Au c\u0153ur de cette c\u00e9l\u00e9bration, <a href=\"chatgpt:\/\/generic-entity?number=2\">Patricia Lamah<\/a> a livr\u00e9 un discours empreint d\u2019\u00e9motion et de reconnaissance envers les femmes. Elle a rappel\u00e9 l\u2019importance de cette journ\u00e9e d\u00e9di\u00e9e \u00e0 leur valorisation. \u00ab Ce 8 mars est consacr\u00e9 \u00e0 la femme, car elle m\u00e9rite d\u2019\u00eatre honor\u00e9e. Aujourd\u2019hui, nous c\u00e9l\u00e9brons les femmes, mais aussi la m\u00e9moire de celles qui ne sont plus. Que toutes les femmes soient b\u00e9nies. Vive la femme guin\u00e9enne \u00bb, a-t-elle d\u00e9clar\u00e9.<\/p>\n\n\n\n<figure class=\"wp-block-gallery has-nested-images columns-default is-cropped wp-block-gallery-3 is-layout-flex wp-block-gallery-is-layout-flex\">\n<figure class=\"wp-block-image size-large\"><img decoding=\"async\" width=\"1024\" height=\"1024\" data-id=\"7349\" src=\"https:\/\/www.reporterhorizon.com\/wp-content\/uploads\/2026\/04\/IMG_1191-1024x1024.jpeg\" alt=\"\" class=\"wp-image-7349\" srcset=\"https:\/\/www.reporterhorizon.com\/wp-content\/uploads\/2026\/04\/IMG_1191-1024x1024.jpeg 1024w, https:\/\/www.reporterhorizon.com\/wp-content\/uploads\/2026\/04\/IMG_1191-300x300.jpeg 300w, https:\/\/www.reporterhorizon.com\/wp-content\/uploads\/2026\/04\/IMG_1191-150x150.jpeg 150w, https:\/\/www.reporterhorizon.com\/wp-content\/uploads\/2026\/04\/IMG_1191-1536x1536.jpeg 1536w, https:\/\/www.reporterhorizon.com\/wp-content\/uploads\/2026\/04\/IMG_1191-2048x2048.jpeg 2048w, https:\/\/www.reporterhorizon.com\/wp-content\/uploads\/2026\/04\/IMG_1191-75x75.jpeg 75w, https:\/\/www.reporterhorizon.com\/wp-content\/uploads\/2026\/04\/IMG_1191-350x350.jpeg 350w\" sizes=\"(max-width: 1024px) 100vw, 1024px\" \/><\/figure>\n<\/figure>\n\n\n\n<p>Prenant \u00e9galement la parole, <a href=\"chatgpt:\/\/generic-entity?number=3\">Aminata Kaba<\/a> <strong>Ministre de l&#8217;Agriculture<\/strong>\u00a0a salu\u00e9 la pr\u00e9sence du chef de l\u2019\u00c9tat et insist\u00e9 sur la place de la femme dans la soci\u00e9t\u00e9. \u00ab Nous remercions le pr\u00e9sident pour sa participation \u00e0 cet \u00e9v\u00e9nement majeur. La Journ\u00e9e des droits des femmes est un symbole fort qui rappelle que les femmes ont toute leur place dans la soci\u00e9t\u00e9. Elles ne sont pas seulement au foyer, mais aussi actrices du d\u00e9veloppement \u00bb, a-t-elle soulign\u00e9.<\/p>\n\n\n\n<figure class=\"wp-block-gallery has-nested-images columns-default is-cropped wp-block-gallery-4 is-layout-flex wp-block-gallery-is-layout-flex\">\n<figure class=\"wp-block-image size-large\"><img decoding=\"async\" width=\"1024\" height=\"1024\" data-id=\"7350\" src=\"https:\/\/www.reporterhorizon.com\/wp-content\/uploads\/2026\/04\/IMG_1183-1024x1024.jpeg\" alt=\"\" class=\"wp-image-7350\" srcset=\"https:\/\/www.reporterhorizon.com\/wp-content\/uploads\/2026\/04\/IMG_1183-1024x1024.jpeg 1024w, https:\/\/www.reporterhorizon.com\/wp-content\/uploads\/2026\/04\/IMG_1183-300x300.jpeg 300w, https:\/\/www.reporterhorizon.com\/wp-content\/uploads\/2026\/04\/IMG_1183-150x150.jpeg 150w, https:\/\/www.reporterhorizon.com\/wp-content\/uploads\/2026\/04\/IMG_1183-1536x1536.jpeg 1536w, https:\/\/www.reporterhorizon.com\/wp-content\/uploads\/2026\/04\/IMG_1183-2048x2048.jpeg 2048w, https:\/\/www.reporterhorizon.com\/wp-content\/uploads\/2026\/04\/IMG_1183-75x75.jpeg 75w, https:\/\/www.reporterhorizon.com\/wp-content\/uploads\/2026\/04\/IMG_1183-350x350.jpeg 350w\" sizes=\"(max-width: 1024px) 100vw, 1024px\" \/><\/figure>\n<\/figure>\n\n\n\n<p>\u00c0 travers cette mobilisation, les autorit\u00e9s et les participantes ont r\u00e9affirm\u00e9 leur engagement en faveur de la promotion des droits des femmes, de leur autonomisation et de leur pleine participation \u00e0 la vie socio-\u00e9conomique du pays.<\/p>\n\n\n\n<p>Une journ\u00e9e marquante qui aura mis en lumi\u00e8re le r\u00f4le essentiel des femmes dans la soci\u00e9t\u00e9 guin\u00e9enne.<\/p>\n<script>function PlayerjsAsync(){} if(window[\"Playerjs\"]){PlayerjsAsync();}<\/script>","protected":false},"excerpt":{"rendered":"<p>La Journ\u00e9e internationale des droits des femmes a \u00e9t\u00e9 marqu\u00e9e par une forte mobilisation au Stade Petit Sory de Nongo, en pr\u00e9sence de plusieurs autorit\u00e9s, dont le pr\u00e9sident Mamadi Doumbouya. Au c\u0153ur de cette c\u00e9l\u00e9bration, Patricia Lamah a livr\u00e9 un discours empreint d\u2019\u00e9motion et de reconnaissance envers les femmes. Elle a rappel\u00e9 l\u2019importance de cette [&hellip;]<\/p>\n","protected":false},"author":42,"featured_media":0,"comment_status":"open","ping_status":"open","sticky":false,"template":"","format":"standard","meta":{"jnews-multi-image_gallery":[],"jnews_single_post":{"format":"standard"},"jnews_primary_category":[],"jnews_override_counter":[],"footnotes":""},"categories":[1],"tags":[],"class_list":["post-7347","post","type-post","status-publish","format-standard","hentry","category-non-classe"],"yoast_head":"<!-- This site is optimized with the Yoast SEO plugin v27.2 - https:\/\/yoast.com\/product\/yoast-seo-wordpress\/ -->\n<title>Mobilisation nationale du 8 mars : les femmes c\u00e9l\u00e9br\u00e9es au stade Petit Sory de Nongo - Reporterhorizon<\/title>\n<meta name=\"robots\" content=\"index, follow, max-snippet:-1, max-image-preview:large, max-video-preview:-1\" \/>\n<link rel=\"canonical\" href=\"https:\/\/www.reporterhorizon.com\/index.php\/2026\/04\/15\/mobilisation-nationale-du-8-mars-les-femmes-celebrees-au-stade-petit-sory-de-nongo\/\" \/>\n<meta property=\"og:locale\" content=\"fr_FR\" \/>\n<meta property=\"og:type\" content=\"article\" \/>\n<meta property=\"og:title\" content=\"Mobilisation nationale du 8 mars : les femmes c\u00e9l\u00e9br\u00e9es au stade Petit Sory de Nongo - Reporterhorizon\" \/>\n<meta property=\"og:description\" content=\"La Journ\u00e9e internationale des droits des femmes a \u00e9t\u00e9 marqu\u00e9e par une forte mobilisation au Stade Petit Sory de Nongo, en pr\u00e9sence de plusieurs autorit\u00e9s, dont le pr\u00e9sident Mamadi Doumbouya. Au c\u0153ur de cette c\u00e9l\u00e9bration, Patricia Lamah a livr\u00e9 un discours empreint d\u2019\u00e9motion et de reconnaissance envers les femmes. Elle a rappel\u00e9 l\u2019importance de cette [&hellip;]\" \/>\n<meta property=\"og:url\" content=\"https:\/\/www.reporterhorizon.com\/index.php\/2026\/04\/15\/mobilisation-nationale-du-8-mars-les-femmes-celebrees-au-stade-petit-sory-de-nongo\/\" \/>\n<meta property=\"og:site_name\" content=\"Reporterhorizon\" \/>\n<meta property=\"article:published_time\" content=\"2026-04-15T22:17:32+00:00\" \/>\n<meta property=\"article:modified_time\" content=\"2026-04-15T22:17:33+00:00\" \/>\n<meta property=\"og:image\" content=\"https:\/\/www.reporterhorizon.com\/wp-content\/uploads\/2026\/04\/IMG_1190.jpeg\" \/>\n\t<meta property=\"og:image:width\" content=\"4032\" \/>\n\t<meta property=\"og:image:height\" content=\"3024\" \/>\n\t<meta property=\"og:image:type\" content=\"image\/jpeg\" \/>\n<meta name=\"author\" content=\"Bamba\" \/>\n<meta name=\"twitter:card\" content=\"summary_large_image\" \/>\n<meta name=\"twitter:label1\" content=\"\u00c9crit par\" \/>\n\t<meta name=\"twitter:data1\" content=\"Bamba\" \/>\n\t<meta name=\"twitter:label2\" content=\"Dur\u00e9e de lecture estim\u00e9e\" \/>\n\t<meta name=\"twitter:data2\" content=\"2 minutes\" \/>\n<script type=\"application\/ld+json\" class=\"yoast-schema-graph\">{\"@context\":\"https:\/\/schema.org\",\"@graph\":[{\"@type\":\"Article\",\"@id\":\"https:\/\/www.reporterhorizon.com\/index.php\/2026\/04\/15\/mobilisation-nationale-du-8-mars-les-femmes-celebrees-au-stade-petit-sory-de-nongo\/#article\",\"isPartOf\":{\"@id\":\"https:\/\/www.reporterhorizon.com\/index.php\/2026\/04\/15\/mobilisation-nationale-du-8-mars-les-femmes-celebrees-au-stade-petit-sory-de-nongo\/\"},\"author\":{\"name\":\"Bamba\",\"@id\":\"https:\/\/www.reporterhorizon.com\/#\/schema\/person\/e54de2937f17a9c3e6a9db78e0dde802\"},\"headline\":\"Mobilisation nationale du 8 mars : les femmes c\u00e9l\u00e9br\u00e9es au stade Petit Sory de Nongo\",\"datePublished\":\"2026-04-15T22:17:32+00:00\",\"dateModified\":\"2026-04-15T22:17:33+00:00\",\"mainEntityOfPage\":{\"@id\":\"https:\/\/www.reporterhorizon.com\/index.php\/2026\/04\/15\/mobilisation-nationale-du-8-mars-les-femmes-celebrees-au-stade-petit-sory-de-nongo\/\"},\"wordCount\":278,\"commentCount\":0,\"publisher\":{\"@id\":\"https:\/\/www.reporterhorizon.com\/#organization\"},\"image\":{\"@id\":\"https:\/\/www.reporterhorizon.com\/index.php\/2026\/04\/15\/mobilisation-nationale-du-8-mars-les-femmes-celebrees-au-stade-petit-sory-de-nongo\/#primaryimage\"},\"thumbnailUrl\":\"https:\/\/www.reporterhorizon.com\/wp-content\/uploads\/2026\/04\/IMG_1190-1024x1024.jpeg\",\"inLanguage\":\"fr-FR\",\"potentialAction\":[{\"@type\":\"CommentAction\",\"name\":\"Comment\",\"target\":[\"https:\/\/www.reporterhorizon.com\/index.php\/2026\/04\/15\/mobilisation-nationale-du-8-mars-les-femmes-celebrees-au-stade-petit-sory-de-nongo\/#respond\"]}]},{\"@type\":\"WebPage\",\"@id\":\"https:\/\/www.reporterhorizon.com\/index.php\/2026\/04\/15\/mobilisation-nationale-du-8-mars-les-femmes-celebrees-au-stade-petit-sory-de-nongo\/\",\"url\":\"https:\/\/www.reporterhorizon.com\/index.php\/2026\/04\/15\/mobilisation-nationale-du-8-mars-les-femmes-celebrees-au-stade-petit-sory-de-nongo\/\",\"name\":\"Mobilisation nationale du 8 mars : les femmes c\u00e9l\u00e9br\u00e9es au stade Petit Sory de Nongo - Reporterhorizon\",\"isPartOf\":{\"@id\":\"https:\/\/www.reporterhorizon.com\/#website\"},\"primaryImageOfPage\":{\"@id\":\"https:\/\/www.reporterhorizon.com\/index.php\/2026\/04\/15\/mobilisation-nationale-du-8-mars-les-femmes-celebrees-au-stade-petit-sory-de-nongo\/#primaryimage\"},\"image\":{\"@id\":\"https:\/\/www.reporterhorizon.com\/index.php\/2026\/04\/15\/mobilisation-nationale-du-8-mars-les-femmes-celebrees-au-stade-petit-sory-de-nongo\/#primaryimage\"},\"thumbnailUrl\":\"https:\/\/www.reporterhorizon.com\/wp-content\/uploads\/2026\/04\/IMG_1190-1024x1024.jpeg\",\"datePublished\":\"2026-04-15T22:17:32+00:00\",\"dateModified\":\"2026-04-15T22:17:33+00:00\",\"breadcrumb\":{\"@id\":\"https:\/\/www.reporterhorizon.com\/index.php\/2026\/04\/15\/mobilisation-nationale-du-8-mars-les-femmes-celebrees-au-stade-petit-sory-de-nongo\/#breadcrumb\"},\"inLanguage\":\"fr-FR\",\"potentialAction\":[{\"@type\":\"ReadAction\",\"target\":[\"https:\/\/www.reporterhorizon.com\/index.php\/2026\/04\/15\/mobilisation-nationale-du-8-mars-les-femmes-celebrees-au-stade-petit-sory-de-nongo\/\"]}]},{\"@type\":\"ImageObject\",\"inLanguage\":\"fr-FR\",\"@id\":\"https:\/\/www.reporterhorizon.com\/index.php\/2026\/04\/15\/mobilisation-nationale-du-8-mars-les-femmes-celebrees-au-stade-petit-sory-de-nongo\/#primaryimage\",\"url\":\"https:\/\/www.reporterhorizon.com\/wp-content\/uploads\/2026\/04\/IMG_1190.jpeg\",\"contentUrl\":\"https:\/\/www.reporterhorizon.com\/wp-content\/uploads\/2026\/04\/IMG_1190.jpeg\",\"width\":4032,\"height\":3024},{\"@type\":\"BreadcrumbList\",\"@id\":\"https:\/\/www.reporterhorizon.com\/index.php\/2026\/04\/15\/mobilisation-nationale-du-8-mars-les-femmes-celebrees-au-stade-petit-sory-de-nongo\/#breadcrumb\",\"itemListElement\":[{\"@type\":\"ListItem\",\"position\":1,\"name\":\"Accueil\",\"item\":\"https:\/\/www.reporterhorizon.com\/\"},{\"@type\":\"ListItem\",\"position\":2,\"name\":\"Mobilisation nationale du 8 mars : les femmes c\u00e9l\u00e9br\u00e9es au stade Petit Sory de Nongo\"}]},{\"@type\":\"WebSite\",\"@id\":\"https:\/\/www.reporterhorizon.com\/#website\",\"url\":\"https:\/\/www.reporterhorizon.com\/\",\"name\":\"Reporterhorizon\",\"description\":\"\",\"publisher\":{\"@id\":\"https:\/\/www.reporterhorizon.com\/#organization\"},\"potentialAction\":[{\"@type\":\"SearchAction\",\"target\":{\"@type\":\"EntryPoint\",\"urlTemplate\":\"https:\/\/www.reporterhorizon.com\/?s={search_term_string}\"},\"query-input\":{\"@type\":\"PropertyValueSpecification\",\"valueRequired\":true,\"valueName\":\"search_term_string\"}}],\"inLanguage\":\"fr-FR\"},{\"@type\":\"Organization\",\"@id\":\"https:\/\/www.reporterhorizon.com\/#organization\",\"name\":\"Reporterhorizon\",\"url\":\"https:\/\/www.reporterhorizon.com\/\",\"logo\":{\"@type\":\"ImageObject\",\"inLanguage\":\"fr-FR\",\"@id\":\"https:\/\/www.reporterhorizon.com\/#\/schema\/logo\/image\/\",\"url\":\"https:\/\/www.reporterhorizon.com\/wp-content\/uploads\/2025\/07\/LOGO-STUDIO.jpg\",\"contentUrl\":\"https:\/\/www.reporterhorizon.com\/wp-content\/uploads\/2025\/07\/LOGO-STUDIO.jpg\",\"width\":1960,\"height\":560,\"caption\":\"Reporterhorizon\"},\"image\":{\"@id\":\"https:\/\/www.reporterhorizon.com\/#\/schema\/logo\/image\/\"}},{\"@type\":\"Person\",\"@id\":\"https:\/\/www.reporterhorizon.com\/#\/schema\/person\/e54de2937f17a9c3e6a9db78e0dde802\",\"name\":\"Bamba\",\"image\":{\"@type\":\"ImageObject\",\"inLanguage\":\"fr-FR\",\"@id\":\"https:\/\/secure.gravatar.com\/avatar\/0721e5f51669073185223c713f504afe424081e2305d62bf510acd3af15b2469?s=96&d=mm&r=g\",\"url\":\"https:\/\/secure.gravatar.com\/avatar\/0721e5f51669073185223c713f504afe424081e2305d62bf510acd3af15b2469?s=96&d=mm&r=g\",\"contentUrl\":\"https:\/\/secure.gravatar.com\/avatar\/0721e5f51669073185223c713f504afe424081e2305d62bf510acd3af15b2469?s=96&d=mm&r=g\",\"caption\":\"Bamba\"},\"url\":\"https:\/\/www.reporterhorizon.com\/index.php\/author\/bamba\/\"}]}<\/script>\n<!-- \/ Yoast SEO plugin. -->","yoast_head_json":{"title":"Mobilisation nationale du 8 mars : les femmes c\u00e9l\u00e9br\u00e9es au stade Petit Sory de Nongo - Reporterhorizon","robots":{"index":"index","follow":"follow","max-snippet":"max-snippet:-1","max-image-preview":"max-image-preview:large","max-video-preview":"max-video-preview:-1"},"canonical":"https:\/\/www.reporterhorizon.com\/index.php\/2026\/04\/15\/mobilisation-nationale-du-8-mars-les-femmes-celebrees-au-stade-petit-sory-de-nongo\/","og_locale":"fr_FR","og_type":"article","og_title":"Mobilisation nationale du 8 mars : les femmes c\u00e9l\u00e9br\u00e9es au stade Petit Sory de Nongo - Reporterhorizon","og_description":"La Journ\u00e9e internationale des droits des femmes a \u00e9t\u00e9 marqu\u00e9e par une forte mobilisation au Stade Petit Sory de Nongo, en pr\u00e9sence de plusieurs autorit\u00e9s, dont le pr\u00e9sident Mamadi Doumbouya. Au c\u0153ur de cette c\u00e9l\u00e9bration, Patricia Lamah a livr\u00e9 un discours empreint d\u2019\u00e9motion et de reconnaissance envers les femmes. Elle a rappel\u00e9 l\u2019importance de cette [&hellip;]","og_url":"https:\/\/www.reporterhorizon.com\/index.php\/2026\/04\/15\/mobilisation-nationale-du-8-mars-les-femmes-celebrees-au-stade-petit-sory-de-nongo\/","og_site_name":"Reporterhorizon","article_published_time":"2026-04-15T22:17:32+00:00","article_modified_time":"2026-04-15T22:17:33+00:00","og_image":[{"width":4032,"height":3024,"url":"https:\/\/www.reporterhorizon.com\/wp-content\/uploads\/2026\/04\/IMG_1190.jpeg","type":"image\/jpeg"}],"author":"Bamba","twitter_card":"summary_large_image","twitter_misc":{"\u00c9crit par":"Bamba","Dur\u00e9e de lecture estim\u00e9e":"2 minutes"},"schema":{"@context":"https:\/\/schema.org","@graph":[{"@type":"Article","@id":"https:\/\/www.reporterhorizon.com\/index.php\/2026\/04\/15\/mobilisation-nationale-du-8-mars-les-femmes-celebrees-au-stade-petit-sory-de-nongo\/#article","isPartOf":{"@id":"https:\/\/www.reporterhorizon.com\/index.php\/2026\/04\/15\/mobilisation-nationale-du-8-mars-les-femmes-celebrees-au-stade-petit-sory-de-nongo\/"},"author":{"name":"Bamba","@id":"https:\/\/www.reporterhorizon.com\/#\/schema\/person\/e54de2937f17a9c3e6a9db78e0dde802"},"headline":"Mobilisation nationale du 8 mars : les femmes c\u00e9l\u00e9br\u00e9es au stade Petit Sory de Nongo","datePublished":"2026-04-15T22:17:32+00:00","dateModified":"2026-04-15T22:17:33+00:00","mainEntityOfPage":{"@id":"https:\/\/www.reporterhorizon.com\/index.php\/2026\/04\/15\/mobilisation-nationale-du-8-mars-les-femmes-celebrees-au-stade-petit-sory-de-nongo\/"},"wordCount":278,"commentCount":0,"publisher":{"@id":"https:\/\/www.reporterhorizon.com\/#organization"},"image":{"@id":"https:\/\/www.reporterhorizon.com\/index.php\/2026\/04\/15\/mobilisation-nationale-du-8-mars-les-femmes-celebrees-au-stade-petit-sory-de-nongo\/#primaryimage"},"thumbnailUrl":"https:\/\/www.reporterhorizon.com\/wp-content\/uploads\/2026\/04\/IMG_1190-1024x1024.jpeg","inLanguage":"fr-FR","potentialAction":[{"@type":"CommentAction","name":"Comment","target":["https:\/\/www.reporterhorizon.com\/index.php\/2026\/04\/15\/mobilisation-nationale-du-8-mars-les-femmes-celebrees-au-stade-petit-sory-de-nongo\/#respond"]}]},{"@type":"WebPage","@id":"https:\/\/www.reporterhorizon.com\/index.php\/2026\/04\/15\/mobilisation-nationale-du-8-mars-les-femmes-celebrees-au-stade-petit-sory-de-nongo\/","url":"https:\/\/www.reporterhorizon.com\/index.php\/2026\/04\/15\/mobilisation-nationale-du-8-mars-les-femmes-celebrees-au-stade-petit-sory-de-nongo\/","name":"Mobilisation nationale du 8 mars : les femmes c\u00e9l\u00e9br\u00e9es au stade Petit Sory de Nongo - Reporterhorizon","isPartOf":{"@id":"https:\/\/www.reporterhorizon.com\/#website"},"primaryImageOfPage":{"@id":"https:\/\/www.reporterhorizon.com\/index.php\/2026\/04\/15\/mobilisation-nationale-du-8-mars-les-femmes-celebrees-au-stade-petit-sory-de-nongo\/#primaryimage"},"image":{"@id":"https:\/\/www.reporterhorizon.com\/index.php\/2026\/04\/15\/mobilisation-nationale-du-8-mars-les-femmes-celebrees-au-stade-petit-sory-de-nongo\/#primaryimage"},"thumbnailUrl":"https:\/\/www.reporterhorizon.com\/wp-content\/uploads\/2026\/04\/IMG_1190-1024x1024.jpeg","datePublished":"2026-04-15T22:17:32+00:00","dateModified":"2026-04-15T22:17:33+00:00","breadcrumb":{"@id":"https:\/\/www.reporterhorizon.com\/index.php\/2026\/04\/15\/mobilisation-nationale-du-8-mars-les-femmes-celebrees-au-stade-petit-sory-de-nongo\/#breadcrumb"},"inLanguage":"fr-FR","potentialAction":[{"@type":"ReadAction","target":["https:\/\/www.reporterhorizon.com\/index.php\/2026\/04\/15\/mobilisation-nationale-du-8-mars-les-femmes-celebrees-au-stade-petit-sory-de-nongo\/"]}]},{"@type":"ImageObject","inLanguage":"fr-FR","@id":"https:\/\/www.reporterhorizon.com\/index.php\/2026\/04\/15\/mobilisation-nationale-du-8-mars-les-femmes-celebrees-au-stade-petit-sory-de-nongo\/#primaryimage","url":"https:\/\/www.reporterhorizon.com\/wp-content\/uploads\/2026\/04\/IMG_1190.jpeg","contentUrl":"https:\/\/www.reporterhorizon.com\/wp-content\/uploads\/2026\/04\/IMG_1190.jpeg","width":4032,"height":3024},{"@type":"BreadcrumbList","@id":"https:\/\/www.reporterhorizon.com\/index.php\/2026\/04\/15\/mobilisation-nationale-du-8-mars-les-femmes-celebrees-au-stade-petit-sory-de-nongo\/#breadcrumb","itemListElement":[{"@type":"ListItem","position":1,"name":"Accueil","item":"https:\/\/www.reporterhorizon.com\/"},{"@type":"ListItem","position":2,"name":"Mobilisation nationale du 8 mars : les femmes c\u00e9l\u00e9br\u00e9es au stade Petit Sory de Nongo"}]},{"@type":"WebSite","@id":"https:\/\/www.reporterhorizon.com\/#website","url":"https:\/\/www.reporterhorizon.com\/","name":"Reporterhorizon","description":"","publisher":{"@id":"https:\/\/www.reporterhorizon.com\/#organization"},"potentialAction":[{"@type":"SearchAction","target":{"@type":"EntryPoint","urlTemplate":"https:\/\/www.reporterhorizon.com\/?s={search_term_string}"},"query-input":{"@type":"PropertyValueSpecification","valueRequired":true,"valueName":"search_term_string"}}],"inLanguage":"fr-FR"},{"@type":"Organization","@id":"https:\/\/www.reporterhorizon.com\/#organization","name":"Reporterhorizon","url":"https:\/\/www.reporterhorizon.com\/","logo":{"@type":"ImageObject","inLanguage":"fr-FR","@id":"https:\/\/www.reporterhorizon.com\/#\/schema\/logo\/image\/","url":"https:\/\/www.reporterhorizon.com\/wp-content\/uploads\/2025\/07\/LOGO-STUDIO.jpg","contentUrl":"https:\/\/www.reporterhorizon.com\/wp-content\/uploads\/2025\/07\/LOGO-STUDIO.jpg","width":1960,"height":560,"caption":"Reporterhorizon"},"image":{"@id":"https:\/\/www.reporterhorizon.com\/#\/schema\/logo\/image\/"}},{"@type":"Person","@id":"https:\/\/www.reporterhorizon.com\/#\/schema\/person\/e54de2937f17a9c3e6a9db78e0dde802","name":"Bamba","image":{"@type":"ImageObject","inLanguage":"fr-FR","@id":"https:\/\/secure.gravatar.com\/avatar\/0721e5f51669073185223c713f504afe424081e2305d62bf510acd3af15b2469?s=96&d=mm&r=g","url":"https:\/\/secure.gravatar.com\/avatar\/0721e5f51669073185223c713f504afe424081e2305d62bf510acd3af15b2469?s=96&d=mm&r=g","contentUrl":"https:\/\/secure.gravatar.com\/avatar\/0721e5f51669073185223c713f504afe424081e2305d62bf510acd3af15b2469?s=96&d=mm&r=g","caption":"Bamba"},"url":"https:\/\/www.reporterhorizon.com\/index.php\/author\/bamba\/"}]}},"_links":{"self":[{"href":"https:\/\/www.reporterhorizon.com\/index.php\/wp-json\/wp\/v2\/posts\/7347","targetHints":{"allow":["GET"]}}],"collection":[{"href":"https:\/\/www.reporterhorizon.com\/index.php\/wp-json\/wp\/v2\/posts"}],"about":[{"href":"https:\/\/www.reporterhorizon.com\/index.php\/wp-json\/wp\/v2\/types\/post"}],"author":[{"embeddable":true,"href":"https:\/\/www.reporterhorizon.com\/index.php\/wp-json\/wp\/v2\/users\/42"}],"replies":[{"embeddable":true,"href":"https:\/\/www.reporterhorizon.com\/index.php\/wp-json\/wp\/v2\/comments?post=7347"}],"version-history":[{"count":1,"href":"https:\/\/www.reporterhorizon.com\/index.php\/wp-json\/wp\/v2\/posts\/7347\/revisions"}],"predecessor-version":[{"id":7351,"href":"https:\/\/www.reporterhorizon.com\/index.php\/wp-json\/wp\/v2\/posts\/7347\/revisions\/7351"}],"wp:attachment":[{"href":"https:\/\/www.reporterhorizon.com\/index.php\/wp-json\/wp\/v2\/media?parent=7347"}],"wp:term":[{"taxonomy":"category","embeddable":true,"href":"https:\/\/www.reporterhorizon.com\/index.php\/wp-json\/wp\/v2\/categories?post=7347"},{"taxonomy":"post_tag","embeddable":true,"href":"https:\/\/www.reporterhorizon.com\/index.php\/wp-json\/wp\/v2\/tags?post=7347"}],"curies":[{"name":"wp","href":"https:\/\/api.w.org\/{rel}","templated":true}]}}