{"id":7327,"date":"2026-04-13T20:43:51","date_gmt":"2026-04-13T20:43:51","guid":{"rendered":"https:\/\/www.reporterhorizon.com\/?p=7327"},"modified":"2026-04-13T20:43:52","modified_gmt":"2026-04-13T20:43:52","slug":"gastronomie-a-kipe-plaza-expo-transforme-le-quartier-en-espace-de-detente-culinaire","status":"publish","type":"post","link":"https:\/\/www.reporterhorizon.com\/index.php\/2026\/04\/13\/gastronomie-a-kipe-plaza-expo-transforme-le-quartier-en-espace-de-detente-culinaire\/","title":{"rendered":"Gastronomie : \u00e0 Kip\u00e9, Plaza Expo transforme le quartier en espace de d\u00e9tente culinaire"},"content":{"rendered":"\n<figure class=\"wp-block-gallery has-nested-images columns-default is-cropped wp-block-gallery-1 is-layout-flex wp-block-gallery-is-layout-flex\">\n<figure class=\"wp-block-image size-large\"><img fetchpriority=\"high\" decoding=\"async\" width=\"1024\" height=\"1024\" data-id=\"7328\" src=\"https:\/\/www.reporterhorizon.com\/wp-content\/uploads\/2026\/04\/IMG_1084-1024x1024.jpeg\" alt=\"\" class=\"wp-image-7328\" srcset=\"https:\/\/www.reporterhorizon.com\/wp-content\/uploads\/2026\/04\/IMG_1084-1024x1024.jpeg 1024w, https:\/\/www.reporterhorizon.com\/wp-content\/uploads\/2026\/04\/IMG_1084-300x300.jpeg 300w, https:\/\/www.reporterhorizon.com\/wp-content\/uploads\/2026\/04\/IMG_1084-150x150.jpeg 150w, https:\/\/www.reporterhorizon.com\/wp-content\/uploads\/2026\/04\/IMG_1084-1536x1536.jpeg 1536w, https:\/\/www.reporterhorizon.com\/wp-content\/uploads\/2026\/04\/IMG_1084-2048x2048.jpeg 2048w, https:\/\/www.reporterhorizon.com\/wp-content\/uploads\/2026\/04\/IMG_1084-75x75.jpeg 75w, https:\/\/www.reporterhorizon.com\/wp-content\/uploads\/2026\/04\/IMG_1084-350x350.jpeg 350w\" sizes=\"(max-width: 1024px) 100vw, 1024px\" \/><\/figure>\n<\/figure>\n\n\n\n<p>\u00c0 <a href=\"chatgpt:\/\/generic-entity?number=0\">Kip\u00e9<\/a>, l\u2019ambiance est r\u00e9solument gourmande. Le quartier accueille la premi\u00e8re \u00e9dition de Plaza Expo, un \u00e9v\u00e9nement qui met la gastronomie \u00e0 l\u2019honneur dans l\u2019enceinte de <a href=\"chatgpt:\/\/generic-entity?number=1\">Plaza Diamond<\/a>. Pendant plusieurs jours, stands et exposants se succ\u00e8dent pour offrir aux visiteurs une v\u00e9ritable immersion culinaire.<\/p>\n\n\n\n<figure class=\"wp-block-gallery has-nested-images columns-default is-cropped wp-block-gallery-2 is-layout-flex wp-block-gallery-is-layout-flex\">\n<figure class=\"wp-block-image size-large\"><img decoding=\"async\" width=\"1024\" height=\"1024\" data-id=\"7330\" src=\"https:\/\/www.reporterhorizon.com\/wp-content\/uploads\/2026\/04\/IMG_1077-1024x1024.jpeg\" alt=\"\" class=\"wp-image-7330\" srcset=\"https:\/\/www.reporterhorizon.com\/wp-content\/uploads\/2026\/04\/IMG_1077-1024x1024.jpeg 1024w, https:\/\/www.reporterhorizon.com\/wp-content\/uploads\/2026\/04\/IMG_1077-300x300.jpeg 300w, https:\/\/www.reporterhorizon.com\/wp-content\/uploads\/2026\/04\/IMG_1077-150x150.jpeg 150w, https:\/\/www.reporterhorizon.com\/wp-content\/uploads\/2026\/04\/IMG_1077-1536x1536.jpeg 1536w, https:\/\/www.reporterhorizon.com\/wp-content\/uploads\/2026\/04\/IMG_1077-2048x2048.jpeg 2048w, https:\/\/www.reporterhorizon.com\/wp-content\/uploads\/2026\/04\/IMG_1077-75x75.jpeg 75w, https:\/\/www.reporterhorizon.com\/wp-content\/uploads\/2026\/04\/IMG_1077-350x350.jpeg 350w\" sizes=\"(max-width: 1024px) 100vw, 1024px\" \/><\/figure>\n<\/figure>\n\n\n\n<p>Sur place, les odeurs de cuisson et la diversit\u00e9 des plats attirent les amateurs de bonne cuisine. Au stand 17, <a href=\"chatgpt:\/\/generic-entity?number=2\">Fatoumata Dia<\/a> propose une vari\u00e9t\u00e9 de mets locaux. \u00ab C\u2019est une premi\u00e8re \u00e9dition ici \u00e0 Kip\u00e9. Nous sommes venus proposer diff\u00e9rents plats comme l\u2019atti\u00e9k\u00e9, le poulet et le poisson \u00bb, explique-t-elle.<\/p>\n\n\n\n<figure class=\"wp-block-image size-large\"><img decoding=\"async\" width=\"1024\" height=\"1024\" src=\"https:\/\/www.reporterhorizon.com\/wp-content\/uploads\/2026\/04\/IMG_1082-1024x1024.jpeg\" alt=\"\" class=\"wp-image-7331\" srcset=\"https:\/\/www.reporterhorizon.com\/wp-content\/uploads\/2026\/04\/IMG_1082-1024x1024.jpeg 1024w, https:\/\/www.reporterhorizon.com\/wp-content\/uploads\/2026\/04\/IMG_1082-300x300.jpeg 300w, https:\/\/www.reporterhorizon.com\/wp-content\/uploads\/2026\/04\/IMG_1082-150x150.jpeg 150w, https:\/\/www.reporterhorizon.com\/wp-content\/uploads\/2026\/04\/IMG_1082-1536x1536.jpeg 1536w, https:\/\/www.reporterhorizon.com\/wp-content\/uploads\/2026\/04\/IMG_1082-2048x2048.jpeg 2048w, https:\/\/www.reporterhorizon.com\/wp-content\/uploads\/2026\/04\/IMG_1082-75x75.jpeg 75w, https:\/\/www.reporterhorizon.com\/wp-content\/uploads\/2026\/04\/IMG_1082-350x350.jpeg 350w\" sizes=\"(max-width: 1024px) 100vw, 1024px\" \/><\/figure>\n\n\n\n<p>Face \u00e0 cette offre vari\u00e9e, les visiteurs ne cachent pas leur satisfaction. <a href=\"chatgpt:\/\/generic-entity?number=3\">Zenab Tour\u00e9<\/a>, venue avec sa fille, appr\u00e9cie l\u2019initiative : \u00ab C\u2019est une premi\u00e8re \u00e9dition, et tout est bien organis\u00e9. Nous avons command\u00e9 de l\u2019atti\u00e9k\u00e9, il y a du monde et les plats sont vraiment bons \u00bb, confie-t-elle.<\/p>\n\n\n\n<figure class=\"wp-block-gallery has-nested-images columns-default is-cropped wp-block-gallery-3 is-layout-flex wp-block-gallery-is-layout-flex\">\n<figure class=\"wp-block-image size-large\"><img loading=\"lazy\" decoding=\"async\" width=\"1024\" height=\"1024\" data-id=\"7332\" src=\"https:\/\/www.reporterhorizon.com\/wp-content\/uploads\/2026\/04\/IMG_1078-1024x1024.jpeg\" alt=\"\" class=\"wp-image-7332\" srcset=\"https:\/\/www.reporterhorizon.com\/wp-content\/uploads\/2026\/04\/IMG_1078-1024x1024.jpeg 1024w, https:\/\/www.reporterhorizon.com\/wp-content\/uploads\/2026\/04\/IMG_1078-300x300.jpeg 300w, https:\/\/www.reporterhorizon.com\/wp-content\/uploads\/2026\/04\/IMG_1078-150x150.jpeg 150w, https:\/\/www.reporterhorizon.com\/wp-content\/uploads\/2026\/04\/IMG_1078-1536x1536.jpeg 1536w, https:\/\/www.reporterhorizon.com\/wp-content\/uploads\/2026\/04\/IMG_1078-2048x2048.jpeg 2048w, https:\/\/www.reporterhorizon.com\/wp-content\/uploads\/2026\/04\/IMG_1078-75x75.jpeg 75w, https:\/\/www.reporterhorizon.com\/wp-content\/uploads\/2026\/04\/IMG_1078-350x350.jpeg 350w\" sizes=\"(max-width: 1024px) 100vw, 1024px\" \/><\/figure>\n<\/figure>\n\n\n\n<p>Au-del\u00e0 de la gastronomie, l\u2019\u00e9v\u00e9nement b\u00e9n\u00e9ficie \u00e9galement du soutien de partenaires. La soci\u00e9t\u00e9 <a href=\"chatgpt:\/\/generic-entity?number=4\">1xBet<\/a> figure parmi les sponsors. Son repr\u00e9sentant, <a href=\"chatgpt:\/\/generic-entity?number=5\">Barry Amadou<\/a>, souligne l\u2019importance de cet engagement : \u00ab Nous accompagnons cette premi\u00e8re \u00e9dition pour contribuer \u00e0 son succ\u00e8s. C\u2019est un \u00e9v\u00e9nement qui rassemble beaucoup de monde et qui a un impact positif \u00bb, indique-t-il.<\/p>\n\n\n\n<figure class=\"wp-block-image size-large\"><img loading=\"lazy\" decoding=\"async\" width=\"1024\" height=\"1024\" src=\"https:\/\/www.reporterhorizon.com\/wp-content\/uploads\/2026\/04\/IMG_1083-1024x1024.jpeg\" alt=\"\" class=\"wp-image-7329\" srcset=\"https:\/\/www.reporterhorizon.com\/wp-content\/uploads\/2026\/04\/IMG_1083-1024x1024.jpeg 1024w, https:\/\/www.reporterhorizon.com\/wp-content\/uploads\/2026\/04\/IMG_1083-300x300.jpeg 300w, https:\/\/www.reporterhorizon.com\/wp-content\/uploads\/2026\/04\/IMG_1083-150x150.jpeg 150w, https:\/\/www.reporterhorizon.com\/wp-content\/uploads\/2026\/04\/IMG_1083-1536x1536.jpeg 1536w, https:\/\/www.reporterhorizon.com\/wp-content\/uploads\/2026\/04\/IMG_1083-2048x2048.jpeg 2048w, https:\/\/www.reporterhorizon.com\/wp-content\/uploads\/2026\/04\/IMG_1083-75x75.jpeg 75w, https:\/\/www.reporterhorizon.com\/wp-content\/uploads\/2026\/04\/IMG_1083-350x350.jpeg 350w\" sizes=\"(max-width: 1024px) 100vw, 1024px\" \/><\/figure>\n\n\n\n<p>Pr\u00e9vu sur une semaine, Plaza Expo s\u2019impose d\u00e9j\u00e0 comme un rendez-vous incontournable pour les amateurs de gastronomie. Une initiative qui confirme le statut de Kip\u00e9 comme l\u2019un des p\u00f4les majeurs de d\u00e9tente et de loisirs \u00e0 Conakry.<\/p>\n<script>function PlayerjsAsync(){} if(window[\"Playerjs\"]){PlayerjsAsync();}<\/script>","protected":false},"excerpt":{"rendered":"<p>\u00c0 Kip\u00e9, l\u2019ambiance est r\u00e9solument gourmande. Le quartier accueille la premi\u00e8re \u00e9dition de Plaza Expo, un \u00e9v\u00e9nement qui met la gastronomie \u00e0 l\u2019honneur dans l\u2019enceinte de Plaza Diamond. Pendant plusieurs jours, stands et exposants se succ\u00e8dent pour offrir aux visiteurs une v\u00e9ritable immersion culinaire. Sur place, les odeurs de cuisson et la diversit\u00e9 des plats [&hellip;]<\/p>\n","protected":false},"author":42,"featured_media":0,"comment_status":"open","ping_status":"open","sticky":false,"template":"","format":"standard","meta":{"jnews-multi-image_gallery":[],"jnews_single_post":{"format":"standard"},"jnews_primary_category":[],"jnews_override_counter":[],"footnotes":""},"categories":[1],"tags":[],"class_list":["post-7327","post","type-post","status-publish","format-standard","hentry","category-non-classe"],"yoast_head":"<!-- This site is optimized with the Yoast SEO plugin v27.2 - https:\/\/yoast.com\/product\/yoast-seo-wordpress\/ -->\n<title>Gastronomie : \u00e0 Kip\u00e9, Plaza Expo transforme le quartier en espace de d\u00e9tente culinaire - Reporterhorizon<\/title>\n<meta name=\"robots\" content=\"index, follow, max-snippet:-1, max-image-preview:large, max-video-preview:-1\" \/>\n<link rel=\"canonical\" href=\"https:\/\/www.reporterhorizon.com\/index.php\/2026\/04\/13\/gastronomie-a-kipe-plaza-expo-transforme-le-quartier-en-espace-de-detente-culinaire\/\" \/>\n<meta property=\"og:locale\" content=\"fr_FR\" \/>\n<meta property=\"og:type\" content=\"article\" \/>\n<meta property=\"og:title\" content=\"Gastronomie : \u00e0 Kip\u00e9, Plaza Expo transforme le quartier en espace de d\u00e9tente culinaire - Reporterhorizon\" \/>\n<meta property=\"og:description\" content=\"\u00c0 Kip\u00e9, l\u2019ambiance est r\u00e9solument gourmande. Le quartier accueille la premi\u00e8re \u00e9dition de Plaza Expo, un \u00e9v\u00e9nement qui met la gastronomie \u00e0 l\u2019honneur dans l\u2019enceinte de Plaza Diamond. Pendant plusieurs jours, stands et exposants se succ\u00e8dent pour offrir aux visiteurs une v\u00e9ritable immersion culinaire. Sur place, les odeurs de cuisson et la diversit\u00e9 des plats [&hellip;]\" \/>\n<meta property=\"og:url\" content=\"https:\/\/www.reporterhorizon.com\/index.php\/2026\/04\/13\/gastronomie-a-kipe-plaza-expo-transforme-le-quartier-en-espace-de-detente-culinaire\/\" \/>\n<meta property=\"og:site_name\" content=\"Reporterhorizon\" \/>\n<meta property=\"article:published_time\" content=\"2026-04-13T20:43:51+00:00\" \/>\n<meta property=\"article:modified_time\" content=\"2026-04-13T20:43:52+00:00\" \/>\n<meta property=\"og:image\" content=\"https:\/\/www.reporterhorizon.com\/wp-content\/uploads\/2026\/04\/IMG_1084-scaled.jpeg\" \/>\n\t<meta property=\"og:image:width\" content=\"2560\" \/>\n\t<meta property=\"og:image:height\" content=\"2560\" \/>\n\t<meta property=\"og:image:type\" content=\"image\/jpeg\" \/>\n<meta name=\"author\" content=\"Bamba\" \/>\n<meta name=\"twitter:card\" content=\"summary_large_image\" \/>\n<meta name=\"twitter:label1\" content=\"\u00c9crit par\" \/>\n\t<meta name=\"twitter:data1\" content=\"Bamba\" \/>\n\t<meta name=\"twitter:label2\" content=\"Dur\u00e9e de lecture estim\u00e9e\" \/>\n\t<meta name=\"twitter:data2\" content=\"3 minutes\" \/>\n<script type=\"application\/ld+json\" class=\"yoast-schema-graph\">{\"@context\":\"https:\/\/schema.org\",\"@graph\":[{\"@type\":\"Article\",\"@id\":\"https:\/\/www.reporterhorizon.com\/index.php\/2026\/04\/13\/gastronomie-a-kipe-plaza-expo-transforme-le-quartier-en-espace-de-detente-culinaire\/#article\",\"isPartOf\":{\"@id\":\"https:\/\/www.reporterhorizon.com\/index.php\/2026\/04\/13\/gastronomie-a-kipe-plaza-expo-transforme-le-quartier-en-espace-de-detente-culinaire\/\"},\"author\":{\"name\":\"Bamba\",\"@id\":\"https:\/\/www.reporterhorizon.com\/#\/schema\/person\/e54de2937f17a9c3e6a9db78e0dde802\"},\"headline\":\"Gastronomie : \u00e0 Kip\u00e9, Plaza Expo transforme le quartier en espace de d\u00e9tente culinaire\",\"datePublished\":\"2026-04-13T20:43:51+00:00\",\"dateModified\":\"2026-04-13T20:43:52+00:00\",\"mainEntityOfPage\":{\"@id\":\"https:\/\/www.reporterhorizon.com\/index.php\/2026\/04\/13\/gastronomie-a-kipe-plaza-expo-transforme-le-quartier-en-espace-de-detente-culinaire\/\"},\"wordCount\":272,\"commentCount\":0,\"publisher\":{\"@id\":\"https:\/\/www.reporterhorizon.com\/#organization\"},\"image\":{\"@id\":\"https:\/\/www.reporterhorizon.com\/index.php\/2026\/04\/13\/gastronomie-a-kipe-plaza-expo-transforme-le-quartier-en-espace-de-detente-culinaire\/#primaryimage\"},\"thumbnailUrl\":\"https:\/\/www.reporterhorizon.com\/wp-content\/uploads\/2026\/04\/IMG_1084-1024x1024.jpeg\",\"inLanguage\":\"fr-FR\",\"potentialAction\":[{\"@type\":\"CommentAction\",\"name\":\"Comment\",\"target\":[\"https:\/\/www.reporterhorizon.com\/index.php\/2026\/04\/13\/gastronomie-a-kipe-plaza-expo-transforme-le-quartier-en-espace-de-detente-culinaire\/#respond\"]}]},{\"@type\":\"WebPage\",\"@id\":\"https:\/\/www.reporterhorizon.com\/index.php\/2026\/04\/13\/gastronomie-a-kipe-plaza-expo-transforme-le-quartier-en-espace-de-detente-culinaire\/\",\"url\":\"https:\/\/www.reporterhorizon.com\/index.php\/2026\/04\/13\/gastronomie-a-kipe-plaza-expo-transforme-le-quartier-en-espace-de-detente-culinaire\/\",\"name\":\"Gastronomie : \u00e0 Kip\u00e9, Plaza Expo transforme le quartier en espace de d\u00e9tente culinaire - Reporterhorizon\",\"isPartOf\":{\"@id\":\"https:\/\/www.reporterhorizon.com\/#website\"},\"primaryImageOfPage\":{\"@id\":\"https:\/\/www.reporterhorizon.com\/index.php\/2026\/04\/13\/gastronomie-a-kipe-plaza-expo-transforme-le-quartier-en-espace-de-detente-culinaire\/#primaryimage\"},\"image\":{\"@id\":\"https:\/\/www.reporterhorizon.com\/index.php\/2026\/04\/13\/gastronomie-a-kipe-plaza-expo-transforme-le-quartier-en-espace-de-detente-culinaire\/#primaryimage\"},\"thumbnailUrl\":\"https:\/\/www.reporterhorizon.com\/wp-content\/uploads\/2026\/04\/IMG_1084-1024x1024.jpeg\",\"datePublished\":\"2026-04-13T20:43:51+00:00\",\"dateModified\":\"2026-04-13T20:43:52+00:00\",\"breadcrumb\":{\"@id\":\"https:\/\/www.reporterhorizon.com\/index.php\/2026\/04\/13\/gastronomie-a-kipe-plaza-expo-transforme-le-quartier-en-espace-de-detente-culinaire\/#breadcrumb\"},\"inLanguage\":\"fr-FR\",\"potentialAction\":[{\"@type\":\"ReadAction\",\"target\":[\"https:\/\/www.reporterhorizon.com\/index.php\/2026\/04\/13\/gastronomie-a-kipe-plaza-expo-transforme-le-quartier-en-espace-de-detente-culinaire\/\"]}]},{\"@type\":\"ImageObject\",\"inLanguage\":\"fr-FR\",\"@id\":\"https:\/\/www.reporterhorizon.com\/index.php\/2026\/04\/13\/gastronomie-a-kipe-plaza-expo-transforme-le-quartier-en-espace-de-detente-culinaire\/#primaryimage\",\"url\":\"https:\/\/www.reporterhorizon.com\/wp-content\/uploads\/2026\/04\/IMG_1084-scaled.jpeg\",\"contentUrl\":\"https:\/\/www.reporterhorizon.com\/wp-content\/uploads\/2026\/04\/IMG_1084-scaled.jpeg\",\"width\":2560,\"height\":2560},{\"@type\":\"BreadcrumbList\",\"@id\":\"https:\/\/www.reporterhorizon.com\/index.php\/2026\/04\/13\/gastronomie-a-kipe-plaza-expo-transforme-le-quartier-en-espace-de-detente-culinaire\/#breadcrumb\",\"itemListElement\":[{\"@type\":\"ListItem\",\"position\":1,\"name\":\"Accueil\",\"item\":\"https:\/\/www.reporterhorizon.com\/\"},{\"@type\":\"ListItem\",\"position\":2,\"name\":\"Gastronomie : \u00e0 Kip\u00e9, Plaza Expo transforme le quartier en espace de d\u00e9tente culinaire\"}]},{\"@type\":\"WebSite\",\"@id\":\"https:\/\/www.reporterhorizon.com\/#website\",\"url\":\"https:\/\/www.reporterhorizon.com\/\",\"name\":\"Reporterhorizon\",\"description\":\"\",\"publisher\":{\"@id\":\"https:\/\/www.reporterhorizon.com\/#organization\"},\"potentialAction\":[{\"@type\":\"SearchAction\",\"target\":{\"@type\":\"EntryPoint\",\"urlTemplate\":\"https:\/\/www.reporterhorizon.com\/?s={search_term_string}\"},\"query-input\":{\"@type\":\"PropertyValueSpecification\",\"valueRequired\":true,\"valueName\":\"search_term_string\"}}],\"inLanguage\":\"fr-FR\"},{\"@type\":\"Organization\",\"@id\":\"https:\/\/www.reporterhorizon.com\/#organization\",\"name\":\"Reporterhorizon\",\"url\":\"https:\/\/www.reporterhorizon.com\/\",\"logo\":{\"@type\":\"ImageObject\",\"inLanguage\":\"fr-FR\",\"@id\":\"https:\/\/www.reporterhorizon.com\/#\/schema\/logo\/image\/\",\"url\":\"https:\/\/www.reporterhorizon.com\/wp-content\/uploads\/2025\/07\/LOGO-STUDIO.jpg\",\"contentUrl\":\"https:\/\/www.reporterhorizon.com\/wp-content\/uploads\/2025\/07\/LOGO-STUDIO.jpg\",\"width\":1960,\"height\":560,\"caption\":\"Reporterhorizon\"},\"image\":{\"@id\":\"https:\/\/www.reporterhorizon.com\/#\/schema\/logo\/image\/\"}},{\"@type\":\"Person\",\"@id\":\"https:\/\/www.reporterhorizon.com\/#\/schema\/person\/e54de2937f17a9c3e6a9db78e0dde802\",\"name\":\"Bamba\",\"image\":{\"@type\":\"ImageObject\",\"inLanguage\":\"fr-FR\",\"@id\":\"https:\/\/secure.gravatar.com\/avatar\/0721e5f51669073185223c713f504afe424081e2305d62bf510acd3af15b2469?s=96&d=mm&r=g\",\"url\":\"https:\/\/secure.gravatar.com\/avatar\/0721e5f51669073185223c713f504afe424081e2305d62bf510acd3af15b2469?s=96&d=mm&r=g\",\"contentUrl\":\"https:\/\/secure.gravatar.com\/avatar\/0721e5f51669073185223c713f504afe424081e2305d62bf510acd3af15b2469?s=96&d=mm&r=g\",\"caption\":\"Bamba\"},\"url\":\"https:\/\/www.reporterhorizon.com\/index.php\/author\/bamba\/\"}]}<\/script>\n<!-- \/ Yoast SEO plugin. -->","yoast_head_json":{"title":"Gastronomie : \u00e0 Kip\u00e9, Plaza Expo transforme le quartier en espace de d\u00e9tente culinaire - Reporterhorizon","robots":{"index":"index","follow":"follow","max-snippet":"max-snippet:-1","max-image-preview":"max-image-preview:large","max-video-preview":"max-video-preview:-1"},"canonical":"https:\/\/www.reporterhorizon.com\/index.php\/2026\/04\/13\/gastronomie-a-kipe-plaza-expo-transforme-le-quartier-en-espace-de-detente-culinaire\/","og_locale":"fr_FR","og_type":"article","og_title":"Gastronomie : \u00e0 Kip\u00e9, Plaza Expo transforme le quartier en espace de d\u00e9tente culinaire - Reporterhorizon","og_description":"\u00c0 Kip\u00e9, l\u2019ambiance est r\u00e9solument gourmande. Le quartier accueille la premi\u00e8re \u00e9dition de Plaza Expo, un \u00e9v\u00e9nement qui met la gastronomie \u00e0 l\u2019honneur dans l\u2019enceinte de Plaza Diamond. Pendant plusieurs jours, stands et exposants se succ\u00e8dent pour offrir aux visiteurs une v\u00e9ritable immersion culinaire. Sur place, les odeurs de cuisson et la diversit\u00e9 des plats [&hellip;]","og_url":"https:\/\/www.reporterhorizon.com\/index.php\/2026\/04\/13\/gastronomie-a-kipe-plaza-expo-transforme-le-quartier-en-espace-de-detente-culinaire\/","og_site_name":"Reporterhorizon","article_published_time":"2026-04-13T20:43:51+00:00","article_modified_time":"2026-04-13T20:43:52+00:00","og_image":[{"width":2560,"height":2560,"url":"https:\/\/www.reporterhorizon.com\/wp-content\/uploads\/2026\/04\/IMG_1084-scaled.jpeg","type":"image\/jpeg"}],"author":"Bamba","twitter_card":"summary_large_image","twitter_misc":{"\u00c9crit par":"Bamba","Dur\u00e9e de lecture estim\u00e9e":"3 minutes"},"schema":{"@context":"https:\/\/schema.org","@graph":[{"@type":"Article","@id":"https:\/\/www.reporterhorizon.com\/index.php\/2026\/04\/13\/gastronomie-a-kipe-plaza-expo-transforme-le-quartier-en-espace-de-detente-culinaire\/#article","isPartOf":{"@id":"https:\/\/www.reporterhorizon.com\/index.php\/2026\/04\/13\/gastronomie-a-kipe-plaza-expo-transforme-le-quartier-en-espace-de-detente-culinaire\/"},"author":{"name":"Bamba","@id":"https:\/\/www.reporterhorizon.com\/#\/schema\/person\/e54de2937f17a9c3e6a9db78e0dde802"},"headline":"Gastronomie : \u00e0 Kip\u00e9, Plaza Expo transforme le quartier en espace de d\u00e9tente culinaire","datePublished":"2026-04-13T20:43:51+00:00","dateModified":"2026-04-13T20:43:52+00:00","mainEntityOfPage":{"@id":"https:\/\/www.reporterhorizon.com\/index.php\/2026\/04\/13\/gastronomie-a-kipe-plaza-expo-transforme-le-quartier-en-espace-de-detente-culinaire\/"},"wordCount":272,"commentCount":0,"publisher":{"@id":"https:\/\/www.reporterhorizon.com\/#organization"},"image":{"@id":"https:\/\/www.reporterhorizon.com\/index.php\/2026\/04\/13\/gastronomie-a-kipe-plaza-expo-transforme-le-quartier-en-espace-de-detente-culinaire\/#primaryimage"},"thumbnailUrl":"https:\/\/www.reporterhorizon.com\/wp-content\/uploads\/2026\/04\/IMG_1084-1024x1024.jpeg","inLanguage":"fr-FR","potentialAction":[{"@type":"CommentAction","name":"Comment","target":["https:\/\/www.reporterhorizon.com\/index.php\/2026\/04\/13\/gastronomie-a-kipe-plaza-expo-transforme-le-quartier-en-espace-de-detente-culinaire\/#respond"]}]},{"@type":"WebPage","@id":"https:\/\/www.reporterhorizon.com\/index.php\/2026\/04\/13\/gastronomie-a-kipe-plaza-expo-transforme-le-quartier-en-espace-de-detente-culinaire\/","url":"https:\/\/www.reporterhorizon.com\/index.php\/2026\/04\/13\/gastronomie-a-kipe-plaza-expo-transforme-le-quartier-en-espace-de-detente-culinaire\/","name":"Gastronomie : \u00e0 Kip\u00e9, Plaza Expo transforme le quartier en espace de d\u00e9tente culinaire - Reporterhorizon","isPartOf":{"@id":"https:\/\/www.reporterhorizon.com\/#website"},"primaryImageOfPage":{"@id":"https:\/\/www.reporterhorizon.com\/index.php\/2026\/04\/13\/gastronomie-a-kipe-plaza-expo-transforme-le-quartier-en-espace-de-detente-culinaire\/#primaryimage"},"image":{"@id":"https:\/\/www.reporterhorizon.com\/index.php\/2026\/04\/13\/gastronomie-a-kipe-plaza-expo-transforme-le-quartier-en-espace-de-detente-culinaire\/#primaryimage"},"thumbnailUrl":"https:\/\/www.reporterhorizon.com\/wp-content\/uploads\/2026\/04\/IMG_1084-1024x1024.jpeg","datePublished":"2026-04-13T20:43:51+00:00","dateModified":"2026-04-13T20:43:52+00:00","breadcrumb":{"@id":"https:\/\/www.reporterhorizon.com\/index.php\/2026\/04\/13\/gastronomie-a-kipe-plaza-expo-transforme-le-quartier-en-espace-de-detente-culinaire\/#breadcrumb"},"inLanguage":"fr-FR","potentialAction":[{"@type":"ReadAction","target":["https:\/\/www.reporterhorizon.com\/index.php\/2026\/04\/13\/gastronomie-a-kipe-plaza-expo-transforme-le-quartier-en-espace-de-detente-culinaire\/"]}]},{"@type":"ImageObject","inLanguage":"fr-FR","@id":"https:\/\/www.reporterhorizon.com\/index.php\/2026\/04\/13\/gastronomie-a-kipe-plaza-expo-transforme-le-quartier-en-espace-de-detente-culinaire\/#primaryimage","url":"https:\/\/www.reporterhorizon.com\/wp-content\/uploads\/2026\/04\/IMG_1084-scaled.jpeg","contentUrl":"https:\/\/www.reporterhorizon.com\/wp-content\/uploads\/2026\/04\/IMG_1084-scaled.jpeg","width":2560,"height":2560},{"@type":"BreadcrumbList","@id":"https:\/\/www.reporterhorizon.com\/index.php\/2026\/04\/13\/gastronomie-a-kipe-plaza-expo-transforme-le-quartier-en-espace-de-detente-culinaire\/#breadcrumb","itemListElement":[{"@type":"ListItem","position":1,"name":"Accueil","item":"https:\/\/www.reporterhorizon.com\/"},{"@type":"ListItem","position":2,"name":"Gastronomie : \u00e0 Kip\u00e9, Plaza Expo transforme le quartier en espace de d\u00e9tente culinaire"}]},{"@type":"WebSite","@id":"https:\/\/www.reporterhorizon.com\/#website","url":"https:\/\/www.reporterhorizon.com\/","name":"Reporterhorizon","description":"","publisher":{"@id":"https:\/\/www.reporterhorizon.com\/#organization"},"potentialAction":[{"@type":"SearchAction","target":{"@type":"EntryPoint","urlTemplate":"https:\/\/www.reporterhorizon.com\/?s={search_term_string}"},"query-input":{"@type":"PropertyValueSpecification","valueRequired":true,"valueName":"search_term_string"}}],"inLanguage":"fr-FR"},{"@type":"Organization","@id":"https:\/\/www.reporterhorizon.com\/#organization","name":"Reporterhorizon","url":"https:\/\/www.reporterhorizon.com\/","logo":{"@type":"ImageObject","inLanguage":"fr-FR","@id":"https:\/\/www.reporterhorizon.com\/#\/schema\/logo\/image\/","url":"https:\/\/www.reporterhorizon.com\/wp-content\/uploads\/2025\/07\/LOGO-STUDIO.jpg","contentUrl":"https:\/\/www.reporterhorizon.com\/wp-content\/uploads\/2025\/07\/LOGO-STUDIO.jpg","width":1960,"height":560,"caption":"Reporterhorizon"},"image":{"@id":"https:\/\/www.reporterhorizon.com\/#\/schema\/logo\/image\/"}},{"@type":"Person","@id":"https:\/\/www.reporterhorizon.com\/#\/schema\/person\/e54de2937f17a9c3e6a9db78e0dde802","name":"Bamba","image":{"@type":"ImageObject","inLanguage":"fr-FR","@id":"https:\/\/secure.gravatar.com\/avatar\/0721e5f51669073185223c713f504afe424081e2305d62bf510acd3af15b2469?s=96&d=mm&r=g","url":"https:\/\/secure.gravatar.com\/avatar\/0721e5f51669073185223c713f504afe424081e2305d62bf510acd3af15b2469?s=96&d=mm&r=g","contentUrl":"https:\/\/secure.gravatar.com\/avatar\/0721e5f51669073185223c713f504afe424081e2305d62bf510acd3af15b2469?s=96&d=mm&r=g","caption":"Bamba"},"url":"https:\/\/www.reporterhorizon.com\/index.php\/author\/bamba\/"}]}},"_links":{"self":[{"href":"https:\/\/www.reporterhorizon.com\/index.php\/wp-json\/wp\/v2\/posts\/7327","targetHints":{"allow":["GET"]}}],"collection":[{"href":"https:\/\/www.reporterhorizon.com\/index.php\/wp-json\/wp\/v2\/posts"}],"about":[{"href":"https:\/\/www.reporterhorizon.com\/index.php\/wp-json\/wp\/v2\/types\/post"}],"author":[{"embeddable":true,"href":"https:\/\/www.reporterhorizon.com\/index.php\/wp-json\/wp\/v2\/users\/42"}],"replies":[{"embeddable":true,"href":"https:\/\/www.reporterhorizon.com\/index.php\/wp-json\/wp\/v2\/comments?post=7327"}],"version-history":[{"count":1,"href":"https:\/\/www.reporterhorizon.com\/index.php\/wp-json\/wp\/v2\/posts\/7327\/revisions"}],"predecessor-version":[{"id":7333,"href":"https:\/\/www.reporterhorizon.com\/index.php\/wp-json\/wp\/v2\/posts\/7327\/revisions\/7333"}],"wp:attachment":[{"href":"https:\/\/www.reporterhorizon.com\/index.php\/wp-json\/wp\/v2\/media?parent=7327"}],"wp:term":[{"taxonomy":"category","embeddable":true,"href":"https:\/\/www.reporterhorizon.com\/index.php\/wp-json\/wp\/v2\/categories?post=7327"},{"taxonomy":"post_tag","embeddable":true,"href":"https:\/\/www.reporterhorizon.com\/index.php\/wp-json\/wp\/v2\/tags?post=7327"}],"curies":[{"name":"wp","href":"https:\/\/api.w.org\/{rel}","templated":true}]}}