{"id":7318,"date":"2026-04-13T16:11:53","date_gmt":"2026-04-13T16:11:53","guid":{"rendered":"https:\/\/www.reporterhorizon.com\/?p=7318"},"modified":"2026-04-13T16:11:56","modified_gmt":"2026-04-13T16:11:56","slug":"culture-art-monde-quand-les-perles-deviennent-identite-un-jeune-artisan-transforme-les-noms-en-oeuvres-uniques","status":"publish","type":"post","link":"https:\/\/www.reporterhorizon.com\/index.php\/2026\/04\/13\/culture-art-monde-quand-les-perles-deviennent-identite-un-jeune-artisan-transforme-les-noms-en-oeuvres-uniques\/","title":{"rendered":"Culture \/ Art monde : quand les perles deviennent identit\u00e9, un jeune artisan transforme les noms en \u0153uvres uniques"},"content":{"rendered":"\n<figure class=\"wp-block-gallery has-nested-images columns-default is-cropped wp-block-gallery-1 is-layout-flex wp-block-gallery-is-layout-flex\">\n<figure class=\"wp-block-image size-large\"><img fetchpriority=\"high\" decoding=\"async\" width=\"1024\" height=\"1024\" data-id=\"7319\" src=\"https:\/\/www.reporterhorizon.com\/wp-content\/uploads\/2026\/04\/IMG_1059-1024x1024.jpeg\" alt=\"\" class=\"wp-image-7319\" srcset=\"https:\/\/www.reporterhorizon.com\/wp-content\/uploads\/2026\/04\/IMG_1059-1024x1024.jpeg 1024w, https:\/\/www.reporterhorizon.com\/wp-content\/uploads\/2026\/04\/IMG_1059-300x300.jpeg 300w, https:\/\/www.reporterhorizon.com\/wp-content\/uploads\/2026\/04\/IMG_1059-150x150.jpeg 150w, https:\/\/www.reporterhorizon.com\/wp-content\/uploads\/2026\/04\/IMG_1059-1536x1536.jpeg 1536w, https:\/\/www.reporterhorizon.com\/wp-content\/uploads\/2026\/04\/IMG_1059-2048x2048.jpeg 2048w, https:\/\/www.reporterhorizon.com\/wp-content\/uploads\/2026\/04\/IMG_1059-75x75.jpeg 75w, https:\/\/www.reporterhorizon.com\/wp-content\/uploads\/2026\/04\/IMG_1059-350x350.jpeg 350w\" sizes=\"(max-width: 1024px) 100vw, 1024px\" \/><\/figure>\n<\/figure>\n\n\n\n<p>En Guin\u00e9e, l\u2019artisanat conna\u00eet une nouvelle dynamique port\u00e9e par une jeunesse cr\u00e9ative et ambitieuse. Parmi ces talents, <a href=\"chatgpt:\/\/generic-entity?number=0\">Mamadou Bah<\/a>, un jeune entrepreneur d\u2019une trentaine d\u2019ann\u00e9es, redonne vie au bijou personnalis\u00e9 \u00e0 travers des cr\u00e9ations originales m\u00ealant perles et lettres. Bracelets, cha\u00eenes et bayas de hanche deviennent ainsi de v\u00e9ritables \u0153uvres d\u2019identit\u00e9, portant noms, messages et histoires personnelles.<\/p>\n\n\n\n<figure class=\"wp-block-gallery has-nested-images columns-default is-cropped wp-block-gallery-2 is-layout-flex wp-block-gallery-is-layout-flex\"><\/figure>\n\n\n\n<figure class=\"wp-block-image size-large\"><img decoding=\"async\" width=\"1024\" height=\"1024\" src=\"https:\/\/www.reporterhorizon.com\/wp-content\/uploads\/2026\/04\/image-1-1024x1024.jpg\" alt=\"\" class=\"wp-image-7325\" srcset=\"https:\/\/www.reporterhorizon.com\/wp-content\/uploads\/2026\/04\/image-1-1024x1024.jpg 1024w, https:\/\/www.reporterhorizon.com\/wp-content\/uploads\/2026\/04\/image-1-300x300.jpg 300w, https:\/\/www.reporterhorizon.com\/wp-content\/uploads\/2026\/04\/image-1-150x150.jpg 150w, https:\/\/www.reporterhorizon.com\/wp-content\/uploads\/2026\/04\/image-1-1536x1536.jpg 1536w, https:\/\/www.reporterhorizon.com\/wp-content\/uploads\/2026\/04\/image-1-2048x2048.jpg 2048w, https:\/\/www.reporterhorizon.com\/wp-content\/uploads\/2026\/04\/image-1-75x75.jpg 75w, https:\/\/www.reporterhorizon.com\/wp-content\/uploads\/2026\/04\/image-1-350x350.jpg 350w\" sizes=\"(max-width: 1024px) 100vw, 1024px\" \/><\/figure>\n\n\n\n<p>\u00c0 l\u2019origine de ce savoir-faire, une exp\u00e9rience acquise bien au-del\u00e0 des fronti\u00e8res guin\u00e9ennes. \u00ab \u00c7a vient de loin. Je suis n\u00e9 et j\u2019ai grandi en Gambie. Tout est parti d\u2019une id\u00e9e que j\u2019ai d\u00e9velopp\u00e9e d\u00e8s mon jeune \u00e2ge. \u00c0 mon arriv\u00e9e en Guin\u00e9e, j\u2019ai constat\u00e9 que ce que je faisais n\u2019existait pas ici. Je me suis lanc\u00e9, et depuis 2022, gr\u00e2ce \u00e0 mes publications sur les r\u00e9seaux sociaux, mon activit\u00e9 \u00e9volue \u00bb, explique-t-il.<\/p>\n\n\n\n<figure class=\"wp-block-gallery has-nested-images columns-default is-cropped wp-block-gallery-3 is-layout-flex wp-block-gallery-is-layout-flex\">\n<figure class=\"wp-block-image size-large\"><img decoding=\"async\" width=\"1024\" height=\"1024\" data-id=\"7321\" src=\"https:\/\/www.reporterhorizon.com\/wp-content\/uploads\/2026\/04\/IMG_1062-1024x1024.jpeg\" alt=\"\" class=\"wp-image-7321\" srcset=\"https:\/\/www.reporterhorizon.com\/wp-content\/uploads\/2026\/04\/IMG_1062-1024x1024.jpeg 1024w, https:\/\/www.reporterhorizon.com\/wp-content\/uploads\/2026\/04\/IMG_1062-300x300.jpeg 300w, https:\/\/www.reporterhorizon.com\/wp-content\/uploads\/2026\/04\/IMG_1062-150x150.jpeg 150w, https:\/\/www.reporterhorizon.com\/wp-content\/uploads\/2026\/04\/IMG_1062-1536x1536.jpeg 1536w, https:\/\/www.reporterhorizon.com\/wp-content\/uploads\/2026\/04\/IMG_1062-2048x2048.jpeg 2048w, https:\/\/www.reporterhorizon.com\/wp-content\/uploads\/2026\/04\/IMG_1062-75x75.jpeg 75w, https:\/\/www.reporterhorizon.com\/wp-content\/uploads\/2026\/04\/IMG_1062-350x350.jpeg 350w\" sizes=\"(max-width: 1024px) 100vw, 1024px\" \/><\/figure>\n<\/figure>\n\n\n\n<p>De retour \u00e0 <a href=\"chatgpt:\/\/generic-entity?number=1\">Conakry<\/a>, le jeune artisan d\u00e9cide de structurer son activit\u00e9. D\u2019abord sp\u00e9cialis\u00e9 dans les bracelets et cha\u00eenes, il \u00e9largit progressivement sa gamme avec la confection de bayas, associant perles et lettres pour cr\u00e9er des pi\u00e8ces uniques. \u00ab J\u2019ai commenc\u00e9 avec les bracelets et les cha\u00eenes, puis j\u2019ai r\u00e9fl\u00e9chi \u00e0 innover en introduisant les bayas personnalis\u00e9s. Cela marche bien \u00bb, confie-t-il.<\/p>\n\n\n\n<figure class=\"wp-block-gallery has-nested-images columns-default is-cropped wp-block-gallery-4 is-layout-flex wp-block-gallery-is-layout-flex\">\n<figure class=\"wp-block-image size-large\"><img loading=\"lazy\" decoding=\"async\" width=\"1024\" height=\"1024\" data-id=\"7322\" src=\"https:\/\/www.reporterhorizon.com\/wp-content\/uploads\/2026\/04\/IMG_1061-1024x1024.jpeg\" alt=\"\" class=\"wp-image-7322\" srcset=\"https:\/\/www.reporterhorizon.com\/wp-content\/uploads\/2026\/04\/IMG_1061-1024x1024.jpeg 1024w, https:\/\/www.reporterhorizon.com\/wp-content\/uploads\/2026\/04\/IMG_1061-300x300.jpeg 300w, https:\/\/www.reporterhorizon.com\/wp-content\/uploads\/2026\/04\/IMG_1061-150x150.jpeg 150w, https:\/\/www.reporterhorizon.com\/wp-content\/uploads\/2026\/04\/IMG_1061-1536x1536.jpeg 1536w, https:\/\/www.reporterhorizon.com\/wp-content\/uploads\/2026\/04\/IMG_1061-2048x2048.jpeg 2048w, https:\/\/www.reporterhorizon.com\/wp-content\/uploads\/2026\/04\/IMG_1061-75x75.jpeg 75w, https:\/\/www.reporterhorizon.com\/wp-content\/uploads\/2026\/04\/IMG_1061-350x350.jpeg 350w\" sizes=\"(max-width: 1024px) 100vw, 1024px\" \/><\/figure>\n<\/figure>\n\n\n\n<p>Responsable de sa structure, Gambie Bah Cr\u00e9ation, <a href=\"chatgpt:\/\/generic-entity?number=2\">Mamadou Bah<\/a> nourrit \u00e9galement des ambitions de transmission. Il envisage de lancer, dans les prochains mois, des sessions de formation destin\u00e9es aux jeunes, hommes comme femmes, afin de partager son savoir-faire et encourager l\u2019auto-emploi. \u00ab Je compte mettre en place une formation pour permettre aux jeunes de b\u00e9n\u00e9ficier de mon exp\u00e9rience \u00bb, annonce-t-il.<\/p>\n\n\n\n<figure class=\"wp-block-image size-large\"><img loading=\"lazy\" decoding=\"async\" width=\"1024\" height=\"1024\" src=\"https:\/\/www.reporterhorizon.com\/wp-content\/uploads\/2026\/04\/IMG_1060-1024x1024.jpeg\" alt=\"\" class=\"wp-image-7323\" srcset=\"https:\/\/www.reporterhorizon.com\/wp-content\/uploads\/2026\/04\/IMG_1060-1024x1024.jpeg 1024w, https:\/\/www.reporterhorizon.com\/wp-content\/uploads\/2026\/04\/IMG_1060-300x300.jpeg 300w, https:\/\/www.reporterhorizon.com\/wp-content\/uploads\/2026\/04\/IMG_1060-150x150.jpeg 150w, https:\/\/www.reporterhorizon.com\/wp-content\/uploads\/2026\/04\/IMG_1060-1536x1536.jpeg 1536w, https:\/\/www.reporterhorizon.com\/wp-content\/uploads\/2026\/04\/IMG_1060-2048x2048.jpeg 2048w, https:\/\/www.reporterhorizon.com\/wp-content\/uploads\/2026\/04\/IMG_1060-75x75.jpeg 75w, https:\/\/www.reporterhorizon.com\/wp-content\/uploads\/2026\/04\/IMG_1060-350x350.jpeg 350w\" sizes=\"(max-width: 1024px) 100vw, 1024px\" \/><\/figure>\n\n\n\n<p>Engag\u00e9, il adresse un message clair \u00e0 la jeunesse : \u00ab Il faut \u00e9viter les vices et se concentrer sur la cr\u00e9ation d\u2019activit\u00e9s. Moi, je me suis form\u00e9 tout seul. Aujourd\u2019hui, chacun peut apprendre et entreprendre \u00bb, insiste-t-il.<\/p>\n\n\n\n<p>Au-del\u00e0 de ses cr\u00e9ations, Mamadou Bah nourrit d\u2019autres projets entrepreneuriaux, preuve d\u2019une volont\u00e9 d\u2019aller encore plus loin dans l\u2019innovation et l\u2019ind\u00e9pendance \u00e9conomique.<\/p>\n\n\n\n<p>Dans un contexte o\u00f9 de nombreux jeunes guin\u00e9ens s\u2019orientent vers l\u2019entrepreneuriat  que ce soit dans la saponification, la p\u00e2tisserie ou encore l\u2019artisanat  ces initiatives soul\u00e8vent une question essentielle : l\u2019entrepreneuriat peut-il durablement contribuer \u00e0 r\u00e9duire le ch\u00f4mage en Guin\u00e9e ?<\/p>\n<script>function PlayerjsAsync(){} if(window[\"Playerjs\"]){PlayerjsAsync();}<\/script>","protected":false},"excerpt":{"rendered":"<p>En Guin\u00e9e, l\u2019artisanat conna\u00eet une nouvelle dynamique port\u00e9e par une jeunesse cr\u00e9ative et ambitieuse. Parmi ces talents, Mamadou Bah, un jeune entrepreneur d\u2019une trentaine d\u2019ann\u00e9es, redonne vie au bijou personnalis\u00e9 \u00e0 travers des cr\u00e9ations originales m\u00ealant perles et lettres. Bracelets, cha\u00eenes et bayas de hanche deviennent ainsi de v\u00e9ritables \u0153uvres d\u2019identit\u00e9, portant noms, messages et [&hellip;]<\/p>\n","protected":false},"author":42,"featured_media":0,"comment_status":"open","ping_status":"open","sticky":false,"template":"","format":"standard","meta":{"jnews-multi-image_gallery":[],"jnews_single_post":{"format":"standard"},"jnews_primary_category":[],"jnews_override_counter":[],"footnotes":""},"categories":[1],"tags":[],"class_list":["post-7318","post","type-post","status-publish","format-standard","hentry","category-non-classe"],"yoast_head":"<!-- This site is optimized with the Yoast SEO plugin v27.2 - https:\/\/yoast.com\/product\/yoast-seo-wordpress\/ -->\n<title>Culture \/ Art monde : quand les perles deviennent identit\u00e9, un jeune artisan transforme les noms en \u0153uvres uniques - Reporterhorizon<\/title>\n<meta name=\"robots\" content=\"index, follow, max-snippet:-1, max-image-preview:large, max-video-preview:-1\" \/>\n<link rel=\"canonical\" href=\"https:\/\/www.reporterhorizon.com\/index.php\/2026\/04\/13\/culture-art-monde-quand-les-perles-deviennent-identite-un-jeune-artisan-transforme-les-noms-en-oeuvres-uniques\/\" \/>\n<meta property=\"og:locale\" content=\"fr_FR\" \/>\n<meta property=\"og:type\" content=\"article\" \/>\n<meta property=\"og:title\" content=\"Culture \/ Art monde : quand les perles deviennent identit\u00e9, un jeune artisan transforme les noms en \u0153uvres uniques - Reporterhorizon\" \/>\n<meta property=\"og:description\" content=\"En Guin\u00e9e, l\u2019artisanat conna\u00eet une nouvelle dynamique port\u00e9e par une jeunesse cr\u00e9ative et ambitieuse. Parmi ces talents, Mamadou Bah, un jeune entrepreneur d\u2019une trentaine d\u2019ann\u00e9es, redonne vie au bijou personnalis\u00e9 \u00e0 travers des cr\u00e9ations originales m\u00ealant perles et lettres. Bracelets, cha\u00eenes et bayas de hanche deviennent ainsi de v\u00e9ritables \u0153uvres d\u2019identit\u00e9, portant noms, messages et [&hellip;]\" \/>\n<meta property=\"og:url\" content=\"https:\/\/www.reporterhorizon.com\/index.php\/2026\/04\/13\/culture-art-monde-quand-les-perles-deviennent-identite-un-jeune-artisan-transforme-les-noms-en-oeuvres-uniques\/\" \/>\n<meta property=\"og:site_name\" content=\"Reporterhorizon\" \/>\n<meta property=\"article:published_time\" content=\"2026-04-13T16:11:53+00:00\" \/>\n<meta property=\"article:modified_time\" content=\"2026-04-13T16:11:56+00:00\" \/>\n<meta property=\"og:image\" content=\"https:\/\/www.reporterhorizon.com\/wp-content\/uploads\/2026\/04\/IMG_1059-scaled.jpeg\" \/>\n\t<meta property=\"og:image:width\" content=\"2560\" \/>\n\t<meta property=\"og:image:height\" content=\"2560\" \/>\n\t<meta property=\"og:image:type\" content=\"image\/jpeg\" \/>\n<meta name=\"author\" content=\"Bamba\" \/>\n<meta name=\"twitter:card\" content=\"summary_large_image\" \/>\n<meta name=\"twitter:label1\" content=\"\u00c9crit par\" \/>\n\t<meta name=\"twitter:data1\" content=\"Bamba\" \/>\n\t<meta name=\"twitter:label2\" content=\"Dur\u00e9e de lecture estim\u00e9e\" \/>\n\t<meta name=\"twitter:data2\" content=\"3 minutes\" \/>\n<script type=\"application\/ld+json\" class=\"yoast-schema-graph\">{\"@context\":\"https:\/\/schema.org\",\"@graph\":[{\"@type\":\"Article\",\"@id\":\"https:\/\/www.reporterhorizon.com\/index.php\/2026\/04\/13\/culture-art-monde-quand-les-perles-deviennent-identite-un-jeune-artisan-transforme-les-noms-en-oeuvres-uniques\/#article\",\"isPartOf\":{\"@id\":\"https:\/\/www.reporterhorizon.com\/index.php\/2026\/04\/13\/culture-art-monde-quand-les-perles-deviennent-identite-un-jeune-artisan-transforme-les-noms-en-oeuvres-uniques\/\"},\"author\":{\"name\":\"Bamba\",\"@id\":\"https:\/\/www.reporterhorizon.com\/#\/schema\/person\/e54de2937f17a9c3e6a9db78e0dde802\"},\"headline\":\"Culture \/ Art monde : quand les perles deviennent identit\u00e9, un jeune artisan transforme les noms en \u0153uvres uniques\",\"datePublished\":\"2026-04-13T16:11:53+00:00\",\"dateModified\":\"2026-04-13T16:11:56+00:00\",\"mainEntityOfPage\":{\"@id\":\"https:\/\/www.reporterhorizon.com\/index.php\/2026\/04\/13\/culture-art-monde-quand-les-perles-deviennent-identite-un-jeune-artisan-transforme-les-noms-en-oeuvres-uniques\/\"},\"wordCount\":418,\"commentCount\":0,\"publisher\":{\"@id\":\"https:\/\/www.reporterhorizon.com\/#organization\"},\"image\":{\"@id\":\"https:\/\/www.reporterhorizon.com\/index.php\/2026\/04\/13\/culture-art-monde-quand-les-perles-deviennent-identite-un-jeune-artisan-transforme-les-noms-en-oeuvres-uniques\/#primaryimage\"},\"thumbnailUrl\":\"https:\/\/www.reporterhorizon.com\/wp-content\/uploads\/2026\/04\/IMG_1059-1024x1024.jpeg\",\"inLanguage\":\"fr-FR\",\"potentialAction\":[{\"@type\":\"CommentAction\",\"name\":\"Comment\",\"target\":[\"https:\/\/www.reporterhorizon.com\/index.php\/2026\/04\/13\/culture-art-monde-quand-les-perles-deviennent-identite-un-jeune-artisan-transforme-les-noms-en-oeuvres-uniques\/#respond\"]}]},{\"@type\":\"WebPage\",\"@id\":\"https:\/\/www.reporterhorizon.com\/index.php\/2026\/04\/13\/culture-art-monde-quand-les-perles-deviennent-identite-un-jeune-artisan-transforme-les-noms-en-oeuvres-uniques\/\",\"url\":\"https:\/\/www.reporterhorizon.com\/index.php\/2026\/04\/13\/culture-art-monde-quand-les-perles-deviennent-identite-un-jeune-artisan-transforme-les-noms-en-oeuvres-uniques\/\",\"name\":\"Culture \/ Art monde : quand les perles deviennent identit\u00e9, un jeune artisan transforme les noms en \u0153uvres uniques - Reporterhorizon\",\"isPartOf\":{\"@id\":\"https:\/\/www.reporterhorizon.com\/#website\"},\"primaryImageOfPage\":{\"@id\":\"https:\/\/www.reporterhorizon.com\/index.php\/2026\/04\/13\/culture-art-monde-quand-les-perles-deviennent-identite-un-jeune-artisan-transforme-les-noms-en-oeuvres-uniques\/#primaryimage\"},\"image\":{\"@id\":\"https:\/\/www.reporterhorizon.com\/index.php\/2026\/04\/13\/culture-art-monde-quand-les-perles-deviennent-identite-un-jeune-artisan-transforme-les-noms-en-oeuvres-uniques\/#primaryimage\"},\"thumbnailUrl\":\"https:\/\/www.reporterhorizon.com\/wp-content\/uploads\/2026\/04\/IMG_1059-1024x1024.jpeg\",\"datePublished\":\"2026-04-13T16:11:53+00:00\",\"dateModified\":\"2026-04-13T16:11:56+00:00\",\"breadcrumb\":{\"@id\":\"https:\/\/www.reporterhorizon.com\/index.php\/2026\/04\/13\/culture-art-monde-quand-les-perles-deviennent-identite-un-jeune-artisan-transforme-les-noms-en-oeuvres-uniques\/#breadcrumb\"},\"inLanguage\":\"fr-FR\",\"potentialAction\":[{\"@type\":\"ReadAction\",\"target\":[\"https:\/\/www.reporterhorizon.com\/index.php\/2026\/04\/13\/culture-art-monde-quand-les-perles-deviennent-identite-un-jeune-artisan-transforme-les-noms-en-oeuvres-uniques\/\"]}]},{\"@type\":\"ImageObject\",\"inLanguage\":\"fr-FR\",\"@id\":\"https:\/\/www.reporterhorizon.com\/index.php\/2026\/04\/13\/culture-art-monde-quand-les-perles-deviennent-identite-un-jeune-artisan-transforme-les-noms-en-oeuvres-uniques\/#primaryimage\",\"url\":\"https:\/\/www.reporterhorizon.com\/wp-content\/uploads\/2026\/04\/IMG_1059-scaled.jpeg\",\"contentUrl\":\"https:\/\/www.reporterhorizon.com\/wp-content\/uploads\/2026\/04\/IMG_1059-scaled.jpeg\",\"width\":2560,\"height\":2560},{\"@type\":\"BreadcrumbList\",\"@id\":\"https:\/\/www.reporterhorizon.com\/index.php\/2026\/04\/13\/culture-art-monde-quand-les-perles-deviennent-identite-un-jeune-artisan-transforme-les-noms-en-oeuvres-uniques\/#breadcrumb\",\"itemListElement\":[{\"@type\":\"ListItem\",\"position\":1,\"name\":\"Accueil\",\"item\":\"https:\/\/www.reporterhorizon.com\/\"},{\"@type\":\"ListItem\",\"position\":2,\"name\":\"Culture \/ Art monde : quand les perles deviennent identit\u00e9, un jeune artisan transforme les noms en \u0153uvres uniques\"}]},{\"@type\":\"WebSite\",\"@id\":\"https:\/\/www.reporterhorizon.com\/#website\",\"url\":\"https:\/\/www.reporterhorizon.com\/\",\"name\":\"Reporterhorizon\",\"description\":\"\",\"publisher\":{\"@id\":\"https:\/\/www.reporterhorizon.com\/#organization\"},\"potentialAction\":[{\"@type\":\"SearchAction\",\"target\":{\"@type\":\"EntryPoint\",\"urlTemplate\":\"https:\/\/www.reporterhorizon.com\/?s={search_term_string}\"},\"query-input\":{\"@type\":\"PropertyValueSpecification\",\"valueRequired\":true,\"valueName\":\"search_term_string\"}}],\"inLanguage\":\"fr-FR\"},{\"@type\":\"Organization\",\"@id\":\"https:\/\/www.reporterhorizon.com\/#organization\",\"name\":\"Reporterhorizon\",\"url\":\"https:\/\/www.reporterhorizon.com\/\",\"logo\":{\"@type\":\"ImageObject\",\"inLanguage\":\"fr-FR\",\"@id\":\"https:\/\/www.reporterhorizon.com\/#\/schema\/logo\/image\/\",\"url\":\"https:\/\/www.reporterhorizon.com\/wp-content\/uploads\/2025\/07\/LOGO-STUDIO.jpg\",\"contentUrl\":\"https:\/\/www.reporterhorizon.com\/wp-content\/uploads\/2025\/07\/LOGO-STUDIO.jpg\",\"width\":1960,\"height\":560,\"caption\":\"Reporterhorizon\"},\"image\":{\"@id\":\"https:\/\/www.reporterhorizon.com\/#\/schema\/logo\/image\/\"}},{\"@type\":\"Person\",\"@id\":\"https:\/\/www.reporterhorizon.com\/#\/schema\/person\/e54de2937f17a9c3e6a9db78e0dde802\",\"name\":\"Bamba\",\"image\":{\"@type\":\"ImageObject\",\"inLanguage\":\"fr-FR\",\"@id\":\"https:\/\/secure.gravatar.com\/avatar\/0721e5f51669073185223c713f504afe424081e2305d62bf510acd3af15b2469?s=96&d=mm&r=g\",\"url\":\"https:\/\/secure.gravatar.com\/avatar\/0721e5f51669073185223c713f504afe424081e2305d62bf510acd3af15b2469?s=96&d=mm&r=g\",\"contentUrl\":\"https:\/\/secure.gravatar.com\/avatar\/0721e5f51669073185223c713f504afe424081e2305d62bf510acd3af15b2469?s=96&d=mm&r=g\",\"caption\":\"Bamba\"},\"url\":\"https:\/\/www.reporterhorizon.com\/index.php\/author\/bamba\/\"}]}<\/script>\n<!-- \/ Yoast SEO plugin. -->","yoast_head_json":{"title":"Culture \/ Art monde : quand les perles deviennent identit\u00e9, un jeune artisan transforme les noms en \u0153uvres uniques - Reporterhorizon","robots":{"index":"index","follow":"follow","max-snippet":"max-snippet:-1","max-image-preview":"max-image-preview:large","max-video-preview":"max-video-preview:-1"},"canonical":"https:\/\/www.reporterhorizon.com\/index.php\/2026\/04\/13\/culture-art-monde-quand-les-perles-deviennent-identite-un-jeune-artisan-transforme-les-noms-en-oeuvres-uniques\/","og_locale":"fr_FR","og_type":"article","og_title":"Culture \/ Art monde : quand les perles deviennent identit\u00e9, un jeune artisan transforme les noms en \u0153uvres uniques - Reporterhorizon","og_description":"En Guin\u00e9e, l\u2019artisanat conna\u00eet une nouvelle dynamique port\u00e9e par une jeunesse cr\u00e9ative et ambitieuse. Parmi ces talents, Mamadou Bah, un jeune entrepreneur d\u2019une trentaine d\u2019ann\u00e9es, redonne vie au bijou personnalis\u00e9 \u00e0 travers des cr\u00e9ations originales m\u00ealant perles et lettres. Bracelets, cha\u00eenes et bayas de hanche deviennent ainsi de v\u00e9ritables \u0153uvres d\u2019identit\u00e9, portant noms, messages et [&hellip;]","og_url":"https:\/\/www.reporterhorizon.com\/index.php\/2026\/04\/13\/culture-art-monde-quand-les-perles-deviennent-identite-un-jeune-artisan-transforme-les-noms-en-oeuvres-uniques\/","og_site_name":"Reporterhorizon","article_published_time":"2026-04-13T16:11:53+00:00","article_modified_time":"2026-04-13T16:11:56+00:00","og_image":[{"width":2560,"height":2560,"url":"https:\/\/www.reporterhorizon.com\/wp-content\/uploads\/2026\/04\/IMG_1059-scaled.jpeg","type":"image\/jpeg"}],"author":"Bamba","twitter_card":"summary_large_image","twitter_misc":{"\u00c9crit par":"Bamba","Dur\u00e9e de lecture estim\u00e9e":"3 minutes"},"schema":{"@context":"https:\/\/schema.org","@graph":[{"@type":"Article","@id":"https:\/\/www.reporterhorizon.com\/index.php\/2026\/04\/13\/culture-art-monde-quand-les-perles-deviennent-identite-un-jeune-artisan-transforme-les-noms-en-oeuvres-uniques\/#article","isPartOf":{"@id":"https:\/\/www.reporterhorizon.com\/index.php\/2026\/04\/13\/culture-art-monde-quand-les-perles-deviennent-identite-un-jeune-artisan-transforme-les-noms-en-oeuvres-uniques\/"},"author":{"name":"Bamba","@id":"https:\/\/www.reporterhorizon.com\/#\/schema\/person\/e54de2937f17a9c3e6a9db78e0dde802"},"headline":"Culture \/ Art monde : quand les perles deviennent identit\u00e9, un jeune artisan transforme les noms en \u0153uvres uniques","datePublished":"2026-04-13T16:11:53+00:00","dateModified":"2026-04-13T16:11:56+00:00","mainEntityOfPage":{"@id":"https:\/\/www.reporterhorizon.com\/index.php\/2026\/04\/13\/culture-art-monde-quand-les-perles-deviennent-identite-un-jeune-artisan-transforme-les-noms-en-oeuvres-uniques\/"},"wordCount":418,"commentCount":0,"publisher":{"@id":"https:\/\/www.reporterhorizon.com\/#organization"},"image":{"@id":"https:\/\/www.reporterhorizon.com\/index.php\/2026\/04\/13\/culture-art-monde-quand-les-perles-deviennent-identite-un-jeune-artisan-transforme-les-noms-en-oeuvres-uniques\/#primaryimage"},"thumbnailUrl":"https:\/\/www.reporterhorizon.com\/wp-content\/uploads\/2026\/04\/IMG_1059-1024x1024.jpeg","inLanguage":"fr-FR","potentialAction":[{"@type":"CommentAction","name":"Comment","target":["https:\/\/www.reporterhorizon.com\/index.php\/2026\/04\/13\/culture-art-monde-quand-les-perles-deviennent-identite-un-jeune-artisan-transforme-les-noms-en-oeuvres-uniques\/#respond"]}]},{"@type":"WebPage","@id":"https:\/\/www.reporterhorizon.com\/index.php\/2026\/04\/13\/culture-art-monde-quand-les-perles-deviennent-identite-un-jeune-artisan-transforme-les-noms-en-oeuvres-uniques\/","url":"https:\/\/www.reporterhorizon.com\/index.php\/2026\/04\/13\/culture-art-monde-quand-les-perles-deviennent-identite-un-jeune-artisan-transforme-les-noms-en-oeuvres-uniques\/","name":"Culture \/ Art monde : quand les perles deviennent identit\u00e9, un jeune artisan transforme les noms en \u0153uvres uniques - Reporterhorizon","isPartOf":{"@id":"https:\/\/www.reporterhorizon.com\/#website"},"primaryImageOfPage":{"@id":"https:\/\/www.reporterhorizon.com\/index.php\/2026\/04\/13\/culture-art-monde-quand-les-perles-deviennent-identite-un-jeune-artisan-transforme-les-noms-en-oeuvres-uniques\/#primaryimage"},"image":{"@id":"https:\/\/www.reporterhorizon.com\/index.php\/2026\/04\/13\/culture-art-monde-quand-les-perles-deviennent-identite-un-jeune-artisan-transforme-les-noms-en-oeuvres-uniques\/#primaryimage"},"thumbnailUrl":"https:\/\/www.reporterhorizon.com\/wp-content\/uploads\/2026\/04\/IMG_1059-1024x1024.jpeg","datePublished":"2026-04-13T16:11:53+00:00","dateModified":"2026-04-13T16:11:56+00:00","breadcrumb":{"@id":"https:\/\/www.reporterhorizon.com\/index.php\/2026\/04\/13\/culture-art-monde-quand-les-perles-deviennent-identite-un-jeune-artisan-transforme-les-noms-en-oeuvres-uniques\/#breadcrumb"},"inLanguage":"fr-FR","potentialAction":[{"@type":"ReadAction","target":["https:\/\/www.reporterhorizon.com\/index.php\/2026\/04\/13\/culture-art-monde-quand-les-perles-deviennent-identite-un-jeune-artisan-transforme-les-noms-en-oeuvres-uniques\/"]}]},{"@type":"ImageObject","inLanguage":"fr-FR","@id":"https:\/\/www.reporterhorizon.com\/index.php\/2026\/04\/13\/culture-art-monde-quand-les-perles-deviennent-identite-un-jeune-artisan-transforme-les-noms-en-oeuvres-uniques\/#primaryimage","url":"https:\/\/www.reporterhorizon.com\/wp-content\/uploads\/2026\/04\/IMG_1059-scaled.jpeg","contentUrl":"https:\/\/www.reporterhorizon.com\/wp-content\/uploads\/2026\/04\/IMG_1059-scaled.jpeg","width":2560,"height":2560},{"@type":"BreadcrumbList","@id":"https:\/\/www.reporterhorizon.com\/index.php\/2026\/04\/13\/culture-art-monde-quand-les-perles-deviennent-identite-un-jeune-artisan-transforme-les-noms-en-oeuvres-uniques\/#breadcrumb","itemListElement":[{"@type":"ListItem","position":1,"name":"Accueil","item":"https:\/\/www.reporterhorizon.com\/"},{"@type":"ListItem","position":2,"name":"Culture \/ Art monde : quand les perles deviennent identit\u00e9, un jeune artisan transforme les noms en \u0153uvres uniques"}]},{"@type":"WebSite","@id":"https:\/\/www.reporterhorizon.com\/#website","url":"https:\/\/www.reporterhorizon.com\/","name":"Reporterhorizon","description":"","publisher":{"@id":"https:\/\/www.reporterhorizon.com\/#organization"},"potentialAction":[{"@type":"SearchAction","target":{"@type":"EntryPoint","urlTemplate":"https:\/\/www.reporterhorizon.com\/?s={search_term_string}"},"query-input":{"@type":"PropertyValueSpecification","valueRequired":true,"valueName":"search_term_string"}}],"inLanguage":"fr-FR"},{"@type":"Organization","@id":"https:\/\/www.reporterhorizon.com\/#organization","name":"Reporterhorizon","url":"https:\/\/www.reporterhorizon.com\/","logo":{"@type":"ImageObject","inLanguage":"fr-FR","@id":"https:\/\/www.reporterhorizon.com\/#\/schema\/logo\/image\/","url":"https:\/\/www.reporterhorizon.com\/wp-content\/uploads\/2025\/07\/LOGO-STUDIO.jpg","contentUrl":"https:\/\/www.reporterhorizon.com\/wp-content\/uploads\/2025\/07\/LOGO-STUDIO.jpg","width":1960,"height":560,"caption":"Reporterhorizon"},"image":{"@id":"https:\/\/www.reporterhorizon.com\/#\/schema\/logo\/image\/"}},{"@type":"Person","@id":"https:\/\/www.reporterhorizon.com\/#\/schema\/person\/e54de2937f17a9c3e6a9db78e0dde802","name":"Bamba","image":{"@type":"ImageObject","inLanguage":"fr-FR","@id":"https:\/\/secure.gravatar.com\/avatar\/0721e5f51669073185223c713f504afe424081e2305d62bf510acd3af15b2469?s=96&d=mm&r=g","url":"https:\/\/secure.gravatar.com\/avatar\/0721e5f51669073185223c713f504afe424081e2305d62bf510acd3af15b2469?s=96&d=mm&r=g","contentUrl":"https:\/\/secure.gravatar.com\/avatar\/0721e5f51669073185223c713f504afe424081e2305d62bf510acd3af15b2469?s=96&d=mm&r=g","caption":"Bamba"},"url":"https:\/\/www.reporterhorizon.com\/index.php\/author\/bamba\/"}]}},"_links":{"self":[{"href":"https:\/\/www.reporterhorizon.com\/index.php\/wp-json\/wp\/v2\/posts\/7318","targetHints":{"allow":["GET"]}}],"collection":[{"href":"https:\/\/www.reporterhorizon.com\/index.php\/wp-json\/wp\/v2\/posts"}],"about":[{"href":"https:\/\/www.reporterhorizon.com\/index.php\/wp-json\/wp\/v2\/types\/post"}],"author":[{"embeddable":true,"href":"https:\/\/www.reporterhorizon.com\/index.php\/wp-json\/wp\/v2\/users\/42"}],"replies":[{"embeddable":true,"href":"https:\/\/www.reporterhorizon.com\/index.php\/wp-json\/wp\/v2\/comments?post=7318"}],"version-history":[{"count":1,"href":"https:\/\/www.reporterhorizon.com\/index.php\/wp-json\/wp\/v2\/posts\/7318\/revisions"}],"predecessor-version":[{"id":7326,"href":"https:\/\/www.reporterhorizon.com\/index.php\/wp-json\/wp\/v2\/posts\/7318\/revisions\/7326"}],"wp:attachment":[{"href":"https:\/\/www.reporterhorizon.com\/index.php\/wp-json\/wp\/v2\/media?parent=7318"}],"wp:term":[{"taxonomy":"category","embeddable":true,"href":"https:\/\/www.reporterhorizon.com\/index.php\/wp-json\/wp\/v2\/categories?post=7318"},{"taxonomy":"post_tag","embeddable":true,"href":"https:\/\/www.reporterhorizon.com\/index.php\/wp-json\/wp\/v2\/tags?post=7318"}],"curies":[{"name":"wp","href":"https:\/\/api.w.org\/{rel}","templated":true}]}}