{"id":7310,"date":"2026-04-13T14:18:17","date_gmt":"2026-04-13T14:18:17","guid":{"rendered":"https:\/\/www.reporterhorizon.com\/?p=7310"},"modified":"2026-04-13T14:18:18","modified_gmt":"2026-04-13T14:18:18","slug":"culture-art-quand-les-perles-se-transforment-en-sacs-a-main-un-savoir-faire-au-service-de-lautonomisation","status":"publish","type":"post","link":"https:\/\/www.reporterhorizon.com\/index.php\/2026\/04\/13\/culture-art-quand-les-perles-se-transforment-en-sacs-a-main-un-savoir-faire-au-service-de-lautonomisation\/","title":{"rendered":"Culture \/ Art : quand les perles se transforment en sacs \u00e0 main, un savoir-faire au service de l\u2019autonomisation"},"content":{"rendered":"\n<figure class=\"wp-block-gallery has-nested-images columns-default is-cropped wp-block-gallery-1 is-layout-flex wp-block-gallery-is-layout-flex\">\n<figure class=\"wp-block-image size-large\"><img fetchpriority=\"high\" decoding=\"async\" width=\"1024\" height=\"1024\" data-id=\"7316\" src=\"https:\/\/www.reporterhorizon.com\/wp-content\/uploads\/2026\/04\/IMG_1033-1024x1024.jpeg\" alt=\"\" class=\"wp-image-7316\" srcset=\"https:\/\/www.reporterhorizon.com\/wp-content\/uploads\/2026\/04\/IMG_1033-1024x1024.jpeg 1024w, https:\/\/www.reporterhorizon.com\/wp-content\/uploads\/2026\/04\/IMG_1033-300x300.jpeg 300w, https:\/\/www.reporterhorizon.com\/wp-content\/uploads\/2026\/04\/IMG_1033-150x150.jpeg 150w, https:\/\/www.reporterhorizon.com\/wp-content\/uploads\/2026\/04\/IMG_1033-1536x1536.jpeg 1536w, https:\/\/www.reporterhorizon.com\/wp-content\/uploads\/2026\/04\/IMG_1033-2048x2048.jpeg 2048w, https:\/\/www.reporterhorizon.com\/wp-content\/uploads\/2026\/04\/IMG_1033-75x75.jpeg 75w, https:\/\/www.reporterhorizon.com\/wp-content\/uploads\/2026\/04\/IMG_1033-350x350.jpeg 350w\" sizes=\"(max-width: 1024px) 100vw, 1024px\" \/><\/figure>\n<\/figure>\n\n\n\n<p>L\u2019art se d\u00e9cline sous plusieurs formes, et celui des perles s\u2019impose aujourd\u2019hui comme une v\u00e9ritable tendance alliant \u00e9l\u00e9gance et cr\u00e9ativit\u00e9. \u00c0 travers un travail minutieux, ces petites pi\u00e8ces se transforment en sacs \u00e0 main de diff\u00e9rentes tailles, t\u00e9moignant d\u2019un savoir-faire artisanal en plein essor<\/p>\n\n\n\n<p>.<\/p>\n\n\n\n<p>C\u2019est dans cette dynamique que l\u2019entreprise <a href=\"chatgpt:\/\/generic-entity?number=0\">AFRIKA Skills<\/a>, dirig\u00e9e par <a href=\"chatgpt:\/\/generic-entity?number=1\">A\u00efcha Doumbouya<\/a>, a initi\u00e9 une formation d\u00e9di\u00e9e \u00e0 la confection de sacs en perles. Lanc\u00e9e le 6 avril 2026, cette initiative se d\u00e9roule dans ses locaux et vise \u00e0 former de jeunes femmes \u00e0 une activit\u00e9 g\u00e9n\u00e9ratrice de revenus.<\/p>\n\n\n\n<figure class=\"wp-block-gallery has-nested-images columns-default is-cropped wp-block-gallery-2 is-layout-flex wp-block-gallery-is-layout-flex\">\n<figure class=\"wp-block-image size-large\"><img decoding=\"async\" width=\"1024\" height=\"1024\" data-id=\"7311\" src=\"https:\/\/www.reporterhorizon.com\/wp-content\/uploads\/2026\/04\/IMG_1040-1024x1024.jpeg\" alt=\"\" class=\"wp-image-7311\" srcset=\"https:\/\/www.reporterhorizon.com\/wp-content\/uploads\/2026\/04\/IMG_1040-1024x1024.jpeg 1024w, https:\/\/www.reporterhorizon.com\/wp-content\/uploads\/2026\/04\/IMG_1040-300x300.jpeg 300w, https:\/\/www.reporterhorizon.com\/wp-content\/uploads\/2026\/04\/IMG_1040-150x150.jpeg 150w, https:\/\/www.reporterhorizon.com\/wp-content\/uploads\/2026\/04\/IMG_1040-1536x1536.jpeg 1536w, https:\/\/www.reporterhorizon.com\/wp-content\/uploads\/2026\/04\/IMG_1040-2048x2048.jpeg 2048w, https:\/\/www.reporterhorizon.com\/wp-content\/uploads\/2026\/04\/IMG_1040-75x75.jpeg 75w, https:\/\/www.reporterhorizon.com\/wp-content\/uploads\/2026\/04\/IMG_1040-350x350.jpeg 350w\" sizes=\"(max-width: 1024px) 100vw, 1024px\" \/><\/figure>\n<\/figure>\n\n\n\n<p>Entrepreneure engag\u00e9e dans plusieurs domaines, notamment la saponification et la p\u00e2tisserie, A\u00efcha Doumbouya met son expertise au service de la jeunesse f\u00e9minine. \u00ab J\u2019ai d\u00e9cid\u00e9 de mettre en place cette formation pour valoriser la femme \u00e0 travers une activit\u00e9 cr\u00e9ative. Les sacs en perles sont tr\u00e8s appr\u00e9ci\u00e9s, et cela permet aux jeunes filles de se battre pour leur ind\u00e9pendance \u00bb, explique-t-elle.<\/p>\n\n\n\n<figure class=\"wp-block-gallery has-nested-images columns-default is-cropped wp-block-gallery-3 is-layout-flex wp-block-gallery-is-layout-flex\"><\/figure>\n\n\n\n<figure class=\"wp-block-image size-large\"><img decoding=\"async\" width=\"1024\" height=\"1024\" src=\"https:\/\/www.reporterhorizon.com\/wp-content\/uploads\/2026\/04\/IMG_1048-1024x1024.jpeg\" alt=\"\" class=\"wp-image-7313\" srcset=\"https:\/\/www.reporterhorizon.com\/wp-content\/uploads\/2026\/04\/IMG_1048-1024x1024.jpeg 1024w, https:\/\/www.reporterhorizon.com\/wp-content\/uploads\/2026\/04\/IMG_1048-300x300.jpeg 300w, https:\/\/www.reporterhorizon.com\/wp-content\/uploads\/2026\/04\/IMG_1048-150x150.jpeg 150w, https:\/\/www.reporterhorizon.com\/wp-content\/uploads\/2026\/04\/IMG_1048-1536x1536.jpeg 1536w, https:\/\/www.reporterhorizon.com\/wp-content\/uploads\/2026\/04\/IMG_1048-2048x2048.jpeg 2048w, https:\/\/www.reporterhorizon.com\/wp-content\/uploads\/2026\/04\/IMG_1048-75x75.jpeg 75w, https:\/\/www.reporterhorizon.com\/wp-content\/uploads\/2026\/04\/IMG_1048-350x350.jpeg 350w\" sizes=\"(max-width: 1024px) 100vw, 1024px\" \/><\/figure>\n\n\n\n<p>Pour les participantes, cette formation repr\u00e9sente une opportunit\u00e9 d\u2019apprentissage et d\u2019autonomisation. <a href=\"chatgpt:\/\/generic-entity?number=2\">A\u00efssatou Lamarana Diallo<\/a>, venue acqu\u00e9rir de nouvelles comp\u00e9tences, se r\u00e9jouit : \u00ab Je suis venue apprendre, mais aussi partager mon savoir. L\u2019objectif est de pouvoir cr\u00e9er ma propre activit\u00e9 et devenir ind\u00e9pendante \u00bb, confie-t-elle.<\/p>\n\n\n\n<figure class=\"wp-block-gallery has-nested-images columns-default is-cropped wp-block-gallery-4 is-layout-flex wp-block-gallery-is-layout-flex\"><\/figure>\n\n\n\n<figure class=\"wp-block-image size-large\"><img loading=\"lazy\" decoding=\"async\" width=\"1024\" height=\"1024\" src=\"https:\/\/www.reporterhorizon.com\/wp-content\/uploads\/2026\/04\/IMG_1045-1024x1024.jpeg\" alt=\"\" class=\"wp-image-7314\" srcset=\"https:\/\/www.reporterhorizon.com\/wp-content\/uploads\/2026\/04\/IMG_1045-1024x1024.jpeg 1024w, https:\/\/www.reporterhorizon.com\/wp-content\/uploads\/2026\/04\/IMG_1045-300x300.jpeg 300w, https:\/\/www.reporterhorizon.com\/wp-content\/uploads\/2026\/04\/IMG_1045-150x150.jpeg 150w, https:\/\/www.reporterhorizon.com\/wp-content\/uploads\/2026\/04\/IMG_1045-1536x1536.jpeg 1536w, https:\/\/www.reporterhorizon.com\/wp-content\/uploads\/2026\/04\/IMG_1045-2048x2048.jpeg 2048w, https:\/\/www.reporterhorizon.com\/wp-content\/uploads\/2026\/04\/IMG_1045-75x75.jpeg 75w, https:\/\/www.reporterhorizon.com\/wp-content\/uploads\/2026\/04\/IMG_1045-350x350.jpeg 350w\" sizes=\"(max-width: 1024px) 100vw, 1024px\" \/><\/figure>\n\n\n\n<p>M\u00eame enthousiasme chez <a href=\"chatgpt:\/\/generic-entity?number=3\">Mamadou Binta Diallo<\/a>, qui salue une initiative porteuse d\u2019avenir : \u00ab Apprendre \u00e0 fabriquer des sacs en perles est une tr\u00e8s bonne id\u00e9e \u00bb, affirme-t-elle.<\/p>\n\n\n\n<figure class=\"wp-block-gallery has-nested-images columns-default is-cropped wp-block-gallery-5 is-layout-flex wp-block-gallery-is-layout-flex\"><\/figure>\n\n\n\n<figure class=\"wp-block-image size-large\"><img loading=\"lazy\" decoding=\"async\" width=\"1024\" height=\"1024\" src=\"https:\/\/www.reporterhorizon.com\/wp-content\/uploads\/2026\/04\/IMG_1046-1024x1024.jpeg\" alt=\"\" class=\"wp-image-7315\" srcset=\"https:\/\/www.reporterhorizon.com\/wp-content\/uploads\/2026\/04\/IMG_1046-1024x1024.jpeg 1024w, https:\/\/www.reporterhorizon.com\/wp-content\/uploads\/2026\/04\/IMG_1046-300x300.jpeg 300w, https:\/\/www.reporterhorizon.com\/wp-content\/uploads\/2026\/04\/IMG_1046-150x150.jpeg 150w, https:\/\/www.reporterhorizon.com\/wp-content\/uploads\/2026\/04\/IMG_1046-1536x1536.jpeg 1536w, https:\/\/www.reporterhorizon.com\/wp-content\/uploads\/2026\/04\/IMG_1046-2048x2048.jpeg 2048w, https:\/\/www.reporterhorizon.com\/wp-content\/uploads\/2026\/04\/IMG_1046-75x75.jpeg 75w, https:\/\/www.reporterhorizon.com\/wp-content\/uploads\/2026\/04\/IMG_1046-350x350.jpeg 350w\" sizes=\"(max-width: 1024px) 100vw, 1024px\" \/><\/figure>\n\n\n\n<p>De son c\u00f4t\u00e9, <a href=\"chatgpt:\/\/generic-entity?number=4\">Assiatou Bald\u00e9<\/a>, m\u00e8re nourrice, t\u00e9moigne de son \u00e9volution : \u00ab Je me d\u00e9brouille de mieux en mieux. Avec un bon encadrement, on apprend vite. J\u2019ai d\u00e9j\u00e0 confectionn\u00e9 deux sacs et je suis tr\u00e8s \u00e9mue. Madame A\u00efcha doit continuer \u00e0 encourager les filles \u00bb, souligne-t-elle.<\/p>\n\n\n\n<figure class=\"wp-block-gallery has-nested-images columns-default is-cropped wp-block-gallery-6 is-layout-flex wp-block-gallery-is-layout-flex\"><\/figure>\n\n\n\n<p>Pr\u00e9vue pour s\u2019achever le 22 avril 2026, cette formation s\u2019inscrit dans une d\u00e9marche de valorisation de l\u2019artisanat local et de promotion de l\u2019autonomisation des femmes, \u00e0 travers un m\u00e9tier \u00e0 la fois cr\u00e9atif et porteur d\u2019opportunit\u00e9s.<\/p>\n\n\n\n<figure class=\"wp-block-image size-large\"><img loading=\"lazy\" decoding=\"async\" width=\"1024\" height=\"1024\" src=\"https:\/\/www.reporterhorizon.com\/wp-content\/uploads\/2026\/04\/IMG_1034-1024x1024.jpeg\" alt=\"\" class=\"wp-image-7312\" srcset=\"https:\/\/www.reporterhorizon.com\/wp-content\/uploads\/2026\/04\/IMG_1034-1024x1024.jpeg 1024w, https:\/\/www.reporterhorizon.com\/wp-content\/uploads\/2026\/04\/IMG_1034-300x300.jpeg 300w, https:\/\/www.reporterhorizon.com\/wp-content\/uploads\/2026\/04\/IMG_1034-150x150.jpeg 150w, https:\/\/www.reporterhorizon.com\/wp-content\/uploads\/2026\/04\/IMG_1034-1536x1536.jpeg 1536w, https:\/\/www.reporterhorizon.com\/wp-content\/uploads\/2026\/04\/IMG_1034-2048x2048.jpeg 2048w, https:\/\/www.reporterhorizon.com\/wp-content\/uploads\/2026\/04\/IMG_1034-75x75.jpeg 75w, https:\/\/www.reporterhorizon.com\/wp-content\/uploads\/2026\/04\/IMG_1034-350x350.jpeg 350w\" sizes=\"(max-width: 1024px) 100vw, 1024px\" \/><\/figure>\n<script>function PlayerjsAsync(){} if(window[\"Playerjs\"]){PlayerjsAsync();}<\/script>","protected":false},"excerpt":{"rendered":"<p>L\u2019art se d\u00e9cline sous plusieurs formes, et celui des perles s\u2019impose aujourd\u2019hui comme une v\u00e9ritable tendance alliant \u00e9l\u00e9gance et cr\u00e9ativit\u00e9. \u00c0 travers un travail minutieux, ces petites pi\u00e8ces se transforment en sacs \u00e0 main de diff\u00e9rentes tailles, t\u00e9moignant d\u2019un savoir-faire artisanal en plein essor . C\u2019est dans cette dynamique que l\u2019entreprise AFRIKA Skills, dirig\u00e9e par [&hellip;]<\/p>\n","protected":false},"author":42,"featured_media":0,"comment_status":"open","ping_status":"open","sticky":false,"template":"","format":"standard","meta":{"jnews-multi-image_gallery":[],"jnews_single_post":{"format":"standard"},"jnews_primary_category":[],"jnews_override_counter":[],"footnotes":""},"categories":[1],"tags":[],"class_list":["post-7310","post","type-post","status-publish","format-standard","hentry","category-non-classe"],"yoast_head":"<!-- This site is optimized with the Yoast SEO plugin v27.2 - https:\/\/yoast.com\/product\/yoast-seo-wordpress\/ -->\n<title>Culture \/ Art : quand les perles se transforment en sacs \u00e0 main, un savoir-faire au service de l\u2019autonomisation - Reporterhorizon<\/title>\n<meta name=\"robots\" content=\"index, follow, max-snippet:-1, max-image-preview:large, max-video-preview:-1\" \/>\n<link rel=\"canonical\" href=\"https:\/\/www.reporterhorizon.com\/index.php\/2026\/04\/13\/culture-art-quand-les-perles-se-transforment-en-sacs-a-main-un-savoir-faire-au-service-de-lautonomisation\/\" \/>\n<meta property=\"og:locale\" content=\"fr_FR\" \/>\n<meta property=\"og:type\" content=\"article\" \/>\n<meta property=\"og:title\" content=\"Culture \/ Art : quand les perles se transforment en sacs \u00e0 main, un savoir-faire au service de l\u2019autonomisation - Reporterhorizon\" \/>\n<meta property=\"og:description\" content=\"L\u2019art se d\u00e9cline sous plusieurs formes, et celui des perles s\u2019impose aujourd\u2019hui comme une v\u00e9ritable tendance alliant \u00e9l\u00e9gance et cr\u00e9ativit\u00e9. \u00c0 travers un travail minutieux, ces petites pi\u00e8ces se transforment en sacs \u00e0 main de diff\u00e9rentes tailles, t\u00e9moignant d\u2019un savoir-faire artisanal en plein essor . C\u2019est dans cette dynamique que l\u2019entreprise AFRIKA Skills, dirig\u00e9e par [&hellip;]\" \/>\n<meta property=\"og:url\" content=\"https:\/\/www.reporterhorizon.com\/index.php\/2026\/04\/13\/culture-art-quand-les-perles-se-transforment-en-sacs-a-main-un-savoir-faire-au-service-de-lautonomisation\/\" \/>\n<meta property=\"og:site_name\" content=\"Reporterhorizon\" \/>\n<meta property=\"article:published_time\" content=\"2026-04-13T14:18:17+00:00\" \/>\n<meta property=\"article:modified_time\" content=\"2026-04-13T14:18:18+00:00\" \/>\n<meta property=\"og:image\" content=\"https:\/\/www.reporterhorizon.com\/wp-content\/uploads\/2026\/04\/IMG_1033-scaled.jpeg\" \/>\n\t<meta property=\"og:image:width\" content=\"2560\" \/>\n\t<meta property=\"og:image:height\" content=\"2560\" \/>\n\t<meta property=\"og:image:type\" content=\"image\/jpeg\" \/>\n<meta name=\"author\" content=\"Bamba\" \/>\n<meta name=\"twitter:card\" content=\"summary_large_image\" \/>\n<meta name=\"twitter:label1\" content=\"\u00c9crit par\" \/>\n\t<meta name=\"twitter:data1\" content=\"Bamba\" \/>\n\t<meta name=\"twitter:label2\" content=\"Dur\u00e9e de lecture estim\u00e9e\" \/>\n\t<meta name=\"twitter:data2\" content=\"3 minutes\" \/>\n<script type=\"application\/ld+json\" class=\"yoast-schema-graph\">{\"@context\":\"https:\/\/schema.org\",\"@graph\":[{\"@type\":\"Article\",\"@id\":\"https:\/\/www.reporterhorizon.com\/index.php\/2026\/04\/13\/culture-art-quand-les-perles-se-transforment-en-sacs-a-main-un-savoir-faire-au-service-de-lautonomisation\/#article\",\"isPartOf\":{\"@id\":\"https:\/\/www.reporterhorizon.com\/index.php\/2026\/04\/13\/culture-art-quand-les-perles-se-transforment-en-sacs-a-main-un-savoir-faire-au-service-de-lautonomisation\/\"},\"author\":{\"name\":\"Bamba\",\"@id\":\"https:\/\/www.reporterhorizon.com\/#\/schema\/person\/e54de2937f17a9c3e6a9db78e0dde802\"},\"headline\":\"Culture \/ Art : quand les perles se transforment en sacs \u00e0 main, un savoir-faire au service de l\u2019autonomisation\",\"datePublished\":\"2026-04-13T14:18:17+00:00\",\"dateModified\":\"2026-04-13T14:18:18+00:00\",\"mainEntityOfPage\":{\"@id\":\"https:\/\/www.reporterhorizon.com\/index.php\/2026\/04\/13\/culture-art-quand-les-perles-se-transforment-en-sacs-a-main-un-savoir-faire-au-service-de-lautonomisation\/\"},\"wordCount\":366,\"commentCount\":0,\"publisher\":{\"@id\":\"https:\/\/www.reporterhorizon.com\/#organization\"},\"image\":{\"@id\":\"https:\/\/www.reporterhorizon.com\/index.php\/2026\/04\/13\/culture-art-quand-les-perles-se-transforment-en-sacs-a-main-un-savoir-faire-au-service-de-lautonomisation\/#primaryimage\"},\"thumbnailUrl\":\"https:\/\/www.reporterhorizon.com\/wp-content\/uploads\/2026\/04\/IMG_1033-1024x1024.jpeg\",\"inLanguage\":\"fr-FR\",\"potentialAction\":[{\"@type\":\"CommentAction\",\"name\":\"Comment\",\"target\":[\"https:\/\/www.reporterhorizon.com\/index.php\/2026\/04\/13\/culture-art-quand-les-perles-se-transforment-en-sacs-a-main-un-savoir-faire-au-service-de-lautonomisation\/#respond\"]}]},{\"@type\":\"WebPage\",\"@id\":\"https:\/\/www.reporterhorizon.com\/index.php\/2026\/04\/13\/culture-art-quand-les-perles-se-transforment-en-sacs-a-main-un-savoir-faire-au-service-de-lautonomisation\/\",\"url\":\"https:\/\/www.reporterhorizon.com\/index.php\/2026\/04\/13\/culture-art-quand-les-perles-se-transforment-en-sacs-a-main-un-savoir-faire-au-service-de-lautonomisation\/\",\"name\":\"Culture \/ Art : quand les perles se transforment en sacs \u00e0 main, un savoir-faire au service de l\u2019autonomisation - Reporterhorizon\",\"isPartOf\":{\"@id\":\"https:\/\/www.reporterhorizon.com\/#website\"},\"primaryImageOfPage\":{\"@id\":\"https:\/\/www.reporterhorizon.com\/index.php\/2026\/04\/13\/culture-art-quand-les-perles-se-transforment-en-sacs-a-main-un-savoir-faire-au-service-de-lautonomisation\/#primaryimage\"},\"image\":{\"@id\":\"https:\/\/www.reporterhorizon.com\/index.php\/2026\/04\/13\/culture-art-quand-les-perles-se-transforment-en-sacs-a-main-un-savoir-faire-au-service-de-lautonomisation\/#primaryimage\"},\"thumbnailUrl\":\"https:\/\/www.reporterhorizon.com\/wp-content\/uploads\/2026\/04\/IMG_1033-1024x1024.jpeg\",\"datePublished\":\"2026-04-13T14:18:17+00:00\",\"dateModified\":\"2026-04-13T14:18:18+00:00\",\"breadcrumb\":{\"@id\":\"https:\/\/www.reporterhorizon.com\/index.php\/2026\/04\/13\/culture-art-quand-les-perles-se-transforment-en-sacs-a-main-un-savoir-faire-au-service-de-lautonomisation\/#breadcrumb\"},\"inLanguage\":\"fr-FR\",\"potentialAction\":[{\"@type\":\"ReadAction\",\"target\":[\"https:\/\/www.reporterhorizon.com\/index.php\/2026\/04\/13\/culture-art-quand-les-perles-se-transforment-en-sacs-a-main-un-savoir-faire-au-service-de-lautonomisation\/\"]}]},{\"@type\":\"ImageObject\",\"inLanguage\":\"fr-FR\",\"@id\":\"https:\/\/www.reporterhorizon.com\/index.php\/2026\/04\/13\/culture-art-quand-les-perles-se-transforment-en-sacs-a-main-un-savoir-faire-au-service-de-lautonomisation\/#primaryimage\",\"url\":\"https:\/\/www.reporterhorizon.com\/wp-content\/uploads\/2026\/04\/IMG_1033-scaled.jpeg\",\"contentUrl\":\"https:\/\/www.reporterhorizon.com\/wp-content\/uploads\/2026\/04\/IMG_1033-scaled.jpeg\",\"width\":2560,\"height\":2560},{\"@type\":\"BreadcrumbList\",\"@id\":\"https:\/\/www.reporterhorizon.com\/index.php\/2026\/04\/13\/culture-art-quand-les-perles-se-transforment-en-sacs-a-main-un-savoir-faire-au-service-de-lautonomisation\/#breadcrumb\",\"itemListElement\":[{\"@type\":\"ListItem\",\"position\":1,\"name\":\"Accueil\",\"item\":\"https:\/\/www.reporterhorizon.com\/\"},{\"@type\":\"ListItem\",\"position\":2,\"name\":\"Culture \/ Art : quand les perles se transforment en sacs \u00e0 main, un savoir-faire au service de l\u2019autonomisation\"}]},{\"@type\":\"WebSite\",\"@id\":\"https:\/\/www.reporterhorizon.com\/#website\",\"url\":\"https:\/\/www.reporterhorizon.com\/\",\"name\":\"Reporterhorizon\",\"description\":\"\",\"publisher\":{\"@id\":\"https:\/\/www.reporterhorizon.com\/#organization\"},\"potentialAction\":[{\"@type\":\"SearchAction\",\"target\":{\"@type\":\"EntryPoint\",\"urlTemplate\":\"https:\/\/www.reporterhorizon.com\/?s={search_term_string}\"},\"query-input\":{\"@type\":\"PropertyValueSpecification\",\"valueRequired\":true,\"valueName\":\"search_term_string\"}}],\"inLanguage\":\"fr-FR\"},{\"@type\":\"Organization\",\"@id\":\"https:\/\/www.reporterhorizon.com\/#organization\",\"name\":\"Reporterhorizon\",\"url\":\"https:\/\/www.reporterhorizon.com\/\",\"logo\":{\"@type\":\"ImageObject\",\"inLanguage\":\"fr-FR\",\"@id\":\"https:\/\/www.reporterhorizon.com\/#\/schema\/logo\/image\/\",\"url\":\"https:\/\/www.reporterhorizon.com\/wp-content\/uploads\/2025\/07\/LOGO-STUDIO.jpg\",\"contentUrl\":\"https:\/\/www.reporterhorizon.com\/wp-content\/uploads\/2025\/07\/LOGO-STUDIO.jpg\",\"width\":1960,\"height\":560,\"caption\":\"Reporterhorizon\"},\"image\":{\"@id\":\"https:\/\/www.reporterhorizon.com\/#\/schema\/logo\/image\/\"}},{\"@type\":\"Person\",\"@id\":\"https:\/\/www.reporterhorizon.com\/#\/schema\/person\/e54de2937f17a9c3e6a9db78e0dde802\",\"name\":\"Bamba\",\"image\":{\"@type\":\"ImageObject\",\"inLanguage\":\"fr-FR\",\"@id\":\"https:\/\/secure.gravatar.com\/avatar\/0721e5f51669073185223c713f504afe424081e2305d62bf510acd3af15b2469?s=96&d=mm&r=g\",\"url\":\"https:\/\/secure.gravatar.com\/avatar\/0721e5f51669073185223c713f504afe424081e2305d62bf510acd3af15b2469?s=96&d=mm&r=g\",\"contentUrl\":\"https:\/\/secure.gravatar.com\/avatar\/0721e5f51669073185223c713f504afe424081e2305d62bf510acd3af15b2469?s=96&d=mm&r=g\",\"caption\":\"Bamba\"},\"url\":\"https:\/\/www.reporterhorizon.com\/index.php\/author\/bamba\/\"}]}<\/script>\n<!-- \/ Yoast SEO plugin. -->","yoast_head_json":{"title":"Culture \/ Art : quand les perles se transforment en sacs \u00e0 main, un savoir-faire au service de l\u2019autonomisation - Reporterhorizon","robots":{"index":"index","follow":"follow","max-snippet":"max-snippet:-1","max-image-preview":"max-image-preview:large","max-video-preview":"max-video-preview:-1"},"canonical":"https:\/\/www.reporterhorizon.com\/index.php\/2026\/04\/13\/culture-art-quand-les-perles-se-transforment-en-sacs-a-main-un-savoir-faire-au-service-de-lautonomisation\/","og_locale":"fr_FR","og_type":"article","og_title":"Culture \/ Art : quand les perles se transforment en sacs \u00e0 main, un savoir-faire au service de l\u2019autonomisation - Reporterhorizon","og_description":"L\u2019art se d\u00e9cline sous plusieurs formes, et celui des perles s\u2019impose aujourd\u2019hui comme une v\u00e9ritable tendance alliant \u00e9l\u00e9gance et cr\u00e9ativit\u00e9. \u00c0 travers un travail minutieux, ces petites pi\u00e8ces se transforment en sacs \u00e0 main de diff\u00e9rentes tailles, t\u00e9moignant d\u2019un savoir-faire artisanal en plein essor . C\u2019est dans cette dynamique que l\u2019entreprise AFRIKA Skills, dirig\u00e9e par [&hellip;]","og_url":"https:\/\/www.reporterhorizon.com\/index.php\/2026\/04\/13\/culture-art-quand-les-perles-se-transforment-en-sacs-a-main-un-savoir-faire-au-service-de-lautonomisation\/","og_site_name":"Reporterhorizon","article_published_time":"2026-04-13T14:18:17+00:00","article_modified_time":"2026-04-13T14:18:18+00:00","og_image":[{"width":2560,"height":2560,"url":"https:\/\/www.reporterhorizon.com\/wp-content\/uploads\/2026\/04\/IMG_1033-scaled.jpeg","type":"image\/jpeg"}],"author":"Bamba","twitter_card":"summary_large_image","twitter_misc":{"\u00c9crit par":"Bamba","Dur\u00e9e de lecture estim\u00e9e":"3 minutes"},"schema":{"@context":"https:\/\/schema.org","@graph":[{"@type":"Article","@id":"https:\/\/www.reporterhorizon.com\/index.php\/2026\/04\/13\/culture-art-quand-les-perles-se-transforment-en-sacs-a-main-un-savoir-faire-au-service-de-lautonomisation\/#article","isPartOf":{"@id":"https:\/\/www.reporterhorizon.com\/index.php\/2026\/04\/13\/culture-art-quand-les-perles-se-transforment-en-sacs-a-main-un-savoir-faire-au-service-de-lautonomisation\/"},"author":{"name":"Bamba","@id":"https:\/\/www.reporterhorizon.com\/#\/schema\/person\/e54de2937f17a9c3e6a9db78e0dde802"},"headline":"Culture \/ Art : quand les perles se transforment en sacs \u00e0 main, un savoir-faire au service de l\u2019autonomisation","datePublished":"2026-04-13T14:18:17+00:00","dateModified":"2026-04-13T14:18:18+00:00","mainEntityOfPage":{"@id":"https:\/\/www.reporterhorizon.com\/index.php\/2026\/04\/13\/culture-art-quand-les-perles-se-transforment-en-sacs-a-main-un-savoir-faire-au-service-de-lautonomisation\/"},"wordCount":366,"commentCount":0,"publisher":{"@id":"https:\/\/www.reporterhorizon.com\/#organization"},"image":{"@id":"https:\/\/www.reporterhorizon.com\/index.php\/2026\/04\/13\/culture-art-quand-les-perles-se-transforment-en-sacs-a-main-un-savoir-faire-au-service-de-lautonomisation\/#primaryimage"},"thumbnailUrl":"https:\/\/www.reporterhorizon.com\/wp-content\/uploads\/2026\/04\/IMG_1033-1024x1024.jpeg","inLanguage":"fr-FR","potentialAction":[{"@type":"CommentAction","name":"Comment","target":["https:\/\/www.reporterhorizon.com\/index.php\/2026\/04\/13\/culture-art-quand-les-perles-se-transforment-en-sacs-a-main-un-savoir-faire-au-service-de-lautonomisation\/#respond"]}]},{"@type":"WebPage","@id":"https:\/\/www.reporterhorizon.com\/index.php\/2026\/04\/13\/culture-art-quand-les-perles-se-transforment-en-sacs-a-main-un-savoir-faire-au-service-de-lautonomisation\/","url":"https:\/\/www.reporterhorizon.com\/index.php\/2026\/04\/13\/culture-art-quand-les-perles-se-transforment-en-sacs-a-main-un-savoir-faire-au-service-de-lautonomisation\/","name":"Culture \/ Art : quand les perles se transforment en sacs \u00e0 main, un savoir-faire au service de l\u2019autonomisation - Reporterhorizon","isPartOf":{"@id":"https:\/\/www.reporterhorizon.com\/#website"},"primaryImageOfPage":{"@id":"https:\/\/www.reporterhorizon.com\/index.php\/2026\/04\/13\/culture-art-quand-les-perles-se-transforment-en-sacs-a-main-un-savoir-faire-au-service-de-lautonomisation\/#primaryimage"},"image":{"@id":"https:\/\/www.reporterhorizon.com\/index.php\/2026\/04\/13\/culture-art-quand-les-perles-se-transforment-en-sacs-a-main-un-savoir-faire-au-service-de-lautonomisation\/#primaryimage"},"thumbnailUrl":"https:\/\/www.reporterhorizon.com\/wp-content\/uploads\/2026\/04\/IMG_1033-1024x1024.jpeg","datePublished":"2026-04-13T14:18:17+00:00","dateModified":"2026-04-13T14:18:18+00:00","breadcrumb":{"@id":"https:\/\/www.reporterhorizon.com\/index.php\/2026\/04\/13\/culture-art-quand-les-perles-se-transforment-en-sacs-a-main-un-savoir-faire-au-service-de-lautonomisation\/#breadcrumb"},"inLanguage":"fr-FR","potentialAction":[{"@type":"ReadAction","target":["https:\/\/www.reporterhorizon.com\/index.php\/2026\/04\/13\/culture-art-quand-les-perles-se-transforment-en-sacs-a-main-un-savoir-faire-au-service-de-lautonomisation\/"]}]},{"@type":"ImageObject","inLanguage":"fr-FR","@id":"https:\/\/www.reporterhorizon.com\/index.php\/2026\/04\/13\/culture-art-quand-les-perles-se-transforment-en-sacs-a-main-un-savoir-faire-au-service-de-lautonomisation\/#primaryimage","url":"https:\/\/www.reporterhorizon.com\/wp-content\/uploads\/2026\/04\/IMG_1033-scaled.jpeg","contentUrl":"https:\/\/www.reporterhorizon.com\/wp-content\/uploads\/2026\/04\/IMG_1033-scaled.jpeg","width":2560,"height":2560},{"@type":"BreadcrumbList","@id":"https:\/\/www.reporterhorizon.com\/index.php\/2026\/04\/13\/culture-art-quand-les-perles-se-transforment-en-sacs-a-main-un-savoir-faire-au-service-de-lautonomisation\/#breadcrumb","itemListElement":[{"@type":"ListItem","position":1,"name":"Accueil","item":"https:\/\/www.reporterhorizon.com\/"},{"@type":"ListItem","position":2,"name":"Culture \/ Art : quand les perles se transforment en sacs \u00e0 main, un savoir-faire au service de l\u2019autonomisation"}]},{"@type":"WebSite","@id":"https:\/\/www.reporterhorizon.com\/#website","url":"https:\/\/www.reporterhorizon.com\/","name":"Reporterhorizon","description":"","publisher":{"@id":"https:\/\/www.reporterhorizon.com\/#organization"},"potentialAction":[{"@type":"SearchAction","target":{"@type":"EntryPoint","urlTemplate":"https:\/\/www.reporterhorizon.com\/?s={search_term_string}"},"query-input":{"@type":"PropertyValueSpecification","valueRequired":true,"valueName":"search_term_string"}}],"inLanguage":"fr-FR"},{"@type":"Organization","@id":"https:\/\/www.reporterhorizon.com\/#organization","name":"Reporterhorizon","url":"https:\/\/www.reporterhorizon.com\/","logo":{"@type":"ImageObject","inLanguage":"fr-FR","@id":"https:\/\/www.reporterhorizon.com\/#\/schema\/logo\/image\/","url":"https:\/\/www.reporterhorizon.com\/wp-content\/uploads\/2025\/07\/LOGO-STUDIO.jpg","contentUrl":"https:\/\/www.reporterhorizon.com\/wp-content\/uploads\/2025\/07\/LOGO-STUDIO.jpg","width":1960,"height":560,"caption":"Reporterhorizon"},"image":{"@id":"https:\/\/www.reporterhorizon.com\/#\/schema\/logo\/image\/"}},{"@type":"Person","@id":"https:\/\/www.reporterhorizon.com\/#\/schema\/person\/e54de2937f17a9c3e6a9db78e0dde802","name":"Bamba","image":{"@type":"ImageObject","inLanguage":"fr-FR","@id":"https:\/\/secure.gravatar.com\/avatar\/0721e5f51669073185223c713f504afe424081e2305d62bf510acd3af15b2469?s=96&d=mm&r=g","url":"https:\/\/secure.gravatar.com\/avatar\/0721e5f51669073185223c713f504afe424081e2305d62bf510acd3af15b2469?s=96&d=mm&r=g","contentUrl":"https:\/\/secure.gravatar.com\/avatar\/0721e5f51669073185223c713f504afe424081e2305d62bf510acd3af15b2469?s=96&d=mm&r=g","caption":"Bamba"},"url":"https:\/\/www.reporterhorizon.com\/index.php\/author\/bamba\/"}]}},"_links":{"self":[{"href":"https:\/\/www.reporterhorizon.com\/index.php\/wp-json\/wp\/v2\/posts\/7310","targetHints":{"allow":["GET"]}}],"collection":[{"href":"https:\/\/www.reporterhorizon.com\/index.php\/wp-json\/wp\/v2\/posts"}],"about":[{"href":"https:\/\/www.reporterhorizon.com\/index.php\/wp-json\/wp\/v2\/types\/post"}],"author":[{"embeddable":true,"href":"https:\/\/www.reporterhorizon.com\/index.php\/wp-json\/wp\/v2\/users\/42"}],"replies":[{"embeddable":true,"href":"https:\/\/www.reporterhorizon.com\/index.php\/wp-json\/wp\/v2\/comments?post=7310"}],"version-history":[{"count":1,"href":"https:\/\/www.reporterhorizon.com\/index.php\/wp-json\/wp\/v2\/posts\/7310\/revisions"}],"predecessor-version":[{"id":7317,"href":"https:\/\/www.reporterhorizon.com\/index.php\/wp-json\/wp\/v2\/posts\/7310\/revisions\/7317"}],"wp:attachment":[{"href":"https:\/\/www.reporterhorizon.com\/index.php\/wp-json\/wp\/v2\/media?parent=7310"}],"wp:term":[{"taxonomy":"category","embeddable":true,"href":"https:\/\/www.reporterhorizon.com\/index.php\/wp-json\/wp\/v2\/categories?post=7310"},{"taxonomy":"post_tag","embeddable":true,"href":"https:\/\/www.reporterhorizon.com\/index.php\/wp-json\/wp\/v2\/tags?post=7310"}],"curies":[{"name":"wp","href":"https:\/\/api.w.org\/{rel}","templated":true}]}}