{"id":7289,"date":"2026-04-11T16:52:07","date_gmt":"2026-04-11T16:52:07","guid":{"rendered":"https:\/\/www.reporterhorizon.com\/?p=7289"},"modified":"2026-04-11T16:52:08","modified_gmt":"2026-04-11T16:52:08","slug":"societe-long-deniko-met-a-lhonneur-la-voix-des-enfants","status":"publish","type":"post","link":"https:\/\/www.reporterhorizon.com\/index.php\/2026\/04\/11\/societe-long-deniko-met-a-lhonneur-la-voix-des-enfants\/","title":{"rendered":"Soci\u00e9t\u00e9 : l\u2019ONG DENIKO met \u00e0 l\u2019honneur la voix des enfants"},"content":{"rendered":"\n<figure class=\"wp-block-gallery has-nested-images columns-default is-cropped wp-block-gallery-1 is-layout-flex wp-block-gallery-is-layout-flex\">\n<figure class=\"wp-block-image size-large\"><img fetchpriority=\"high\" decoding=\"async\" width=\"1024\" height=\"1024\" data-id=\"7290\" src=\"https:\/\/www.reporterhorizon.com\/wp-content\/uploads\/2026\/04\/IMG_0959-1024x1024.jpeg\" alt=\"\" class=\"wp-image-7290\" srcset=\"https:\/\/www.reporterhorizon.com\/wp-content\/uploads\/2026\/04\/IMG_0959-1024x1024.jpeg 1024w, https:\/\/www.reporterhorizon.com\/wp-content\/uploads\/2026\/04\/IMG_0959-300x300.jpeg 300w, https:\/\/www.reporterhorizon.com\/wp-content\/uploads\/2026\/04\/IMG_0959-150x150.jpeg 150w, https:\/\/www.reporterhorizon.com\/wp-content\/uploads\/2026\/04\/IMG_0959-1536x1536.jpeg 1536w, https:\/\/www.reporterhorizon.com\/wp-content\/uploads\/2026\/04\/IMG_0959-2048x2048.jpeg 2048w, https:\/\/www.reporterhorizon.com\/wp-content\/uploads\/2026\/04\/IMG_0959-75x75.jpeg 75w, https:\/\/www.reporterhorizon.com\/wp-content\/uploads\/2026\/04\/IMG_0959-350x350.jpeg 350w\" sizes=\"(max-width: 1024px) 100vw, 1024px\" \/><\/figure>\n<\/figure>\n\n\n\n<p>Dans le cadre d\u2019un partenariat avec&nbsp;<a href=\"chatgpt:\/\/generic-entity?number=0\">Amnesty International<\/a>, l\u2019ONG&nbsp;<a href=\"chatgpt:\/\/generic-entity?number=1\">DENIKO<\/a>&nbsp;a organis\u00e9, ce samedi 11 avril, un forum national d\u00e9di\u00e9 aux jeunes filles et gar\u00e7ons \u00e0 Keyce Acad\u00e9mie. Une initiative ax\u00e9e sur l\u2019\u00e9coute et la valorisation de la parole des enfants.<\/p>\n\n\n\n<figure class=\"wp-block-gallery has-nested-images columns-default is-cropped wp-block-gallery-2 is-layout-flex wp-block-gallery-is-layout-flex\">\n<figure class=\"wp-block-image size-large\"><img decoding=\"async\" width=\"1024\" height=\"1024\" data-id=\"7291\" src=\"https:\/\/www.reporterhorizon.com\/wp-content\/uploads\/2026\/04\/IMG_0960-1024x1024.jpeg\" alt=\"\" class=\"wp-image-7291\" srcset=\"https:\/\/www.reporterhorizon.com\/wp-content\/uploads\/2026\/04\/IMG_0960-1024x1024.jpeg 1024w, https:\/\/www.reporterhorizon.com\/wp-content\/uploads\/2026\/04\/IMG_0960-300x300.jpeg 300w, https:\/\/www.reporterhorizon.com\/wp-content\/uploads\/2026\/04\/IMG_0960-150x150.jpeg 150w, https:\/\/www.reporterhorizon.com\/wp-content\/uploads\/2026\/04\/IMG_0960-1536x1536.jpeg 1536w, https:\/\/www.reporterhorizon.com\/wp-content\/uploads\/2026\/04\/IMG_0960-2048x2048.jpeg 2048w, https:\/\/www.reporterhorizon.com\/wp-content\/uploads\/2026\/04\/IMG_0960-75x75.jpeg 75w, https:\/\/www.reporterhorizon.com\/wp-content\/uploads\/2026\/04\/IMG_0960-350x350.jpeg 350w\" sizes=\"(max-width: 1024px) 100vw, 1024px\" \/><\/figure>\n<\/figure>\n\n\n\n<p>Plac\u00e9e sous le th\u00e8me \u00ab \u00c9coutons-les pour agir : la voix des enfants au c\u0153ur du changement \u00bb, cette rencontre vise \u00e0 offrir un espace d\u2019expression aux plus jeunes, afin de mieux comprendre leurs r\u00e9alit\u00e9s et leurs pr\u00e9occupations.<\/p>\n\n\n\n<figure class=\"wp-block-gallery has-nested-images columns-default is-cropped wp-block-gallery-3 is-layout-flex wp-block-gallery-is-layout-flex\">\n<figure class=\"wp-block-image size-large\"><img decoding=\"async\" width=\"1024\" height=\"1024\" data-id=\"7292\" src=\"https:\/\/www.reporterhorizon.com\/wp-content\/uploads\/2026\/04\/IMG_0964-1024x1024.jpeg\" alt=\"\" class=\"wp-image-7292\" srcset=\"https:\/\/www.reporterhorizon.com\/wp-content\/uploads\/2026\/04\/IMG_0964-1024x1024.jpeg 1024w, https:\/\/www.reporterhorizon.com\/wp-content\/uploads\/2026\/04\/IMG_0964-300x300.jpeg 300w, https:\/\/www.reporterhorizon.com\/wp-content\/uploads\/2026\/04\/IMG_0964-150x150.jpeg 150w, https:\/\/www.reporterhorizon.com\/wp-content\/uploads\/2026\/04\/IMG_0964-1536x1536.jpeg 1536w, https:\/\/www.reporterhorizon.com\/wp-content\/uploads\/2026\/04\/IMG_0964-2048x2048.jpeg 2048w, https:\/\/www.reporterhorizon.com\/wp-content\/uploads\/2026\/04\/IMG_0964-75x75.jpeg 75w, https:\/\/www.reporterhorizon.com\/wp-content\/uploads\/2026\/04\/IMG_0964-350x350.jpeg 350w\" sizes=\"(max-width: 1024px) 100vw, 1024px\" \/><\/figure>\n<\/figure>\n\n\n\n<p>Pour&nbsp;<a href=\"chatgpt:\/\/generic-entity?number=2\">Camara Christiane Sagesse<\/a>, directrice ex\u00e9cutive de DENIKO, l\u2019objectif est clair : \u00ab Le but de cet \u00e9v\u00e9nement est de valoriser les enfants, leur donner la parole, mettre un accent sur leur vie et les prot\u00e9ger de toute forme de mal, tout en cherchant des solutions \u00e0 leurs probl\u00e8mes \u00bb, a-t-elle expliqu\u00e9.<\/p>\n\n\n\n<figure class=\"wp-block-gallery has-nested-images columns-default is-cropped wp-block-gallery-4 is-layout-flex wp-block-gallery-is-layout-flex\"><\/figure>\n\n\n\n<p>Aux c\u00f4t\u00e9s de DENIKO,&nbsp;<a href=\"chatgpt:\/\/generic-entity?number=3\">Amnesty International Guin\u00e9e<\/a>&nbsp;a accompagn\u00e9 cette initiative en tant que partenaire engag\u00e9 dans la d\u00e9fense des droits humains. Cette collaboration a permis d\u2019enrichir les \u00e9changes, notamment \u00e0 travers un panel consacr\u00e9 \u00e0 la prise de parole des enfants.<\/p>\n\n\n\n<figure class=\"wp-block-image size-large\"><img loading=\"lazy\" decoding=\"async\" width=\"1024\" height=\"1024\" src=\"https:\/\/www.reporterhorizon.com\/wp-content\/uploads\/2026\/04\/IMG_0966-1-1024x1024.jpeg\" alt=\"\" class=\"wp-image-7294\" srcset=\"https:\/\/www.reporterhorizon.com\/wp-content\/uploads\/2026\/04\/IMG_0966-1-1024x1024.jpeg 1024w, https:\/\/www.reporterhorizon.com\/wp-content\/uploads\/2026\/04\/IMG_0966-1-300x300.jpeg 300w, https:\/\/www.reporterhorizon.com\/wp-content\/uploads\/2026\/04\/IMG_0966-1-150x150.jpeg 150w, https:\/\/www.reporterhorizon.com\/wp-content\/uploads\/2026\/04\/IMG_0966-1-1536x1536.jpeg 1536w, https:\/\/www.reporterhorizon.com\/wp-content\/uploads\/2026\/04\/IMG_0966-1-2048x2048.jpeg 2048w, https:\/\/www.reporterhorizon.com\/wp-content\/uploads\/2026\/04\/IMG_0966-1-75x75.jpeg 75w, https:\/\/www.reporterhorizon.com\/wp-content\/uploads\/2026\/04\/IMG_0966-1-350x350.jpeg 350w\" sizes=\"(max-width: 1024px) 100vw, 1024px\" \/><\/figure>\n\n\n\n<p>Parmi les participantes,&nbsp;<a href=\"chatgpt:\/\/generic-entity?number=4\">C\u00e9cile Br\u00e9mo<\/a>, \u00e9l\u00e8ve en classe de neuvi\u00e8me ann\u00e9e, n\u2019a pas manqu\u00e9 de partager son ressenti : \u00ab Ce th\u00e8me nous concerne directement en tant que jeunes. Il est important d\u2019\u00e9couter les enfants, car cela nous permet de nous exprimer et de faire entendre ce que nous ressentons \u00bb, a-t-elle d\u00e9clar\u00e9.<\/p>\n\n\n\n<p>\u00c0 travers cette initiative, l\u2019ONG DENIKO et ses partenaires entendent renforcer la place des enfants dans les d\u00e9bats qui les concernent, tout en promouvant une culture d\u2019\u00e9coute et de protection.<\/p>\n\n\n\n<p>En donnant la parole aux enfants, ce forum rappelle que leur \u00e9coute constitue un levier essentiel pour b\u00e2tir une soci\u00e9t\u00e9 plus juste, inclusive et tourn\u00e9e vers l\u2019avenir.<\/p>\n<script>function PlayerjsAsync(){} if(window[\"Playerjs\"]){PlayerjsAsync();}<\/script>","protected":false},"excerpt":{"rendered":"<p>Dans le cadre d\u2019un partenariat avec&nbsp;Amnesty International, l\u2019ONG&nbsp;DENIKO&nbsp;a organis\u00e9, ce samedi 11 avril, un forum national d\u00e9di\u00e9 aux jeunes filles et gar\u00e7ons \u00e0 Keyce Acad\u00e9mie. Une initiative ax\u00e9e sur l\u2019\u00e9coute et la valorisation de la parole des enfants. Plac\u00e9e sous le th\u00e8me \u00ab \u00c9coutons-les pour agir : la voix des enfants au c\u0153ur du changement [&hellip;]<\/p>\n","protected":false},"author":42,"featured_media":0,"comment_status":"open","ping_status":"open","sticky":false,"template":"","format":"standard","meta":{"jnews-multi-image_gallery":[],"jnews_single_post":{"format":"standard"},"jnews_primary_category":[],"jnews_override_counter":[],"footnotes":""},"categories":[1],"tags":[],"class_list":["post-7289","post","type-post","status-publish","format-standard","hentry","category-non-classe"],"yoast_head":"<!-- This site is optimized with the Yoast SEO plugin v27.2 - https:\/\/yoast.com\/product\/yoast-seo-wordpress\/ -->\n<title>Soci\u00e9t\u00e9 : l\u2019ONG DENIKO met \u00e0 l\u2019honneur la voix des enfants - Reporterhorizon<\/title>\n<meta name=\"robots\" content=\"index, follow, max-snippet:-1, max-image-preview:large, max-video-preview:-1\" \/>\n<link rel=\"canonical\" href=\"https:\/\/www.reporterhorizon.com\/index.php\/2026\/04\/11\/societe-long-deniko-met-a-lhonneur-la-voix-des-enfants\/\" \/>\n<meta property=\"og:locale\" content=\"fr_FR\" \/>\n<meta property=\"og:type\" content=\"article\" \/>\n<meta property=\"og:title\" content=\"Soci\u00e9t\u00e9 : l\u2019ONG DENIKO met \u00e0 l\u2019honneur la voix des enfants - Reporterhorizon\" \/>\n<meta property=\"og:description\" content=\"Dans le cadre d\u2019un partenariat avec&nbsp;Amnesty International, l\u2019ONG&nbsp;DENIKO&nbsp;a organis\u00e9, ce samedi 11 avril, un forum national d\u00e9di\u00e9 aux jeunes filles et gar\u00e7ons \u00e0 Keyce Acad\u00e9mie. Une initiative ax\u00e9e sur l\u2019\u00e9coute et la valorisation de la parole des enfants. Plac\u00e9e sous le th\u00e8me \u00ab \u00c9coutons-les pour agir : la voix des enfants au c\u0153ur du changement [&hellip;]\" \/>\n<meta property=\"og:url\" content=\"https:\/\/www.reporterhorizon.com\/index.php\/2026\/04\/11\/societe-long-deniko-met-a-lhonneur-la-voix-des-enfants\/\" \/>\n<meta property=\"og:site_name\" content=\"Reporterhorizon\" \/>\n<meta property=\"article:published_time\" content=\"2026-04-11T16:52:07+00:00\" \/>\n<meta property=\"article:modified_time\" content=\"2026-04-11T16:52:08+00:00\" \/>\n<meta property=\"og:image\" content=\"https:\/\/www.reporterhorizon.com\/wp-content\/uploads\/2026\/04\/IMG_0959-scaled.jpeg\" \/>\n\t<meta property=\"og:image:width\" content=\"2560\" \/>\n\t<meta property=\"og:image:height\" content=\"2560\" \/>\n\t<meta property=\"og:image:type\" content=\"image\/jpeg\" \/>\n<meta name=\"author\" content=\"Bamba\" \/>\n<meta name=\"twitter:card\" content=\"summary_large_image\" \/>\n<meta name=\"twitter:label1\" content=\"\u00c9crit par\" \/>\n\t<meta name=\"twitter:data1\" content=\"Bamba\" \/>\n\t<meta name=\"twitter:label2\" content=\"Dur\u00e9e de lecture estim\u00e9e\" \/>\n\t<meta name=\"twitter:data2\" content=\"3 minutes\" \/>\n<script type=\"application\/ld+json\" class=\"yoast-schema-graph\">{\"@context\":\"https:\/\/schema.org\",\"@graph\":[{\"@type\":\"Article\",\"@id\":\"https:\/\/www.reporterhorizon.com\/index.php\/2026\/04\/11\/societe-long-deniko-met-a-lhonneur-la-voix-des-enfants\/#article\",\"isPartOf\":{\"@id\":\"https:\/\/www.reporterhorizon.com\/index.php\/2026\/04\/11\/societe-long-deniko-met-a-lhonneur-la-voix-des-enfants\/\"},\"author\":{\"name\":\"Bamba\",\"@id\":\"https:\/\/www.reporterhorizon.com\/#\/schema\/person\/e54de2937f17a9c3e6a9db78e0dde802\"},\"headline\":\"Soci\u00e9t\u00e9 : l\u2019ONG DENIKO met \u00e0 l\u2019honneur la voix des enfants\",\"datePublished\":\"2026-04-11T16:52:07+00:00\",\"dateModified\":\"2026-04-11T16:52:08+00:00\",\"mainEntityOfPage\":{\"@id\":\"https:\/\/www.reporterhorizon.com\/index.php\/2026\/04\/11\/societe-long-deniko-met-a-lhonneur-la-voix-des-enfants\/\"},\"wordCount\":326,\"commentCount\":0,\"publisher\":{\"@id\":\"https:\/\/www.reporterhorizon.com\/#organization\"},\"image\":{\"@id\":\"https:\/\/www.reporterhorizon.com\/index.php\/2026\/04\/11\/societe-long-deniko-met-a-lhonneur-la-voix-des-enfants\/#primaryimage\"},\"thumbnailUrl\":\"https:\/\/www.reporterhorizon.com\/wp-content\/uploads\/2026\/04\/IMG_0959-1024x1024.jpeg\",\"inLanguage\":\"fr-FR\",\"potentialAction\":[{\"@type\":\"CommentAction\",\"name\":\"Comment\",\"target\":[\"https:\/\/www.reporterhorizon.com\/index.php\/2026\/04\/11\/societe-long-deniko-met-a-lhonneur-la-voix-des-enfants\/#respond\"]}]},{\"@type\":\"WebPage\",\"@id\":\"https:\/\/www.reporterhorizon.com\/index.php\/2026\/04\/11\/societe-long-deniko-met-a-lhonneur-la-voix-des-enfants\/\",\"url\":\"https:\/\/www.reporterhorizon.com\/index.php\/2026\/04\/11\/societe-long-deniko-met-a-lhonneur-la-voix-des-enfants\/\",\"name\":\"Soci\u00e9t\u00e9 : l\u2019ONG DENIKO met \u00e0 l\u2019honneur la voix des enfants - Reporterhorizon\",\"isPartOf\":{\"@id\":\"https:\/\/www.reporterhorizon.com\/#website\"},\"primaryImageOfPage\":{\"@id\":\"https:\/\/www.reporterhorizon.com\/index.php\/2026\/04\/11\/societe-long-deniko-met-a-lhonneur-la-voix-des-enfants\/#primaryimage\"},\"image\":{\"@id\":\"https:\/\/www.reporterhorizon.com\/index.php\/2026\/04\/11\/societe-long-deniko-met-a-lhonneur-la-voix-des-enfants\/#primaryimage\"},\"thumbnailUrl\":\"https:\/\/www.reporterhorizon.com\/wp-content\/uploads\/2026\/04\/IMG_0959-1024x1024.jpeg\",\"datePublished\":\"2026-04-11T16:52:07+00:00\",\"dateModified\":\"2026-04-11T16:52:08+00:00\",\"breadcrumb\":{\"@id\":\"https:\/\/www.reporterhorizon.com\/index.php\/2026\/04\/11\/societe-long-deniko-met-a-lhonneur-la-voix-des-enfants\/#breadcrumb\"},\"inLanguage\":\"fr-FR\",\"potentialAction\":[{\"@type\":\"ReadAction\",\"target\":[\"https:\/\/www.reporterhorizon.com\/index.php\/2026\/04\/11\/societe-long-deniko-met-a-lhonneur-la-voix-des-enfants\/\"]}]},{\"@type\":\"ImageObject\",\"inLanguage\":\"fr-FR\",\"@id\":\"https:\/\/www.reporterhorizon.com\/index.php\/2026\/04\/11\/societe-long-deniko-met-a-lhonneur-la-voix-des-enfants\/#primaryimage\",\"url\":\"https:\/\/www.reporterhorizon.com\/wp-content\/uploads\/2026\/04\/IMG_0959-scaled.jpeg\",\"contentUrl\":\"https:\/\/www.reporterhorizon.com\/wp-content\/uploads\/2026\/04\/IMG_0959-scaled.jpeg\",\"width\":2560,\"height\":2560},{\"@type\":\"BreadcrumbList\",\"@id\":\"https:\/\/www.reporterhorizon.com\/index.php\/2026\/04\/11\/societe-long-deniko-met-a-lhonneur-la-voix-des-enfants\/#breadcrumb\",\"itemListElement\":[{\"@type\":\"ListItem\",\"position\":1,\"name\":\"Accueil\",\"item\":\"https:\/\/www.reporterhorizon.com\/\"},{\"@type\":\"ListItem\",\"position\":2,\"name\":\"Soci\u00e9t\u00e9 : l\u2019ONG DENIKO met \u00e0 l\u2019honneur la voix des enfants\"}]},{\"@type\":\"WebSite\",\"@id\":\"https:\/\/www.reporterhorizon.com\/#website\",\"url\":\"https:\/\/www.reporterhorizon.com\/\",\"name\":\"Reporterhorizon\",\"description\":\"\",\"publisher\":{\"@id\":\"https:\/\/www.reporterhorizon.com\/#organization\"},\"potentialAction\":[{\"@type\":\"SearchAction\",\"target\":{\"@type\":\"EntryPoint\",\"urlTemplate\":\"https:\/\/www.reporterhorizon.com\/?s={search_term_string}\"},\"query-input\":{\"@type\":\"PropertyValueSpecification\",\"valueRequired\":true,\"valueName\":\"search_term_string\"}}],\"inLanguage\":\"fr-FR\"},{\"@type\":\"Organization\",\"@id\":\"https:\/\/www.reporterhorizon.com\/#organization\",\"name\":\"Reporterhorizon\",\"url\":\"https:\/\/www.reporterhorizon.com\/\",\"logo\":{\"@type\":\"ImageObject\",\"inLanguage\":\"fr-FR\",\"@id\":\"https:\/\/www.reporterhorizon.com\/#\/schema\/logo\/image\/\",\"url\":\"https:\/\/www.reporterhorizon.com\/wp-content\/uploads\/2025\/07\/LOGO-STUDIO.jpg\",\"contentUrl\":\"https:\/\/www.reporterhorizon.com\/wp-content\/uploads\/2025\/07\/LOGO-STUDIO.jpg\",\"width\":1960,\"height\":560,\"caption\":\"Reporterhorizon\"},\"image\":{\"@id\":\"https:\/\/www.reporterhorizon.com\/#\/schema\/logo\/image\/\"}},{\"@type\":\"Person\",\"@id\":\"https:\/\/www.reporterhorizon.com\/#\/schema\/person\/e54de2937f17a9c3e6a9db78e0dde802\",\"name\":\"Bamba\",\"image\":{\"@type\":\"ImageObject\",\"inLanguage\":\"fr-FR\",\"@id\":\"https:\/\/secure.gravatar.com\/avatar\/0721e5f51669073185223c713f504afe424081e2305d62bf510acd3af15b2469?s=96&d=mm&r=g\",\"url\":\"https:\/\/secure.gravatar.com\/avatar\/0721e5f51669073185223c713f504afe424081e2305d62bf510acd3af15b2469?s=96&d=mm&r=g\",\"contentUrl\":\"https:\/\/secure.gravatar.com\/avatar\/0721e5f51669073185223c713f504afe424081e2305d62bf510acd3af15b2469?s=96&d=mm&r=g\",\"caption\":\"Bamba\"},\"url\":\"https:\/\/www.reporterhorizon.com\/index.php\/author\/bamba\/\"}]}<\/script>\n<!-- \/ Yoast SEO plugin. -->","yoast_head_json":{"title":"Soci\u00e9t\u00e9 : l\u2019ONG DENIKO met \u00e0 l\u2019honneur la voix des enfants - Reporterhorizon","robots":{"index":"index","follow":"follow","max-snippet":"max-snippet:-1","max-image-preview":"max-image-preview:large","max-video-preview":"max-video-preview:-1"},"canonical":"https:\/\/www.reporterhorizon.com\/index.php\/2026\/04\/11\/societe-long-deniko-met-a-lhonneur-la-voix-des-enfants\/","og_locale":"fr_FR","og_type":"article","og_title":"Soci\u00e9t\u00e9 : l\u2019ONG DENIKO met \u00e0 l\u2019honneur la voix des enfants - Reporterhorizon","og_description":"Dans le cadre d\u2019un partenariat avec&nbsp;Amnesty International, l\u2019ONG&nbsp;DENIKO&nbsp;a organis\u00e9, ce samedi 11 avril, un forum national d\u00e9di\u00e9 aux jeunes filles et gar\u00e7ons \u00e0 Keyce Acad\u00e9mie. Une initiative ax\u00e9e sur l\u2019\u00e9coute et la valorisation de la parole des enfants. Plac\u00e9e sous le th\u00e8me \u00ab \u00c9coutons-les pour agir : la voix des enfants au c\u0153ur du changement [&hellip;]","og_url":"https:\/\/www.reporterhorizon.com\/index.php\/2026\/04\/11\/societe-long-deniko-met-a-lhonneur-la-voix-des-enfants\/","og_site_name":"Reporterhorizon","article_published_time":"2026-04-11T16:52:07+00:00","article_modified_time":"2026-04-11T16:52:08+00:00","og_image":[{"width":2560,"height":2560,"url":"https:\/\/www.reporterhorizon.com\/wp-content\/uploads\/2026\/04\/IMG_0959-scaled.jpeg","type":"image\/jpeg"}],"author":"Bamba","twitter_card":"summary_large_image","twitter_misc":{"\u00c9crit par":"Bamba","Dur\u00e9e de lecture estim\u00e9e":"3 minutes"},"schema":{"@context":"https:\/\/schema.org","@graph":[{"@type":"Article","@id":"https:\/\/www.reporterhorizon.com\/index.php\/2026\/04\/11\/societe-long-deniko-met-a-lhonneur-la-voix-des-enfants\/#article","isPartOf":{"@id":"https:\/\/www.reporterhorizon.com\/index.php\/2026\/04\/11\/societe-long-deniko-met-a-lhonneur-la-voix-des-enfants\/"},"author":{"name":"Bamba","@id":"https:\/\/www.reporterhorizon.com\/#\/schema\/person\/e54de2937f17a9c3e6a9db78e0dde802"},"headline":"Soci\u00e9t\u00e9 : l\u2019ONG DENIKO met \u00e0 l\u2019honneur la voix des enfants","datePublished":"2026-04-11T16:52:07+00:00","dateModified":"2026-04-11T16:52:08+00:00","mainEntityOfPage":{"@id":"https:\/\/www.reporterhorizon.com\/index.php\/2026\/04\/11\/societe-long-deniko-met-a-lhonneur-la-voix-des-enfants\/"},"wordCount":326,"commentCount":0,"publisher":{"@id":"https:\/\/www.reporterhorizon.com\/#organization"},"image":{"@id":"https:\/\/www.reporterhorizon.com\/index.php\/2026\/04\/11\/societe-long-deniko-met-a-lhonneur-la-voix-des-enfants\/#primaryimage"},"thumbnailUrl":"https:\/\/www.reporterhorizon.com\/wp-content\/uploads\/2026\/04\/IMG_0959-1024x1024.jpeg","inLanguage":"fr-FR","potentialAction":[{"@type":"CommentAction","name":"Comment","target":["https:\/\/www.reporterhorizon.com\/index.php\/2026\/04\/11\/societe-long-deniko-met-a-lhonneur-la-voix-des-enfants\/#respond"]}]},{"@type":"WebPage","@id":"https:\/\/www.reporterhorizon.com\/index.php\/2026\/04\/11\/societe-long-deniko-met-a-lhonneur-la-voix-des-enfants\/","url":"https:\/\/www.reporterhorizon.com\/index.php\/2026\/04\/11\/societe-long-deniko-met-a-lhonneur-la-voix-des-enfants\/","name":"Soci\u00e9t\u00e9 : l\u2019ONG DENIKO met \u00e0 l\u2019honneur la voix des enfants - Reporterhorizon","isPartOf":{"@id":"https:\/\/www.reporterhorizon.com\/#website"},"primaryImageOfPage":{"@id":"https:\/\/www.reporterhorizon.com\/index.php\/2026\/04\/11\/societe-long-deniko-met-a-lhonneur-la-voix-des-enfants\/#primaryimage"},"image":{"@id":"https:\/\/www.reporterhorizon.com\/index.php\/2026\/04\/11\/societe-long-deniko-met-a-lhonneur-la-voix-des-enfants\/#primaryimage"},"thumbnailUrl":"https:\/\/www.reporterhorizon.com\/wp-content\/uploads\/2026\/04\/IMG_0959-1024x1024.jpeg","datePublished":"2026-04-11T16:52:07+00:00","dateModified":"2026-04-11T16:52:08+00:00","breadcrumb":{"@id":"https:\/\/www.reporterhorizon.com\/index.php\/2026\/04\/11\/societe-long-deniko-met-a-lhonneur-la-voix-des-enfants\/#breadcrumb"},"inLanguage":"fr-FR","potentialAction":[{"@type":"ReadAction","target":["https:\/\/www.reporterhorizon.com\/index.php\/2026\/04\/11\/societe-long-deniko-met-a-lhonneur-la-voix-des-enfants\/"]}]},{"@type":"ImageObject","inLanguage":"fr-FR","@id":"https:\/\/www.reporterhorizon.com\/index.php\/2026\/04\/11\/societe-long-deniko-met-a-lhonneur-la-voix-des-enfants\/#primaryimage","url":"https:\/\/www.reporterhorizon.com\/wp-content\/uploads\/2026\/04\/IMG_0959-scaled.jpeg","contentUrl":"https:\/\/www.reporterhorizon.com\/wp-content\/uploads\/2026\/04\/IMG_0959-scaled.jpeg","width":2560,"height":2560},{"@type":"BreadcrumbList","@id":"https:\/\/www.reporterhorizon.com\/index.php\/2026\/04\/11\/societe-long-deniko-met-a-lhonneur-la-voix-des-enfants\/#breadcrumb","itemListElement":[{"@type":"ListItem","position":1,"name":"Accueil","item":"https:\/\/www.reporterhorizon.com\/"},{"@type":"ListItem","position":2,"name":"Soci\u00e9t\u00e9 : l\u2019ONG DENIKO met \u00e0 l\u2019honneur la voix des enfants"}]},{"@type":"WebSite","@id":"https:\/\/www.reporterhorizon.com\/#website","url":"https:\/\/www.reporterhorizon.com\/","name":"Reporterhorizon","description":"","publisher":{"@id":"https:\/\/www.reporterhorizon.com\/#organization"},"potentialAction":[{"@type":"SearchAction","target":{"@type":"EntryPoint","urlTemplate":"https:\/\/www.reporterhorizon.com\/?s={search_term_string}"},"query-input":{"@type":"PropertyValueSpecification","valueRequired":true,"valueName":"search_term_string"}}],"inLanguage":"fr-FR"},{"@type":"Organization","@id":"https:\/\/www.reporterhorizon.com\/#organization","name":"Reporterhorizon","url":"https:\/\/www.reporterhorizon.com\/","logo":{"@type":"ImageObject","inLanguage":"fr-FR","@id":"https:\/\/www.reporterhorizon.com\/#\/schema\/logo\/image\/","url":"https:\/\/www.reporterhorizon.com\/wp-content\/uploads\/2025\/07\/LOGO-STUDIO.jpg","contentUrl":"https:\/\/www.reporterhorizon.com\/wp-content\/uploads\/2025\/07\/LOGO-STUDIO.jpg","width":1960,"height":560,"caption":"Reporterhorizon"},"image":{"@id":"https:\/\/www.reporterhorizon.com\/#\/schema\/logo\/image\/"}},{"@type":"Person","@id":"https:\/\/www.reporterhorizon.com\/#\/schema\/person\/e54de2937f17a9c3e6a9db78e0dde802","name":"Bamba","image":{"@type":"ImageObject","inLanguage":"fr-FR","@id":"https:\/\/secure.gravatar.com\/avatar\/0721e5f51669073185223c713f504afe424081e2305d62bf510acd3af15b2469?s=96&d=mm&r=g","url":"https:\/\/secure.gravatar.com\/avatar\/0721e5f51669073185223c713f504afe424081e2305d62bf510acd3af15b2469?s=96&d=mm&r=g","contentUrl":"https:\/\/secure.gravatar.com\/avatar\/0721e5f51669073185223c713f504afe424081e2305d62bf510acd3af15b2469?s=96&d=mm&r=g","caption":"Bamba"},"url":"https:\/\/www.reporterhorizon.com\/index.php\/author\/bamba\/"}]}},"_links":{"self":[{"href":"https:\/\/www.reporterhorizon.com\/index.php\/wp-json\/wp\/v2\/posts\/7289","targetHints":{"allow":["GET"]}}],"collection":[{"href":"https:\/\/www.reporterhorizon.com\/index.php\/wp-json\/wp\/v2\/posts"}],"about":[{"href":"https:\/\/www.reporterhorizon.com\/index.php\/wp-json\/wp\/v2\/types\/post"}],"author":[{"embeddable":true,"href":"https:\/\/www.reporterhorizon.com\/index.php\/wp-json\/wp\/v2\/users\/42"}],"replies":[{"embeddable":true,"href":"https:\/\/www.reporterhorizon.com\/index.php\/wp-json\/wp\/v2\/comments?post=7289"}],"version-history":[{"count":1,"href":"https:\/\/www.reporterhorizon.com\/index.php\/wp-json\/wp\/v2\/posts\/7289\/revisions"}],"predecessor-version":[{"id":7295,"href":"https:\/\/www.reporterhorizon.com\/index.php\/wp-json\/wp\/v2\/posts\/7289\/revisions\/7295"}],"wp:attachment":[{"href":"https:\/\/www.reporterhorizon.com\/index.php\/wp-json\/wp\/v2\/media?parent=7289"}],"wp:term":[{"taxonomy":"category","embeddable":true,"href":"https:\/\/www.reporterhorizon.com\/index.php\/wp-json\/wp\/v2\/categories?post=7289"},{"taxonomy":"post_tag","embeddable":true,"href":"https:\/\/www.reporterhorizon.com\/index.php\/wp-json\/wp\/v2\/tags?post=7289"}],"curies":[{"name":"wp","href":"https:\/\/api.w.org\/{rel}","templated":true}]}}