{"id":7274,"date":"2026-04-10T11:48:29","date_gmt":"2026-04-10T11:48:29","guid":{"rendered":"https:\/\/www.reporterhorizon.com\/?p=7274"},"modified":"2026-04-10T11:48:30","modified_gmt":"2026-04-10T11:48:30","slug":"salec-vi-au-stand-de-lambassade-des-etats-unis-les-eleves-testent-leur-culture-generale-et-remportent-des-prix","status":"publish","type":"post","link":"https:\/\/www.reporterhorizon.com\/index.php\/2026\/04\/10\/salec-vi-au-stand-de-lambassade-des-etats-unis-les-eleves-testent-leur-culture-generale-et-remportent-des-prix\/","title":{"rendered":"SALEC VI : au stand de l\u2019ambassade des \u00c9tats-Unis, les \u00e9l\u00e8ves testent leur culture g\u00e9n\u00e9rale et remportent des prix"},"content":{"rendered":"\n<p>\u00c0 quelques heures de la cl\u00f4ture de la sixi\u00e8me \u00e9dition du Salon de la Lecture (SALEC), l\u2019affluence reste soutenue au <a href=\"chatgpt:\/\/generic-entity?number=0\">Palais du Peuple<\/a>. Pour cette derni\u00e8re journ\u00e9e, les \u00e9l\u00e8ves ont une nouvelle fois r\u00e9pondu pr\u00e9sents, d\u00e9termin\u00e9s \u00e0 profiter pleinement des activit\u00e9s propos\u00e9es.<\/p>\n\n\n\n<figure class=\"wp-block-gallery has-nested-images columns-default is-cropped wp-block-gallery-1 is-layout-flex wp-block-gallery-is-layout-flex\">\n<figure class=\"wp-block-image size-large\"><img fetchpriority=\"high\" decoding=\"async\" width=\"1024\" height=\"1024\" data-id=\"7275\" src=\"https:\/\/www.reporterhorizon.com\/wp-content\/uploads\/2026\/04\/IMG_0844-1024x1024.jpeg\" alt=\"\" class=\"wp-image-7275\" srcset=\"https:\/\/www.reporterhorizon.com\/wp-content\/uploads\/2026\/04\/IMG_0844-1024x1024.jpeg 1024w, https:\/\/www.reporterhorizon.com\/wp-content\/uploads\/2026\/04\/IMG_0844-300x300.jpeg 300w, https:\/\/www.reporterhorizon.com\/wp-content\/uploads\/2026\/04\/IMG_0844-150x150.jpeg 150w, https:\/\/www.reporterhorizon.com\/wp-content\/uploads\/2026\/04\/IMG_0844-1536x1536.jpeg 1536w, https:\/\/www.reporterhorizon.com\/wp-content\/uploads\/2026\/04\/IMG_0844-2048x2048.jpeg 2048w, https:\/\/www.reporterhorizon.com\/wp-content\/uploads\/2026\/04\/IMG_0844-75x75.jpeg 75w, https:\/\/www.reporterhorizon.com\/wp-content\/uploads\/2026\/04\/IMG_0844-350x350.jpeg 350w\" sizes=\"(max-width: 1024px) 100vw, 1024px\" \/><\/figure>\n<\/figure>\n\n\n\n<p>Au stand de l\u2019<a href=\"chatgpt:\/\/generic-entity?number=1\">Ambassade des \u00c9tats-Unis en Guin\u00e9e<\/a>, l\u2019ambiance est particuli\u00e8rement anim\u00e9e. Des s\u00e9ances de questions-r\u00e9ponses en culture g\u00e9n\u00e9rale y sont organis\u00e9es, offrant aux participants l\u2019opportunit\u00e9 de remporter divers prix.<\/p>\n\n\n\n<figure class=\"wp-block-gallery has-nested-images columns-default is-cropped wp-block-gallery-2 is-layout-flex wp-block-gallery-is-layout-flex\">\n<figure class=\"wp-block-image size-large\"><img decoding=\"async\" width=\"1024\" height=\"1024\" data-id=\"7276\" src=\"https:\/\/www.reporterhorizon.com\/wp-content\/uploads\/2026\/04\/IMG_0855-1024x1024.jpeg\" alt=\"\" class=\"wp-image-7276\" srcset=\"https:\/\/www.reporterhorizon.com\/wp-content\/uploads\/2026\/04\/IMG_0855-1024x1024.jpeg 1024w, https:\/\/www.reporterhorizon.com\/wp-content\/uploads\/2026\/04\/IMG_0855-300x300.jpeg 300w, https:\/\/www.reporterhorizon.com\/wp-content\/uploads\/2026\/04\/IMG_0855-150x150.jpeg 150w, https:\/\/www.reporterhorizon.com\/wp-content\/uploads\/2026\/04\/IMG_0855-1536x1536.jpeg 1536w, https:\/\/www.reporterhorizon.com\/wp-content\/uploads\/2026\/04\/IMG_0855-2048x2048.jpeg 2048w, https:\/\/www.reporterhorizon.com\/wp-content\/uploads\/2026\/04\/IMG_0855-75x75.jpeg 75w, https:\/\/www.reporterhorizon.com\/wp-content\/uploads\/2026\/04\/IMG_0855-350x350.jpeg 350w\" sizes=\"(max-width: 1024px) 100vw, 1024px\" \/><\/figure>\n<\/figure>\n\n\n\n<p>Parmi eux, <a href=\"chatgpt:\/\/generic-entity?number=2\">Mamadou Moudjitaba Diallo<\/a>, \u00e9l\u00e8ve en huiti\u00e8me ann\u00e9e au complexe scolaire Hosanna, s\u2019est illustr\u00e9 en r\u00e9pondant correctement \u00e0 une question portant sur le plus haut sommet du monde. \u00ab Pour obtenir un roman au stand de l\u2019ambassade des \u00c9tats-Unis, il faut bien r\u00e9pondre aux questions. J\u2019ai r\u00e9ussi et j\u2019ai re\u00e7u un t-shirt blanc en guise de r\u00e9compense \u00bb, a-t-il confi\u00e9.<\/p>\n\n\n\n<figure class=\"wp-block-gallery has-nested-images columns-default is-cropped wp-block-gallery-3 is-layout-flex wp-block-gallery-is-layout-flex\">\n<figure class=\"wp-block-image size-large\"><img decoding=\"async\" width=\"1024\" height=\"1024\" data-id=\"7277\" src=\"https:\/\/www.reporterhorizon.com\/wp-content\/uploads\/2026\/04\/IMG_0845-1024x1024.jpeg\" alt=\"\" class=\"wp-image-7277\" srcset=\"https:\/\/www.reporterhorizon.com\/wp-content\/uploads\/2026\/04\/IMG_0845-1024x1024.jpeg 1024w, https:\/\/www.reporterhorizon.com\/wp-content\/uploads\/2026\/04\/IMG_0845-300x300.jpeg 300w, https:\/\/www.reporterhorizon.com\/wp-content\/uploads\/2026\/04\/IMG_0845-150x150.jpeg 150w, https:\/\/www.reporterhorizon.com\/wp-content\/uploads\/2026\/04\/IMG_0845-1536x1536.jpeg 1536w, https:\/\/www.reporterhorizon.com\/wp-content\/uploads\/2026\/04\/IMG_0845-2048x2048.jpeg 2048w, https:\/\/www.reporterhorizon.com\/wp-content\/uploads\/2026\/04\/IMG_0845-75x75.jpeg 75w, https:\/\/www.reporterhorizon.com\/wp-content\/uploads\/2026\/04\/IMG_0845-350x350.jpeg 350w\" sizes=\"(max-width: 1024px) 100vw, 1024px\" \/><\/figure>\n<\/figure>\n\n\n\n<p>\u00c0 ses c\u00f4t\u00e9s, <a href=\"chatgpt:\/\/generic-entity?number=3\">Boubacar Diallo<\/a>, en neuvi\u00e8me ann\u00e9e dans le m\u00eame \u00e9tablissement, s\u2019est \u00e9galement pr\u00eat\u00e9 au jeu : \u00ab J\u2019ai particip\u00e9 au concours de questions-r\u00e9ponses et j\u2019ai obtenu un roman \u00bb, a-t-il indiqu\u00e9 avec satisfaction.<\/p>\n\n\n\n<figure class=\"wp-block-gallery has-nested-images columns-default is-cropped wp-block-gallery-4 is-layout-flex wp-block-gallery-is-layout-flex\">\n<figure class=\"wp-block-image size-large\"><img loading=\"lazy\" decoding=\"async\" width=\"1024\" height=\"1024\" data-id=\"7278\" src=\"https:\/\/www.reporterhorizon.com\/wp-content\/uploads\/2026\/04\/IMG_0853-1024x1024.jpeg\" alt=\"\" class=\"wp-image-7278\" srcset=\"https:\/\/www.reporterhorizon.com\/wp-content\/uploads\/2026\/04\/IMG_0853-1024x1024.jpeg 1024w, https:\/\/www.reporterhorizon.com\/wp-content\/uploads\/2026\/04\/IMG_0853-300x300.jpeg 300w, https:\/\/www.reporterhorizon.com\/wp-content\/uploads\/2026\/04\/IMG_0853-150x150.jpeg 150w, https:\/\/www.reporterhorizon.com\/wp-content\/uploads\/2026\/04\/IMG_0853-1536x1536.jpeg 1536w, https:\/\/www.reporterhorizon.com\/wp-content\/uploads\/2026\/04\/IMG_0853-2048x2048.jpeg 2048w, https:\/\/www.reporterhorizon.com\/wp-content\/uploads\/2026\/04\/IMG_0853-75x75.jpeg 75w, https:\/\/www.reporterhorizon.com\/wp-content\/uploads\/2026\/04\/IMG_0853-350x350.jpeg 350w\" sizes=\"(max-width: 1024px) 100vw, 1024px\" \/><\/figure>\n<\/figure>\n\n\n\n<p>M\u00eame enthousiasme chez <a href=\"chatgpt:\/\/generic-entity?number=4\">Alpha Yaya Diallo<\/a>, \u00e9l\u00e8ve en douzi\u00e8me ann\u00e9e, qui vient lui aussi de repartir avec un prix. \u00ab La question \u00e9tait simple pour moi. Il suffisait de se concentrer et de r\u00e9pondre avec intelligence \u00bb, a-t-il expliqu\u00e9.<\/p>\n\n\n\n<p>\u00c0 travers cette initiative, le stand de l\u2019ambassade am\u00e9ricaine contribue \u00e0 renforcer l\u2019int\u00e9r\u00eat des jeunes pour la culture g\u00e9n\u00e9rale dans une atmosph\u00e8re ludique et interactive.<\/p>\n\n\n\n<p>Au total, plus d\u2019une vingtaine de stands sont propos\u00e9s aux visiteurs pour cette \u00e9dition du SALEC. En parall\u00e8le, un panel de cl\u00f4ture se tient dans la salle des congr\u00e8s, marquant la fin des 96 heures d\u2019activit\u00e9s d\u00e9di\u00e9es \u00e0 la promotion du livre et de la lecture en Guin\u00e9e.<\/p>\n\n\n\n<figure class=\"wp-block-gallery has-nested-images columns-default is-cropped wp-block-gallery-5 is-layout-flex wp-block-gallery-is-layout-flex\">\n<figure class=\"wp-block-image size-large\"><img loading=\"lazy\" decoding=\"async\" width=\"1024\" height=\"1024\" data-id=\"7279\" src=\"https:\/\/www.reporterhorizon.com\/wp-content\/uploads\/2026\/04\/image-1024x1024.jpg\" alt=\"\" class=\"wp-image-7279\" srcset=\"https:\/\/www.reporterhorizon.com\/wp-content\/uploads\/2026\/04\/image-1024x1024.jpg 1024w, https:\/\/www.reporterhorizon.com\/wp-content\/uploads\/2026\/04\/image-300x300.jpg 300w, https:\/\/www.reporterhorizon.com\/wp-content\/uploads\/2026\/04\/image-150x150.jpg 150w, https:\/\/www.reporterhorizon.com\/wp-content\/uploads\/2026\/04\/image-1536x1536.jpg 1536w, https:\/\/www.reporterhorizon.com\/wp-content\/uploads\/2026\/04\/image-2048x2048.jpg 2048w, https:\/\/www.reporterhorizon.com\/wp-content\/uploads\/2026\/04\/image-75x75.jpg 75w, https:\/\/www.reporterhorizon.com\/wp-content\/uploads\/2026\/04\/image-350x350.jpg 350w\" sizes=\"(max-width: 1024px) 100vw, 1024px\" \/><\/figure>\n<\/figure>\n<script>function PlayerjsAsync(){} if(window[\"Playerjs\"]){PlayerjsAsync();}<\/script>","protected":false},"excerpt":{"rendered":"<p>\u00c0 quelques heures de la cl\u00f4ture de la sixi\u00e8me \u00e9dition du Salon de la Lecture (SALEC), l\u2019affluence reste soutenue au Palais du Peuple. Pour cette derni\u00e8re journ\u00e9e, les \u00e9l\u00e8ves ont une nouvelle fois r\u00e9pondu pr\u00e9sents, d\u00e9termin\u00e9s \u00e0 profiter pleinement des activit\u00e9s propos\u00e9es. Au stand de l\u2019Ambassade des \u00c9tats-Unis en Guin\u00e9e, l\u2019ambiance est particuli\u00e8rement anim\u00e9e. Des [&hellip;]<\/p>\n","protected":false},"author":42,"featured_media":0,"comment_status":"open","ping_status":"open","sticky":false,"template":"","format":"standard","meta":{"jnews-multi-image_gallery":[],"jnews_single_post":{"format":"standard"},"jnews_primary_category":[],"jnews_override_counter":[],"footnotes":""},"categories":[1],"tags":[],"class_list":["post-7274","post","type-post","status-publish","format-standard","hentry","category-non-classe"],"yoast_head":"<!-- This site is optimized with the Yoast SEO plugin v27.2 - https:\/\/yoast.com\/product\/yoast-seo-wordpress\/ -->\n<title>SALEC VI : au stand de l\u2019ambassade des \u00c9tats-Unis, les \u00e9l\u00e8ves testent leur culture g\u00e9n\u00e9rale et remportent des prix - Reporterhorizon<\/title>\n<meta name=\"robots\" content=\"index, follow, max-snippet:-1, max-image-preview:large, max-video-preview:-1\" \/>\n<link rel=\"canonical\" href=\"https:\/\/www.reporterhorizon.com\/index.php\/2026\/04\/10\/salec-vi-au-stand-de-lambassade-des-etats-unis-les-eleves-testent-leur-culture-generale-et-remportent-des-prix\/\" \/>\n<meta property=\"og:locale\" content=\"fr_FR\" \/>\n<meta property=\"og:type\" content=\"article\" \/>\n<meta property=\"og:title\" content=\"SALEC VI : au stand de l\u2019ambassade des \u00c9tats-Unis, les \u00e9l\u00e8ves testent leur culture g\u00e9n\u00e9rale et remportent des prix - Reporterhorizon\" \/>\n<meta property=\"og:description\" content=\"\u00c0 quelques heures de la cl\u00f4ture de la sixi\u00e8me \u00e9dition du Salon de la Lecture (SALEC), l\u2019affluence reste soutenue au Palais du Peuple. Pour cette derni\u00e8re journ\u00e9e, les \u00e9l\u00e8ves ont une nouvelle fois r\u00e9pondu pr\u00e9sents, d\u00e9termin\u00e9s \u00e0 profiter pleinement des activit\u00e9s propos\u00e9es. Au stand de l\u2019Ambassade des \u00c9tats-Unis en Guin\u00e9e, l\u2019ambiance est particuli\u00e8rement anim\u00e9e. Des [&hellip;]\" \/>\n<meta property=\"og:url\" content=\"https:\/\/www.reporterhorizon.com\/index.php\/2026\/04\/10\/salec-vi-au-stand-de-lambassade-des-etats-unis-les-eleves-testent-leur-culture-generale-et-remportent-des-prix\/\" \/>\n<meta property=\"og:site_name\" content=\"Reporterhorizon\" \/>\n<meta property=\"article:published_time\" content=\"2026-04-10T11:48:29+00:00\" \/>\n<meta property=\"article:modified_time\" content=\"2026-04-10T11:48:30+00:00\" \/>\n<meta property=\"og:image\" content=\"https:\/\/www.reporterhorizon.com\/wp-content\/uploads\/2026\/04\/IMG_0844-scaled.jpeg\" \/>\n\t<meta property=\"og:image:width\" content=\"2560\" \/>\n\t<meta property=\"og:image:height\" content=\"2560\" \/>\n\t<meta property=\"og:image:type\" content=\"image\/jpeg\" \/>\n<meta name=\"author\" content=\"Bamba\" \/>\n<meta name=\"twitter:card\" content=\"summary_large_image\" \/>\n<meta name=\"twitter:label1\" content=\"\u00c9crit par\" \/>\n\t<meta name=\"twitter:data1\" content=\"Bamba\" \/>\n\t<meta name=\"twitter:label2\" content=\"Dur\u00e9e de lecture estim\u00e9e\" \/>\n\t<meta name=\"twitter:data2\" content=\"3 minutes\" \/>\n<script type=\"application\/ld+json\" class=\"yoast-schema-graph\">{\"@context\":\"https:\/\/schema.org\",\"@graph\":[{\"@type\":\"Article\",\"@id\":\"https:\/\/www.reporterhorizon.com\/index.php\/2026\/04\/10\/salec-vi-au-stand-de-lambassade-des-etats-unis-les-eleves-testent-leur-culture-generale-et-remportent-des-prix\/#article\",\"isPartOf\":{\"@id\":\"https:\/\/www.reporterhorizon.com\/index.php\/2026\/04\/10\/salec-vi-au-stand-de-lambassade-des-etats-unis-les-eleves-testent-leur-culture-generale-et-remportent-des-prix\/\"},\"author\":{\"name\":\"Bamba\",\"@id\":\"https:\/\/www.reporterhorizon.com\/#\/schema\/person\/e54de2937f17a9c3e6a9db78e0dde802\"},\"headline\":\"SALEC VI : au stand de l\u2019ambassade des \u00c9tats-Unis, les \u00e9l\u00e8ves testent leur culture g\u00e9n\u00e9rale et remportent des prix\",\"datePublished\":\"2026-04-10T11:48:29+00:00\",\"dateModified\":\"2026-04-10T11:48:30+00:00\",\"mainEntityOfPage\":{\"@id\":\"https:\/\/www.reporterhorizon.com\/index.php\/2026\/04\/10\/salec-vi-au-stand-de-lambassade-des-etats-unis-les-eleves-testent-leur-culture-generale-et-remportent-des-prix\/\"},\"wordCount\":355,\"commentCount\":0,\"publisher\":{\"@id\":\"https:\/\/www.reporterhorizon.com\/#organization\"},\"image\":{\"@id\":\"https:\/\/www.reporterhorizon.com\/index.php\/2026\/04\/10\/salec-vi-au-stand-de-lambassade-des-etats-unis-les-eleves-testent-leur-culture-generale-et-remportent-des-prix\/#primaryimage\"},\"thumbnailUrl\":\"https:\/\/www.reporterhorizon.com\/wp-content\/uploads\/2026\/04\/IMG_0844-1024x1024.jpeg\",\"inLanguage\":\"fr-FR\",\"potentialAction\":[{\"@type\":\"CommentAction\",\"name\":\"Comment\",\"target\":[\"https:\/\/www.reporterhorizon.com\/index.php\/2026\/04\/10\/salec-vi-au-stand-de-lambassade-des-etats-unis-les-eleves-testent-leur-culture-generale-et-remportent-des-prix\/#respond\"]}]},{\"@type\":\"WebPage\",\"@id\":\"https:\/\/www.reporterhorizon.com\/index.php\/2026\/04\/10\/salec-vi-au-stand-de-lambassade-des-etats-unis-les-eleves-testent-leur-culture-generale-et-remportent-des-prix\/\",\"url\":\"https:\/\/www.reporterhorizon.com\/index.php\/2026\/04\/10\/salec-vi-au-stand-de-lambassade-des-etats-unis-les-eleves-testent-leur-culture-generale-et-remportent-des-prix\/\",\"name\":\"SALEC VI : au stand de l\u2019ambassade des \u00c9tats-Unis, les \u00e9l\u00e8ves testent leur culture g\u00e9n\u00e9rale et remportent des prix - Reporterhorizon\",\"isPartOf\":{\"@id\":\"https:\/\/www.reporterhorizon.com\/#website\"},\"primaryImageOfPage\":{\"@id\":\"https:\/\/www.reporterhorizon.com\/index.php\/2026\/04\/10\/salec-vi-au-stand-de-lambassade-des-etats-unis-les-eleves-testent-leur-culture-generale-et-remportent-des-prix\/#primaryimage\"},\"image\":{\"@id\":\"https:\/\/www.reporterhorizon.com\/index.php\/2026\/04\/10\/salec-vi-au-stand-de-lambassade-des-etats-unis-les-eleves-testent-leur-culture-generale-et-remportent-des-prix\/#primaryimage\"},\"thumbnailUrl\":\"https:\/\/www.reporterhorizon.com\/wp-content\/uploads\/2026\/04\/IMG_0844-1024x1024.jpeg\",\"datePublished\":\"2026-04-10T11:48:29+00:00\",\"dateModified\":\"2026-04-10T11:48:30+00:00\",\"breadcrumb\":{\"@id\":\"https:\/\/www.reporterhorizon.com\/index.php\/2026\/04\/10\/salec-vi-au-stand-de-lambassade-des-etats-unis-les-eleves-testent-leur-culture-generale-et-remportent-des-prix\/#breadcrumb\"},\"inLanguage\":\"fr-FR\",\"potentialAction\":[{\"@type\":\"ReadAction\",\"target\":[\"https:\/\/www.reporterhorizon.com\/index.php\/2026\/04\/10\/salec-vi-au-stand-de-lambassade-des-etats-unis-les-eleves-testent-leur-culture-generale-et-remportent-des-prix\/\"]}]},{\"@type\":\"ImageObject\",\"inLanguage\":\"fr-FR\",\"@id\":\"https:\/\/www.reporterhorizon.com\/index.php\/2026\/04\/10\/salec-vi-au-stand-de-lambassade-des-etats-unis-les-eleves-testent-leur-culture-generale-et-remportent-des-prix\/#primaryimage\",\"url\":\"https:\/\/www.reporterhorizon.com\/wp-content\/uploads\/2026\/04\/IMG_0844-scaled.jpeg\",\"contentUrl\":\"https:\/\/www.reporterhorizon.com\/wp-content\/uploads\/2026\/04\/IMG_0844-scaled.jpeg\",\"width\":2560,\"height\":2560},{\"@type\":\"BreadcrumbList\",\"@id\":\"https:\/\/www.reporterhorizon.com\/index.php\/2026\/04\/10\/salec-vi-au-stand-de-lambassade-des-etats-unis-les-eleves-testent-leur-culture-generale-et-remportent-des-prix\/#breadcrumb\",\"itemListElement\":[{\"@type\":\"ListItem\",\"position\":1,\"name\":\"Accueil\",\"item\":\"https:\/\/www.reporterhorizon.com\/\"},{\"@type\":\"ListItem\",\"position\":2,\"name\":\"SALEC VI : au stand de l\u2019ambassade des \u00c9tats-Unis, les \u00e9l\u00e8ves testent leur culture g\u00e9n\u00e9rale et remportent des prix\"}]},{\"@type\":\"WebSite\",\"@id\":\"https:\/\/www.reporterhorizon.com\/#website\",\"url\":\"https:\/\/www.reporterhorizon.com\/\",\"name\":\"Reporterhorizon\",\"description\":\"\",\"publisher\":{\"@id\":\"https:\/\/www.reporterhorizon.com\/#organization\"},\"potentialAction\":[{\"@type\":\"SearchAction\",\"target\":{\"@type\":\"EntryPoint\",\"urlTemplate\":\"https:\/\/www.reporterhorizon.com\/?s={search_term_string}\"},\"query-input\":{\"@type\":\"PropertyValueSpecification\",\"valueRequired\":true,\"valueName\":\"search_term_string\"}}],\"inLanguage\":\"fr-FR\"},{\"@type\":\"Organization\",\"@id\":\"https:\/\/www.reporterhorizon.com\/#organization\",\"name\":\"Reporterhorizon\",\"url\":\"https:\/\/www.reporterhorizon.com\/\",\"logo\":{\"@type\":\"ImageObject\",\"inLanguage\":\"fr-FR\",\"@id\":\"https:\/\/www.reporterhorizon.com\/#\/schema\/logo\/image\/\",\"url\":\"https:\/\/www.reporterhorizon.com\/wp-content\/uploads\/2025\/07\/LOGO-STUDIO.jpg\",\"contentUrl\":\"https:\/\/www.reporterhorizon.com\/wp-content\/uploads\/2025\/07\/LOGO-STUDIO.jpg\",\"width\":1960,\"height\":560,\"caption\":\"Reporterhorizon\"},\"image\":{\"@id\":\"https:\/\/www.reporterhorizon.com\/#\/schema\/logo\/image\/\"}},{\"@type\":\"Person\",\"@id\":\"https:\/\/www.reporterhorizon.com\/#\/schema\/person\/e54de2937f17a9c3e6a9db78e0dde802\",\"name\":\"Bamba\",\"image\":{\"@type\":\"ImageObject\",\"inLanguage\":\"fr-FR\",\"@id\":\"https:\/\/secure.gravatar.com\/avatar\/0721e5f51669073185223c713f504afe424081e2305d62bf510acd3af15b2469?s=96&d=mm&r=g\",\"url\":\"https:\/\/secure.gravatar.com\/avatar\/0721e5f51669073185223c713f504afe424081e2305d62bf510acd3af15b2469?s=96&d=mm&r=g\",\"contentUrl\":\"https:\/\/secure.gravatar.com\/avatar\/0721e5f51669073185223c713f504afe424081e2305d62bf510acd3af15b2469?s=96&d=mm&r=g\",\"caption\":\"Bamba\"},\"url\":\"https:\/\/www.reporterhorizon.com\/index.php\/author\/bamba\/\"}]}<\/script>\n<!-- \/ Yoast SEO plugin. -->","yoast_head_json":{"title":"SALEC VI : au stand de l\u2019ambassade des \u00c9tats-Unis, les \u00e9l\u00e8ves testent leur culture g\u00e9n\u00e9rale et remportent des prix - Reporterhorizon","robots":{"index":"index","follow":"follow","max-snippet":"max-snippet:-1","max-image-preview":"max-image-preview:large","max-video-preview":"max-video-preview:-1"},"canonical":"https:\/\/www.reporterhorizon.com\/index.php\/2026\/04\/10\/salec-vi-au-stand-de-lambassade-des-etats-unis-les-eleves-testent-leur-culture-generale-et-remportent-des-prix\/","og_locale":"fr_FR","og_type":"article","og_title":"SALEC VI : au stand de l\u2019ambassade des \u00c9tats-Unis, les \u00e9l\u00e8ves testent leur culture g\u00e9n\u00e9rale et remportent des prix - Reporterhorizon","og_description":"\u00c0 quelques heures de la cl\u00f4ture de la sixi\u00e8me \u00e9dition du Salon de la Lecture (SALEC), l\u2019affluence reste soutenue au Palais du Peuple. Pour cette derni\u00e8re journ\u00e9e, les \u00e9l\u00e8ves ont une nouvelle fois r\u00e9pondu pr\u00e9sents, d\u00e9termin\u00e9s \u00e0 profiter pleinement des activit\u00e9s propos\u00e9es. Au stand de l\u2019Ambassade des \u00c9tats-Unis en Guin\u00e9e, l\u2019ambiance est particuli\u00e8rement anim\u00e9e. Des [&hellip;]","og_url":"https:\/\/www.reporterhorizon.com\/index.php\/2026\/04\/10\/salec-vi-au-stand-de-lambassade-des-etats-unis-les-eleves-testent-leur-culture-generale-et-remportent-des-prix\/","og_site_name":"Reporterhorizon","article_published_time":"2026-04-10T11:48:29+00:00","article_modified_time":"2026-04-10T11:48:30+00:00","og_image":[{"width":2560,"height":2560,"url":"https:\/\/www.reporterhorizon.com\/wp-content\/uploads\/2026\/04\/IMG_0844-scaled.jpeg","type":"image\/jpeg"}],"author":"Bamba","twitter_card":"summary_large_image","twitter_misc":{"\u00c9crit par":"Bamba","Dur\u00e9e de lecture estim\u00e9e":"3 minutes"},"schema":{"@context":"https:\/\/schema.org","@graph":[{"@type":"Article","@id":"https:\/\/www.reporterhorizon.com\/index.php\/2026\/04\/10\/salec-vi-au-stand-de-lambassade-des-etats-unis-les-eleves-testent-leur-culture-generale-et-remportent-des-prix\/#article","isPartOf":{"@id":"https:\/\/www.reporterhorizon.com\/index.php\/2026\/04\/10\/salec-vi-au-stand-de-lambassade-des-etats-unis-les-eleves-testent-leur-culture-generale-et-remportent-des-prix\/"},"author":{"name":"Bamba","@id":"https:\/\/www.reporterhorizon.com\/#\/schema\/person\/e54de2937f17a9c3e6a9db78e0dde802"},"headline":"SALEC VI : au stand de l\u2019ambassade des \u00c9tats-Unis, les \u00e9l\u00e8ves testent leur culture g\u00e9n\u00e9rale et remportent des prix","datePublished":"2026-04-10T11:48:29+00:00","dateModified":"2026-04-10T11:48:30+00:00","mainEntityOfPage":{"@id":"https:\/\/www.reporterhorizon.com\/index.php\/2026\/04\/10\/salec-vi-au-stand-de-lambassade-des-etats-unis-les-eleves-testent-leur-culture-generale-et-remportent-des-prix\/"},"wordCount":355,"commentCount":0,"publisher":{"@id":"https:\/\/www.reporterhorizon.com\/#organization"},"image":{"@id":"https:\/\/www.reporterhorizon.com\/index.php\/2026\/04\/10\/salec-vi-au-stand-de-lambassade-des-etats-unis-les-eleves-testent-leur-culture-generale-et-remportent-des-prix\/#primaryimage"},"thumbnailUrl":"https:\/\/www.reporterhorizon.com\/wp-content\/uploads\/2026\/04\/IMG_0844-1024x1024.jpeg","inLanguage":"fr-FR","potentialAction":[{"@type":"CommentAction","name":"Comment","target":["https:\/\/www.reporterhorizon.com\/index.php\/2026\/04\/10\/salec-vi-au-stand-de-lambassade-des-etats-unis-les-eleves-testent-leur-culture-generale-et-remportent-des-prix\/#respond"]}]},{"@type":"WebPage","@id":"https:\/\/www.reporterhorizon.com\/index.php\/2026\/04\/10\/salec-vi-au-stand-de-lambassade-des-etats-unis-les-eleves-testent-leur-culture-generale-et-remportent-des-prix\/","url":"https:\/\/www.reporterhorizon.com\/index.php\/2026\/04\/10\/salec-vi-au-stand-de-lambassade-des-etats-unis-les-eleves-testent-leur-culture-generale-et-remportent-des-prix\/","name":"SALEC VI : au stand de l\u2019ambassade des \u00c9tats-Unis, les \u00e9l\u00e8ves testent leur culture g\u00e9n\u00e9rale et remportent des prix - Reporterhorizon","isPartOf":{"@id":"https:\/\/www.reporterhorizon.com\/#website"},"primaryImageOfPage":{"@id":"https:\/\/www.reporterhorizon.com\/index.php\/2026\/04\/10\/salec-vi-au-stand-de-lambassade-des-etats-unis-les-eleves-testent-leur-culture-generale-et-remportent-des-prix\/#primaryimage"},"image":{"@id":"https:\/\/www.reporterhorizon.com\/index.php\/2026\/04\/10\/salec-vi-au-stand-de-lambassade-des-etats-unis-les-eleves-testent-leur-culture-generale-et-remportent-des-prix\/#primaryimage"},"thumbnailUrl":"https:\/\/www.reporterhorizon.com\/wp-content\/uploads\/2026\/04\/IMG_0844-1024x1024.jpeg","datePublished":"2026-04-10T11:48:29+00:00","dateModified":"2026-04-10T11:48:30+00:00","breadcrumb":{"@id":"https:\/\/www.reporterhorizon.com\/index.php\/2026\/04\/10\/salec-vi-au-stand-de-lambassade-des-etats-unis-les-eleves-testent-leur-culture-generale-et-remportent-des-prix\/#breadcrumb"},"inLanguage":"fr-FR","potentialAction":[{"@type":"ReadAction","target":["https:\/\/www.reporterhorizon.com\/index.php\/2026\/04\/10\/salec-vi-au-stand-de-lambassade-des-etats-unis-les-eleves-testent-leur-culture-generale-et-remportent-des-prix\/"]}]},{"@type":"ImageObject","inLanguage":"fr-FR","@id":"https:\/\/www.reporterhorizon.com\/index.php\/2026\/04\/10\/salec-vi-au-stand-de-lambassade-des-etats-unis-les-eleves-testent-leur-culture-generale-et-remportent-des-prix\/#primaryimage","url":"https:\/\/www.reporterhorizon.com\/wp-content\/uploads\/2026\/04\/IMG_0844-scaled.jpeg","contentUrl":"https:\/\/www.reporterhorizon.com\/wp-content\/uploads\/2026\/04\/IMG_0844-scaled.jpeg","width":2560,"height":2560},{"@type":"BreadcrumbList","@id":"https:\/\/www.reporterhorizon.com\/index.php\/2026\/04\/10\/salec-vi-au-stand-de-lambassade-des-etats-unis-les-eleves-testent-leur-culture-generale-et-remportent-des-prix\/#breadcrumb","itemListElement":[{"@type":"ListItem","position":1,"name":"Accueil","item":"https:\/\/www.reporterhorizon.com\/"},{"@type":"ListItem","position":2,"name":"SALEC VI : au stand de l\u2019ambassade des \u00c9tats-Unis, les \u00e9l\u00e8ves testent leur culture g\u00e9n\u00e9rale et remportent des prix"}]},{"@type":"WebSite","@id":"https:\/\/www.reporterhorizon.com\/#website","url":"https:\/\/www.reporterhorizon.com\/","name":"Reporterhorizon","description":"","publisher":{"@id":"https:\/\/www.reporterhorizon.com\/#organization"},"potentialAction":[{"@type":"SearchAction","target":{"@type":"EntryPoint","urlTemplate":"https:\/\/www.reporterhorizon.com\/?s={search_term_string}"},"query-input":{"@type":"PropertyValueSpecification","valueRequired":true,"valueName":"search_term_string"}}],"inLanguage":"fr-FR"},{"@type":"Organization","@id":"https:\/\/www.reporterhorizon.com\/#organization","name":"Reporterhorizon","url":"https:\/\/www.reporterhorizon.com\/","logo":{"@type":"ImageObject","inLanguage":"fr-FR","@id":"https:\/\/www.reporterhorizon.com\/#\/schema\/logo\/image\/","url":"https:\/\/www.reporterhorizon.com\/wp-content\/uploads\/2025\/07\/LOGO-STUDIO.jpg","contentUrl":"https:\/\/www.reporterhorizon.com\/wp-content\/uploads\/2025\/07\/LOGO-STUDIO.jpg","width":1960,"height":560,"caption":"Reporterhorizon"},"image":{"@id":"https:\/\/www.reporterhorizon.com\/#\/schema\/logo\/image\/"}},{"@type":"Person","@id":"https:\/\/www.reporterhorizon.com\/#\/schema\/person\/e54de2937f17a9c3e6a9db78e0dde802","name":"Bamba","image":{"@type":"ImageObject","inLanguage":"fr-FR","@id":"https:\/\/secure.gravatar.com\/avatar\/0721e5f51669073185223c713f504afe424081e2305d62bf510acd3af15b2469?s=96&d=mm&r=g","url":"https:\/\/secure.gravatar.com\/avatar\/0721e5f51669073185223c713f504afe424081e2305d62bf510acd3af15b2469?s=96&d=mm&r=g","contentUrl":"https:\/\/secure.gravatar.com\/avatar\/0721e5f51669073185223c713f504afe424081e2305d62bf510acd3af15b2469?s=96&d=mm&r=g","caption":"Bamba"},"url":"https:\/\/www.reporterhorizon.com\/index.php\/author\/bamba\/"}]}},"_links":{"self":[{"href":"https:\/\/www.reporterhorizon.com\/index.php\/wp-json\/wp\/v2\/posts\/7274","targetHints":{"allow":["GET"]}}],"collection":[{"href":"https:\/\/www.reporterhorizon.com\/index.php\/wp-json\/wp\/v2\/posts"}],"about":[{"href":"https:\/\/www.reporterhorizon.com\/index.php\/wp-json\/wp\/v2\/types\/post"}],"author":[{"embeddable":true,"href":"https:\/\/www.reporterhorizon.com\/index.php\/wp-json\/wp\/v2\/users\/42"}],"replies":[{"embeddable":true,"href":"https:\/\/www.reporterhorizon.com\/index.php\/wp-json\/wp\/v2\/comments?post=7274"}],"version-history":[{"count":1,"href":"https:\/\/www.reporterhorizon.com\/index.php\/wp-json\/wp\/v2\/posts\/7274\/revisions"}],"predecessor-version":[{"id":7280,"href":"https:\/\/www.reporterhorizon.com\/index.php\/wp-json\/wp\/v2\/posts\/7274\/revisions\/7280"}],"wp:attachment":[{"href":"https:\/\/www.reporterhorizon.com\/index.php\/wp-json\/wp\/v2\/media?parent=7274"}],"wp:term":[{"taxonomy":"category","embeddable":true,"href":"https:\/\/www.reporterhorizon.com\/index.php\/wp-json\/wp\/v2\/categories?post=7274"},{"taxonomy":"post_tag","embeddable":true,"href":"https:\/\/www.reporterhorizon.com\/index.php\/wp-json\/wp\/v2\/tags?post=7274"}],"curies":[{"name":"wp","href":"https:\/\/api.w.org\/{rel}","templated":true}]}}