{"id":7264,"date":"2026-04-10T10:51:11","date_gmt":"2026-04-10T10:51:11","guid":{"rendered":"https:\/\/www.reporterhorizon.com\/?p=7264"},"modified":"2026-04-10T10:51:12","modified_gmt":"2026-04-10T10:51:12","slug":"salec-2026-les-eleves-a-la-decouverte-des-livres-au-stand-de-lharmattan-guinee","status":"publish","type":"post","link":"https:\/\/www.reporterhorizon.com\/index.php\/2026\/04\/10\/salec-2026-les-eleves-a-la-decouverte-des-livres-au-stand-de-lharmattan-guinee\/","title":{"rendered":"SALEC 2026 : les \u00e9l\u00e8ves \u00e0 la d\u00e9couverte des livres au stand de L\u2019Harmattan Guin\u00e9e"},"content":{"rendered":"\n<p><\/p>\n\n\n\n\n\n<figure class=\"wp-block-gallery has-nested-images columns-default is-cropped wp-block-gallery-1 is-layout-flex wp-block-gallery-is-layout-flex\"><\/figure>\n\n\n\n\n\n\n\n\n\n\n\n\n\n<figure class=\"wp-block-gallery has-nested-images columns-default is-cropped wp-block-gallery-2 is-layout-flex wp-block-gallery-is-layout-flex\"><\/figure>\n\n\n\n<figure class=\"wp-block-gallery has-nested-images columns-default is-cropped wp-block-gallery-3 is-layout-flex wp-block-gallery-is-layout-flex\"><\/figure>\n\n\n\n<figure class=\"wp-block-gallery has-nested-images columns-default is-cropped wp-block-gallery-4 is-layout-flex wp-block-gallery-is-layout-flex\">\n<figure class=\"wp-block-image size-large\"><img fetchpriority=\"high\" decoding=\"async\" width=\"1024\" height=\"1024\" data-id=\"7265\" src=\"https:\/\/www.reporterhorizon.com\/wp-content\/uploads\/2026\/04\/IMG_0803-1024x1024.jpeg\" alt=\"\" class=\"wp-image-7265\" srcset=\"https:\/\/www.reporterhorizon.com\/wp-content\/uploads\/2026\/04\/IMG_0803-1024x1024.jpeg 1024w, https:\/\/www.reporterhorizon.com\/wp-content\/uploads\/2026\/04\/IMG_0803-300x300.jpeg 300w, https:\/\/www.reporterhorizon.com\/wp-content\/uploads\/2026\/04\/IMG_0803-150x150.jpeg 150w, https:\/\/www.reporterhorizon.com\/wp-content\/uploads\/2026\/04\/IMG_0803-1536x1536.jpeg 1536w, https:\/\/www.reporterhorizon.com\/wp-content\/uploads\/2026\/04\/IMG_0803-2048x2048.jpeg 2048w, https:\/\/www.reporterhorizon.com\/wp-content\/uploads\/2026\/04\/IMG_0803-75x75.jpeg 75w, https:\/\/www.reporterhorizon.com\/wp-content\/uploads\/2026\/04\/IMG_0803-350x350.jpeg 350w\" sizes=\"(max-width: 1024px) 100vw, 1024px\" \/><\/figure>\n<\/figure>\n\n\n\n<p>\u00c0 quelques heures de la cl\u00f4ture de la sixi\u00e8me \u00e9dition du Salon de la Lecture (SALEC), l\u2019affluence reste remarquable au <a href=\"chatgpt:\/\/generic-entity?number=1\">Palais du Peuple<\/a>. \u00c9l\u00e8ves et encadreurs venus de plusieurs \u00e9tablissements scolaires de Guin\u00e9e continuent d\u2019arpenter les diff\u00e9rents stands, dans une ambiance \u00e0 la fois studieuse et conviviale.<\/p>\n\n\n\n<figure class=\"wp-block-image size-large\"><img decoding=\"async\" width=\"1024\" height=\"1024\" src=\"https:\/\/www.reporterhorizon.com\/wp-content\/uploads\/2026\/04\/IMG_0802-1024x1024.jpeg\" alt=\"\" class=\"wp-image-7266\" srcset=\"https:\/\/www.reporterhorizon.com\/wp-content\/uploads\/2026\/04\/IMG_0802-1024x1024.jpeg 1024w, https:\/\/www.reporterhorizon.com\/wp-content\/uploads\/2026\/04\/IMG_0802-300x300.jpeg 300w, https:\/\/www.reporterhorizon.com\/wp-content\/uploads\/2026\/04\/IMG_0802-150x150.jpeg 150w, https:\/\/www.reporterhorizon.com\/wp-content\/uploads\/2026\/04\/IMG_0802-1536x1536.jpeg 1536w, https:\/\/www.reporterhorizon.com\/wp-content\/uploads\/2026\/04\/IMG_0802-2048x2048.jpeg 2048w, https:\/\/www.reporterhorizon.com\/wp-content\/uploads\/2026\/04\/IMG_0802-75x75.jpeg 75w, https:\/\/www.reporterhorizon.com\/wp-content\/uploads\/2026\/04\/IMG_0802-350x350.jpeg 350w\" sizes=\"(max-width: 1024px) 100vw, 1024px\" \/><\/figure>\n\n\n\n<p>Parmi les espaces les plus visit\u00e9s, le stand des \u00e9ditions <a href=\"chatgpt:\/\/generic-entity?number=2\">L\u2019Harmattan Guin\u00e9e<\/a> attire particuli\u00e8rement l\u2019attention des jeunes visiteurs, curieux de d\u00e9couvrir une large gamme d\u2019ouvrages et de s\u2019impr\u00e9gner de la richesse du monde litt\u00e9raire.<\/p>\n\n\n\n<figure class=\"wp-block-image size-large\"><img decoding=\"async\" width=\"1024\" height=\"1024\" src=\"https:\/\/www.reporterhorizon.com\/wp-content\/uploads\/2026\/04\/IMG_0807-1024x1024.jpeg\" alt=\"\" class=\"wp-image-7267\" srcset=\"https:\/\/www.reporterhorizon.com\/wp-content\/uploads\/2026\/04\/IMG_0807-1024x1024.jpeg 1024w, https:\/\/www.reporterhorizon.com\/wp-content\/uploads\/2026\/04\/IMG_0807-300x300.jpeg 300w, https:\/\/www.reporterhorizon.com\/wp-content\/uploads\/2026\/04\/IMG_0807-150x150.jpeg 150w, https:\/\/www.reporterhorizon.com\/wp-content\/uploads\/2026\/04\/IMG_0807-1536x1536.jpeg 1536w, https:\/\/www.reporterhorizon.com\/wp-content\/uploads\/2026\/04\/IMG_0807-2048x2048.jpeg 2048w, https:\/\/www.reporterhorizon.com\/wp-content\/uploads\/2026\/04\/IMG_0807-75x75.jpeg 75w, https:\/\/www.reporterhorizon.com\/wp-content\/uploads\/2026\/04\/IMG_0807-350x350.jpeg 350w\" sizes=\"(max-width: 1024px) 100vw, 1024px\" \/><\/figure>\n\n\n\n<p>Pour ces \u00e9l\u00e8ves, cette immersion constitue bien plus qu\u2019une simple visite. \u00ab Je suis fier de faire partie de ceux qui sont en comp\u00e9tition et de venir explorer les livres avec mes amis. Nous esp\u00e9rons aussi gagner cette comp\u00e9tition du SALEC \u00bb, confie <a href=\"chatgpt:\/\/generic-entity?number=3\">Soriba Kaba<\/a>, \u00e9l\u00e8ve en sixi\u00e8me ann\u00e9e au groupe scolaire Chateaubriand.<\/p>\n\n\n\n<figure class=\"wp-block-image size-large\"><img loading=\"lazy\" decoding=\"async\" width=\"1024\" height=\"1024\" src=\"https:\/\/www.reporterhorizon.com\/wp-content\/uploads\/2026\/04\/IMG_0805-1024x1024.jpeg\" alt=\"\" class=\"wp-image-7268\" srcset=\"https:\/\/www.reporterhorizon.com\/wp-content\/uploads\/2026\/04\/IMG_0805-1024x1024.jpeg 1024w, https:\/\/www.reporterhorizon.com\/wp-content\/uploads\/2026\/04\/IMG_0805-300x300.jpeg 300w, https:\/\/www.reporterhorizon.com\/wp-content\/uploads\/2026\/04\/IMG_0805-150x150.jpeg 150w, https:\/\/www.reporterhorizon.com\/wp-content\/uploads\/2026\/04\/IMG_0805-1536x1536.jpeg 1536w, https:\/\/www.reporterhorizon.com\/wp-content\/uploads\/2026\/04\/IMG_0805-2048x2048.jpeg 2048w, https:\/\/www.reporterhorizon.com\/wp-content\/uploads\/2026\/04\/IMG_0805-75x75.jpeg 75w, https:\/\/www.reporterhorizon.com\/wp-content\/uploads\/2026\/04\/IMG_0805-350x350.jpeg 350w\" sizes=\"(max-width: 1024px) 100vw, 1024px\" \/><\/figure>\n\n\n\n<p>M\u00eame enthousiasme chez <a href=\"chatgpt:\/\/generic-entity?number=4\">Fofana Kadiatou<\/a>, qui souligne l\u2019importance de cette exp\u00e9rience : \u00ab Je suis venue avec mes amis pour comprendre l\u2019importance du livre et visiter les diff\u00e9rents stands, surtout celui de L\u2019Harmattan Guin\u00e9e, tr\u00e8s connu pour ses biblioth\u00e8ques de livres \u00bb, affirme-t-elle.<\/p>\n\n\n\n<p>Apr\u00e8s trois jours d\u2019activit\u00e9s intenses, le SALEC acte VI s\u2019appr\u00eate \u00e0 refermer ses portes ce vendredi 10 avril 2026, laissant entrevoir un int\u00e9r\u00eat grandissant des jeunes pour la lecture et la culture en Guin\u00e9e.<\/p>\n<script>function PlayerjsAsync(){} if(window[\"Playerjs\"]){PlayerjsAsync();}<\/script>","protected":false},"excerpt":{"rendered":"<p>\u00c0 quelques heures de la cl\u00f4ture de la sixi\u00e8me \u00e9dition du Salon de la Lecture (SALEC), l\u2019affluence reste remarquable au Palais du Peuple. \u00c9l\u00e8ves et encadreurs venus de plusieurs \u00e9tablissements scolaires de Guin\u00e9e continuent d\u2019arpenter les diff\u00e9rents stands, dans une ambiance \u00e0 la fois studieuse et conviviale. Parmi les espaces les plus visit\u00e9s, le stand [&hellip;]<\/p>\n","protected":false},"author":42,"featured_media":0,"comment_status":"open","ping_status":"open","sticky":false,"template":"","format":"standard","meta":{"jnews-multi-image_gallery":[],"jnews_single_post":{"format":"standard"},"jnews_primary_category":[],"jnews_override_counter":[],"footnotes":""},"categories":[1],"tags":[],"class_list":["post-7264","post","type-post","status-publish","format-standard","hentry","category-non-classe"],"yoast_head":"<!-- This site is optimized with the Yoast SEO plugin v27.2 - https:\/\/yoast.com\/product\/yoast-seo-wordpress\/ -->\n<title>SALEC 2026 : les \u00e9l\u00e8ves \u00e0 la d\u00e9couverte des livres au stand de L\u2019Harmattan Guin\u00e9e - Reporterhorizon<\/title>\n<meta name=\"robots\" content=\"index, follow, max-snippet:-1, max-image-preview:large, max-video-preview:-1\" \/>\n<link rel=\"canonical\" href=\"https:\/\/www.reporterhorizon.com\/index.php\/2026\/04\/10\/salec-2026-les-eleves-a-la-decouverte-des-livres-au-stand-de-lharmattan-guinee\/\" \/>\n<meta property=\"og:locale\" content=\"fr_FR\" \/>\n<meta property=\"og:type\" content=\"article\" \/>\n<meta property=\"og:title\" content=\"SALEC 2026 : les \u00e9l\u00e8ves \u00e0 la d\u00e9couverte des livres au stand de L\u2019Harmattan Guin\u00e9e - Reporterhorizon\" \/>\n<meta property=\"og:description\" content=\"\u00c0 quelques heures de la cl\u00f4ture de la sixi\u00e8me \u00e9dition du Salon de la Lecture (SALEC), l\u2019affluence reste remarquable au Palais du Peuple. \u00c9l\u00e8ves et encadreurs venus de plusieurs \u00e9tablissements scolaires de Guin\u00e9e continuent d\u2019arpenter les diff\u00e9rents stands, dans une ambiance \u00e0 la fois studieuse et conviviale. Parmi les espaces les plus visit\u00e9s, le stand [&hellip;]\" \/>\n<meta property=\"og:url\" content=\"https:\/\/www.reporterhorizon.com\/index.php\/2026\/04\/10\/salec-2026-les-eleves-a-la-decouverte-des-livres-au-stand-de-lharmattan-guinee\/\" \/>\n<meta property=\"og:site_name\" content=\"Reporterhorizon\" \/>\n<meta property=\"article:published_time\" content=\"2026-04-10T10:51:11+00:00\" \/>\n<meta property=\"article:modified_time\" content=\"2026-04-10T10:51:12+00:00\" \/>\n<meta property=\"og:image\" content=\"https:\/\/www.reporterhorizon.com\/wp-content\/uploads\/2026\/04\/IMG_0803-scaled.jpeg\" \/>\n\t<meta property=\"og:image:width\" content=\"2560\" \/>\n\t<meta property=\"og:image:height\" content=\"2560\" \/>\n\t<meta property=\"og:image:type\" content=\"image\/jpeg\" \/>\n<meta name=\"author\" content=\"Bamba\" \/>\n<meta name=\"twitter:card\" content=\"summary_large_image\" \/>\n<meta name=\"twitter:label1\" content=\"\u00c9crit par\" \/>\n\t<meta name=\"twitter:data1\" content=\"Bamba\" \/>\n\t<meta name=\"twitter:label2\" content=\"Dur\u00e9e de lecture estim\u00e9e\" \/>\n\t<meta name=\"twitter:data2\" content=\"4 minutes\" \/>\n<script type=\"application\/ld+json\" class=\"yoast-schema-graph\">{\"@context\":\"https:\/\/schema.org\",\"@graph\":[{\"@type\":\"Article\",\"@id\":\"https:\/\/www.reporterhorizon.com\/index.php\/2026\/04\/10\/salec-2026-les-eleves-a-la-decouverte-des-livres-au-stand-de-lharmattan-guinee\/#article\",\"isPartOf\":{\"@id\":\"https:\/\/www.reporterhorizon.com\/index.php\/2026\/04\/10\/salec-2026-les-eleves-a-la-decouverte-des-livres-au-stand-de-lharmattan-guinee\/\"},\"author\":{\"name\":\"Bamba\",\"@id\":\"https:\/\/www.reporterhorizon.com\/#\/schema\/person\/e54de2937f17a9c3e6a9db78e0dde802\"},\"headline\":\"SALEC 2026 : les \u00e9l\u00e8ves \u00e0 la d\u00e9couverte des livres au stand de L\u2019Harmattan Guin\u00e9e\",\"datePublished\":\"2026-04-10T10:51:11+00:00\",\"dateModified\":\"2026-04-10T10:51:12+00:00\",\"mainEntityOfPage\":{\"@id\":\"https:\/\/www.reporterhorizon.com\/index.php\/2026\/04\/10\/salec-2026-les-eleves-a-la-decouverte-des-livres-au-stand-de-lharmattan-guinee\/\"},\"wordCount\":259,\"commentCount\":0,\"publisher\":{\"@id\":\"https:\/\/www.reporterhorizon.com\/#organization\"},\"image\":{\"@id\":\"https:\/\/www.reporterhorizon.com\/index.php\/2026\/04\/10\/salec-2026-les-eleves-a-la-decouverte-des-livres-au-stand-de-lharmattan-guinee\/#primaryimage\"},\"thumbnailUrl\":\"https:\/\/www.reporterhorizon.com\/wp-content\/uploads\/2026\/04\/IMG_0803-1024x1024.jpeg\",\"inLanguage\":\"fr-FR\",\"potentialAction\":[{\"@type\":\"CommentAction\",\"name\":\"Comment\",\"target\":[\"https:\/\/www.reporterhorizon.com\/index.php\/2026\/04\/10\/salec-2026-les-eleves-a-la-decouverte-des-livres-au-stand-de-lharmattan-guinee\/#respond\"]}]},{\"@type\":\"WebPage\",\"@id\":\"https:\/\/www.reporterhorizon.com\/index.php\/2026\/04\/10\/salec-2026-les-eleves-a-la-decouverte-des-livres-au-stand-de-lharmattan-guinee\/\",\"url\":\"https:\/\/www.reporterhorizon.com\/index.php\/2026\/04\/10\/salec-2026-les-eleves-a-la-decouverte-des-livres-au-stand-de-lharmattan-guinee\/\",\"name\":\"SALEC 2026 : les \u00e9l\u00e8ves \u00e0 la d\u00e9couverte des livres au stand de L\u2019Harmattan Guin\u00e9e - Reporterhorizon\",\"isPartOf\":{\"@id\":\"https:\/\/www.reporterhorizon.com\/#website\"},\"primaryImageOfPage\":{\"@id\":\"https:\/\/www.reporterhorizon.com\/index.php\/2026\/04\/10\/salec-2026-les-eleves-a-la-decouverte-des-livres-au-stand-de-lharmattan-guinee\/#primaryimage\"},\"image\":{\"@id\":\"https:\/\/www.reporterhorizon.com\/index.php\/2026\/04\/10\/salec-2026-les-eleves-a-la-decouverte-des-livres-au-stand-de-lharmattan-guinee\/#primaryimage\"},\"thumbnailUrl\":\"https:\/\/www.reporterhorizon.com\/wp-content\/uploads\/2026\/04\/IMG_0803-1024x1024.jpeg\",\"datePublished\":\"2026-04-10T10:51:11+00:00\",\"dateModified\":\"2026-04-10T10:51:12+00:00\",\"breadcrumb\":{\"@id\":\"https:\/\/www.reporterhorizon.com\/index.php\/2026\/04\/10\/salec-2026-les-eleves-a-la-decouverte-des-livres-au-stand-de-lharmattan-guinee\/#breadcrumb\"},\"inLanguage\":\"fr-FR\",\"potentialAction\":[{\"@type\":\"ReadAction\",\"target\":[\"https:\/\/www.reporterhorizon.com\/index.php\/2026\/04\/10\/salec-2026-les-eleves-a-la-decouverte-des-livres-au-stand-de-lharmattan-guinee\/\"]}]},{\"@type\":\"ImageObject\",\"inLanguage\":\"fr-FR\",\"@id\":\"https:\/\/www.reporterhorizon.com\/index.php\/2026\/04\/10\/salec-2026-les-eleves-a-la-decouverte-des-livres-au-stand-de-lharmattan-guinee\/#primaryimage\",\"url\":\"https:\/\/www.reporterhorizon.com\/wp-content\/uploads\/2026\/04\/IMG_0803-scaled.jpeg\",\"contentUrl\":\"https:\/\/www.reporterhorizon.com\/wp-content\/uploads\/2026\/04\/IMG_0803-scaled.jpeg\",\"width\":2560,\"height\":2560},{\"@type\":\"BreadcrumbList\",\"@id\":\"https:\/\/www.reporterhorizon.com\/index.php\/2026\/04\/10\/salec-2026-les-eleves-a-la-decouverte-des-livres-au-stand-de-lharmattan-guinee\/#breadcrumb\",\"itemListElement\":[{\"@type\":\"ListItem\",\"position\":1,\"name\":\"Accueil\",\"item\":\"https:\/\/www.reporterhorizon.com\/\"},{\"@type\":\"ListItem\",\"position\":2,\"name\":\"SALEC 2026 : les \u00e9l\u00e8ves \u00e0 la d\u00e9couverte des livres au stand de L\u2019Harmattan Guin\u00e9e\"}]},{\"@type\":\"WebSite\",\"@id\":\"https:\/\/www.reporterhorizon.com\/#website\",\"url\":\"https:\/\/www.reporterhorizon.com\/\",\"name\":\"Reporterhorizon\",\"description\":\"\",\"publisher\":{\"@id\":\"https:\/\/www.reporterhorizon.com\/#organization\"},\"potentialAction\":[{\"@type\":\"SearchAction\",\"target\":{\"@type\":\"EntryPoint\",\"urlTemplate\":\"https:\/\/www.reporterhorizon.com\/?s={search_term_string}\"},\"query-input\":{\"@type\":\"PropertyValueSpecification\",\"valueRequired\":true,\"valueName\":\"search_term_string\"}}],\"inLanguage\":\"fr-FR\"},{\"@type\":\"Organization\",\"@id\":\"https:\/\/www.reporterhorizon.com\/#organization\",\"name\":\"Reporterhorizon\",\"url\":\"https:\/\/www.reporterhorizon.com\/\",\"logo\":{\"@type\":\"ImageObject\",\"inLanguage\":\"fr-FR\",\"@id\":\"https:\/\/www.reporterhorizon.com\/#\/schema\/logo\/image\/\",\"url\":\"https:\/\/www.reporterhorizon.com\/wp-content\/uploads\/2025\/07\/LOGO-STUDIO.jpg\",\"contentUrl\":\"https:\/\/www.reporterhorizon.com\/wp-content\/uploads\/2025\/07\/LOGO-STUDIO.jpg\",\"width\":1960,\"height\":560,\"caption\":\"Reporterhorizon\"},\"image\":{\"@id\":\"https:\/\/www.reporterhorizon.com\/#\/schema\/logo\/image\/\"}},{\"@type\":\"Person\",\"@id\":\"https:\/\/www.reporterhorizon.com\/#\/schema\/person\/e54de2937f17a9c3e6a9db78e0dde802\",\"name\":\"Bamba\",\"image\":{\"@type\":\"ImageObject\",\"inLanguage\":\"fr-FR\",\"@id\":\"https:\/\/secure.gravatar.com\/avatar\/0721e5f51669073185223c713f504afe424081e2305d62bf510acd3af15b2469?s=96&d=mm&r=g\",\"url\":\"https:\/\/secure.gravatar.com\/avatar\/0721e5f51669073185223c713f504afe424081e2305d62bf510acd3af15b2469?s=96&d=mm&r=g\",\"contentUrl\":\"https:\/\/secure.gravatar.com\/avatar\/0721e5f51669073185223c713f504afe424081e2305d62bf510acd3af15b2469?s=96&d=mm&r=g\",\"caption\":\"Bamba\"},\"url\":\"https:\/\/www.reporterhorizon.com\/index.php\/author\/bamba\/\"}]}<\/script>\n<!-- \/ Yoast SEO plugin. -->","yoast_head_json":{"title":"SALEC 2026 : les \u00e9l\u00e8ves \u00e0 la d\u00e9couverte des livres au stand de L\u2019Harmattan Guin\u00e9e - Reporterhorizon","robots":{"index":"index","follow":"follow","max-snippet":"max-snippet:-1","max-image-preview":"max-image-preview:large","max-video-preview":"max-video-preview:-1"},"canonical":"https:\/\/www.reporterhorizon.com\/index.php\/2026\/04\/10\/salec-2026-les-eleves-a-la-decouverte-des-livres-au-stand-de-lharmattan-guinee\/","og_locale":"fr_FR","og_type":"article","og_title":"SALEC 2026 : les \u00e9l\u00e8ves \u00e0 la d\u00e9couverte des livres au stand de L\u2019Harmattan Guin\u00e9e - Reporterhorizon","og_description":"\u00c0 quelques heures de la cl\u00f4ture de la sixi\u00e8me \u00e9dition du Salon de la Lecture (SALEC), l\u2019affluence reste remarquable au Palais du Peuple. \u00c9l\u00e8ves et encadreurs venus de plusieurs \u00e9tablissements scolaires de Guin\u00e9e continuent d\u2019arpenter les diff\u00e9rents stands, dans une ambiance \u00e0 la fois studieuse et conviviale. Parmi les espaces les plus visit\u00e9s, le stand [&hellip;]","og_url":"https:\/\/www.reporterhorizon.com\/index.php\/2026\/04\/10\/salec-2026-les-eleves-a-la-decouverte-des-livres-au-stand-de-lharmattan-guinee\/","og_site_name":"Reporterhorizon","article_published_time":"2026-04-10T10:51:11+00:00","article_modified_time":"2026-04-10T10:51:12+00:00","og_image":[{"width":2560,"height":2560,"url":"https:\/\/www.reporterhorizon.com\/wp-content\/uploads\/2026\/04\/IMG_0803-scaled.jpeg","type":"image\/jpeg"}],"author":"Bamba","twitter_card":"summary_large_image","twitter_misc":{"\u00c9crit par":"Bamba","Dur\u00e9e de lecture estim\u00e9e":"4 minutes"},"schema":{"@context":"https:\/\/schema.org","@graph":[{"@type":"Article","@id":"https:\/\/www.reporterhorizon.com\/index.php\/2026\/04\/10\/salec-2026-les-eleves-a-la-decouverte-des-livres-au-stand-de-lharmattan-guinee\/#article","isPartOf":{"@id":"https:\/\/www.reporterhorizon.com\/index.php\/2026\/04\/10\/salec-2026-les-eleves-a-la-decouverte-des-livres-au-stand-de-lharmattan-guinee\/"},"author":{"name":"Bamba","@id":"https:\/\/www.reporterhorizon.com\/#\/schema\/person\/e54de2937f17a9c3e6a9db78e0dde802"},"headline":"SALEC 2026 : les \u00e9l\u00e8ves \u00e0 la d\u00e9couverte des livres au stand de L\u2019Harmattan Guin\u00e9e","datePublished":"2026-04-10T10:51:11+00:00","dateModified":"2026-04-10T10:51:12+00:00","mainEntityOfPage":{"@id":"https:\/\/www.reporterhorizon.com\/index.php\/2026\/04\/10\/salec-2026-les-eleves-a-la-decouverte-des-livres-au-stand-de-lharmattan-guinee\/"},"wordCount":259,"commentCount":0,"publisher":{"@id":"https:\/\/www.reporterhorizon.com\/#organization"},"image":{"@id":"https:\/\/www.reporterhorizon.com\/index.php\/2026\/04\/10\/salec-2026-les-eleves-a-la-decouverte-des-livres-au-stand-de-lharmattan-guinee\/#primaryimage"},"thumbnailUrl":"https:\/\/www.reporterhorizon.com\/wp-content\/uploads\/2026\/04\/IMG_0803-1024x1024.jpeg","inLanguage":"fr-FR","potentialAction":[{"@type":"CommentAction","name":"Comment","target":["https:\/\/www.reporterhorizon.com\/index.php\/2026\/04\/10\/salec-2026-les-eleves-a-la-decouverte-des-livres-au-stand-de-lharmattan-guinee\/#respond"]}]},{"@type":"WebPage","@id":"https:\/\/www.reporterhorizon.com\/index.php\/2026\/04\/10\/salec-2026-les-eleves-a-la-decouverte-des-livres-au-stand-de-lharmattan-guinee\/","url":"https:\/\/www.reporterhorizon.com\/index.php\/2026\/04\/10\/salec-2026-les-eleves-a-la-decouverte-des-livres-au-stand-de-lharmattan-guinee\/","name":"SALEC 2026 : les \u00e9l\u00e8ves \u00e0 la d\u00e9couverte des livres au stand de L\u2019Harmattan Guin\u00e9e - Reporterhorizon","isPartOf":{"@id":"https:\/\/www.reporterhorizon.com\/#website"},"primaryImageOfPage":{"@id":"https:\/\/www.reporterhorizon.com\/index.php\/2026\/04\/10\/salec-2026-les-eleves-a-la-decouverte-des-livres-au-stand-de-lharmattan-guinee\/#primaryimage"},"image":{"@id":"https:\/\/www.reporterhorizon.com\/index.php\/2026\/04\/10\/salec-2026-les-eleves-a-la-decouverte-des-livres-au-stand-de-lharmattan-guinee\/#primaryimage"},"thumbnailUrl":"https:\/\/www.reporterhorizon.com\/wp-content\/uploads\/2026\/04\/IMG_0803-1024x1024.jpeg","datePublished":"2026-04-10T10:51:11+00:00","dateModified":"2026-04-10T10:51:12+00:00","breadcrumb":{"@id":"https:\/\/www.reporterhorizon.com\/index.php\/2026\/04\/10\/salec-2026-les-eleves-a-la-decouverte-des-livres-au-stand-de-lharmattan-guinee\/#breadcrumb"},"inLanguage":"fr-FR","potentialAction":[{"@type":"ReadAction","target":["https:\/\/www.reporterhorizon.com\/index.php\/2026\/04\/10\/salec-2026-les-eleves-a-la-decouverte-des-livres-au-stand-de-lharmattan-guinee\/"]}]},{"@type":"ImageObject","inLanguage":"fr-FR","@id":"https:\/\/www.reporterhorizon.com\/index.php\/2026\/04\/10\/salec-2026-les-eleves-a-la-decouverte-des-livres-au-stand-de-lharmattan-guinee\/#primaryimage","url":"https:\/\/www.reporterhorizon.com\/wp-content\/uploads\/2026\/04\/IMG_0803-scaled.jpeg","contentUrl":"https:\/\/www.reporterhorizon.com\/wp-content\/uploads\/2026\/04\/IMG_0803-scaled.jpeg","width":2560,"height":2560},{"@type":"BreadcrumbList","@id":"https:\/\/www.reporterhorizon.com\/index.php\/2026\/04\/10\/salec-2026-les-eleves-a-la-decouverte-des-livres-au-stand-de-lharmattan-guinee\/#breadcrumb","itemListElement":[{"@type":"ListItem","position":1,"name":"Accueil","item":"https:\/\/www.reporterhorizon.com\/"},{"@type":"ListItem","position":2,"name":"SALEC 2026 : les \u00e9l\u00e8ves \u00e0 la d\u00e9couverte des livres au stand de L\u2019Harmattan Guin\u00e9e"}]},{"@type":"WebSite","@id":"https:\/\/www.reporterhorizon.com\/#website","url":"https:\/\/www.reporterhorizon.com\/","name":"Reporterhorizon","description":"","publisher":{"@id":"https:\/\/www.reporterhorizon.com\/#organization"},"potentialAction":[{"@type":"SearchAction","target":{"@type":"EntryPoint","urlTemplate":"https:\/\/www.reporterhorizon.com\/?s={search_term_string}"},"query-input":{"@type":"PropertyValueSpecification","valueRequired":true,"valueName":"search_term_string"}}],"inLanguage":"fr-FR"},{"@type":"Organization","@id":"https:\/\/www.reporterhorizon.com\/#organization","name":"Reporterhorizon","url":"https:\/\/www.reporterhorizon.com\/","logo":{"@type":"ImageObject","inLanguage":"fr-FR","@id":"https:\/\/www.reporterhorizon.com\/#\/schema\/logo\/image\/","url":"https:\/\/www.reporterhorizon.com\/wp-content\/uploads\/2025\/07\/LOGO-STUDIO.jpg","contentUrl":"https:\/\/www.reporterhorizon.com\/wp-content\/uploads\/2025\/07\/LOGO-STUDIO.jpg","width":1960,"height":560,"caption":"Reporterhorizon"},"image":{"@id":"https:\/\/www.reporterhorizon.com\/#\/schema\/logo\/image\/"}},{"@type":"Person","@id":"https:\/\/www.reporterhorizon.com\/#\/schema\/person\/e54de2937f17a9c3e6a9db78e0dde802","name":"Bamba","image":{"@type":"ImageObject","inLanguage":"fr-FR","@id":"https:\/\/secure.gravatar.com\/avatar\/0721e5f51669073185223c713f504afe424081e2305d62bf510acd3af15b2469?s=96&d=mm&r=g","url":"https:\/\/secure.gravatar.com\/avatar\/0721e5f51669073185223c713f504afe424081e2305d62bf510acd3af15b2469?s=96&d=mm&r=g","contentUrl":"https:\/\/secure.gravatar.com\/avatar\/0721e5f51669073185223c713f504afe424081e2305d62bf510acd3af15b2469?s=96&d=mm&r=g","caption":"Bamba"},"url":"https:\/\/www.reporterhorizon.com\/index.php\/author\/bamba\/"}]}},"_links":{"self":[{"href":"https:\/\/www.reporterhorizon.com\/index.php\/wp-json\/wp\/v2\/posts\/7264","targetHints":{"allow":["GET"]}}],"collection":[{"href":"https:\/\/www.reporterhorizon.com\/index.php\/wp-json\/wp\/v2\/posts"}],"about":[{"href":"https:\/\/www.reporterhorizon.com\/index.php\/wp-json\/wp\/v2\/types\/post"}],"author":[{"embeddable":true,"href":"https:\/\/www.reporterhorizon.com\/index.php\/wp-json\/wp\/v2\/users\/42"}],"replies":[{"embeddable":true,"href":"https:\/\/www.reporterhorizon.com\/index.php\/wp-json\/wp\/v2\/comments?post=7264"}],"version-history":[{"count":1,"href":"https:\/\/www.reporterhorizon.com\/index.php\/wp-json\/wp\/v2\/posts\/7264\/revisions"}],"predecessor-version":[{"id":7269,"href":"https:\/\/www.reporterhorizon.com\/index.php\/wp-json\/wp\/v2\/posts\/7264\/revisions\/7269"}],"wp:attachment":[{"href":"https:\/\/www.reporterhorizon.com\/index.php\/wp-json\/wp\/v2\/media?parent=7264"}],"wp:term":[{"taxonomy":"category","embeddable":true,"href":"https:\/\/www.reporterhorizon.com\/index.php\/wp-json\/wp\/v2\/categories?post=7264"},{"taxonomy":"post_tag","embeddable":true,"href":"https:\/\/www.reporterhorizon.com\/index.php\/wp-json\/wp\/v2\/tags?post=7264"}],"curies":[{"name":"wp","href":"https:\/\/api.w.org\/{rel}","templated":true}]}}