{"id":7000,"date":"2025-11-01T07:33:50","date_gmt":"2025-11-01T07:33:50","guid":{"rendered":"https:\/\/www.reporterhorizon.com\/index.php\/2025\/11\/01\/presidentielle-2025-dr-ousmane-kaba-depose-sa-candidature-a-la-cour-supreme\/"},"modified":"2025-11-01T07:33:50","modified_gmt":"2025-11-01T07:33:50","slug":"presidentielle-2025-dr-ousmane-kaba-depose-sa-candidature-a-la-cour-supreme","status":"publish","type":"post","link":"https:\/\/www.reporterhorizon.com\/index.php\/2025\/11\/01\/presidentielle-2025-dr-ousmane-kaba-depose-sa-candidature-a-la-cour-supreme\/","title":{"rendered":"Pr\u00e9sidentielle 2025 : Dr Ousmane Kaba d\u00e9pose sa candidature \u00e0 la cour supr\u00eame"},"content":{"rendered":"<p>L\u2019ancien ministre et leader du parti des D\u00e9mocrates pour l\u2019Espoir &#8211; PADES, a annonc\u00e9 vendredi 31 octobre avoir d\u00e9pos\u00e9 \u00e0 la Cour supr\u00eame ses dossiers de candidature \u00e0 l\u2019\u00e9lection pr\u00e9sidentielle pr\u00e9vue le 28 d\u00e9cembre 2025.<\/p>\n<p><em>\u00a0\u00ab Ce vendredi 31 octobre 2025, j\u2019ai officiellement d\u00e9pos\u00e9 mes dossiers de candidature \u00e0 l\u2019\u00e9lection pr\u00e9sidentielle du 28 d\u00e9cembre 2025, en tant que candidat du PADES. Cet acte marque une \u00e9tape importante dans notre engagement commun pour une Guin\u00e9e unie, juste et prosp\u00e8re. Je mesure pleinement la responsabilit\u00e9 qui m\u2019incombe et je reste anim\u00e9 par une seule conviction : servir le peuple guin\u00e9en avec honn\u00eatet\u00e9, courage et d\u00e9termination. L\u2019heure est venue de redonner espoir, de b\u00e2tir ensemble un avenir meilleur pour chaque Guin\u00e9enne et chaque Guin\u00e9en \u00bb<\/em>, a t-il d\u00e9clar\u00e9 sur son compte Facebook.<\/p>\n<p>Outre le pr\u00e9sident du PADES, ils sont \u00e0 date une dizaine de leaders politiques qui ont d\u00e9j\u00e0 fait part de leur intention de se pr\u00e9senter \u00e0 la prochaine \u00e9lection pr\u00e9sidentielle. Parmi eux, on note aussi l&#8217;ancien Premier Ministre, Lansana Kouyat\u00e9 du PEDN.<\/p>\n<p>\u00a0<\/p>\n<p><strong>La r\u00e9daction de Reporterhorizon.com<\/strong>\u00a0<\/p>\n<p>\u00a0<\/p>\n<script>function PlayerjsAsync(){} if(window[\"Playerjs\"]){PlayerjsAsync();}<\/script>","protected":false},"excerpt":{"rendered":"<p>L\u2019ancien ministre et leader du parti des D\u00e9mocrates pour l\u2019Espoir &#8211; PADES, a annonc\u00e9 vendredi 31 octobre avoir d\u00e9pos\u00e9 \u00e0 la Cour supr\u00eame ses dossiers de candidature \u00e0 l\u2019\u00e9lection pr\u00e9sidentielle pr\u00e9vue le 28 d\u00e9cembre 2025. \u00a0\u00ab Ce vendredi 31 octobre 2025, j\u2019ai officiellement d\u00e9pos\u00e9 mes dossiers de candidature \u00e0 l\u2019\u00e9lection pr\u00e9sidentielle du 28 d\u00e9cembre 2025, [&hellip;]<\/p>\n","protected":false},"author":36,"featured_media":6999,"comment_status":"open","ping_status":"open","sticky":false,"template":"","format":"standard","meta":{"jnews-multi-image_gallery":[],"jnews_single_post":[],"jnews_primary_category":[],"jnews_override_counter":[],"footnotes":""},"categories":[173],"tags":[],"class_list":["post-7000","post","type-post","status-publish","format-standard","has-post-thumbnail","hentry","category-politique"],"yoast_head":"<!-- This site is optimized with the Yoast SEO plugin v27.2 - https:\/\/yoast.com\/product\/yoast-seo-wordpress\/ -->\n<title>Pr\u00e9sidentielle 2025 : Dr Ousmane Kaba d\u00e9pose sa candidature \u00e0 la cour supr\u00eame - Reporterhorizon<\/title>\n<meta name=\"robots\" content=\"index, follow, max-snippet:-1, max-image-preview:large, max-video-preview:-1\" \/>\n<link rel=\"canonical\" href=\"https:\/\/www.reporterhorizon.com\/index.php\/2025\/11\/01\/presidentielle-2025-dr-ousmane-kaba-depose-sa-candidature-a-la-cour-supreme\/\" \/>\n<meta property=\"og:locale\" content=\"fr_FR\" \/>\n<meta property=\"og:type\" content=\"article\" \/>\n<meta property=\"og:title\" content=\"Pr\u00e9sidentielle 2025 : Dr Ousmane Kaba d\u00e9pose sa candidature \u00e0 la cour supr\u00eame - Reporterhorizon\" \/>\n<meta property=\"og:description\" content=\"L\u2019ancien ministre et leader du parti des D\u00e9mocrates pour l\u2019Espoir &#8211; PADES, a annonc\u00e9 vendredi 31 octobre avoir d\u00e9pos\u00e9 \u00e0 la Cour supr\u00eame ses dossiers de candidature \u00e0 l\u2019\u00e9lection pr\u00e9sidentielle pr\u00e9vue le 28 d\u00e9cembre 2025. \u00a0\u00ab Ce vendredi 31 octobre 2025, j\u2019ai officiellement d\u00e9pos\u00e9 mes dossiers de candidature \u00e0 l\u2019\u00e9lection pr\u00e9sidentielle du 28 d\u00e9cembre 2025, [&hellip;]\" \/>\n<meta property=\"og:url\" content=\"https:\/\/www.reporterhorizon.com\/index.php\/2025\/11\/01\/presidentielle-2025-dr-ousmane-kaba-depose-sa-candidature-a-la-cour-supreme\/\" \/>\n<meta property=\"og:site_name\" content=\"Reporterhorizon\" \/>\n<meta property=\"article:published_time\" content=\"2025-11-01T07:33:50+00:00\" \/>\n<meta property=\"og:image\" content=\"https:\/\/www.reporterhorizon.com\/wp-content\/uploads\/2025\/11\/guest-1761982422-e03f-1000989441.jpg\" \/>\n\t<meta property=\"og:image:width\" content=\"2048\" \/>\n\t<meta property=\"og:image:height\" content=\"1628\" \/>\n\t<meta property=\"og:image:type\" content=\"image\/jpeg\" \/>\n<meta name=\"author\" content=\"Reporterhorizon\" \/>\n<meta name=\"twitter:card\" content=\"summary_large_image\" \/>\n<meta name=\"twitter:label1\" content=\"\u00c9crit par\" \/>\n\t<meta name=\"twitter:data1\" content=\"Reporterhorizon\" \/>\n\t<meta name=\"twitter:label2\" content=\"Dur\u00e9e de lecture estim\u00e9e\" \/>\n\t<meta name=\"twitter:data2\" content=\"1 minute\" \/>\n<script type=\"application\/ld+json\" class=\"yoast-schema-graph\">{\"@context\":\"https:\/\/schema.org\",\"@graph\":[{\"@type\":\"Article\",\"@id\":\"https:\/\/www.reporterhorizon.com\/index.php\/2025\/11\/01\/presidentielle-2025-dr-ousmane-kaba-depose-sa-candidature-a-la-cour-supreme\/#article\",\"isPartOf\":{\"@id\":\"https:\/\/www.reporterhorizon.com\/index.php\/2025\/11\/01\/presidentielle-2025-dr-ousmane-kaba-depose-sa-candidature-a-la-cour-supreme\/\"},\"author\":{\"name\":\"Reporterhorizon\",\"@id\":\"https:\/\/www.reporterhorizon.com\/#\/schema\/person\/4f6028bc9d3c66edf00b47a17ed7e35d\"},\"headline\":\"Pr\u00e9sidentielle 2025 : Dr Ousmane Kaba d\u00e9pose sa candidature \u00e0 la cour supr\u00eame\",\"datePublished\":\"2025-11-01T07:33:50+00:00\",\"mainEntityOfPage\":{\"@id\":\"https:\/\/www.reporterhorizon.com\/index.php\/2025\/11\/01\/presidentielle-2025-dr-ousmane-kaba-depose-sa-candidature-a-la-cour-supreme\/\"},\"wordCount\":205,\"commentCount\":0,\"publisher\":{\"@id\":\"https:\/\/www.reporterhorizon.com\/#organization\"},\"image\":{\"@id\":\"https:\/\/www.reporterhorizon.com\/index.php\/2025\/11\/01\/presidentielle-2025-dr-ousmane-kaba-depose-sa-candidature-a-la-cour-supreme\/#primaryimage\"},\"thumbnailUrl\":\"https:\/\/www.reporterhorizon.com\/wp-content\/uploads\/2025\/11\/guest-1761982422-e03f-1000989441.jpg\",\"articleSection\":[\"POLITIQUE\"],\"inLanguage\":\"fr-FR\",\"potentialAction\":[{\"@type\":\"CommentAction\",\"name\":\"Comment\",\"target\":[\"https:\/\/www.reporterhorizon.com\/index.php\/2025\/11\/01\/presidentielle-2025-dr-ousmane-kaba-depose-sa-candidature-a-la-cour-supreme\/#respond\"]}]},{\"@type\":\"WebPage\",\"@id\":\"https:\/\/www.reporterhorizon.com\/index.php\/2025\/11\/01\/presidentielle-2025-dr-ousmane-kaba-depose-sa-candidature-a-la-cour-supreme\/\",\"url\":\"https:\/\/www.reporterhorizon.com\/index.php\/2025\/11\/01\/presidentielle-2025-dr-ousmane-kaba-depose-sa-candidature-a-la-cour-supreme\/\",\"name\":\"Pr\u00e9sidentielle 2025 : Dr Ousmane Kaba d\u00e9pose sa candidature \u00e0 la cour supr\u00eame - Reporterhorizon\",\"isPartOf\":{\"@id\":\"https:\/\/www.reporterhorizon.com\/#website\"},\"primaryImageOfPage\":{\"@id\":\"https:\/\/www.reporterhorizon.com\/index.php\/2025\/11\/01\/presidentielle-2025-dr-ousmane-kaba-depose-sa-candidature-a-la-cour-supreme\/#primaryimage\"},\"image\":{\"@id\":\"https:\/\/www.reporterhorizon.com\/index.php\/2025\/11\/01\/presidentielle-2025-dr-ousmane-kaba-depose-sa-candidature-a-la-cour-supreme\/#primaryimage\"},\"thumbnailUrl\":\"https:\/\/www.reporterhorizon.com\/wp-content\/uploads\/2025\/11\/guest-1761982422-e03f-1000989441.jpg\",\"datePublished\":\"2025-11-01T07:33:50+00:00\",\"breadcrumb\":{\"@id\":\"https:\/\/www.reporterhorizon.com\/index.php\/2025\/11\/01\/presidentielle-2025-dr-ousmane-kaba-depose-sa-candidature-a-la-cour-supreme\/#breadcrumb\"},\"inLanguage\":\"fr-FR\",\"potentialAction\":[{\"@type\":\"ReadAction\",\"target\":[\"https:\/\/www.reporterhorizon.com\/index.php\/2025\/11\/01\/presidentielle-2025-dr-ousmane-kaba-depose-sa-candidature-a-la-cour-supreme\/\"]}]},{\"@type\":\"ImageObject\",\"inLanguage\":\"fr-FR\",\"@id\":\"https:\/\/www.reporterhorizon.com\/index.php\/2025\/11\/01\/presidentielle-2025-dr-ousmane-kaba-depose-sa-candidature-a-la-cour-supreme\/#primaryimage\",\"url\":\"https:\/\/www.reporterhorizon.com\/wp-content\/uploads\/2025\/11\/guest-1761982422-e03f-1000989441.jpg\",\"contentUrl\":\"https:\/\/www.reporterhorizon.com\/wp-content\/uploads\/2025\/11\/guest-1761982422-e03f-1000989441.jpg\",\"width\":2048,\"height\":1628},{\"@type\":\"BreadcrumbList\",\"@id\":\"https:\/\/www.reporterhorizon.com\/index.php\/2025\/11\/01\/presidentielle-2025-dr-ousmane-kaba-depose-sa-candidature-a-la-cour-supreme\/#breadcrumb\",\"itemListElement\":[{\"@type\":\"ListItem\",\"position\":1,\"name\":\"Accueil\",\"item\":\"https:\/\/www.reporterhorizon.com\/\"},{\"@type\":\"ListItem\",\"position\":2,\"name\":\"Pr\u00e9sidentielle 2025 : Dr Ousmane Kaba d\u00e9pose sa candidature \u00e0 la cour supr\u00eame\"}]},{\"@type\":\"WebSite\",\"@id\":\"https:\/\/www.reporterhorizon.com\/#website\",\"url\":\"https:\/\/www.reporterhorizon.com\/\",\"name\":\"Reporterhorizon\",\"description\":\"\",\"publisher\":{\"@id\":\"https:\/\/www.reporterhorizon.com\/#organization\"},\"potentialAction\":[{\"@type\":\"SearchAction\",\"target\":{\"@type\":\"EntryPoint\",\"urlTemplate\":\"https:\/\/www.reporterhorizon.com\/?s={search_term_string}\"},\"query-input\":{\"@type\":\"PropertyValueSpecification\",\"valueRequired\":true,\"valueName\":\"search_term_string\"}}],\"inLanguage\":\"fr-FR\"},{\"@type\":\"Organization\",\"@id\":\"https:\/\/www.reporterhorizon.com\/#organization\",\"name\":\"Reporterhorizon\",\"url\":\"https:\/\/www.reporterhorizon.com\/\",\"logo\":{\"@type\":\"ImageObject\",\"inLanguage\":\"fr-FR\",\"@id\":\"https:\/\/www.reporterhorizon.com\/#\/schema\/logo\/image\/\",\"url\":\"https:\/\/www.reporterhorizon.com\/wp-content\/uploads\/2025\/07\/LOGO-STUDIO.jpg\",\"contentUrl\":\"https:\/\/www.reporterhorizon.com\/wp-content\/uploads\/2025\/07\/LOGO-STUDIO.jpg\",\"width\":1960,\"height\":560,\"caption\":\"Reporterhorizon\"},\"image\":{\"@id\":\"https:\/\/www.reporterhorizon.com\/#\/schema\/logo\/image\/\"}},{\"@type\":\"Person\",\"@id\":\"https:\/\/www.reporterhorizon.com\/#\/schema\/person\/4f6028bc9d3c66edf00b47a17ed7e35d\",\"name\":\"Reporterhorizon\",\"image\":{\"@type\":\"ImageObject\",\"inLanguage\":\"fr-FR\",\"@id\":\"https:\/\/secure.gravatar.com\/avatar\/091bd798f14439802a0d747ed5d04040927995707808e944761e01f4fe0c777d?s=96&d=mm&r=g\",\"url\":\"https:\/\/secure.gravatar.com\/avatar\/091bd798f14439802a0d747ed5d04040927995707808e944761e01f4fe0c777d?s=96&d=mm&r=g\",\"contentUrl\":\"https:\/\/secure.gravatar.com\/avatar\/091bd798f14439802a0d747ed5d04040927995707808e944761e01f4fe0c777d?s=96&d=mm&r=g\",\"caption\":\"Reporterhorizon\"},\"url\":\"https:\/\/www.reporterhorizon.com\/index.php\/author\/reporterhorizon\/\"}]}<\/script>\n<!-- \/ Yoast SEO plugin. -->","yoast_head_json":{"title":"Pr\u00e9sidentielle 2025 : Dr Ousmane Kaba d\u00e9pose sa candidature \u00e0 la cour supr\u00eame - Reporterhorizon","robots":{"index":"index","follow":"follow","max-snippet":"max-snippet:-1","max-image-preview":"max-image-preview:large","max-video-preview":"max-video-preview:-1"},"canonical":"https:\/\/www.reporterhorizon.com\/index.php\/2025\/11\/01\/presidentielle-2025-dr-ousmane-kaba-depose-sa-candidature-a-la-cour-supreme\/","og_locale":"fr_FR","og_type":"article","og_title":"Pr\u00e9sidentielle 2025 : Dr Ousmane Kaba d\u00e9pose sa candidature \u00e0 la cour supr\u00eame - Reporterhorizon","og_description":"L\u2019ancien ministre et leader du parti des D\u00e9mocrates pour l\u2019Espoir &#8211; PADES, a annonc\u00e9 vendredi 31 octobre avoir d\u00e9pos\u00e9 \u00e0 la Cour supr\u00eame ses dossiers de candidature \u00e0 l\u2019\u00e9lection pr\u00e9sidentielle pr\u00e9vue le 28 d\u00e9cembre 2025. \u00a0\u00ab Ce vendredi 31 octobre 2025, j\u2019ai officiellement d\u00e9pos\u00e9 mes dossiers de candidature \u00e0 l\u2019\u00e9lection pr\u00e9sidentielle du 28 d\u00e9cembre 2025, [&hellip;]","og_url":"https:\/\/www.reporterhorizon.com\/index.php\/2025\/11\/01\/presidentielle-2025-dr-ousmane-kaba-depose-sa-candidature-a-la-cour-supreme\/","og_site_name":"Reporterhorizon","article_published_time":"2025-11-01T07:33:50+00:00","og_image":[{"width":2048,"height":1628,"url":"https:\/\/www.reporterhorizon.com\/wp-content\/uploads\/2025\/11\/guest-1761982422-e03f-1000989441.jpg","type":"image\/jpeg"}],"author":"Reporterhorizon","twitter_card":"summary_large_image","twitter_misc":{"\u00c9crit par":"Reporterhorizon","Dur\u00e9e de lecture estim\u00e9e":"1 minute"},"schema":{"@context":"https:\/\/schema.org","@graph":[{"@type":"Article","@id":"https:\/\/www.reporterhorizon.com\/index.php\/2025\/11\/01\/presidentielle-2025-dr-ousmane-kaba-depose-sa-candidature-a-la-cour-supreme\/#article","isPartOf":{"@id":"https:\/\/www.reporterhorizon.com\/index.php\/2025\/11\/01\/presidentielle-2025-dr-ousmane-kaba-depose-sa-candidature-a-la-cour-supreme\/"},"author":{"name":"Reporterhorizon","@id":"https:\/\/www.reporterhorizon.com\/#\/schema\/person\/4f6028bc9d3c66edf00b47a17ed7e35d"},"headline":"Pr\u00e9sidentielle 2025 : Dr Ousmane Kaba d\u00e9pose sa candidature \u00e0 la cour supr\u00eame","datePublished":"2025-11-01T07:33:50+00:00","mainEntityOfPage":{"@id":"https:\/\/www.reporterhorizon.com\/index.php\/2025\/11\/01\/presidentielle-2025-dr-ousmane-kaba-depose-sa-candidature-a-la-cour-supreme\/"},"wordCount":205,"commentCount":0,"publisher":{"@id":"https:\/\/www.reporterhorizon.com\/#organization"},"image":{"@id":"https:\/\/www.reporterhorizon.com\/index.php\/2025\/11\/01\/presidentielle-2025-dr-ousmane-kaba-depose-sa-candidature-a-la-cour-supreme\/#primaryimage"},"thumbnailUrl":"https:\/\/www.reporterhorizon.com\/wp-content\/uploads\/2025\/11\/guest-1761982422-e03f-1000989441.jpg","articleSection":["POLITIQUE"],"inLanguage":"fr-FR","potentialAction":[{"@type":"CommentAction","name":"Comment","target":["https:\/\/www.reporterhorizon.com\/index.php\/2025\/11\/01\/presidentielle-2025-dr-ousmane-kaba-depose-sa-candidature-a-la-cour-supreme\/#respond"]}]},{"@type":"WebPage","@id":"https:\/\/www.reporterhorizon.com\/index.php\/2025\/11\/01\/presidentielle-2025-dr-ousmane-kaba-depose-sa-candidature-a-la-cour-supreme\/","url":"https:\/\/www.reporterhorizon.com\/index.php\/2025\/11\/01\/presidentielle-2025-dr-ousmane-kaba-depose-sa-candidature-a-la-cour-supreme\/","name":"Pr\u00e9sidentielle 2025 : Dr Ousmane Kaba d\u00e9pose sa candidature \u00e0 la cour supr\u00eame - Reporterhorizon","isPartOf":{"@id":"https:\/\/www.reporterhorizon.com\/#website"},"primaryImageOfPage":{"@id":"https:\/\/www.reporterhorizon.com\/index.php\/2025\/11\/01\/presidentielle-2025-dr-ousmane-kaba-depose-sa-candidature-a-la-cour-supreme\/#primaryimage"},"image":{"@id":"https:\/\/www.reporterhorizon.com\/index.php\/2025\/11\/01\/presidentielle-2025-dr-ousmane-kaba-depose-sa-candidature-a-la-cour-supreme\/#primaryimage"},"thumbnailUrl":"https:\/\/www.reporterhorizon.com\/wp-content\/uploads\/2025\/11\/guest-1761982422-e03f-1000989441.jpg","datePublished":"2025-11-01T07:33:50+00:00","breadcrumb":{"@id":"https:\/\/www.reporterhorizon.com\/index.php\/2025\/11\/01\/presidentielle-2025-dr-ousmane-kaba-depose-sa-candidature-a-la-cour-supreme\/#breadcrumb"},"inLanguage":"fr-FR","potentialAction":[{"@type":"ReadAction","target":["https:\/\/www.reporterhorizon.com\/index.php\/2025\/11\/01\/presidentielle-2025-dr-ousmane-kaba-depose-sa-candidature-a-la-cour-supreme\/"]}]},{"@type":"ImageObject","inLanguage":"fr-FR","@id":"https:\/\/www.reporterhorizon.com\/index.php\/2025\/11\/01\/presidentielle-2025-dr-ousmane-kaba-depose-sa-candidature-a-la-cour-supreme\/#primaryimage","url":"https:\/\/www.reporterhorizon.com\/wp-content\/uploads\/2025\/11\/guest-1761982422-e03f-1000989441.jpg","contentUrl":"https:\/\/www.reporterhorizon.com\/wp-content\/uploads\/2025\/11\/guest-1761982422-e03f-1000989441.jpg","width":2048,"height":1628},{"@type":"BreadcrumbList","@id":"https:\/\/www.reporterhorizon.com\/index.php\/2025\/11\/01\/presidentielle-2025-dr-ousmane-kaba-depose-sa-candidature-a-la-cour-supreme\/#breadcrumb","itemListElement":[{"@type":"ListItem","position":1,"name":"Accueil","item":"https:\/\/www.reporterhorizon.com\/"},{"@type":"ListItem","position":2,"name":"Pr\u00e9sidentielle 2025 : Dr Ousmane Kaba d\u00e9pose sa candidature \u00e0 la cour supr\u00eame"}]},{"@type":"WebSite","@id":"https:\/\/www.reporterhorizon.com\/#website","url":"https:\/\/www.reporterhorizon.com\/","name":"Reporterhorizon","description":"","publisher":{"@id":"https:\/\/www.reporterhorizon.com\/#organization"},"potentialAction":[{"@type":"SearchAction","target":{"@type":"EntryPoint","urlTemplate":"https:\/\/www.reporterhorizon.com\/?s={search_term_string}"},"query-input":{"@type":"PropertyValueSpecification","valueRequired":true,"valueName":"search_term_string"}}],"inLanguage":"fr-FR"},{"@type":"Organization","@id":"https:\/\/www.reporterhorizon.com\/#organization","name":"Reporterhorizon","url":"https:\/\/www.reporterhorizon.com\/","logo":{"@type":"ImageObject","inLanguage":"fr-FR","@id":"https:\/\/www.reporterhorizon.com\/#\/schema\/logo\/image\/","url":"https:\/\/www.reporterhorizon.com\/wp-content\/uploads\/2025\/07\/LOGO-STUDIO.jpg","contentUrl":"https:\/\/www.reporterhorizon.com\/wp-content\/uploads\/2025\/07\/LOGO-STUDIO.jpg","width":1960,"height":560,"caption":"Reporterhorizon"},"image":{"@id":"https:\/\/www.reporterhorizon.com\/#\/schema\/logo\/image\/"}},{"@type":"Person","@id":"https:\/\/www.reporterhorizon.com\/#\/schema\/person\/4f6028bc9d3c66edf00b47a17ed7e35d","name":"Reporterhorizon","image":{"@type":"ImageObject","inLanguage":"fr-FR","@id":"https:\/\/secure.gravatar.com\/avatar\/091bd798f14439802a0d747ed5d04040927995707808e944761e01f4fe0c777d?s=96&d=mm&r=g","url":"https:\/\/secure.gravatar.com\/avatar\/091bd798f14439802a0d747ed5d04040927995707808e944761e01f4fe0c777d?s=96&d=mm&r=g","contentUrl":"https:\/\/secure.gravatar.com\/avatar\/091bd798f14439802a0d747ed5d04040927995707808e944761e01f4fe0c777d?s=96&d=mm&r=g","caption":"Reporterhorizon"},"url":"https:\/\/www.reporterhorizon.com\/index.php\/author\/reporterhorizon\/"}]}},"_links":{"self":[{"href":"https:\/\/www.reporterhorizon.com\/index.php\/wp-json\/wp\/v2\/posts\/7000","targetHints":{"allow":["GET"]}}],"collection":[{"href":"https:\/\/www.reporterhorizon.com\/index.php\/wp-json\/wp\/v2\/posts"}],"about":[{"href":"https:\/\/www.reporterhorizon.com\/index.php\/wp-json\/wp\/v2\/types\/post"}],"author":[{"embeddable":true,"href":"https:\/\/www.reporterhorizon.com\/index.php\/wp-json\/wp\/v2\/users\/36"}],"replies":[{"embeddable":true,"href":"https:\/\/www.reporterhorizon.com\/index.php\/wp-json\/wp\/v2\/comments?post=7000"}],"version-history":[{"count":1,"href":"https:\/\/www.reporterhorizon.com\/index.php\/wp-json\/wp\/v2\/posts\/7000\/revisions"}],"predecessor-version":[{"id":7001,"href":"https:\/\/www.reporterhorizon.com\/index.php\/wp-json\/wp\/v2\/posts\/7000\/revisions\/7001"}],"wp:featuredmedia":[{"embeddable":true,"href":"https:\/\/www.reporterhorizon.com\/index.php\/wp-json\/wp\/v2\/media\/6999"}],"wp:attachment":[{"href":"https:\/\/www.reporterhorizon.com\/index.php\/wp-json\/wp\/v2\/media?parent=7000"}],"wp:term":[{"taxonomy":"category","embeddable":true,"href":"https:\/\/www.reporterhorizon.com\/index.php\/wp-json\/wp\/v2\/categories?post=7000"},{"taxonomy":"post_tag","embeddable":true,"href":"https:\/\/www.reporterhorizon.com\/index.php\/wp-json\/wp\/v2\/tags?post=7000"}],"curies":[{"name":"wp","href":"https:\/\/api.w.org\/{rel}","templated":true}]}}