{"id":6978,"date":"2025-10-27T12:41:44","date_gmt":"2025-10-27T12:41:44","guid":{"rendered":"https:\/\/www.reporterhorizon.com\/index.php\/2025\/10\/27\/la-basse-guinee-en-deuil-deces-du-kountiguigbe-el-hadj-mamoudou-camara\/"},"modified":"2025-10-27T12:41:44","modified_gmt":"2025-10-27T12:41:44","slug":"la-basse-guinee-en-deuil-deces-du-kountiguigbe-el-hadj-mamoudou-camara","status":"publish","type":"post","link":"https:\/\/www.reporterhorizon.com\/index.php\/2025\/10\/27\/la-basse-guinee-en-deuil-deces-du-kountiguigbe-el-hadj-mamoudou-camara\/","title":{"rendered":"La Basse Guin\u00e9e en deuil : D\u00e9c\u00e8s du Kountiguigb\u00e9 El-hadj Mamoudou Camara"},"content":{"rendered":"<p>On vient de l&#8217;apprendre, El hadj Mamoudou Camara, Grand Imam de Kindia, jusque l\u00e0 Kountiguigb\u00e9 de la Basse Guin\u00e9e a tir\u00e9 sa r\u00e9v\u00e9rence ce lundi \u00e0 Conakry \u00e0 l&#8217;h\u00f4pital Sino Guin\u00e9en de Kip\u00e9, des suites de maladie.<\/p>\n<p>Ces derniers mois, le religieux avait \u00e9t\u00e9 \u00e9vacu\u00e9 en Tunisie pour y recevoir des soins m\u00e9dicaux. Mais malgr\u00e9 les efforts des m\u00e9decins, il n\u2019a malheureusement pas surv\u00e9cu.<\/p>\n<p>Son d\u00e9c\u00e8s subite enflamme d\u00e9j\u00e0 les r\u00e9seaux sociaux, chacun de son commentaire rend hommage \u00e0 un homme qui a consacr\u00e9 une partie de sa vie \u00e0 la cause de sa communaut\u00e9.<\/p>\n<p>\u00a0<\/p>\n<p><strong>La r\u00e9daction de Reporterhorizon.com\u00a0<\/strong><\/p>\n<script>function PlayerjsAsync(){} if(window[\"Playerjs\"]){PlayerjsAsync();}<\/script>","protected":false},"excerpt":{"rendered":"<p>On vient de l&#8217;apprendre, El hadj Mamoudou Camara, Grand Imam de Kindia, jusque l\u00e0 Kountiguigb\u00e9 de la Basse Guin\u00e9e a tir\u00e9 sa r\u00e9v\u00e9rence ce lundi \u00e0 Conakry \u00e0 l&#8217;h\u00f4pital Sino Guin\u00e9en de Kip\u00e9, des suites de maladie. Ces derniers mois, le religieux avait \u00e9t\u00e9 \u00e9vacu\u00e9 en Tunisie pour y recevoir des soins m\u00e9dicaux. Mais malgr\u00e9 [&hellip;]<\/p>\n","protected":false},"author":36,"featured_media":6977,"comment_status":"open","ping_status":"open","sticky":false,"template":"","format":"standard","meta":{"jnews-multi-image_gallery":[],"jnews_single_post":[],"jnews_primary_category":[],"jnews_override_counter":[],"footnotes":""},"categories":[175],"tags":[],"class_list":["post-6978","post","type-post","status-publish","format-standard","has-post-thumbnail","hentry","category-societe"],"yoast_head":"<!-- This site is optimized with the Yoast SEO plugin v27.2 - https:\/\/yoast.com\/product\/yoast-seo-wordpress\/ -->\n<title>La Basse Guin\u00e9e en deuil : D\u00e9c\u00e8s du Kountiguigb\u00e9 El-hadj Mamoudou Camara - Reporterhorizon<\/title>\n<meta name=\"robots\" content=\"index, follow, max-snippet:-1, max-image-preview:large, max-video-preview:-1\" \/>\n<link rel=\"canonical\" href=\"https:\/\/www.reporterhorizon.com\/index.php\/2025\/10\/27\/la-basse-guinee-en-deuil-deces-du-kountiguigbe-el-hadj-mamoudou-camara\/\" \/>\n<meta property=\"og:locale\" content=\"fr_FR\" \/>\n<meta property=\"og:type\" content=\"article\" \/>\n<meta property=\"og:title\" content=\"La Basse Guin\u00e9e en deuil : D\u00e9c\u00e8s du Kountiguigb\u00e9 El-hadj Mamoudou Camara - Reporterhorizon\" \/>\n<meta property=\"og:description\" content=\"On vient de l&#8217;apprendre, El hadj Mamoudou Camara, Grand Imam de Kindia, jusque l\u00e0 Kountiguigb\u00e9 de la Basse Guin\u00e9e a tir\u00e9 sa r\u00e9v\u00e9rence ce lundi \u00e0 Conakry \u00e0 l&#8217;h\u00f4pital Sino Guin\u00e9en de Kip\u00e9, des suites de maladie. Ces derniers mois, le religieux avait \u00e9t\u00e9 \u00e9vacu\u00e9 en Tunisie pour y recevoir des soins m\u00e9dicaux. Mais malgr\u00e9 [&hellip;]\" \/>\n<meta property=\"og:url\" content=\"https:\/\/www.reporterhorizon.com\/index.php\/2025\/10\/27\/la-basse-guinee-en-deuil-deces-du-kountiguigbe-el-hadj-mamoudou-camara\/\" \/>\n<meta property=\"og:site_name\" content=\"Reporterhorizon\" \/>\n<meta property=\"article:published_time\" content=\"2025-10-27T12:41:44+00:00\" \/>\n<meta property=\"og:image\" content=\"https:\/\/www.reporterhorizon.com\/wp-content\/uploads\/2025\/10\/guest-1761568886-20f0-1000975365.jpg\" \/>\n\t<meta property=\"og:image:width\" content=\"1080\" \/>\n\t<meta property=\"og:image:height\" content=\"776\" \/>\n\t<meta property=\"og:image:type\" content=\"image\/jpeg\" \/>\n<meta name=\"author\" content=\"Reporterhorizon\" \/>\n<meta name=\"twitter:card\" content=\"summary_large_image\" \/>\n<meta name=\"twitter:label1\" content=\"\u00c9crit par\" \/>\n\t<meta name=\"twitter:data1\" content=\"Reporterhorizon\" \/>\n\t<meta name=\"twitter:label2\" content=\"Dur\u00e9e de lecture estim\u00e9e\" \/>\n\t<meta name=\"twitter:data2\" content=\"1 minute\" \/>\n<script type=\"application\/ld+json\" class=\"yoast-schema-graph\">{\"@context\":\"https:\/\/schema.org\",\"@graph\":[{\"@type\":\"Article\",\"@id\":\"https:\/\/www.reporterhorizon.com\/index.php\/2025\/10\/27\/la-basse-guinee-en-deuil-deces-du-kountiguigbe-el-hadj-mamoudou-camara\/#article\",\"isPartOf\":{\"@id\":\"https:\/\/www.reporterhorizon.com\/index.php\/2025\/10\/27\/la-basse-guinee-en-deuil-deces-du-kountiguigbe-el-hadj-mamoudou-camara\/\"},\"author\":{\"name\":\"Reporterhorizon\",\"@id\":\"https:\/\/www.reporterhorizon.com\/#\/schema\/person\/4f6028bc9d3c66edf00b47a17ed7e35d\"},\"headline\":\"La Basse Guin\u00e9e en deuil : D\u00e9c\u00e8s du Kountiguigb\u00e9 El-hadj Mamoudou Camara\",\"datePublished\":\"2025-10-27T12:41:44+00:00\",\"mainEntityOfPage\":{\"@id\":\"https:\/\/www.reporterhorizon.com\/index.php\/2025\/10\/27\/la-basse-guinee-en-deuil-deces-du-kountiguigbe-el-hadj-mamoudou-camara\/\"},\"wordCount\":126,\"commentCount\":0,\"publisher\":{\"@id\":\"https:\/\/www.reporterhorizon.com\/#organization\"},\"image\":{\"@id\":\"https:\/\/www.reporterhorizon.com\/index.php\/2025\/10\/27\/la-basse-guinee-en-deuil-deces-du-kountiguigbe-el-hadj-mamoudou-camara\/#primaryimage\"},\"thumbnailUrl\":\"https:\/\/www.reporterhorizon.com\/wp-content\/uploads\/2025\/10\/guest-1761568886-20f0-1000975365.jpg\",\"articleSection\":[\"SOCI\u00c9T\u00c9\"],\"inLanguage\":\"fr-FR\",\"potentialAction\":[{\"@type\":\"CommentAction\",\"name\":\"Comment\",\"target\":[\"https:\/\/www.reporterhorizon.com\/index.php\/2025\/10\/27\/la-basse-guinee-en-deuil-deces-du-kountiguigbe-el-hadj-mamoudou-camara\/#respond\"]}]},{\"@type\":\"WebPage\",\"@id\":\"https:\/\/www.reporterhorizon.com\/index.php\/2025\/10\/27\/la-basse-guinee-en-deuil-deces-du-kountiguigbe-el-hadj-mamoudou-camara\/\",\"url\":\"https:\/\/www.reporterhorizon.com\/index.php\/2025\/10\/27\/la-basse-guinee-en-deuil-deces-du-kountiguigbe-el-hadj-mamoudou-camara\/\",\"name\":\"La Basse Guin\u00e9e en deuil : D\u00e9c\u00e8s du Kountiguigb\u00e9 El-hadj Mamoudou Camara - Reporterhorizon\",\"isPartOf\":{\"@id\":\"https:\/\/www.reporterhorizon.com\/#website\"},\"primaryImageOfPage\":{\"@id\":\"https:\/\/www.reporterhorizon.com\/index.php\/2025\/10\/27\/la-basse-guinee-en-deuil-deces-du-kountiguigbe-el-hadj-mamoudou-camara\/#primaryimage\"},\"image\":{\"@id\":\"https:\/\/www.reporterhorizon.com\/index.php\/2025\/10\/27\/la-basse-guinee-en-deuil-deces-du-kountiguigbe-el-hadj-mamoudou-camara\/#primaryimage\"},\"thumbnailUrl\":\"https:\/\/www.reporterhorizon.com\/wp-content\/uploads\/2025\/10\/guest-1761568886-20f0-1000975365.jpg\",\"datePublished\":\"2025-10-27T12:41:44+00:00\",\"breadcrumb\":{\"@id\":\"https:\/\/www.reporterhorizon.com\/index.php\/2025\/10\/27\/la-basse-guinee-en-deuil-deces-du-kountiguigbe-el-hadj-mamoudou-camara\/#breadcrumb\"},\"inLanguage\":\"fr-FR\",\"potentialAction\":[{\"@type\":\"ReadAction\",\"target\":[\"https:\/\/www.reporterhorizon.com\/index.php\/2025\/10\/27\/la-basse-guinee-en-deuil-deces-du-kountiguigbe-el-hadj-mamoudou-camara\/\"]}]},{\"@type\":\"ImageObject\",\"inLanguage\":\"fr-FR\",\"@id\":\"https:\/\/www.reporterhorizon.com\/index.php\/2025\/10\/27\/la-basse-guinee-en-deuil-deces-du-kountiguigbe-el-hadj-mamoudou-camara\/#primaryimage\",\"url\":\"https:\/\/www.reporterhorizon.com\/wp-content\/uploads\/2025\/10\/guest-1761568886-20f0-1000975365.jpg\",\"contentUrl\":\"https:\/\/www.reporterhorizon.com\/wp-content\/uploads\/2025\/10\/guest-1761568886-20f0-1000975365.jpg\",\"width\":1080,\"height\":776},{\"@type\":\"BreadcrumbList\",\"@id\":\"https:\/\/www.reporterhorizon.com\/index.php\/2025\/10\/27\/la-basse-guinee-en-deuil-deces-du-kountiguigbe-el-hadj-mamoudou-camara\/#breadcrumb\",\"itemListElement\":[{\"@type\":\"ListItem\",\"position\":1,\"name\":\"Accueil\",\"item\":\"https:\/\/www.reporterhorizon.com\/\"},{\"@type\":\"ListItem\",\"position\":2,\"name\":\"La Basse Guin\u00e9e en deuil : D\u00e9c\u00e8s du Kountiguigb\u00e9 El-hadj Mamoudou Camara\"}]},{\"@type\":\"WebSite\",\"@id\":\"https:\/\/www.reporterhorizon.com\/#website\",\"url\":\"https:\/\/www.reporterhorizon.com\/\",\"name\":\"Reporterhorizon\",\"description\":\"\",\"publisher\":{\"@id\":\"https:\/\/www.reporterhorizon.com\/#organization\"},\"potentialAction\":[{\"@type\":\"SearchAction\",\"target\":{\"@type\":\"EntryPoint\",\"urlTemplate\":\"https:\/\/www.reporterhorizon.com\/?s={search_term_string}\"},\"query-input\":{\"@type\":\"PropertyValueSpecification\",\"valueRequired\":true,\"valueName\":\"search_term_string\"}}],\"inLanguage\":\"fr-FR\"},{\"@type\":\"Organization\",\"@id\":\"https:\/\/www.reporterhorizon.com\/#organization\",\"name\":\"Reporterhorizon\",\"url\":\"https:\/\/www.reporterhorizon.com\/\",\"logo\":{\"@type\":\"ImageObject\",\"inLanguage\":\"fr-FR\",\"@id\":\"https:\/\/www.reporterhorizon.com\/#\/schema\/logo\/image\/\",\"url\":\"https:\/\/www.reporterhorizon.com\/wp-content\/uploads\/2025\/07\/LOGO-STUDIO.jpg\",\"contentUrl\":\"https:\/\/www.reporterhorizon.com\/wp-content\/uploads\/2025\/07\/LOGO-STUDIO.jpg\",\"width\":1960,\"height\":560,\"caption\":\"Reporterhorizon\"},\"image\":{\"@id\":\"https:\/\/www.reporterhorizon.com\/#\/schema\/logo\/image\/\"}},{\"@type\":\"Person\",\"@id\":\"https:\/\/www.reporterhorizon.com\/#\/schema\/person\/4f6028bc9d3c66edf00b47a17ed7e35d\",\"name\":\"Reporterhorizon\",\"image\":{\"@type\":\"ImageObject\",\"inLanguage\":\"fr-FR\",\"@id\":\"https:\/\/secure.gravatar.com\/avatar\/091bd798f14439802a0d747ed5d04040927995707808e944761e01f4fe0c777d?s=96&d=mm&r=g\",\"url\":\"https:\/\/secure.gravatar.com\/avatar\/091bd798f14439802a0d747ed5d04040927995707808e944761e01f4fe0c777d?s=96&d=mm&r=g\",\"contentUrl\":\"https:\/\/secure.gravatar.com\/avatar\/091bd798f14439802a0d747ed5d04040927995707808e944761e01f4fe0c777d?s=96&d=mm&r=g\",\"caption\":\"Reporterhorizon\"},\"url\":\"https:\/\/www.reporterhorizon.com\/index.php\/author\/reporterhorizon\/\"}]}<\/script>\n<!-- \/ Yoast SEO plugin. -->","yoast_head_json":{"title":"La Basse Guin\u00e9e en deuil : D\u00e9c\u00e8s du Kountiguigb\u00e9 El-hadj Mamoudou Camara - Reporterhorizon","robots":{"index":"index","follow":"follow","max-snippet":"max-snippet:-1","max-image-preview":"max-image-preview:large","max-video-preview":"max-video-preview:-1"},"canonical":"https:\/\/www.reporterhorizon.com\/index.php\/2025\/10\/27\/la-basse-guinee-en-deuil-deces-du-kountiguigbe-el-hadj-mamoudou-camara\/","og_locale":"fr_FR","og_type":"article","og_title":"La Basse Guin\u00e9e en deuil : D\u00e9c\u00e8s du Kountiguigb\u00e9 El-hadj Mamoudou Camara - Reporterhorizon","og_description":"On vient de l&#8217;apprendre, El hadj Mamoudou Camara, Grand Imam de Kindia, jusque l\u00e0 Kountiguigb\u00e9 de la Basse Guin\u00e9e a tir\u00e9 sa r\u00e9v\u00e9rence ce lundi \u00e0 Conakry \u00e0 l&#8217;h\u00f4pital Sino Guin\u00e9en de Kip\u00e9, des suites de maladie. Ces derniers mois, le religieux avait \u00e9t\u00e9 \u00e9vacu\u00e9 en Tunisie pour y recevoir des soins m\u00e9dicaux. Mais malgr\u00e9 [&hellip;]","og_url":"https:\/\/www.reporterhorizon.com\/index.php\/2025\/10\/27\/la-basse-guinee-en-deuil-deces-du-kountiguigbe-el-hadj-mamoudou-camara\/","og_site_name":"Reporterhorizon","article_published_time":"2025-10-27T12:41:44+00:00","og_image":[{"width":1080,"height":776,"url":"https:\/\/www.reporterhorizon.com\/wp-content\/uploads\/2025\/10\/guest-1761568886-20f0-1000975365.jpg","type":"image\/jpeg"}],"author":"Reporterhorizon","twitter_card":"summary_large_image","twitter_misc":{"\u00c9crit par":"Reporterhorizon","Dur\u00e9e de lecture estim\u00e9e":"1 minute"},"schema":{"@context":"https:\/\/schema.org","@graph":[{"@type":"Article","@id":"https:\/\/www.reporterhorizon.com\/index.php\/2025\/10\/27\/la-basse-guinee-en-deuil-deces-du-kountiguigbe-el-hadj-mamoudou-camara\/#article","isPartOf":{"@id":"https:\/\/www.reporterhorizon.com\/index.php\/2025\/10\/27\/la-basse-guinee-en-deuil-deces-du-kountiguigbe-el-hadj-mamoudou-camara\/"},"author":{"name":"Reporterhorizon","@id":"https:\/\/www.reporterhorizon.com\/#\/schema\/person\/4f6028bc9d3c66edf00b47a17ed7e35d"},"headline":"La Basse Guin\u00e9e en deuil : D\u00e9c\u00e8s du Kountiguigb\u00e9 El-hadj Mamoudou Camara","datePublished":"2025-10-27T12:41:44+00:00","mainEntityOfPage":{"@id":"https:\/\/www.reporterhorizon.com\/index.php\/2025\/10\/27\/la-basse-guinee-en-deuil-deces-du-kountiguigbe-el-hadj-mamoudou-camara\/"},"wordCount":126,"commentCount":0,"publisher":{"@id":"https:\/\/www.reporterhorizon.com\/#organization"},"image":{"@id":"https:\/\/www.reporterhorizon.com\/index.php\/2025\/10\/27\/la-basse-guinee-en-deuil-deces-du-kountiguigbe-el-hadj-mamoudou-camara\/#primaryimage"},"thumbnailUrl":"https:\/\/www.reporterhorizon.com\/wp-content\/uploads\/2025\/10\/guest-1761568886-20f0-1000975365.jpg","articleSection":["SOCI\u00c9T\u00c9"],"inLanguage":"fr-FR","potentialAction":[{"@type":"CommentAction","name":"Comment","target":["https:\/\/www.reporterhorizon.com\/index.php\/2025\/10\/27\/la-basse-guinee-en-deuil-deces-du-kountiguigbe-el-hadj-mamoudou-camara\/#respond"]}]},{"@type":"WebPage","@id":"https:\/\/www.reporterhorizon.com\/index.php\/2025\/10\/27\/la-basse-guinee-en-deuil-deces-du-kountiguigbe-el-hadj-mamoudou-camara\/","url":"https:\/\/www.reporterhorizon.com\/index.php\/2025\/10\/27\/la-basse-guinee-en-deuil-deces-du-kountiguigbe-el-hadj-mamoudou-camara\/","name":"La Basse Guin\u00e9e en deuil : D\u00e9c\u00e8s du Kountiguigb\u00e9 El-hadj Mamoudou Camara - Reporterhorizon","isPartOf":{"@id":"https:\/\/www.reporterhorizon.com\/#website"},"primaryImageOfPage":{"@id":"https:\/\/www.reporterhorizon.com\/index.php\/2025\/10\/27\/la-basse-guinee-en-deuil-deces-du-kountiguigbe-el-hadj-mamoudou-camara\/#primaryimage"},"image":{"@id":"https:\/\/www.reporterhorizon.com\/index.php\/2025\/10\/27\/la-basse-guinee-en-deuil-deces-du-kountiguigbe-el-hadj-mamoudou-camara\/#primaryimage"},"thumbnailUrl":"https:\/\/www.reporterhorizon.com\/wp-content\/uploads\/2025\/10\/guest-1761568886-20f0-1000975365.jpg","datePublished":"2025-10-27T12:41:44+00:00","breadcrumb":{"@id":"https:\/\/www.reporterhorizon.com\/index.php\/2025\/10\/27\/la-basse-guinee-en-deuil-deces-du-kountiguigbe-el-hadj-mamoudou-camara\/#breadcrumb"},"inLanguage":"fr-FR","potentialAction":[{"@type":"ReadAction","target":["https:\/\/www.reporterhorizon.com\/index.php\/2025\/10\/27\/la-basse-guinee-en-deuil-deces-du-kountiguigbe-el-hadj-mamoudou-camara\/"]}]},{"@type":"ImageObject","inLanguage":"fr-FR","@id":"https:\/\/www.reporterhorizon.com\/index.php\/2025\/10\/27\/la-basse-guinee-en-deuil-deces-du-kountiguigbe-el-hadj-mamoudou-camara\/#primaryimage","url":"https:\/\/www.reporterhorizon.com\/wp-content\/uploads\/2025\/10\/guest-1761568886-20f0-1000975365.jpg","contentUrl":"https:\/\/www.reporterhorizon.com\/wp-content\/uploads\/2025\/10\/guest-1761568886-20f0-1000975365.jpg","width":1080,"height":776},{"@type":"BreadcrumbList","@id":"https:\/\/www.reporterhorizon.com\/index.php\/2025\/10\/27\/la-basse-guinee-en-deuil-deces-du-kountiguigbe-el-hadj-mamoudou-camara\/#breadcrumb","itemListElement":[{"@type":"ListItem","position":1,"name":"Accueil","item":"https:\/\/www.reporterhorizon.com\/"},{"@type":"ListItem","position":2,"name":"La Basse Guin\u00e9e en deuil : D\u00e9c\u00e8s du Kountiguigb\u00e9 El-hadj Mamoudou Camara"}]},{"@type":"WebSite","@id":"https:\/\/www.reporterhorizon.com\/#website","url":"https:\/\/www.reporterhorizon.com\/","name":"Reporterhorizon","description":"","publisher":{"@id":"https:\/\/www.reporterhorizon.com\/#organization"},"potentialAction":[{"@type":"SearchAction","target":{"@type":"EntryPoint","urlTemplate":"https:\/\/www.reporterhorizon.com\/?s={search_term_string}"},"query-input":{"@type":"PropertyValueSpecification","valueRequired":true,"valueName":"search_term_string"}}],"inLanguage":"fr-FR"},{"@type":"Organization","@id":"https:\/\/www.reporterhorizon.com\/#organization","name":"Reporterhorizon","url":"https:\/\/www.reporterhorizon.com\/","logo":{"@type":"ImageObject","inLanguage":"fr-FR","@id":"https:\/\/www.reporterhorizon.com\/#\/schema\/logo\/image\/","url":"https:\/\/www.reporterhorizon.com\/wp-content\/uploads\/2025\/07\/LOGO-STUDIO.jpg","contentUrl":"https:\/\/www.reporterhorizon.com\/wp-content\/uploads\/2025\/07\/LOGO-STUDIO.jpg","width":1960,"height":560,"caption":"Reporterhorizon"},"image":{"@id":"https:\/\/www.reporterhorizon.com\/#\/schema\/logo\/image\/"}},{"@type":"Person","@id":"https:\/\/www.reporterhorizon.com\/#\/schema\/person\/4f6028bc9d3c66edf00b47a17ed7e35d","name":"Reporterhorizon","image":{"@type":"ImageObject","inLanguage":"fr-FR","@id":"https:\/\/secure.gravatar.com\/avatar\/091bd798f14439802a0d747ed5d04040927995707808e944761e01f4fe0c777d?s=96&d=mm&r=g","url":"https:\/\/secure.gravatar.com\/avatar\/091bd798f14439802a0d747ed5d04040927995707808e944761e01f4fe0c777d?s=96&d=mm&r=g","contentUrl":"https:\/\/secure.gravatar.com\/avatar\/091bd798f14439802a0d747ed5d04040927995707808e944761e01f4fe0c777d?s=96&d=mm&r=g","caption":"Reporterhorizon"},"url":"https:\/\/www.reporterhorizon.com\/index.php\/author\/reporterhorizon\/"}]}},"_links":{"self":[{"href":"https:\/\/www.reporterhorizon.com\/index.php\/wp-json\/wp\/v2\/posts\/6978","targetHints":{"allow":["GET"]}}],"collection":[{"href":"https:\/\/www.reporterhorizon.com\/index.php\/wp-json\/wp\/v2\/posts"}],"about":[{"href":"https:\/\/www.reporterhorizon.com\/index.php\/wp-json\/wp\/v2\/types\/post"}],"author":[{"embeddable":true,"href":"https:\/\/www.reporterhorizon.com\/index.php\/wp-json\/wp\/v2\/users\/36"}],"replies":[{"embeddable":true,"href":"https:\/\/www.reporterhorizon.com\/index.php\/wp-json\/wp\/v2\/comments?post=6978"}],"version-history":[{"count":1,"href":"https:\/\/www.reporterhorizon.com\/index.php\/wp-json\/wp\/v2\/posts\/6978\/revisions"}],"predecessor-version":[{"id":6979,"href":"https:\/\/www.reporterhorizon.com\/index.php\/wp-json\/wp\/v2\/posts\/6978\/revisions\/6979"}],"wp:featuredmedia":[{"embeddable":true,"href":"https:\/\/www.reporterhorizon.com\/index.php\/wp-json\/wp\/v2\/media\/6977"}],"wp:attachment":[{"href":"https:\/\/www.reporterhorizon.com\/index.php\/wp-json\/wp\/v2\/media?parent=6978"}],"wp:term":[{"taxonomy":"category","embeddable":true,"href":"https:\/\/www.reporterhorizon.com\/index.php\/wp-json\/wp\/v2\/categories?post=6978"},{"taxonomy":"post_tag","embeddable":true,"href":"https:\/\/www.reporterhorizon.com\/index.php\/wp-json\/wp\/v2\/tags?post=6978"}],"curies":[{"name":"wp","href":"https:\/\/api.w.org\/{rel}","templated":true}]}}