{"id":6971,"date":"2025-10-21T13:48:56","date_gmt":"2025-10-21T13:48:56","guid":{"rendered":"https:\/\/www.reporterhorizon.com\/index.php\/2025\/10\/22\/lola-le-ministre-felix-lamah-a-laine-et-foumbadou-pour-sensibiliser-agriculteurs-et-eleveurs\/"},"modified":"2025-10-22T13:58:49","modified_gmt":"2025-10-22T13:58:49","slug":"lola-le-ministre-felix-lamah-a-laine-et-foumbadou-pour-sensibiliser-agriculteurs-et-eleveurs","status":"publish","type":"post","link":"https:\/\/www.reporterhorizon.com\/index.php\/2025\/10\/21\/lola-le-ministre-felix-lamah-a-laine-et-foumbadou-pour-sensibiliser-agriculteurs-et-eleveurs\/","title":{"rendered":"Lola : Le Ministre F\u00e9lix Lamah \u00e0 Lain\u00e9 et Foumbadou pour sensibiliser agriculteurs et \u00e9leveurs"},"content":{"rendered":"<p>Ce lundi 20 octobre 2025, le Ministre de l\u2019\u00c9levage, M. F\u00e9lix LAMAH, a conduit une importante mission de sensibilisation dans les sous-pr\u00e9fectures de Lain\u00e9 et Foumbadou, situ\u00e9es dans la pr\u00e9fecture de Lola. Il \u00e9tait accompagn\u00e9 d\u2019une d\u00e9l\u00e9gation compos\u00e9e de cadres du minist\u00e8re, de repr\u00e9sentants des Forces de D\u00e9fense et de S\u00e9curit\u00e9, ainsi que d\u2019acteurs techniques engag\u00e9s dans la gestion des ressources pastorales.<\/p>\n<p><a href=\"https:\/\/www.reporterhorizon.com\/wp-content\/uploads\/2025\/10\/guest-1761140843-2620-1000962035.jpg\"><img decoding=\"async\" class=\"attachment-full size-full\" src=\"https:\/\/www.reporterhorizon.com\/wp-content\/uploads\/2025\/10\/guest-1761140843-2620-1000962035.jpg\" alt=\"\" \/><\/a><\/p>\n<p>Cette visite s\u2019inscrit dans le cadre d\u2019une tourn\u00e9e nationale en Guin\u00e9e Foresti\u00e8re, initi\u00e9e pour pr\u00e9venir et r\u00e9soudre durablement les conflits r\u00e9currents entre agriculteurs et \u00e9leveurs, souvent li\u00e9s \u00e0 la gestion des terres et \u00e0 la mobilit\u00e9 du b\u00e9tail.<\/p>\n<p>Dans son adresse aux populations, le Ministre F\u00e9lix LAMAH a salu\u00e9 la forte mobilisation des communaut\u00e9s locales, avant de les remercier pour leur engagement citoyen lors du r\u00e9f\u00e9rendum du 21 septembre 2025. Il a r\u00e9affirm\u00e9 la volont\u00e9 du Gouvernement de promouvoir la paix, le dialogue et la cohabitation harmonieuse entre les diff\u00e9rentes composantes sociales.<\/p>\n<p><a href=\"https:\/\/www.reporterhorizon.com\/wp-content\/uploads\/2025\/10\/guest-1761140899-64bd-1000962033.jpg\"><img decoding=\"async\" class=\"attachment-full size-full\" src=\"https:\/\/www.reporterhorizon.com\/wp-content\/uploads\/2025\/10\/guest-1761140899-64bd-1000962033.jpg\" alt=\"\" \/><\/a><\/p>\n<p>Le Ministre a \u00e9galement indiqu\u00e9 que des mesures concr\u00e8tes sont en cours pour mieux encadrer l\u2019acc\u00e8s aux terres agricoles et aux ressources pastorales, afin de r\u00e9duire les tensions sur le terrain. Il a exhort\u00e9 les habitants \u00e0 faire preuve de responsabilit\u00e9 et \u00e0 s\u2019impliquer activement dans la mise en \u0153uvre des solutions concert\u00e9es.<\/p>\n<p>Pour renforcer cette dynamique, la mission comptait dans ses rangs les responsables de l\u2019entreprise charg\u00e9e de l\u2019am\u00e9nagement des espaces pastoraux dans la r\u00e9gion un projet strat\u00e9gique visant \u00e0 favoriser la coexistence pacifique entre les deux principales activit\u00e9s rurales.<\/p>\n<p><a href=\"https:\/\/www.reporterhorizon.com\/wp-content\/uploads\/2025\/10\/guest-1761140925-92fc-1000962036.jpg\"><img decoding=\"async\" class=\"attachment-full size-full\" src=\"https:\/\/www.reporterhorizon.com\/wp-content\/uploads\/2025\/10\/guest-1761140925-92fc-1000962036.jpg\" alt=\"\" \/><\/a><\/p>\n<p>Cette initiative traduit l\u2019engagement du Minist\u00e8re de l\u2019\u00c9levage \u00e0 b\u00e2tir un mod\u00e8le d\u2019\u00e9levage moderne, pacifique et durable, contribuant pleinement au d\u00e9veloppement local et \u00e0 la stabilit\u00e9 sociale.<\/p>\n<p>\u00a0<\/p>\n<p><strong>La r\u00e9daction de Reporterhorizon.com<\/strong>\u00a0<\/p>\n<script>function PlayerjsAsync(){} if(window[\"Playerjs\"]){PlayerjsAsync();}<\/script>","protected":false},"excerpt":{"rendered":"<p>Ce lundi 20 octobre 2025, le Ministre de l\u2019\u00c9levage, M. F\u00e9lix LAMAH, a conduit une importante mission de sensibilisation dans les sous-pr\u00e9fectures de Lain\u00e9 et Foumbadou, situ\u00e9es dans la pr\u00e9fecture de Lola. Il \u00e9tait accompagn\u00e9 d\u2019une d\u00e9l\u00e9gation compos\u00e9e de cadres du minist\u00e8re, de repr\u00e9sentants des Forces de D\u00e9fense et de S\u00e9curit\u00e9, ainsi que d\u2019acteurs techniques [&hellip;]<\/p>\n","protected":false},"author":36,"featured_media":6967,"comment_status":"open","ping_status":"open","sticky":false,"template":"","format":"standard","meta":{"jnews-multi-image_gallery":[],"jnews_single_post":[],"jnews_primary_category":[],"jnews_override_counter":[],"footnotes":""},"categories":[175],"tags":[],"class_list":["post-6971","post","type-post","status-publish","format-standard","has-post-thumbnail","hentry","category-societe"],"yoast_head":"<!-- This site is optimized with the Yoast SEO plugin v27.2 - https:\/\/yoast.com\/product\/yoast-seo-wordpress\/ -->\n<title>Lola : Le Ministre F\u00e9lix Lamah \u00e0 Lain\u00e9 et Foumbadou pour sensibiliser agriculteurs et \u00e9leveurs - Reporterhorizon<\/title>\n<meta name=\"robots\" content=\"index, follow, max-snippet:-1, max-image-preview:large, max-video-preview:-1\" \/>\n<link rel=\"canonical\" href=\"https:\/\/www.reporterhorizon.com\/index.php\/2025\/10\/21\/lola-le-ministre-felix-lamah-a-laine-et-foumbadou-pour-sensibiliser-agriculteurs-et-eleveurs\/\" \/>\n<meta property=\"og:locale\" content=\"fr_FR\" \/>\n<meta property=\"og:type\" content=\"article\" \/>\n<meta property=\"og:title\" content=\"Lola : Le Ministre F\u00e9lix Lamah \u00e0 Lain\u00e9 et Foumbadou pour sensibiliser agriculteurs et \u00e9leveurs - Reporterhorizon\" \/>\n<meta property=\"og:description\" content=\"Ce lundi 20 octobre 2025, le Ministre de l\u2019\u00c9levage, M. F\u00e9lix LAMAH, a conduit une importante mission de sensibilisation dans les sous-pr\u00e9fectures de Lain\u00e9 et Foumbadou, situ\u00e9es dans la pr\u00e9fecture de Lola. Il \u00e9tait accompagn\u00e9 d\u2019une d\u00e9l\u00e9gation compos\u00e9e de cadres du minist\u00e8re, de repr\u00e9sentants des Forces de D\u00e9fense et de S\u00e9curit\u00e9, ainsi que d\u2019acteurs techniques [&hellip;]\" \/>\n<meta property=\"og:url\" content=\"https:\/\/www.reporterhorizon.com\/index.php\/2025\/10\/21\/lola-le-ministre-felix-lamah-a-laine-et-foumbadou-pour-sensibiliser-agriculteurs-et-eleveurs\/\" \/>\n<meta property=\"og:site_name\" content=\"Reporterhorizon\" \/>\n<meta property=\"article:published_time\" content=\"2025-10-21T13:48:56+00:00\" \/>\n<meta property=\"article:modified_time\" content=\"2025-10-22T13:58:49+00:00\" \/>\n<meta property=\"og:image\" content=\"https:\/\/www.reporterhorizon.com\/wp-content\/uploads\/2025\/10\/guest-1761140721-0402-1000962032.jpg\" \/>\n\t<meta property=\"og:image:width\" content=\"1000\" \/>\n\t<meta property=\"og:image:height\" content=\"667\" \/>\n\t<meta property=\"og:image:type\" content=\"image\/jpeg\" \/>\n<meta name=\"author\" content=\"Reporterhorizon\" \/>\n<meta name=\"twitter:card\" content=\"summary_large_image\" \/>\n<meta name=\"twitter:label1\" content=\"\u00c9crit par\" \/>\n\t<meta name=\"twitter:data1\" content=\"Reporterhorizon\" \/>\n\t<meta name=\"twitter:label2\" content=\"Dur\u00e9e de lecture estim\u00e9e\" \/>\n\t<meta name=\"twitter:data2\" content=\"2 minutes\" \/>\n<script type=\"application\/ld+json\" class=\"yoast-schema-graph\">{\"@context\":\"https:\/\/schema.org\",\"@graph\":[{\"@type\":\"Article\",\"@id\":\"https:\/\/www.reporterhorizon.com\/index.php\/2025\/10\/21\/lola-le-ministre-felix-lamah-a-laine-et-foumbadou-pour-sensibiliser-agriculteurs-et-eleveurs\/#article\",\"isPartOf\":{\"@id\":\"https:\/\/www.reporterhorizon.com\/index.php\/2025\/10\/21\/lola-le-ministre-felix-lamah-a-laine-et-foumbadou-pour-sensibiliser-agriculteurs-et-eleveurs\/\"},\"author\":{\"name\":\"Reporterhorizon\",\"@id\":\"https:\/\/www.reporterhorizon.com\/#\/schema\/person\/4f6028bc9d3c66edf00b47a17ed7e35d\"},\"headline\":\"Lola : Le Ministre F\u00e9lix Lamah \u00e0 Lain\u00e9 et Foumbadou pour sensibiliser agriculteurs et \u00e9leveurs\",\"datePublished\":\"2025-10-21T13:48:56+00:00\",\"dateModified\":\"2025-10-22T13:58:49+00:00\",\"mainEntityOfPage\":{\"@id\":\"https:\/\/www.reporterhorizon.com\/index.php\/2025\/10\/21\/lola-le-ministre-felix-lamah-a-laine-et-foumbadou-pour-sensibiliser-agriculteurs-et-eleveurs\/\"},\"wordCount\":333,\"commentCount\":0,\"publisher\":{\"@id\":\"https:\/\/www.reporterhorizon.com\/#organization\"},\"image\":{\"@id\":\"https:\/\/www.reporterhorizon.com\/index.php\/2025\/10\/21\/lola-le-ministre-felix-lamah-a-laine-et-foumbadou-pour-sensibiliser-agriculteurs-et-eleveurs\/#primaryimage\"},\"thumbnailUrl\":\"https:\/\/www.reporterhorizon.com\/wp-content\/uploads\/2025\/10\/guest-1761140721-0402-1000962032.jpg\",\"articleSection\":[\"SOCI\u00c9T\u00c9\"],\"inLanguage\":\"fr-FR\",\"potentialAction\":[{\"@type\":\"CommentAction\",\"name\":\"Comment\",\"target\":[\"https:\/\/www.reporterhorizon.com\/index.php\/2025\/10\/21\/lola-le-ministre-felix-lamah-a-laine-et-foumbadou-pour-sensibiliser-agriculteurs-et-eleveurs\/#respond\"]}]},{\"@type\":\"WebPage\",\"@id\":\"https:\/\/www.reporterhorizon.com\/index.php\/2025\/10\/21\/lola-le-ministre-felix-lamah-a-laine-et-foumbadou-pour-sensibiliser-agriculteurs-et-eleveurs\/\",\"url\":\"https:\/\/www.reporterhorizon.com\/index.php\/2025\/10\/21\/lola-le-ministre-felix-lamah-a-laine-et-foumbadou-pour-sensibiliser-agriculteurs-et-eleveurs\/\",\"name\":\"Lola : Le Ministre F\u00e9lix Lamah \u00e0 Lain\u00e9 et Foumbadou pour sensibiliser agriculteurs et \u00e9leveurs - Reporterhorizon\",\"isPartOf\":{\"@id\":\"https:\/\/www.reporterhorizon.com\/#website\"},\"primaryImageOfPage\":{\"@id\":\"https:\/\/www.reporterhorizon.com\/index.php\/2025\/10\/21\/lola-le-ministre-felix-lamah-a-laine-et-foumbadou-pour-sensibiliser-agriculteurs-et-eleveurs\/#primaryimage\"},\"image\":{\"@id\":\"https:\/\/www.reporterhorizon.com\/index.php\/2025\/10\/21\/lola-le-ministre-felix-lamah-a-laine-et-foumbadou-pour-sensibiliser-agriculteurs-et-eleveurs\/#primaryimage\"},\"thumbnailUrl\":\"https:\/\/www.reporterhorizon.com\/wp-content\/uploads\/2025\/10\/guest-1761140721-0402-1000962032.jpg\",\"datePublished\":\"2025-10-21T13:48:56+00:00\",\"dateModified\":\"2025-10-22T13:58:49+00:00\",\"breadcrumb\":{\"@id\":\"https:\/\/www.reporterhorizon.com\/index.php\/2025\/10\/21\/lola-le-ministre-felix-lamah-a-laine-et-foumbadou-pour-sensibiliser-agriculteurs-et-eleveurs\/#breadcrumb\"},\"inLanguage\":\"fr-FR\",\"potentialAction\":[{\"@type\":\"ReadAction\",\"target\":[\"https:\/\/www.reporterhorizon.com\/index.php\/2025\/10\/21\/lola-le-ministre-felix-lamah-a-laine-et-foumbadou-pour-sensibiliser-agriculteurs-et-eleveurs\/\"]}]},{\"@type\":\"ImageObject\",\"inLanguage\":\"fr-FR\",\"@id\":\"https:\/\/www.reporterhorizon.com\/index.php\/2025\/10\/21\/lola-le-ministre-felix-lamah-a-laine-et-foumbadou-pour-sensibiliser-agriculteurs-et-eleveurs\/#primaryimage\",\"url\":\"https:\/\/www.reporterhorizon.com\/wp-content\/uploads\/2025\/10\/guest-1761140721-0402-1000962032.jpg\",\"contentUrl\":\"https:\/\/www.reporterhorizon.com\/wp-content\/uploads\/2025\/10\/guest-1761140721-0402-1000962032.jpg\",\"width\":1000,\"height\":667},{\"@type\":\"BreadcrumbList\",\"@id\":\"https:\/\/www.reporterhorizon.com\/index.php\/2025\/10\/21\/lola-le-ministre-felix-lamah-a-laine-et-foumbadou-pour-sensibiliser-agriculteurs-et-eleveurs\/#breadcrumb\",\"itemListElement\":[{\"@type\":\"ListItem\",\"position\":1,\"name\":\"Accueil\",\"item\":\"https:\/\/www.reporterhorizon.com\/\"},{\"@type\":\"ListItem\",\"position\":2,\"name\":\"Lola : Le Ministre F\u00e9lix Lamah \u00e0 Lain\u00e9 et Foumbadou pour sensibiliser agriculteurs et \u00e9leveurs\"}]},{\"@type\":\"WebSite\",\"@id\":\"https:\/\/www.reporterhorizon.com\/#website\",\"url\":\"https:\/\/www.reporterhorizon.com\/\",\"name\":\"Reporterhorizon\",\"description\":\"\",\"publisher\":{\"@id\":\"https:\/\/www.reporterhorizon.com\/#organization\"},\"potentialAction\":[{\"@type\":\"SearchAction\",\"target\":{\"@type\":\"EntryPoint\",\"urlTemplate\":\"https:\/\/www.reporterhorizon.com\/?s={search_term_string}\"},\"query-input\":{\"@type\":\"PropertyValueSpecification\",\"valueRequired\":true,\"valueName\":\"search_term_string\"}}],\"inLanguage\":\"fr-FR\"},{\"@type\":\"Organization\",\"@id\":\"https:\/\/www.reporterhorizon.com\/#organization\",\"name\":\"Reporterhorizon\",\"url\":\"https:\/\/www.reporterhorizon.com\/\",\"logo\":{\"@type\":\"ImageObject\",\"inLanguage\":\"fr-FR\",\"@id\":\"https:\/\/www.reporterhorizon.com\/#\/schema\/logo\/image\/\",\"url\":\"https:\/\/www.reporterhorizon.com\/wp-content\/uploads\/2025\/07\/LOGO-STUDIO.jpg\",\"contentUrl\":\"https:\/\/www.reporterhorizon.com\/wp-content\/uploads\/2025\/07\/LOGO-STUDIO.jpg\",\"width\":1960,\"height\":560,\"caption\":\"Reporterhorizon\"},\"image\":{\"@id\":\"https:\/\/www.reporterhorizon.com\/#\/schema\/logo\/image\/\"}},{\"@type\":\"Person\",\"@id\":\"https:\/\/www.reporterhorizon.com\/#\/schema\/person\/4f6028bc9d3c66edf00b47a17ed7e35d\",\"name\":\"Reporterhorizon\",\"image\":{\"@type\":\"ImageObject\",\"inLanguage\":\"fr-FR\",\"@id\":\"https:\/\/secure.gravatar.com\/avatar\/091bd798f14439802a0d747ed5d04040927995707808e944761e01f4fe0c777d?s=96&d=mm&r=g\",\"url\":\"https:\/\/secure.gravatar.com\/avatar\/091bd798f14439802a0d747ed5d04040927995707808e944761e01f4fe0c777d?s=96&d=mm&r=g\",\"contentUrl\":\"https:\/\/secure.gravatar.com\/avatar\/091bd798f14439802a0d747ed5d04040927995707808e944761e01f4fe0c777d?s=96&d=mm&r=g\",\"caption\":\"Reporterhorizon\"},\"url\":\"https:\/\/www.reporterhorizon.com\/index.php\/author\/reporterhorizon\/\"}]}<\/script>\n<!-- \/ Yoast SEO plugin. -->","yoast_head_json":{"title":"Lola : Le Ministre F\u00e9lix Lamah \u00e0 Lain\u00e9 et Foumbadou pour sensibiliser agriculteurs et \u00e9leveurs - Reporterhorizon","robots":{"index":"index","follow":"follow","max-snippet":"max-snippet:-1","max-image-preview":"max-image-preview:large","max-video-preview":"max-video-preview:-1"},"canonical":"https:\/\/www.reporterhorizon.com\/index.php\/2025\/10\/21\/lola-le-ministre-felix-lamah-a-laine-et-foumbadou-pour-sensibiliser-agriculteurs-et-eleveurs\/","og_locale":"fr_FR","og_type":"article","og_title":"Lola : Le Ministre F\u00e9lix Lamah \u00e0 Lain\u00e9 et Foumbadou pour sensibiliser agriculteurs et \u00e9leveurs - Reporterhorizon","og_description":"Ce lundi 20 octobre 2025, le Ministre de l\u2019\u00c9levage, M. F\u00e9lix LAMAH, a conduit une importante mission de sensibilisation dans les sous-pr\u00e9fectures de Lain\u00e9 et Foumbadou, situ\u00e9es dans la pr\u00e9fecture de Lola. Il \u00e9tait accompagn\u00e9 d\u2019une d\u00e9l\u00e9gation compos\u00e9e de cadres du minist\u00e8re, de repr\u00e9sentants des Forces de D\u00e9fense et de S\u00e9curit\u00e9, ainsi que d\u2019acteurs techniques [&hellip;]","og_url":"https:\/\/www.reporterhorizon.com\/index.php\/2025\/10\/21\/lola-le-ministre-felix-lamah-a-laine-et-foumbadou-pour-sensibiliser-agriculteurs-et-eleveurs\/","og_site_name":"Reporterhorizon","article_published_time":"2025-10-21T13:48:56+00:00","article_modified_time":"2025-10-22T13:58:49+00:00","og_image":[{"width":1000,"height":667,"url":"https:\/\/www.reporterhorizon.com\/wp-content\/uploads\/2025\/10\/guest-1761140721-0402-1000962032.jpg","type":"image\/jpeg"}],"author":"Reporterhorizon","twitter_card":"summary_large_image","twitter_misc":{"\u00c9crit par":"Reporterhorizon","Dur\u00e9e de lecture estim\u00e9e":"2 minutes"},"schema":{"@context":"https:\/\/schema.org","@graph":[{"@type":"Article","@id":"https:\/\/www.reporterhorizon.com\/index.php\/2025\/10\/21\/lola-le-ministre-felix-lamah-a-laine-et-foumbadou-pour-sensibiliser-agriculteurs-et-eleveurs\/#article","isPartOf":{"@id":"https:\/\/www.reporterhorizon.com\/index.php\/2025\/10\/21\/lola-le-ministre-felix-lamah-a-laine-et-foumbadou-pour-sensibiliser-agriculteurs-et-eleveurs\/"},"author":{"name":"Reporterhorizon","@id":"https:\/\/www.reporterhorizon.com\/#\/schema\/person\/4f6028bc9d3c66edf00b47a17ed7e35d"},"headline":"Lola : Le Ministre F\u00e9lix Lamah \u00e0 Lain\u00e9 et Foumbadou pour sensibiliser agriculteurs et \u00e9leveurs","datePublished":"2025-10-21T13:48:56+00:00","dateModified":"2025-10-22T13:58:49+00:00","mainEntityOfPage":{"@id":"https:\/\/www.reporterhorizon.com\/index.php\/2025\/10\/21\/lola-le-ministre-felix-lamah-a-laine-et-foumbadou-pour-sensibiliser-agriculteurs-et-eleveurs\/"},"wordCount":333,"commentCount":0,"publisher":{"@id":"https:\/\/www.reporterhorizon.com\/#organization"},"image":{"@id":"https:\/\/www.reporterhorizon.com\/index.php\/2025\/10\/21\/lola-le-ministre-felix-lamah-a-laine-et-foumbadou-pour-sensibiliser-agriculteurs-et-eleveurs\/#primaryimage"},"thumbnailUrl":"https:\/\/www.reporterhorizon.com\/wp-content\/uploads\/2025\/10\/guest-1761140721-0402-1000962032.jpg","articleSection":["SOCI\u00c9T\u00c9"],"inLanguage":"fr-FR","potentialAction":[{"@type":"CommentAction","name":"Comment","target":["https:\/\/www.reporterhorizon.com\/index.php\/2025\/10\/21\/lola-le-ministre-felix-lamah-a-laine-et-foumbadou-pour-sensibiliser-agriculteurs-et-eleveurs\/#respond"]}]},{"@type":"WebPage","@id":"https:\/\/www.reporterhorizon.com\/index.php\/2025\/10\/21\/lola-le-ministre-felix-lamah-a-laine-et-foumbadou-pour-sensibiliser-agriculteurs-et-eleveurs\/","url":"https:\/\/www.reporterhorizon.com\/index.php\/2025\/10\/21\/lola-le-ministre-felix-lamah-a-laine-et-foumbadou-pour-sensibiliser-agriculteurs-et-eleveurs\/","name":"Lola : Le Ministre F\u00e9lix Lamah \u00e0 Lain\u00e9 et Foumbadou pour sensibiliser agriculteurs et \u00e9leveurs - Reporterhorizon","isPartOf":{"@id":"https:\/\/www.reporterhorizon.com\/#website"},"primaryImageOfPage":{"@id":"https:\/\/www.reporterhorizon.com\/index.php\/2025\/10\/21\/lola-le-ministre-felix-lamah-a-laine-et-foumbadou-pour-sensibiliser-agriculteurs-et-eleveurs\/#primaryimage"},"image":{"@id":"https:\/\/www.reporterhorizon.com\/index.php\/2025\/10\/21\/lola-le-ministre-felix-lamah-a-laine-et-foumbadou-pour-sensibiliser-agriculteurs-et-eleveurs\/#primaryimage"},"thumbnailUrl":"https:\/\/www.reporterhorizon.com\/wp-content\/uploads\/2025\/10\/guest-1761140721-0402-1000962032.jpg","datePublished":"2025-10-21T13:48:56+00:00","dateModified":"2025-10-22T13:58:49+00:00","breadcrumb":{"@id":"https:\/\/www.reporterhorizon.com\/index.php\/2025\/10\/21\/lola-le-ministre-felix-lamah-a-laine-et-foumbadou-pour-sensibiliser-agriculteurs-et-eleveurs\/#breadcrumb"},"inLanguage":"fr-FR","potentialAction":[{"@type":"ReadAction","target":["https:\/\/www.reporterhorizon.com\/index.php\/2025\/10\/21\/lola-le-ministre-felix-lamah-a-laine-et-foumbadou-pour-sensibiliser-agriculteurs-et-eleveurs\/"]}]},{"@type":"ImageObject","inLanguage":"fr-FR","@id":"https:\/\/www.reporterhorizon.com\/index.php\/2025\/10\/21\/lola-le-ministre-felix-lamah-a-laine-et-foumbadou-pour-sensibiliser-agriculteurs-et-eleveurs\/#primaryimage","url":"https:\/\/www.reporterhorizon.com\/wp-content\/uploads\/2025\/10\/guest-1761140721-0402-1000962032.jpg","contentUrl":"https:\/\/www.reporterhorizon.com\/wp-content\/uploads\/2025\/10\/guest-1761140721-0402-1000962032.jpg","width":1000,"height":667},{"@type":"BreadcrumbList","@id":"https:\/\/www.reporterhorizon.com\/index.php\/2025\/10\/21\/lola-le-ministre-felix-lamah-a-laine-et-foumbadou-pour-sensibiliser-agriculteurs-et-eleveurs\/#breadcrumb","itemListElement":[{"@type":"ListItem","position":1,"name":"Accueil","item":"https:\/\/www.reporterhorizon.com\/"},{"@type":"ListItem","position":2,"name":"Lola : Le Ministre F\u00e9lix Lamah \u00e0 Lain\u00e9 et Foumbadou pour sensibiliser agriculteurs et \u00e9leveurs"}]},{"@type":"WebSite","@id":"https:\/\/www.reporterhorizon.com\/#website","url":"https:\/\/www.reporterhorizon.com\/","name":"Reporterhorizon","description":"","publisher":{"@id":"https:\/\/www.reporterhorizon.com\/#organization"},"potentialAction":[{"@type":"SearchAction","target":{"@type":"EntryPoint","urlTemplate":"https:\/\/www.reporterhorizon.com\/?s={search_term_string}"},"query-input":{"@type":"PropertyValueSpecification","valueRequired":true,"valueName":"search_term_string"}}],"inLanguage":"fr-FR"},{"@type":"Organization","@id":"https:\/\/www.reporterhorizon.com\/#organization","name":"Reporterhorizon","url":"https:\/\/www.reporterhorizon.com\/","logo":{"@type":"ImageObject","inLanguage":"fr-FR","@id":"https:\/\/www.reporterhorizon.com\/#\/schema\/logo\/image\/","url":"https:\/\/www.reporterhorizon.com\/wp-content\/uploads\/2025\/07\/LOGO-STUDIO.jpg","contentUrl":"https:\/\/www.reporterhorizon.com\/wp-content\/uploads\/2025\/07\/LOGO-STUDIO.jpg","width":1960,"height":560,"caption":"Reporterhorizon"},"image":{"@id":"https:\/\/www.reporterhorizon.com\/#\/schema\/logo\/image\/"}},{"@type":"Person","@id":"https:\/\/www.reporterhorizon.com\/#\/schema\/person\/4f6028bc9d3c66edf00b47a17ed7e35d","name":"Reporterhorizon","image":{"@type":"ImageObject","inLanguage":"fr-FR","@id":"https:\/\/secure.gravatar.com\/avatar\/091bd798f14439802a0d747ed5d04040927995707808e944761e01f4fe0c777d?s=96&d=mm&r=g","url":"https:\/\/secure.gravatar.com\/avatar\/091bd798f14439802a0d747ed5d04040927995707808e944761e01f4fe0c777d?s=96&d=mm&r=g","contentUrl":"https:\/\/secure.gravatar.com\/avatar\/091bd798f14439802a0d747ed5d04040927995707808e944761e01f4fe0c777d?s=96&d=mm&r=g","caption":"Reporterhorizon"},"url":"https:\/\/www.reporterhorizon.com\/index.php\/author\/reporterhorizon\/"}]}},"_links":{"self":[{"href":"https:\/\/www.reporterhorizon.com\/index.php\/wp-json\/wp\/v2\/posts\/6971","targetHints":{"allow":["GET"]}}],"collection":[{"href":"https:\/\/www.reporterhorizon.com\/index.php\/wp-json\/wp\/v2\/posts"}],"about":[{"href":"https:\/\/www.reporterhorizon.com\/index.php\/wp-json\/wp\/v2\/types\/post"}],"author":[{"embeddable":true,"href":"https:\/\/www.reporterhorizon.com\/index.php\/wp-json\/wp\/v2\/users\/36"}],"replies":[{"embeddable":true,"href":"https:\/\/www.reporterhorizon.com\/index.php\/wp-json\/wp\/v2\/comments?post=6971"}],"version-history":[{"count":1,"href":"https:\/\/www.reporterhorizon.com\/index.php\/wp-json\/wp\/v2\/posts\/6971\/revisions"}],"predecessor-version":[{"id":6972,"href":"https:\/\/www.reporterhorizon.com\/index.php\/wp-json\/wp\/v2\/posts\/6971\/revisions\/6972"}],"wp:featuredmedia":[{"embeddable":true,"href":"https:\/\/www.reporterhorizon.com\/index.php\/wp-json\/wp\/v2\/media\/6967"}],"wp:attachment":[{"href":"https:\/\/www.reporterhorizon.com\/index.php\/wp-json\/wp\/v2\/media?parent=6971"}],"wp:term":[{"taxonomy":"category","embeddable":true,"href":"https:\/\/www.reporterhorizon.com\/index.php\/wp-json\/wp\/v2\/categories?post=6971"},{"taxonomy":"post_tag","embeddable":true,"href":"https:\/\/www.reporterhorizon.com\/index.php\/wp-json\/wp\/v2\/tags?post=6971"}],"curies":[{"name":"wp","href":"https:\/\/api.w.org\/{rel}","templated":true}]}}