{"id":6934,"date":"2025-10-17T16:43:33","date_gmt":"2025-10-17T16:43:33","guid":{"rendered":"https:\/\/www.reporterhorizon.com\/index.php\/2025\/10\/17\/sonfonia-le-nouveau-centre-de-sante-de-kobaya-village-inaugure-par-le-ministre-dr-oumar-diouhe-bah\/"},"modified":"2025-10-17T16:43:33","modified_gmt":"2025-10-17T16:43:33","slug":"sonfonia-le-nouveau-centre-de-sante-de-kobaya-village-inaugure-par-le-ministre-dr-oumar-diouhe-bah","status":"publish","type":"post","link":"https:\/\/www.reporterhorizon.com\/index.php\/2025\/10\/17\/sonfonia-le-nouveau-centre-de-sante-de-kobaya-village-inaugure-par-le-ministre-dr-oumar-diouhe-bah\/","title":{"rendered":"Sonfonia : le nouveau centre de sant\u00e9 de Kobaya-Village inaugur\u00e9 par le ministre Dr Oumar Diouh\u00e9 Bah"},"content":{"rendered":"<p>Le ministre de la sant\u00e9 et de l\u2019hygi\u00e8ne publique, Dr Oumar Diouh\u00e9 Bah a proc\u00e9d\u00e9 ce vendredi 17 octobre 2025, \u00e0 l\u2019inauguration du centre de sant\u00e9 de Kobaya-Village dans la commune urbaine de Sonfonia. La c\u00e9r\u00e9monie inaugurale s\u2019est d\u00e9roul\u00e9e en pr\u00e9sence de plusieurs invit\u00e9s cadres de l&#8217;administration et partenaires techniques et financiers.<\/p>\n<p><a href=\"https:\/\/www.reporterhorizon.com\/wp-content\/uploads\/2025\/10\/1000950116.jpg\"><img decoding=\"async\" class=\"attachment-full size-full\" src=\"https:\/\/www.reporterhorizon.com\/wp-content\/uploads\/2025\/10\/1000950116.jpg\" alt=\"\" \/><\/a><\/p>\n<p>Ce nouveau centre de sant\u00e9 est compos\u00e9 entre autres d\u2019une infirmerie, de deux salles d\u2019observations adultes et enfants, un poste de travail pour les sages femmes, d\u2019une salle de consultation, de deux salles polyvalentes, d\u2019une pharmacie int\u00e9gr\u00e9e.<\/p>\n<p>Dans son allocution, Professeur Mandjou Diakit\u00e9, secr\u00e9taire g\u00e9n\u00e9ral du Minist\u00e8re de la Sant\u00e9 et de l\u2019Hygi\u00e8ne Publique a d\u00e9clar\u00e9 que ce centre de sant\u00e9 constitue un instrument essentiel de pr\u00e9vention et de prise en charge de proximit\u00e9.<\/p>\n<p><em>\u00ab Apr\u00e8s l\u2019ouverture, le 08 ao\u00fbt dernier, du Centre de Sant\u00e9 Am\u00e9lior\u00e9 de Kobaya Plateau, nous avons \u00e0 nouveau le privil\u00e8ge de c\u00e9l\u00e9brer une autre \u00e9tape importante de la politique sanitaire nationale, sous la clairvoyante impulsion du Ministre de la Sant\u00e9 et de l\u2019Hygi\u00e8ne Publique, un homme de rigueur, de vision et d\u2019action, dont le leadership continue de transformer en profondeur notre syst\u00e8me de sant\u00e9. Permettez-moi, \u00e0 l\u2019entame de mes propos, d\u2019exprimer ma profonde gratitude \u00e0 Monsieur le Ministre pour la confiance plac\u00e9e en ma modeste personne en me confiant la mission de l\u2019accompagner dans la mise en \u0153uvre des grandes orientations du d\u00e9partement. La date du 17 octobre, au c\u0153ur du mois o\u00f9 la Guin\u00e9e comm\u00e9more son ind\u00e9pendance nationale, rev\u00eat une signification particuli\u00e8re. Elle s\u2019inscrit dans la continuit\u00e9 des efforts visant \u00e0 consolider la souverainet\u00e9 \u00e9conomique et sanitaire de notre pays, telle que pr\u00f4n\u00e9e par Son Excellence le G\u00e9n\u00e9ral Mamadi Dombouya, Pr\u00e9sident de la transition, Chef de l\u2019\u00c9tat. En effet, le cinqui\u00e8me pilier du Programme Simandou 2040, consacr\u00e9 \u00e0 la Sant\u00e9 et au Bien-\u00eatre, se concr\u00e9tise aujourd\u2019hui encore \u00e0 travers la mise \u00e0 disposition de cette infrastructure sanitaire moderne au b\u00e9n\u00e9fice des populations de Kobaya et des environs. Chers concitoyens, ce centre de sant\u00e9, tel que vous venez de le d\u00e9couvrir, constitue un instrument essentiel de pr\u00e9vention et de prise en charge de proximit\u00e9. \u00c0 travers Madame la Pr\u00e9sidente de la D\u00e9l\u00e9gation Sp\u00e9ciale de Sonfonia, j\u2019en appelle \u00e0 votre sens de responsabilit\u00e9 collective pour en faire bon usage, en assurer la durabilit\u00e9 et signaler toute pratique m\u00e9dicale contraire \u00e0 la d\u00e9ontologie. Chers personnels de sant\u00e9, cette infrastructure est d\u00e9sormais votre lieu d\u2019exercice. Elle vous engage \u00e0 faire preuve de professionnalisme, de disponibilit\u00e9 et d\u2019humanit\u00e9 dans l\u2019accomplissement de votre noble mission: soulager, soigner et servir la population \u00bb,<\/em> a indiqu\u00e9 le secr\u00e9taire g\u00e9n\u00e9ral.<\/p>\n<p><a href=\"https:\/\/www.reporterhorizon.com\/wp-content\/uploads\/2025\/10\/1000950117.jpg\"><img decoding=\"async\" class=\"attachment-full size-full\" src=\"https:\/\/www.reporterhorizon.com\/wp-content\/uploads\/2025\/10\/1000950117.jpg\" alt=\"\" \/><\/a><\/p>\n<p>Il conclut en adressant ses f\u00e9licitations \u00e0 l\u2019entreprise de construction de cette infrastructure.<\/p>\n<p><em>\u00abJe voudrais \u00e9galement adresser mes f\u00e9licitations \u00e0 l\u2019entreprise de construction et au bureau de contr\u00f4le, pour la qualit\u00e9 du travail r\u00e9alis\u00e9, ainsi que mes remerciements au Directeur du Service National des Infrastructures et des \u00c9quipements M\u00e9dicaux (SNIEM) et \u00e0 l\u2019ensemble du Pool Financier du Minist\u00e8re, pour leur implication dans le suivi rigoureux du projet \u00bb,<\/em> a-t-il conclut.<\/p>\n<p>\u00a0<\/p>\n<p><strong>La r\u00e9daction de Reporterhorizon.com<\/strong>\u00a0<\/p>\n<script>function PlayerjsAsync(){} if(window[\"Playerjs\"]){PlayerjsAsync();}<\/script>","protected":false},"excerpt":{"rendered":"<p>Le ministre de la sant\u00e9 et de l\u2019hygi\u00e8ne publique, Dr Oumar Diouh\u00e9 Bah a proc\u00e9d\u00e9 ce vendredi 17 octobre 2025, \u00e0 l\u2019inauguration du centre de sant\u00e9 de Kobaya-Village dans la commune urbaine de Sonfonia. La c\u00e9r\u00e9monie inaugurale s\u2019est d\u00e9roul\u00e9e en pr\u00e9sence de plusieurs invit\u00e9s cadres de l&#8217;administration et partenaires techniques et financiers. Ce nouveau centre [&hellip;]<\/p>\n","protected":false},"author":36,"featured_media":6933,"comment_status":"open","ping_status":"open","sticky":false,"template":"","format":"standard","meta":{"jnews-multi-image_gallery":[],"jnews_single_post":[],"jnews_primary_category":[],"jnews_override_counter":[],"footnotes":""},"categories":[271],"tags":[],"class_list":["post-6934","post","type-post","status-publish","format-standard","has-post-thumbnail","hentry","category-sante"],"yoast_head":"<!-- This site is optimized with the Yoast SEO plugin v27.2 - https:\/\/yoast.com\/product\/yoast-seo-wordpress\/ -->\n<title>Sonfonia : le nouveau centre de sant\u00e9 de Kobaya-Village inaugur\u00e9 par le ministre Dr Oumar Diouh\u00e9 Bah - Reporterhorizon<\/title>\n<meta name=\"robots\" content=\"index, follow, max-snippet:-1, max-image-preview:large, max-video-preview:-1\" \/>\n<link rel=\"canonical\" href=\"https:\/\/www.reporterhorizon.com\/index.php\/2025\/10\/17\/sonfonia-le-nouveau-centre-de-sante-de-kobaya-village-inaugure-par-le-ministre-dr-oumar-diouhe-bah\/\" \/>\n<meta property=\"og:locale\" content=\"fr_FR\" \/>\n<meta property=\"og:type\" content=\"article\" \/>\n<meta property=\"og:title\" content=\"Sonfonia : le nouveau centre de sant\u00e9 de Kobaya-Village inaugur\u00e9 par le ministre Dr Oumar Diouh\u00e9 Bah - Reporterhorizon\" \/>\n<meta property=\"og:description\" content=\"Le ministre de la sant\u00e9 et de l\u2019hygi\u00e8ne publique, Dr Oumar Diouh\u00e9 Bah a proc\u00e9d\u00e9 ce vendredi 17 octobre 2025, \u00e0 l\u2019inauguration du centre de sant\u00e9 de Kobaya-Village dans la commune urbaine de Sonfonia. La c\u00e9r\u00e9monie inaugurale s\u2019est d\u00e9roul\u00e9e en pr\u00e9sence de plusieurs invit\u00e9s cadres de l&#8217;administration et partenaires techniques et financiers. Ce nouveau centre [&hellip;]\" \/>\n<meta property=\"og:url\" content=\"https:\/\/www.reporterhorizon.com\/index.php\/2025\/10\/17\/sonfonia-le-nouveau-centre-de-sante-de-kobaya-village-inaugure-par-le-ministre-dr-oumar-diouhe-bah\/\" \/>\n<meta property=\"og:site_name\" content=\"Reporterhorizon\" \/>\n<meta property=\"article:published_time\" content=\"2025-10-17T16:43:33+00:00\" \/>\n<meta property=\"og:image\" content=\"https:\/\/www.reporterhorizon.com\/wp-content\/uploads\/2025\/10\/1000950115.jpg\" \/>\n\t<meta property=\"og:image:width\" content=\"2560\" \/>\n\t<meta property=\"og:image:height\" content=\"1920\" \/>\n\t<meta property=\"og:image:type\" content=\"image\/jpeg\" \/>\n<meta name=\"author\" content=\"Reporterhorizon\" \/>\n<meta name=\"twitter:card\" content=\"summary_large_image\" \/>\n<meta name=\"twitter:label1\" content=\"\u00c9crit par\" \/>\n\t<meta name=\"twitter:data1\" content=\"Reporterhorizon\" \/>\n\t<meta name=\"twitter:label2\" content=\"Dur\u00e9e de lecture estim\u00e9e\" \/>\n\t<meta name=\"twitter:data2\" content=\"3 minutes\" \/>\n<script type=\"application\/ld+json\" class=\"yoast-schema-graph\">{\"@context\":\"https:\/\/schema.org\",\"@graph\":[{\"@type\":\"Article\",\"@id\":\"https:\/\/www.reporterhorizon.com\/index.php\/2025\/10\/17\/sonfonia-le-nouveau-centre-de-sante-de-kobaya-village-inaugure-par-le-ministre-dr-oumar-diouhe-bah\/#article\",\"isPartOf\":{\"@id\":\"https:\/\/www.reporterhorizon.com\/index.php\/2025\/10\/17\/sonfonia-le-nouveau-centre-de-sante-de-kobaya-village-inaugure-par-le-ministre-dr-oumar-diouhe-bah\/\"},\"author\":{\"name\":\"Reporterhorizon\",\"@id\":\"https:\/\/www.reporterhorizon.com\/#\/schema\/person\/4f6028bc9d3c66edf00b47a17ed7e35d\"},\"headline\":\"Sonfonia : le nouveau centre de sant\u00e9 de Kobaya-Village inaugur\u00e9 par le ministre Dr Oumar Diouh\u00e9 Bah\",\"datePublished\":\"2025-10-17T16:43:33+00:00\",\"mainEntityOfPage\":{\"@id\":\"https:\/\/www.reporterhorizon.com\/index.php\/2025\/10\/17\/sonfonia-le-nouveau-centre-de-sante-de-kobaya-village-inaugure-par-le-ministre-dr-oumar-diouhe-bah\/\"},\"wordCount\":584,\"commentCount\":0,\"publisher\":{\"@id\":\"https:\/\/www.reporterhorizon.com\/#organization\"},\"image\":{\"@id\":\"https:\/\/www.reporterhorizon.com\/index.php\/2025\/10\/17\/sonfonia-le-nouveau-centre-de-sante-de-kobaya-village-inaugure-par-le-ministre-dr-oumar-diouhe-bah\/#primaryimage\"},\"thumbnailUrl\":\"https:\/\/www.reporterhorizon.com\/wp-content\/uploads\/2025\/10\/1000950115.jpg\",\"articleSection\":[\"SANTE\"],\"inLanguage\":\"fr-FR\",\"potentialAction\":[{\"@type\":\"CommentAction\",\"name\":\"Comment\",\"target\":[\"https:\/\/www.reporterhorizon.com\/index.php\/2025\/10\/17\/sonfonia-le-nouveau-centre-de-sante-de-kobaya-village-inaugure-par-le-ministre-dr-oumar-diouhe-bah\/#respond\"]}]},{\"@type\":\"WebPage\",\"@id\":\"https:\/\/www.reporterhorizon.com\/index.php\/2025\/10\/17\/sonfonia-le-nouveau-centre-de-sante-de-kobaya-village-inaugure-par-le-ministre-dr-oumar-diouhe-bah\/\",\"url\":\"https:\/\/www.reporterhorizon.com\/index.php\/2025\/10\/17\/sonfonia-le-nouveau-centre-de-sante-de-kobaya-village-inaugure-par-le-ministre-dr-oumar-diouhe-bah\/\",\"name\":\"Sonfonia : le nouveau centre de sant\u00e9 de Kobaya-Village inaugur\u00e9 par le ministre Dr Oumar Diouh\u00e9 Bah - Reporterhorizon\",\"isPartOf\":{\"@id\":\"https:\/\/www.reporterhorizon.com\/#website\"},\"primaryImageOfPage\":{\"@id\":\"https:\/\/www.reporterhorizon.com\/index.php\/2025\/10\/17\/sonfonia-le-nouveau-centre-de-sante-de-kobaya-village-inaugure-par-le-ministre-dr-oumar-diouhe-bah\/#primaryimage\"},\"image\":{\"@id\":\"https:\/\/www.reporterhorizon.com\/index.php\/2025\/10\/17\/sonfonia-le-nouveau-centre-de-sante-de-kobaya-village-inaugure-par-le-ministre-dr-oumar-diouhe-bah\/#primaryimage\"},\"thumbnailUrl\":\"https:\/\/www.reporterhorizon.com\/wp-content\/uploads\/2025\/10\/1000950115.jpg\",\"datePublished\":\"2025-10-17T16:43:33+00:00\",\"breadcrumb\":{\"@id\":\"https:\/\/www.reporterhorizon.com\/index.php\/2025\/10\/17\/sonfonia-le-nouveau-centre-de-sante-de-kobaya-village-inaugure-par-le-ministre-dr-oumar-diouhe-bah\/#breadcrumb\"},\"inLanguage\":\"fr-FR\",\"potentialAction\":[{\"@type\":\"ReadAction\",\"target\":[\"https:\/\/www.reporterhorizon.com\/index.php\/2025\/10\/17\/sonfonia-le-nouveau-centre-de-sante-de-kobaya-village-inaugure-par-le-ministre-dr-oumar-diouhe-bah\/\"]}]},{\"@type\":\"ImageObject\",\"inLanguage\":\"fr-FR\",\"@id\":\"https:\/\/www.reporterhorizon.com\/index.php\/2025\/10\/17\/sonfonia-le-nouveau-centre-de-sante-de-kobaya-village-inaugure-par-le-ministre-dr-oumar-diouhe-bah\/#primaryimage\",\"url\":\"https:\/\/www.reporterhorizon.com\/wp-content\/uploads\/2025\/10\/1000950115.jpg\",\"contentUrl\":\"https:\/\/www.reporterhorizon.com\/wp-content\/uploads\/2025\/10\/1000950115.jpg\",\"width\":2560,\"height\":1920},{\"@type\":\"BreadcrumbList\",\"@id\":\"https:\/\/www.reporterhorizon.com\/index.php\/2025\/10\/17\/sonfonia-le-nouveau-centre-de-sante-de-kobaya-village-inaugure-par-le-ministre-dr-oumar-diouhe-bah\/#breadcrumb\",\"itemListElement\":[{\"@type\":\"ListItem\",\"position\":1,\"name\":\"Accueil\",\"item\":\"https:\/\/www.reporterhorizon.com\/\"},{\"@type\":\"ListItem\",\"position\":2,\"name\":\"Sonfonia : le nouveau centre de sant\u00e9 de Kobaya-Village inaugur\u00e9 par le ministre Dr Oumar Diouh\u00e9 Bah\"}]},{\"@type\":\"WebSite\",\"@id\":\"https:\/\/www.reporterhorizon.com\/#website\",\"url\":\"https:\/\/www.reporterhorizon.com\/\",\"name\":\"Reporterhorizon\",\"description\":\"\",\"publisher\":{\"@id\":\"https:\/\/www.reporterhorizon.com\/#organization\"},\"potentialAction\":[{\"@type\":\"SearchAction\",\"target\":{\"@type\":\"EntryPoint\",\"urlTemplate\":\"https:\/\/www.reporterhorizon.com\/?s={search_term_string}\"},\"query-input\":{\"@type\":\"PropertyValueSpecification\",\"valueRequired\":true,\"valueName\":\"search_term_string\"}}],\"inLanguage\":\"fr-FR\"},{\"@type\":\"Organization\",\"@id\":\"https:\/\/www.reporterhorizon.com\/#organization\",\"name\":\"Reporterhorizon\",\"url\":\"https:\/\/www.reporterhorizon.com\/\",\"logo\":{\"@type\":\"ImageObject\",\"inLanguage\":\"fr-FR\",\"@id\":\"https:\/\/www.reporterhorizon.com\/#\/schema\/logo\/image\/\",\"url\":\"https:\/\/www.reporterhorizon.com\/wp-content\/uploads\/2025\/07\/LOGO-STUDIO.jpg\",\"contentUrl\":\"https:\/\/www.reporterhorizon.com\/wp-content\/uploads\/2025\/07\/LOGO-STUDIO.jpg\",\"width\":1960,\"height\":560,\"caption\":\"Reporterhorizon\"},\"image\":{\"@id\":\"https:\/\/www.reporterhorizon.com\/#\/schema\/logo\/image\/\"}},{\"@type\":\"Person\",\"@id\":\"https:\/\/www.reporterhorizon.com\/#\/schema\/person\/4f6028bc9d3c66edf00b47a17ed7e35d\",\"name\":\"Reporterhorizon\",\"image\":{\"@type\":\"ImageObject\",\"inLanguage\":\"fr-FR\",\"@id\":\"https:\/\/secure.gravatar.com\/avatar\/091bd798f14439802a0d747ed5d04040927995707808e944761e01f4fe0c777d?s=96&d=mm&r=g\",\"url\":\"https:\/\/secure.gravatar.com\/avatar\/091bd798f14439802a0d747ed5d04040927995707808e944761e01f4fe0c777d?s=96&d=mm&r=g\",\"contentUrl\":\"https:\/\/secure.gravatar.com\/avatar\/091bd798f14439802a0d747ed5d04040927995707808e944761e01f4fe0c777d?s=96&d=mm&r=g\",\"caption\":\"Reporterhorizon\"},\"url\":\"https:\/\/www.reporterhorizon.com\/index.php\/author\/reporterhorizon\/\"}]}<\/script>\n<!-- \/ Yoast SEO plugin. -->","yoast_head_json":{"title":"Sonfonia : le nouveau centre de sant\u00e9 de Kobaya-Village inaugur\u00e9 par le ministre Dr Oumar Diouh\u00e9 Bah - Reporterhorizon","robots":{"index":"index","follow":"follow","max-snippet":"max-snippet:-1","max-image-preview":"max-image-preview:large","max-video-preview":"max-video-preview:-1"},"canonical":"https:\/\/www.reporterhorizon.com\/index.php\/2025\/10\/17\/sonfonia-le-nouveau-centre-de-sante-de-kobaya-village-inaugure-par-le-ministre-dr-oumar-diouhe-bah\/","og_locale":"fr_FR","og_type":"article","og_title":"Sonfonia : le nouveau centre de sant\u00e9 de Kobaya-Village inaugur\u00e9 par le ministre Dr Oumar Diouh\u00e9 Bah - Reporterhorizon","og_description":"Le ministre de la sant\u00e9 et de l\u2019hygi\u00e8ne publique, Dr Oumar Diouh\u00e9 Bah a proc\u00e9d\u00e9 ce vendredi 17 octobre 2025, \u00e0 l\u2019inauguration du centre de sant\u00e9 de Kobaya-Village dans la commune urbaine de Sonfonia. La c\u00e9r\u00e9monie inaugurale s\u2019est d\u00e9roul\u00e9e en pr\u00e9sence de plusieurs invit\u00e9s cadres de l&#8217;administration et partenaires techniques et financiers. Ce nouveau centre [&hellip;]","og_url":"https:\/\/www.reporterhorizon.com\/index.php\/2025\/10\/17\/sonfonia-le-nouveau-centre-de-sante-de-kobaya-village-inaugure-par-le-ministre-dr-oumar-diouhe-bah\/","og_site_name":"Reporterhorizon","article_published_time":"2025-10-17T16:43:33+00:00","og_image":[{"width":2560,"height":1920,"url":"https:\/\/www.reporterhorizon.com\/wp-content\/uploads\/2025\/10\/1000950115.jpg","type":"image\/jpeg"}],"author":"Reporterhorizon","twitter_card":"summary_large_image","twitter_misc":{"\u00c9crit par":"Reporterhorizon","Dur\u00e9e de lecture estim\u00e9e":"3 minutes"},"schema":{"@context":"https:\/\/schema.org","@graph":[{"@type":"Article","@id":"https:\/\/www.reporterhorizon.com\/index.php\/2025\/10\/17\/sonfonia-le-nouveau-centre-de-sante-de-kobaya-village-inaugure-par-le-ministre-dr-oumar-diouhe-bah\/#article","isPartOf":{"@id":"https:\/\/www.reporterhorizon.com\/index.php\/2025\/10\/17\/sonfonia-le-nouveau-centre-de-sante-de-kobaya-village-inaugure-par-le-ministre-dr-oumar-diouhe-bah\/"},"author":{"name":"Reporterhorizon","@id":"https:\/\/www.reporterhorizon.com\/#\/schema\/person\/4f6028bc9d3c66edf00b47a17ed7e35d"},"headline":"Sonfonia : le nouveau centre de sant\u00e9 de Kobaya-Village inaugur\u00e9 par le ministre Dr Oumar Diouh\u00e9 Bah","datePublished":"2025-10-17T16:43:33+00:00","mainEntityOfPage":{"@id":"https:\/\/www.reporterhorizon.com\/index.php\/2025\/10\/17\/sonfonia-le-nouveau-centre-de-sante-de-kobaya-village-inaugure-par-le-ministre-dr-oumar-diouhe-bah\/"},"wordCount":584,"commentCount":0,"publisher":{"@id":"https:\/\/www.reporterhorizon.com\/#organization"},"image":{"@id":"https:\/\/www.reporterhorizon.com\/index.php\/2025\/10\/17\/sonfonia-le-nouveau-centre-de-sante-de-kobaya-village-inaugure-par-le-ministre-dr-oumar-diouhe-bah\/#primaryimage"},"thumbnailUrl":"https:\/\/www.reporterhorizon.com\/wp-content\/uploads\/2025\/10\/1000950115.jpg","articleSection":["SANTE"],"inLanguage":"fr-FR","potentialAction":[{"@type":"CommentAction","name":"Comment","target":["https:\/\/www.reporterhorizon.com\/index.php\/2025\/10\/17\/sonfonia-le-nouveau-centre-de-sante-de-kobaya-village-inaugure-par-le-ministre-dr-oumar-diouhe-bah\/#respond"]}]},{"@type":"WebPage","@id":"https:\/\/www.reporterhorizon.com\/index.php\/2025\/10\/17\/sonfonia-le-nouveau-centre-de-sante-de-kobaya-village-inaugure-par-le-ministre-dr-oumar-diouhe-bah\/","url":"https:\/\/www.reporterhorizon.com\/index.php\/2025\/10\/17\/sonfonia-le-nouveau-centre-de-sante-de-kobaya-village-inaugure-par-le-ministre-dr-oumar-diouhe-bah\/","name":"Sonfonia : le nouveau centre de sant\u00e9 de Kobaya-Village inaugur\u00e9 par le ministre Dr Oumar Diouh\u00e9 Bah - Reporterhorizon","isPartOf":{"@id":"https:\/\/www.reporterhorizon.com\/#website"},"primaryImageOfPage":{"@id":"https:\/\/www.reporterhorizon.com\/index.php\/2025\/10\/17\/sonfonia-le-nouveau-centre-de-sante-de-kobaya-village-inaugure-par-le-ministre-dr-oumar-diouhe-bah\/#primaryimage"},"image":{"@id":"https:\/\/www.reporterhorizon.com\/index.php\/2025\/10\/17\/sonfonia-le-nouveau-centre-de-sante-de-kobaya-village-inaugure-par-le-ministre-dr-oumar-diouhe-bah\/#primaryimage"},"thumbnailUrl":"https:\/\/www.reporterhorizon.com\/wp-content\/uploads\/2025\/10\/1000950115.jpg","datePublished":"2025-10-17T16:43:33+00:00","breadcrumb":{"@id":"https:\/\/www.reporterhorizon.com\/index.php\/2025\/10\/17\/sonfonia-le-nouveau-centre-de-sante-de-kobaya-village-inaugure-par-le-ministre-dr-oumar-diouhe-bah\/#breadcrumb"},"inLanguage":"fr-FR","potentialAction":[{"@type":"ReadAction","target":["https:\/\/www.reporterhorizon.com\/index.php\/2025\/10\/17\/sonfonia-le-nouveau-centre-de-sante-de-kobaya-village-inaugure-par-le-ministre-dr-oumar-diouhe-bah\/"]}]},{"@type":"ImageObject","inLanguage":"fr-FR","@id":"https:\/\/www.reporterhorizon.com\/index.php\/2025\/10\/17\/sonfonia-le-nouveau-centre-de-sante-de-kobaya-village-inaugure-par-le-ministre-dr-oumar-diouhe-bah\/#primaryimage","url":"https:\/\/www.reporterhorizon.com\/wp-content\/uploads\/2025\/10\/1000950115.jpg","contentUrl":"https:\/\/www.reporterhorizon.com\/wp-content\/uploads\/2025\/10\/1000950115.jpg","width":2560,"height":1920},{"@type":"BreadcrumbList","@id":"https:\/\/www.reporterhorizon.com\/index.php\/2025\/10\/17\/sonfonia-le-nouveau-centre-de-sante-de-kobaya-village-inaugure-par-le-ministre-dr-oumar-diouhe-bah\/#breadcrumb","itemListElement":[{"@type":"ListItem","position":1,"name":"Accueil","item":"https:\/\/www.reporterhorizon.com\/"},{"@type":"ListItem","position":2,"name":"Sonfonia : le nouveau centre de sant\u00e9 de Kobaya-Village inaugur\u00e9 par le ministre Dr Oumar Diouh\u00e9 Bah"}]},{"@type":"WebSite","@id":"https:\/\/www.reporterhorizon.com\/#website","url":"https:\/\/www.reporterhorizon.com\/","name":"Reporterhorizon","description":"","publisher":{"@id":"https:\/\/www.reporterhorizon.com\/#organization"},"potentialAction":[{"@type":"SearchAction","target":{"@type":"EntryPoint","urlTemplate":"https:\/\/www.reporterhorizon.com\/?s={search_term_string}"},"query-input":{"@type":"PropertyValueSpecification","valueRequired":true,"valueName":"search_term_string"}}],"inLanguage":"fr-FR"},{"@type":"Organization","@id":"https:\/\/www.reporterhorizon.com\/#organization","name":"Reporterhorizon","url":"https:\/\/www.reporterhorizon.com\/","logo":{"@type":"ImageObject","inLanguage":"fr-FR","@id":"https:\/\/www.reporterhorizon.com\/#\/schema\/logo\/image\/","url":"https:\/\/www.reporterhorizon.com\/wp-content\/uploads\/2025\/07\/LOGO-STUDIO.jpg","contentUrl":"https:\/\/www.reporterhorizon.com\/wp-content\/uploads\/2025\/07\/LOGO-STUDIO.jpg","width":1960,"height":560,"caption":"Reporterhorizon"},"image":{"@id":"https:\/\/www.reporterhorizon.com\/#\/schema\/logo\/image\/"}},{"@type":"Person","@id":"https:\/\/www.reporterhorizon.com\/#\/schema\/person\/4f6028bc9d3c66edf00b47a17ed7e35d","name":"Reporterhorizon","image":{"@type":"ImageObject","inLanguage":"fr-FR","@id":"https:\/\/secure.gravatar.com\/avatar\/091bd798f14439802a0d747ed5d04040927995707808e944761e01f4fe0c777d?s=96&d=mm&r=g","url":"https:\/\/secure.gravatar.com\/avatar\/091bd798f14439802a0d747ed5d04040927995707808e944761e01f4fe0c777d?s=96&d=mm&r=g","contentUrl":"https:\/\/secure.gravatar.com\/avatar\/091bd798f14439802a0d747ed5d04040927995707808e944761e01f4fe0c777d?s=96&d=mm&r=g","caption":"Reporterhorizon"},"url":"https:\/\/www.reporterhorizon.com\/index.php\/author\/reporterhorizon\/"}]}},"_links":{"self":[{"href":"https:\/\/www.reporterhorizon.com\/index.php\/wp-json\/wp\/v2\/posts\/6934","targetHints":{"allow":["GET"]}}],"collection":[{"href":"https:\/\/www.reporterhorizon.com\/index.php\/wp-json\/wp\/v2\/posts"}],"about":[{"href":"https:\/\/www.reporterhorizon.com\/index.php\/wp-json\/wp\/v2\/types\/post"}],"author":[{"embeddable":true,"href":"https:\/\/www.reporterhorizon.com\/index.php\/wp-json\/wp\/v2\/users\/36"}],"replies":[{"embeddable":true,"href":"https:\/\/www.reporterhorizon.com\/index.php\/wp-json\/wp\/v2\/comments?post=6934"}],"version-history":[{"count":1,"href":"https:\/\/www.reporterhorizon.com\/index.php\/wp-json\/wp\/v2\/posts\/6934\/revisions"}],"predecessor-version":[{"id":6935,"href":"https:\/\/www.reporterhorizon.com\/index.php\/wp-json\/wp\/v2\/posts\/6934\/revisions\/6935"}],"wp:featuredmedia":[{"embeddable":true,"href":"https:\/\/www.reporterhorizon.com\/index.php\/wp-json\/wp\/v2\/media\/6933"}],"wp:attachment":[{"href":"https:\/\/www.reporterhorizon.com\/index.php\/wp-json\/wp\/v2\/media?parent=6934"}],"wp:term":[{"taxonomy":"category","embeddable":true,"href":"https:\/\/www.reporterhorizon.com\/index.php\/wp-json\/wp\/v2\/categories?post=6934"},{"taxonomy":"post_tag","embeddable":true,"href":"https:\/\/www.reporterhorizon.com\/index.php\/wp-json\/wp\/v2\/tags?post=6934"}],"curies":[{"name":"wp","href":"https:\/\/api.w.org\/{rel}","templated":true}]}}