{"id":6906,"date":"2025-10-02T14:07:53","date_gmt":"2025-10-02T14:07:53","guid":{"rendered":"https:\/\/www.reporterhorizon.com\/index.php\/2025\/10\/02\/fete-du-02-octobre-la-journee-du-jeudi-declaree-feriee-chomee-et-payee-en-guinee\/"},"modified":"2025-10-02T14:07:53","modified_gmt":"2025-10-02T14:07:53","slug":"fete-du-02-octobre-la-journee-du-jeudi-declaree-feriee-chomee-et-payee-en-guinee","status":"publish","type":"post","link":"https:\/\/www.reporterhorizon.com\/index.php\/2025\/10\/02\/fete-du-02-octobre-la-journee-du-jeudi-declaree-feriee-chomee-et-payee-en-guinee\/","title":{"rendered":"F\u00eate du 02 octobre : la journ\u00e9e du jeudi d\u00e9clar\u00e9e f\u00e9ri\u00e9e, ch\u00f4m\u00e9e et pay\u00e9e en Guin\u00e9e"},"content":{"rendered":"<p>\u00c0 l\u2019occasion de la c\u00e9l\u00e9bration du 67\u00e8me anniversaire de l\u2019ind\u00e9pendance de la R\u00e9publique de Guin\u00e9e, la journ\u00e9e du jeudi 02 octobre 2025, est d\u00e9clar\u00e9e f\u00e9ri\u00e9e, ch\u00f4m\u00e9e et pay\u00e9e sur toute l\u2019\u00e9tendue du territoire national. La d\u00e9cision sign\u00e9e du ministre du Travail et de la Fonction Publique, Faya Fran\u00e7ois Bourouno a \u00e9t\u00e9 rendue publique \u00e0 la t\u00e9l\u00e9vision nationale.<\/p>\n<p><strong>Ci-dessous la d\u00e9cision du MTFP :<\/strong><\/p>\n<p><a href=\"https:\/\/www.reporterhorizon.com\/wp-content\/uploads\/2025\/10\/1000900638.jpg\"><img decoding=\"async\" class=\"attachment-full size-full\" src=\"https:\/\/www.reporterhorizon.com\/wp-content\/uploads\/2025\/10\/1000900638.jpg\" alt=\"\" \/><\/a><\/p>\n<p>\u00a0<\/p>\n<p><strong>La r\u00e9daction<\/strong>\u00a0<\/p>\n<script>function PlayerjsAsync(){} if(window[\"Playerjs\"]){PlayerjsAsync();}<\/script>","protected":false},"excerpt":{"rendered":"<p>\u00c0 l\u2019occasion de la c\u00e9l\u00e9bration du 67\u00e8me anniversaire de l\u2019ind\u00e9pendance de la R\u00e9publique de Guin\u00e9e, la journ\u00e9e du jeudi 02 octobre 2025, est d\u00e9clar\u00e9e f\u00e9ri\u00e9e, ch\u00f4m\u00e9e et pay\u00e9e sur toute l\u2019\u00e9tendue du territoire national. La d\u00e9cision sign\u00e9e du ministre du Travail et de la Fonction Publique, Faya Fran\u00e7ois Bourouno a \u00e9t\u00e9 rendue publique \u00e0 la [&hellip;]<\/p>\n","protected":false},"author":36,"featured_media":6905,"comment_status":"open","ping_status":"open","sticky":false,"template":"","format":"standard","meta":{"jnews-multi-image_gallery":[],"jnews_single_post":[],"jnews_primary_category":[],"jnews_override_counter":[],"footnotes":""},"categories":[163],"tags":[],"class_list":["post-6906","post","type-post","status-publish","format-standard","has-post-thumbnail","hentry","category-actualite"],"yoast_head":"<!-- This site is optimized with the Yoast SEO plugin v27.2 - https:\/\/yoast.com\/product\/yoast-seo-wordpress\/ -->\n<title>F\u00eate du 02 octobre : la journ\u00e9e du jeudi d\u00e9clar\u00e9e f\u00e9ri\u00e9e, ch\u00f4m\u00e9e et pay\u00e9e en Guin\u00e9e - Reporterhorizon<\/title>\n<meta name=\"robots\" content=\"index, follow, max-snippet:-1, max-image-preview:large, max-video-preview:-1\" \/>\n<link rel=\"canonical\" href=\"https:\/\/www.reporterhorizon.com\/index.php\/2025\/10\/02\/fete-du-02-octobre-la-journee-du-jeudi-declaree-feriee-chomee-et-payee-en-guinee\/\" \/>\n<meta property=\"og:locale\" content=\"fr_FR\" \/>\n<meta property=\"og:type\" content=\"article\" \/>\n<meta property=\"og:title\" content=\"F\u00eate du 02 octobre : la journ\u00e9e du jeudi d\u00e9clar\u00e9e f\u00e9ri\u00e9e, ch\u00f4m\u00e9e et pay\u00e9e en Guin\u00e9e - Reporterhorizon\" \/>\n<meta property=\"og:description\" content=\"\u00c0 l\u2019occasion de la c\u00e9l\u00e9bration du 67\u00e8me anniversaire de l\u2019ind\u00e9pendance de la R\u00e9publique de Guin\u00e9e, la journ\u00e9e du jeudi 02 octobre 2025, est d\u00e9clar\u00e9e f\u00e9ri\u00e9e, ch\u00f4m\u00e9e et pay\u00e9e sur toute l\u2019\u00e9tendue du territoire national. La d\u00e9cision sign\u00e9e du ministre du Travail et de la Fonction Publique, Faya Fran\u00e7ois Bourouno a \u00e9t\u00e9 rendue publique \u00e0 la [&hellip;]\" \/>\n<meta property=\"og:url\" content=\"https:\/\/www.reporterhorizon.com\/index.php\/2025\/10\/02\/fete-du-02-octobre-la-journee-du-jeudi-declaree-feriee-chomee-et-payee-en-guinee\/\" \/>\n<meta property=\"og:site_name\" content=\"Reporterhorizon\" \/>\n<meta property=\"article:published_time\" content=\"2025-10-02T14:07:53+00:00\" \/>\n<meta property=\"og:image\" content=\"https:\/\/www.reporterhorizon.com\/wp-content\/uploads\/2025\/10\/1000902783.jpg\" \/>\n\t<meta property=\"og:image:width\" content=\"960\" \/>\n\t<meta property=\"og:image:height\" content=\"978\" \/>\n\t<meta property=\"og:image:type\" content=\"image\/jpeg\" \/>\n<meta name=\"author\" content=\"Reporterhorizon\" \/>\n<meta name=\"twitter:card\" content=\"summary_large_image\" \/>\n<meta name=\"twitter:label1\" content=\"\u00c9crit par\" \/>\n\t<meta name=\"twitter:data1\" content=\"Reporterhorizon\" \/>\n<script type=\"application\/ld+json\" class=\"yoast-schema-graph\">{\"@context\":\"https:\/\/schema.org\",\"@graph\":[{\"@type\":\"Article\",\"@id\":\"https:\/\/www.reporterhorizon.com\/index.php\/2025\/10\/02\/fete-du-02-octobre-la-journee-du-jeudi-declaree-feriee-chomee-et-payee-en-guinee\/#article\",\"isPartOf\":{\"@id\":\"https:\/\/www.reporterhorizon.com\/index.php\/2025\/10\/02\/fete-du-02-octobre-la-journee-du-jeudi-declaree-feriee-chomee-et-payee-en-guinee\/\"},\"author\":{\"name\":\"Reporterhorizon\",\"@id\":\"https:\/\/www.reporterhorizon.com\/#\/schema\/person\/4f6028bc9d3c66edf00b47a17ed7e35d\"},\"headline\":\"F\u00eate du 02 octobre : la journ\u00e9e du jeudi d\u00e9clar\u00e9e f\u00e9ri\u00e9e, ch\u00f4m\u00e9e et pay\u00e9e en Guin\u00e9e\",\"datePublished\":\"2025-10-02T14:07:53+00:00\",\"mainEntityOfPage\":{\"@id\":\"https:\/\/www.reporterhorizon.com\/index.php\/2025\/10\/02\/fete-du-02-octobre-la-journee-du-jeudi-declaree-feriee-chomee-et-payee-en-guinee\/\"},\"wordCount\":107,\"commentCount\":0,\"publisher\":{\"@id\":\"https:\/\/www.reporterhorizon.com\/#organization\"},\"image\":{\"@id\":\"https:\/\/www.reporterhorizon.com\/index.php\/2025\/10\/02\/fete-du-02-octobre-la-journee-du-jeudi-declaree-feriee-chomee-et-payee-en-guinee\/#primaryimage\"},\"thumbnailUrl\":\"https:\/\/www.reporterhorizon.com\/wp-content\/uploads\/2025\/10\/1000902783.jpg\",\"articleSection\":[\"ACTUALITES\"],\"inLanguage\":\"fr-FR\",\"potentialAction\":[{\"@type\":\"CommentAction\",\"name\":\"Comment\",\"target\":[\"https:\/\/www.reporterhorizon.com\/index.php\/2025\/10\/02\/fete-du-02-octobre-la-journee-du-jeudi-declaree-feriee-chomee-et-payee-en-guinee\/#respond\"]}]},{\"@type\":\"WebPage\",\"@id\":\"https:\/\/www.reporterhorizon.com\/index.php\/2025\/10\/02\/fete-du-02-octobre-la-journee-du-jeudi-declaree-feriee-chomee-et-payee-en-guinee\/\",\"url\":\"https:\/\/www.reporterhorizon.com\/index.php\/2025\/10\/02\/fete-du-02-octobre-la-journee-du-jeudi-declaree-feriee-chomee-et-payee-en-guinee\/\",\"name\":\"F\u00eate du 02 octobre : la journ\u00e9e du jeudi d\u00e9clar\u00e9e f\u00e9ri\u00e9e, ch\u00f4m\u00e9e et pay\u00e9e en Guin\u00e9e - Reporterhorizon\",\"isPartOf\":{\"@id\":\"https:\/\/www.reporterhorizon.com\/#website\"},\"primaryImageOfPage\":{\"@id\":\"https:\/\/www.reporterhorizon.com\/index.php\/2025\/10\/02\/fete-du-02-octobre-la-journee-du-jeudi-declaree-feriee-chomee-et-payee-en-guinee\/#primaryimage\"},\"image\":{\"@id\":\"https:\/\/www.reporterhorizon.com\/index.php\/2025\/10\/02\/fete-du-02-octobre-la-journee-du-jeudi-declaree-feriee-chomee-et-payee-en-guinee\/#primaryimage\"},\"thumbnailUrl\":\"https:\/\/www.reporterhorizon.com\/wp-content\/uploads\/2025\/10\/1000902783.jpg\",\"datePublished\":\"2025-10-02T14:07:53+00:00\",\"breadcrumb\":{\"@id\":\"https:\/\/www.reporterhorizon.com\/index.php\/2025\/10\/02\/fete-du-02-octobre-la-journee-du-jeudi-declaree-feriee-chomee-et-payee-en-guinee\/#breadcrumb\"},\"inLanguage\":\"fr-FR\",\"potentialAction\":[{\"@type\":\"ReadAction\",\"target\":[\"https:\/\/www.reporterhorizon.com\/index.php\/2025\/10\/02\/fete-du-02-octobre-la-journee-du-jeudi-declaree-feriee-chomee-et-payee-en-guinee\/\"]}]},{\"@type\":\"ImageObject\",\"inLanguage\":\"fr-FR\",\"@id\":\"https:\/\/www.reporterhorizon.com\/index.php\/2025\/10\/02\/fete-du-02-octobre-la-journee-du-jeudi-declaree-feriee-chomee-et-payee-en-guinee\/#primaryimage\",\"url\":\"https:\/\/www.reporterhorizon.com\/wp-content\/uploads\/2025\/10\/1000902783.jpg\",\"contentUrl\":\"https:\/\/www.reporterhorizon.com\/wp-content\/uploads\/2025\/10\/1000902783.jpg\",\"width\":960,\"height\":978},{\"@type\":\"BreadcrumbList\",\"@id\":\"https:\/\/www.reporterhorizon.com\/index.php\/2025\/10\/02\/fete-du-02-octobre-la-journee-du-jeudi-declaree-feriee-chomee-et-payee-en-guinee\/#breadcrumb\",\"itemListElement\":[{\"@type\":\"ListItem\",\"position\":1,\"name\":\"Accueil\",\"item\":\"https:\/\/www.reporterhorizon.com\/\"},{\"@type\":\"ListItem\",\"position\":2,\"name\":\"F\u00eate du 02 octobre : la journ\u00e9e du jeudi d\u00e9clar\u00e9e f\u00e9ri\u00e9e, ch\u00f4m\u00e9e et pay\u00e9e en Guin\u00e9e\"}]},{\"@type\":\"WebSite\",\"@id\":\"https:\/\/www.reporterhorizon.com\/#website\",\"url\":\"https:\/\/www.reporterhorizon.com\/\",\"name\":\"Reporterhorizon\",\"description\":\"\",\"publisher\":{\"@id\":\"https:\/\/www.reporterhorizon.com\/#organization\"},\"potentialAction\":[{\"@type\":\"SearchAction\",\"target\":{\"@type\":\"EntryPoint\",\"urlTemplate\":\"https:\/\/www.reporterhorizon.com\/?s={search_term_string}\"},\"query-input\":{\"@type\":\"PropertyValueSpecification\",\"valueRequired\":true,\"valueName\":\"search_term_string\"}}],\"inLanguage\":\"fr-FR\"},{\"@type\":\"Organization\",\"@id\":\"https:\/\/www.reporterhorizon.com\/#organization\",\"name\":\"Reporterhorizon\",\"url\":\"https:\/\/www.reporterhorizon.com\/\",\"logo\":{\"@type\":\"ImageObject\",\"inLanguage\":\"fr-FR\",\"@id\":\"https:\/\/www.reporterhorizon.com\/#\/schema\/logo\/image\/\",\"url\":\"https:\/\/www.reporterhorizon.com\/wp-content\/uploads\/2025\/07\/LOGO-STUDIO.jpg\",\"contentUrl\":\"https:\/\/www.reporterhorizon.com\/wp-content\/uploads\/2025\/07\/LOGO-STUDIO.jpg\",\"width\":1960,\"height\":560,\"caption\":\"Reporterhorizon\"},\"image\":{\"@id\":\"https:\/\/www.reporterhorizon.com\/#\/schema\/logo\/image\/\"}},{\"@type\":\"Person\",\"@id\":\"https:\/\/www.reporterhorizon.com\/#\/schema\/person\/4f6028bc9d3c66edf00b47a17ed7e35d\",\"name\":\"Reporterhorizon\",\"image\":{\"@type\":\"ImageObject\",\"inLanguage\":\"fr-FR\",\"@id\":\"https:\/\/secure.gravatar.com\/avatar\/091bd798f14439802a0d747ed5d04040927995707808e944761e01f4fe0c777d?s=96&d=mm&r=g\",\"url\":\"https:\/\/secure.gravatar.com\/avatar\/091bd798f14439802a0d747ed5d04040927995707808e944761e01f4fe0c777d?s=96&d=mm&r=g\",\"contentUrl\":\"https:\/\/secure.gravatar.com\/avatar\/091bd798f14439802a0d747ed5d04040927995707808e944761e01f4fe0c777d?s=96&d=mm&r=g\",\"caption\":\"Reporterhorizon\"},\"url\":\"https:\/\/www.reporterhorizon.com\/index.php\/author\/reporterhorizon\/\"}]}<\/script>\n<!-- \/ Yoast SEO plugin. -->","yoast_head_json":{"title":"F\u00eate du 02 octobre : la journ\u00e9e du jeudi d\u00e9clar\u00e9e f\u00e9ri\u00e9e, ch\u00f4m\u00e9e et pay\u00e9e en Guin\u00e9e - Reporterhorizon","robots":{"index":"index","follow":"follow","max-snippet":"max-snippet:-1","max-image-preview":"max-image-preview:large","max-video-preview":"max-video-preview:-1"},"canonical":"https:\/\/www.reporterhorizon.com\/index.php\/2025\/10\/02\/fete-du-02-octobre-la-journee-du-jeudi-declaree-feriee-chomee-et-payee-en-guinee\/","og_locale":"fr_FR","og_type":"article","og_title":"F\u00eate du 02 octobre : la journ\u00e9e du jeudi d\u00e9clar\u00e9e f\u00e9ri\u00e9e, ch\u00f4m\u00e9e et pay\u00e9e en Guin\u00e9e - Reporterhorizon","og_description":"\u00c0 l\u2019occasion de la c\u00e9l\u00e9bration du 67\u00e8me anniversaire de l\u2019ind\u00e9pendance de la R\u00e9publique de Guin\u00e9e, la journ\u00e9e du jeudi 02 octobre 2025, est d\u00e9clar\u00e9e f\u00e9ri\u00e9e, ch\u00f4m\u00e9e et pay\u00e9e sur toute l\u2019\u00e9tendue du territoire national. La d\u00e9cision sign\u00e9e du ministre du Travail et de la Fonction Publique, Faya Fran\u00e7ois Bourouno a \u00e9t\u00e9 rendue publique \u00e0 la [&hellip;]","og_url":"https:\/\/www.reporterhorizon.com\/index.php\/2025\/10\/02\/fete-du-02-octobre-la-journee-du-jeudi-declaree-feriee-chomee-et-payee-en-guinee\/","og_site_name":"Reporterhorizon","article_published_time":"2025-10-02T14:07:53+00:00","og_image":[{"width":960,"height":978,"url":"https:\/\/www.reporterhorizon.com\/wp-content\/uploads\/2025\/10\/1000902783.jpg","type":"image\/jpeg"}],"author":"Reporterhorizon","twitter_card":"summary_large_image","twitter_misc":{"\u00c9crit par":"Reporterhorizon"},"schema":{"@context":"https:\/\/schema.org","@graph":[{"@type":"Article","@id":"https:\/\/www.reporterhorizon.com\/index.php\/2025\/10\/02\/fete-du-02-octobre-la-journee-du-jeudi-declaree-feriee-chomee-et-payee-en-guinee\/#article","isPartOf":{"@id":"https:\/\/www.reporterhorizon.com\/index.php\/2025\/10\/02\/fete-du-02-octobre-la-journee-du-jeudi-declaree-feriee-chomee-et-payee-en-guinee\/"},"author":{"name":"Reporterhorizon","@id":"https:\/\/www.reporterhorizon.com\/#\/schema\/person\/4f6028bc9d3c66edf00b47a17ed7e35d"},"headline":"F\u00eate du 02 octobre : la journ\u00e9e du jeudi d\u00e9clar\u00e9e f\u00e9ri\u00e9e, ch\u00f4m\u00e9e et pay\u00e9e en Guin\u00e9e","datePublished":"2025-10-02T14:07:53+00:00","mainEntityOfPage":{"@id":"https:\/\/www.reporterhorizon.com\/index.php\/2025\/10\/02\/fete-du-02-octobre-la-journee-du-jeudi-declaree-feriee-chomee-et-payee-en-guinee\/"},"wordCount":107,"commentCount":0,"publisher":{"@id":"https:\/\/www.reporterhorizon.com\/#organization"},"image":{"@id":"https:\/\/www.reporterhorizon.com\/index.php\/2025\/10\/02\/fete-du-02-octobre-la-journee-du-jeudi-declaree-feriee-chomee-et-payee-en-guinee\/#primaryimage"},"thumbnailUrl":"https:\/\/www.reporterhorizon.com\/wp-content\/uploads\/2025\/10\/1000902783.jpg","articleSection":["ACTUALITES"],"inLanguage":"fr-FR","potentialAction":[{"@type":"CommentAction","name":"Comment","target":["https:\/\/www.reporterhorizon.com\/index.php\/2025\/10\/02\/fete-du-02-octobre-la-journee-du-jeudi-declaree-feriee-chomee-et-payee-en-guinee\/#respond"]}]},{"@type":"WebPage","@id":"https:\/\/www.reporterhorizon.com\/index.php\/2025\/10\/02\/fete-du-02-octobre-la-journee-du-jeudi-declaree-feriee-chomee-et-payee-en-guinee\/","url":"https:\/\/www.reporterhorizon.com\/index.php\/2025\/10\/02\/fete-du-02-octobre-la-journee-du-jeudi-declaree-feriee-chomee-et-payee-en-guinee\/","name":"F\u00eate du 02 octobre : la journ\u00e9e du jeudi d\u00e9clar\u00e9e f\u00e9ri\u00e9e, ch\u00f4m\u00e9e et pay\u00e9e en Guin\u00e9e - Reporterhorizon","isPartOf":{"@id":"https:\/\/www.reporterhorizon.com\/#website"},"primaryImageOfPage":{"@id":"https:\/\/www.reporterhorizon.com\/index.php\/2025\/10\/02\/fete-du-02-octobre-la-journee-du-jeudi-declaree-feriee-chomee-et-payee-en-guinee\/#primaryimage"},"image":{"@id":"https:\/\/www.reporterhorizon.com\/index.php\/2025\/10\/02\/fete-du-02-octobre-la-journee-du-jeudi-declaree-feriee-chomee-et-payee-en-guinee\/#primaryimage"},"thumbnailUrl":"https:\/\/www.reporterhorizon.com\/wp-content\/uploads\/2025\/10\/1000902783.jpg","datePublished":"2025-10-02T14:07:53+00:00","breadcrumb":{"@id":"https:\/\/www.reporterhorizon.com\/index.php\/2025\/10\/02\/fete-du-02-octobre-la-journee-du-jeudi-declaree-feriee-chomee-et-payee-en-guinee\/#breadcrumb"},"inLanguage":"fr-FR","potentialAction":[{"@type":"ReadAction","target":["https:\/\/www.reporterhorizon.com\/index.php\/2025\/10\/02\/fete-du-02-octobre-la-journee-du-jeudi-declaree-feriee-chomee-et-payee-en-guinee\/"]}]},{"@type":"ImageObject","inLanguage":"fr-FR","@id":"https:\/\/www.reporterhorizon.com\/index.php\/2025\/10\/02\/fete-du-02-octobre-la-journee-du-jeudi-declaree-feriee-chomee-et-payee-en-guinee\/#primaryimage","url":"https:\/\/www.reporterhorizon.com\/wp-content\/uploads\/2025\/10\/1000902783.jpg","contentUrl":"https:\/\/www.reporterhorizon.com\/wp-content\/uploads\/2025\/10\/1000902783.jpg","width":960,"height":978},{"@type":"BreadcrumbList","@id":"https:\/\/www.reporterhorizon.com\/index.php\/2025\/10\/02\/fete-du-02-octobre-la-journee-du-jeudi-declaree-feriee-chomee-et-payee-en-guinee\/#breadcrumb","itemListElement":[{"@type":"ListItem","position":1,"name":"Accueil","item":"https:\/\/www.reporterhorizon.com\/"},{"@type":"ListItem","position":2,"name":"F\u00eate du 02 octobre : la journ\u00e9e du jeudi d\u00e9clar\u00e9e f\u00e9ri\u00e9e, ch\u00f4m\u00e9e et pay\u00e9e en Guin\u00e9e"}]},{"@type":"WebSite","@id":"https:\/\/www.reporterhorizon.com\/#website","url":"https:\/\/www.reporterhorizon.com\/","name":"Reporterhorizon","description":"","publisher":{"@id":"https:\/\/www.reporterhorizon.com\/#organization"},"potentialAction":[{"@type":"SearchAction","target":{"@type":"EntryPoint","urlTemplate":"https:\/\/www.reporterhorizon.com\/?s={search_term_string}"},"query-input":{"@type":"PropertyValueSpecification","valueRequired":true,"valueName":"search_term_string"}}],"inLanguage":"fr-FR"},{"@type":"Organization","@id":"https:\/\/www.reporterhorizon.com\/#organization","name":"Reporterhorizon","url":"https:\/\/www.reporterhorizon.com\/","logo":{"@type":"ImageObject","inLanguage":"fr-FR","@id":"https:\/\/www.reporterhorizon.com\/#\/schema\/logo\/image\/","url":"https:\/\/www.reporterhorizon.com\/wp-content\/uploads\/2025\/07\/LOGO-STUDIO.jpg","contentUrl":"https:\/\/www.reporterhorizon.com\/wp-content\/uploads\/2025\/07\/LOGO-STUDIO.jpg","width":1960,"height":560,"caption":"Reporterhorizon"},"image":{"@id":"https:\/\/www.reporterhorizon.com\/#\/schema\/logo\/image\/"}},{"@type":"Person","@id":"https:\/\/www.reporterhorizon.com\/#\/schema\/person\/4f6028bc9d3c66edf00b47a17ed7e35d","name":"Reporterhorizon","image":{"@type":"ImageObject","inLanguage":"fr-FR","@id":"https:\/\/secure.gravatar.com\/avatar\/091bd798f14439802a0d747ed5d04040927995707808e944761e01f4fe0c777d?s=96&d=mm&r=g","url":"https:\/\/secure.gravatar.com\/avatar\/091bd798f14439802a0d747ed5d04040927995707808e944761e01f4fe0c777d?s=96&d=mm&r=g","contentUrl":"https:\/\/secure.gravatar.com\/avatar\/091bd798f14439802a0d747ed5d04040927995707808e944761e01f4fe0c777d?s=96&d=mm&r=g","caption":"Reporterhorizon"},"url":"https:\/\/www.reporterhorizon.com\/index.php\/author\/reporterhorizon\/"}]}},"_links":{"self":[{"href":"https:\/\/www.reporterhorizon.com\/index.php\/wp-json\/wp\/v2\/posts\/6906","targetHints":{"allow":["GET"]}}],"collection":[{"href":"https:\/\/www.reporterhorizon.com\/index.php\/wp-json\/wp\/v2\/posts"}],"about":[{"href":"https:\/\/www.reporterhorizon.com\/index.php\/wp-json\/wp\/v2\/types\/post"}],"author":[{"embeddable":true,"href":"https:\/\/www.reporterhorizon.com\/index.php\/wp-json\/wp\/v2\/users\/36"}],"replies":[{"embeddable":true,"href":"https:\/\/www.reporterhorizon.com\/index.php\/wp-json\/wp\/v2\/comments?post=6906"}],"version-history":[{"count":1,"href":"https:\/\/www.reporterhorizon.com\/index.php\/wp-json\/wp\/v2\/posts\/6906\/revisions"}],"predecessor-version":[{"id":6907,"href":"https:\/\/www.reporterhorizon.com\/index.php\/wp-json\/wp\/v2\/posts\/6906\/revisions\/6907"}],"wp:featuredmedia":[{"embeddable":true,"href":"https:\/\/www.reporterhorizon.com\/index.php\/wp-json\/wp\/v2\/media\/6905"}],"wp:attachment":[{"href":"https:\/\/www.reporterhorizon.com\/index.php\/wp-json\/wp\/v2\/media?parent=6906"}],"wp:term":[{"taxonomy":"category","embeddable":true,"href":"https:\/\/www.reporterhorizon.com\/index.php\/wp-json\/wp\/v2\/categories?post=6906"},{"taxonomy":"post_tag","embeddable":true,"href":"https:\/\/www.reporterhorizon.com\/index.php\/wp-json\/wp\/v2\/tags?post=6906"}],"curies":[{"name":"wp","href":"https:\/\/api.w.org\/{rel}","templated":true}]}}