{"id":6892,"date":"2025-10-01T10:25:11","date_gmt":"2025-10-01T10:25:11","guid":{"rendered":"https:\/\/www.reporterhorizon.com\/index.php\/2025\/10\/01\/lex-president-de-la-rdc-joseph-kabila-condamne-a-mort-pour-trahison-et-crimes-de-guerre\/"},"modified":"2025-10-01T10:25:11","modified_gmt":"2025-10-01T10:25:11","slug":"lex-president-de-la-rdc-joseph-kabila-condamne-a-mort-pour-trahison-et-crimes-de-guerre","status":"publish","type":"post","link":"https:\/\/www.reporterhorizon.com\/index.php\/2025\/10\/01\/lex-president-de-la-rdc-joseph-kabila-condamne-a-mort-pour-trahison-et-crimes-de-guerre\/","title":{"rendered":"L&#8217;ex-pr\u00e9sident de la RDC, Joseph Kabila, condamn\u00e9 \u00e0 mort pour trahison et crimes de guerre"},"content":{"rendered":"<p>L&#8217;ancien chef d&#8217;Etat a \u00e9t\u00e9 reconnu coupable de complicit\u00e9 avec le M23, groupe arm\u00e9 antigouvernemental soutenu par le Rwanda.<\/p>\n<p>L&#8217;ex-pr\u00e9sident de la R\u00e9publique d\u00e9mocratique du Congo (RDC), Joseph Kabila, a \u00e9t\u00e9 condamn\u00e9 \u00e0 mort au terme d&#8217;un proc\u00e8s par contumace pour &#8220;trahison&#8221; men\u00e9 devant la justice militaire du pays, mardi 30 septembre. L&#8217;ancien chef d&#8217;Etat congolais (2001-2019), \u00e2g\u00e9 de 54 ans, a \u00e9t\u00e9 reconnu coupable de complicit\u00e9 avec le groupe arm\u00e9 antigouvernemental soutenu par le Rwanda, le M23.<\/p>\n<p>Aucune information n&#8217;a \u00e9t\u00e9 donn\u00e9e sur l&#8217;endroit o\u00f9 se trouve actuellement Joseph Kabila, rendant une arrestation par les autorit\u00e9s congolaises peu probable \u00e0 ce stade. Il avait quitt\u00e9 la RDC en 2023, mais est r\u00e9cemment r\u00e9apparu dans l&#8217;est du pays, dans la zone contr\u00f4l\u00e9e par le M23, notamment dans la ville de Goma.<\/p>\n<p>En RDC, un moratoire sur l&#8217;ex\u00e9cution de la peine capitale \u00e9tait en vigueur depuis 2003, mais a \u00e9t\u00e9 lev\u00e9 en 2024. Aucune ex\u00e9cution n&#8217;a cependant eu lieu depuis.<\/p>\n<p>\u00a0<\/p>\n<p><strong>La r\u00e9daction<\/strong>\u00a0<\/p>\n<script>function PlayerjsAsync(){} if(window[\"Playerjs\"]){PlayerjsAsync();}<\/script>","protected":false},"excerpt":{"rendered":"<p>L&#8217;ancien chef d&#8217;Etat a \u00e9t\u00e9 reconnu coupable de complicit\u00e9 avec le M23, groupe arm\u00e9 antigouvernemental soutenu par le Rwanda. L&#8217;ex-pr\u00e9sident de la R\u00e9publique d\u00e9mocratique du Congo (RDC), Joseph Kabila, a \u00e9t\u00e9 condamn\u00e9 \u00e0 mort au terme d&#8217;un proc\u00e8s par contumace pour &#8220;trahison&#8221; men\u00e9 devant la justice militaire du pays, mardi 30 septembre. L&#8217;ancien chef d&#8217;Etat [&hellip;]<\/p>\n","protected":false},"author":36,"featured_media":6891,"comment_status":"open","ping_status":"open","sticky":false,"template":"","format":"standard","meta":{"jnews-multi-image_gallery":[],"jnews_single_post":[],"jnews_primary_category":[],"jnews_override_counter":[],"footnotes":""},"categories":[164],"tags":[],"class_list":["post-6892","post","type-post","status-publish","format-standard","has-post-thumbnail","hentry","category-afrique-inter"],"yoast_head":"<!-- This site is optimized with the Yoast SEO plugin v27.2 - https:\/\/yoast.com\/product\/yoast-seo-wordpress\/ -->\n<title>L&#039;ex-pr\u00e9sident de la RDC, Joseph Kabila, condamn\u00e9 \u00e0 mort pour trahison et crimes de guerre - Reporterhorizon<\/title>\n<meta name=\"robots\" content=\"index, follow, max-snippet:-1, max-image-preview:large, max-video-preview:-1\" \/>\n<link rel=\"canonical\" href=\"https:\/\/www.reporterhorizon.com\/index.php\/2025\/10\/01\/lex-president-de-la-rdc-joseph-kabila-condamne-a-mort-pour-trahison-et-crimes-de-guerre\/\" \/>\n<meta property=\"og:locale\" content=\"fr_FR\" \/>\n<meta property=\"og:type\" content=\"article\" \/>\n<meta property=\"og:title\" content=\"L&#039;ex-pr\u00e9sident de la RDC, Joseph Kabila, condamn\u00e9 \u00e0 mort pour trahison et crimes de guerre - Reporterhorizon\" \/>\n<meta property=\"og:description\" content=\"L&#8217;ancien chef d&#8217;Etat a \u00e9t\u00e9 reconnu coupable de complicit\u00e9 avec le M23, groupe arm\u00e9 antigouvernemental soutenu par le Rwanda. L&#8217;ex-pr\u00e9sident de la R\u00e9publique d\u00e9mocratique du Congo (RDC), Joseph Kabila, a \u00e9t\u00e9 condamn\u00e9 \u00e0 mort au terme d&#8217;un proc\u00e8s par contumace pour &#8220;trahison&#8221; men\u00e9 devant la justice militaire du pays, mardi 30 septembre. L&#8217;ancien chef d&#8217;Etat [&hellip;]\" \/>\n<meta property=\"og:url\" content=\"https:\/\/www.reporterhorizon.com\/index.php\/2025\/10\/01\/lex-president-de-la-rdc-joseph-kabila-condamne-a-mort-pour-trahison-et-crimes-de-guerre\/\" \/>\n<meta property=\"og:site_name\" content=\"Reporterhorizon\" \/>\n<meta property=\"article:published_time\" content=\"2025-10-01T10:25:11+00:00\" \/>\n<meta property=\"og:image\" content=\"https:\/\/www.reporterhorizon.com\/wp-content\/uploads\/2025\/10\/1000898687.jpg\" \/>\n\t<meta property=\"og:image:width\" content=\"700\" \/>\n\t<meta property=\"og:image:height\" content=\"394\" \/>\n\t<meta property=\"og:image:type\" content=\"image\/jpeg\" \/>\n<meta name=\"author\" content=\"Reporterhorizon\" \/>\n<meta name=\"twitter:card\" content=\"summary_large_image\" \/>\n<meta name=\"twitter:label1\" content=\"\u00c9crit par\" \/>\n\t<meta name=\"twitter:data1\" content=\"Reporterhorizon\" \/>\n\t<meta name=\"twitter:label2\" content=\"Dur\u00e9e de lecture estim\u00e9e\" \/>\n\t<meta name=\"twitter:data2\" content=\"1 minute\" \/>\n<script type=\"application\/ld+json\" class=\"yoast-schema-graph\">{\"@context\":\"https:\/\/schema.org\",\"@graph\":[{\"@type\":\"Article\",\"@id\":\"https:\/\/www.reporterhorizon.com\/index.php\/2025\/10\/01\/lex-president-de-la-rdc-joseph-kabila-condamne-a-mort-pour-trahison-et-crimes-de-guerre\/#article\",\"isPartOf\":{\"@id\":\"https:\/\/www.reporterhorizon.com\/index.php\/2025\/10\/01\/lex-president-de-la-rdc-joseph-kabila-condamne-a-mort-pour-trahison-et-crimes-de-guerre\/\"},\"author\":{\"name\":\"Reporterhorizon\",\"@id\":\"https:\/\/www.reporterhorizon.com\/#\/schema\/person\/4f6028bc9d3c66edf00b47a17ed7e35d\"},\"headline\":\"L&#8217;ex-pr\u00e9sident de la RDC, Joseph Kabila, condamn\u00e9 \u00e0 mort pour trahison et crimes de guerre\",\"datePublished\":\"2025-10-01T10:25:11+00:00\",\"mainEntityOfPage\":{\"@id\":\"https:\/\/www.reporterhorizon.com\/index.php\/2025\/10\/01\/lex-president-de-la-rdc-joseph-kabila-condamne-a-mort-pour-trahison-et-crimes-de-guerre\/\"},\"wordCount\":194,\"commentCount\":0,\"publisher\":{\"@id\":\"https:\/\/www.reporterhorizon.com\/#organization\"},\"image\":{\"@id\":\"https:\/\/www.reporterhorizon.com\/index.php\/2025\/10\/01\/lex-president-de-la-rdc-joseph-kabila-condamne-a-mort-pour-trahison-et-crimes-de-guerre\/#primaryimage\"},\"thumbnailUrl\":\"https:\/\/www.reporterhorizon.com\/wp-content\/uploads\/2025\/10\/1000898687.jpg\",\"articleSection\":[\"AFRIQUE\/INTER\"],\"inLanguage\":\"fr-FR\",\"potentialAction\":[{\"@type\":\"CommentAction\",\"name\":\"Comment\",\"target\":[\"https:\/\/www.reporterhorizon.com\/index.php\/2025\/10\/01\/lex-president-de-la-rdc-joseph-kabila-condamne-a-mort-pour-trahison-et-crimes-de-guerre\/#respond\"]}]},{\"@type\":\"WebPage\",\"@id\":\"https:\/\/www.reporterhorizon.com\/index.php\/2025\/10\/01\/lex-president-de-la-rdc-joseph-kabila-condamne-a-mort-pour-trahison-et-crimes-de-guerre\/\",\"url\":\"https:\/\/www.reporterhorizon.com\/index.php\/2025\/10\/01\/lex-president-de-la-rdc-joseph-kabila-condamne-a-mort-pour-trahison-et-crimes-de-guerre\/\",\"name\":\"L'ex-pr\u00e9sident de la RDC, Joseph Kabila, condamn\u00e9 \u00e0 mort pour trahison et crimes de guerre - Reporterhorizon\",\"isPartOf\":{\"@id\":\"https:\/\/www.reporterhorizon.com\/#website\"},\"primaryImageOfPage\":{\"@id\":\"https:\/\/www.reporterhorizon.com\/index.php\/2025\/10\/01\/lex-president-de-la-rdc-joseph-kabila-condamne-a-mort-pour-trahison-et-crimes-de-guerre\/#primaryimage\"},\"image\":{\"@id\":\"https:\/\/www.reporterhorizon.com\/index.php\/2025\/10\/01\/lex-president-de-la-rdc-joseph-kabila-condamne-a-mort-pour-trahison-et-crimes-de-guerre\/#primaryimage\"},\"thumbnailUrl\":\"https:\/\/www.reporterhorizon.com\/wp-content\/uploads\/2025\/10\/1000898687.jpg\",\"datePublished\":\"2025-10-01T10:25:11+00:00\",\"breadcrumb\":{\"@id\":\"https:\/\/www.reporterhorizon.com\/index.php\/2025\/10\/01\/lex-president-de-la-rdc-joseph-kabila-condamne-a-mort-pour-trahison-et-crimes-de-guerre\/#breadcrumb\"},\"inLanguage\":\"fr-FR\",\"potentialAction\":[{\"@type\":\"ReadAction\",\"target\":[\"https:\/\/www.reporterhorizon.com\/index.php\/2025\/10\/01\/lex-president-de-la-rdc-joseph-kabila-condamne-a-mort-pour-trahison-et-crimes-de-guerre\/\"]}]},{\"@type\":\"ImageObject\",\"inLanguage\":\"fr-FR\",\"@id\":\"https:\/\/www.reporterhorizon.com\/index.php\/2025\/10\/01\/lex-president-de-la-rdc-joseph-kabila-condamne-a-mort-pour-trahison-et-crimes-de-guerre\/#primaryimage\",\"url\":\"https:\/\/www.reporterhorizon.com\/wp-content\/uploads\/2025\/10\/1000898687.jpg\",\"contentUrl\":\"https:\/\/www.reporterhorizon.com\/wp-content\/uploads\/2025\/10\/1000898687.jpg\",\"width\":700,\"height\":394},{\"@type\":\"BreadcrumbList\",\"@id\":\"https:\/\/www.reporterhorizon.com\/index.php\/2025\/10\/01\/lex-president-de-la-rdc-joseph-kabila-condamne-a-mort-pour-trahison-et-crimes-de-guerre\/#breadcrumb\",\"itemListElement\":[{\"@type\":\"ListItem\",\"position\":1,\"name\":\"Accueil\",\"item\":\"https:\/\/www.reporterhorizon.com\/\"},{\"@type\":\"ListItem\",\"position\":2,\"name\":\"L&#8217;ex-pr\u00e9sident de la RDC, Joseph Kabila, condamn\u00e9 \u00e0 mort pour trahison et crimes de guerre\"}]},{\"@type\":\"WebSite\",\"@id\":\"https:\/\/www.reporterhorizon.com\/#website\",\"url\":\"https:\/\/www.reporterhorizon.com\/\",\"name\":\"Reporterhorizon\",\"description\":\"\",\"publisher\":{\"@id\":\"https:\/\/www.reporterhorizon.com\/#organization\"},\"potentialAction\":[{\"@type\":\"SearchAction\",\"target\":{\"@type\":\"EntryPoint\",\"urlTemplate\":\"https:\/\/www.reporterhorizon.com\/?s={search_term_string}\"},\"query-input\":{\"@type\":\"PropertyValueSpecification\",\"valueRequired\":true,\"valueName\":\"search_term_string\"}}],\"inLanguage\":\"fr-FR\"},{\"@type\":\"Organization\",\"@id\":\"https:\/\/www.reporterhorizon.com\/#organization\",\"name\":\"Reporterhorizon\",\"url\":\"https:\/\/www.reporterhorizon.com\/\",\"logo\":{\"@type\":\"ImageObject\",\"inLanguage\":\"fr-FR\",\"@id\":\"https:\/\/www.reporterhorizon.com\/#\/schema\/logo\/image\/\",\"url\":\"https:\/\/www.reporterhorizon.com\/wp-content\/uploads\/2025\/07\/LOGO-STUDIO.jpg\",\"contentUrl\":\"https:\/\/www.reporterhorizon.com\/wp-content\/uploads\/2025\/07\/LOGO-STUDIO.jpg\",\"width\":1960,\"height\":560,\"caption\":\"Reporterhorizon\"},\"image\":{\"@id\":\"https:\/\/www.reporterhorizon.com\/#\/schema\/logo\/image\/\"}},{\"@type\":\"Person\",\"@id\":\"https:\/\/www.reporterhorizon.com\/#\/schema\/person\/4f6028bc9d3c66edf00b47a17ed7e35d\",\"name\":\"Reporterhorizon\",\"image\":{\"@type\":\"ImageObject\",\"inLanguage\":\"fr-FR\",\"@id\":\"https:\/\/secure.gravatar.com\/avatar\/091bd798f14439802a0d747ed5d04040927995707808e944761e01f4fe0c777d?s=96&d=mm&r=g\",\"url\":\"https:\/\/secure.gravatar.com\/avatar\/091bd798f14439802a0d747ed5d04040927995707808e944761e01f4fe0c777d?s=96&d=mm&r=g\",\"contentUrl\":\"https:\/\/secure.gravatar.com\/avatar\/091bd798f14439802a0d747ed5d04040927995707808e944761e01f4fe0c777d?s=96&d=mm&r=g\",\"caption\":\"Reporterhorizon\"},\"url\":\"https:\/\/www.reporterhorizon.com\/index.php\/author\/reporterhorizon\/\"}]}<\/script>\n<!-- \/ Yoast SEO plugin. -->","yoast_head_json":{"title":"L'ex-pr\u00e9sident de la RDC, Joseph Kabila, condamn\u00e9 \u00e0 mort pour trahison et crimes de guerre - Reporterhorizon","robots":{"index":"index","follow":"follow","max-snippet":"max-snippet:-1","max-image-preview":"max-image-preview:large","max-video-preview":"max-video-preview:-1"},"canonical":"https:\/\/www.reporterhorizon.com\/index.php\/2025\/10\/01\/lex-president-de-la-rdc-joseph-kabila-condamne-a-mort-pour-trahison-et-crimes-de-guerre\/","og_locale":"fr_FR","og_type":"article","og_title":"L'ex-pr\u00e9sident de la RDC, Joseph Kabila, condamn\u00e9 \u00e0 mort pour trahison et crimes de guerre - Reporterhorizon","og_description":"L&#8217;ancien chef d&#8217;Etat a \u00e9t\u00e9 reconnu coupable de complicit\u00e9 avec le M23, groupe arm\u00e9 antigouvernemental soutenu par le Rwanda. L&#8217;ex-pr\u00e9sident de la R\u00e9publique d\u00e9mocratique du Congo (RDC), Joseph Kabila, a \u00e9t\u00e9 condamn\u00e9 \u00e0 mort au terme d&#8217;un proc\u00e8s par contumace pour &#8220;trahison&#8221; men\u00e9 devant la justice militaire du pays, mardi 30 septembre. L&#8217;ancien chef d&#8217;Etat [&hellip;]","og_url":"https:\/\/www.reporterhorizon.com\/index.php\/2025\/10\/01\/lex-president-de-la-rdc-joseph-kabila-condamne-a-mort-pour-trahison-et-crimes-de-guerre\/","og_site_name":"Reporterhorizon","article_published_time":"2025-10-01T10:25:11+00:00","og_image":[{"width":700,"height":394,"url":"https:\/\/www.reporterhorizon.com\/wp-content\/uploads\/2025\/10\/1000898687.jpg","type":"image\/jpeg"}],"author":"Reporterhorizon","twitter_card":"summary_large_image","twitter_misc":{"\u00c9crit par":"Reporterhorizon","Dur\u00e9e de lecture estim\u00e9e":"1 minute"},"schema":{"@context":"https:\/\/schema.org","@graph":[{"@type":"Article","@id":"https:\/\/www.reporterhorizon.com\/index.php\/2025\/10\/01\/lex-president-de-la-rdc-joseph-kabila-condamne-a-mort-pour-trahison-et-crimes-de-guerre\/#article","isPartOf":{"@id":"https:\/\/www.reporterhorizon.com\/index.php\/2025\/10\/01\/lex-president-de-la-rdc-joseph-kabila-condamne-a-mort-pour-trahison-et-crimes-de-guerre\/"},"author":{"name":"Reporterhorizon","@id":"https:\/\/www.reporterhorizon.com\/#\/schema\/person\/4f6028bc9d3c66edf00b47a17ed7e35d"},"headline":"L&#8217;ex-pr\u00e9sident de la RDC, Joseph Kabila, condamn\u00e9 \u00e0 mort pour trahison et crimes de guerre","datePublished":"2025-10-01T10:25:11+00:00","mainEntityOfPage":{"@id":"https:\/\/www.reporterhorizon.com\/index.php\/2025\/10\/01\/lex-president-de-la-rdc-joseph-kabila-condamne-a-mort-pour-trahison-et-crimes-de-guerre\/"},"wordCount":194,"commentCount":0,"publisher":{"@id":"https:\/\/www.reporterhorizon.com\/#organization"},"image":{"@id":"https:\/\/www.reporterhorizon.com\/index.php\/2025\/10\/01\/lex-president-de-la-rdc-joseph-kabila-condamne-a-mort-pour-trahison-et-crimes-de-guerre\/#primaryimage"},"thumbnailUrl":"https:\/\/www.reporterhorizon.com\/wp-content\/uploads\/2025\/10\/1000898687.jpg","articleSection":["AFRIQUE\/INTER"],"inLanguage":"fr-FR","potentialAction":[{"@type":"CommentAction","name":"Comment","target":["https:\/\/www.reporterhorizon.com\/index.php\/2025\/10\/01\/lex-president-de-la-rdc-joseph-kabila-condamne-a-mort-pour-trahison-et-crimes-de-guerre\/#respond"]}]},{"@type":"WebPage","@id":"https:\/\/www.reporterhorizon.com\/index.php\/2025\/10\/01\/lex-president-de-la-rdc-joseph-kabila-condamne-a-mort-pour-trahison-et-crimes-de-guerre\/","url":"https:\/\/www.reporterhorizon.com\/index.php\/2025\/10\/01\/lex-president-de-la-rdc-joseph-kabila-condamne-a-mort-pour-trahison-et-crimes-de-guerre\/","name":"L'ex-pr\u00e9sident de la RDC, Joseph Kabila, condamn\u00e9 \u00e0 mort pour trahison et crimes de guerre - Reporterhorizon","isPartOf":{"@id":"https:\/\/www.reporterhorizon.com\/#website"},"primaryImageOfPage":{"@id":"https:\/\/www.reporterhorizon.com\/index.php\/2025\/10\/01\/lex-president-de-la-rdc-joseph-kabila-condamne-a-mort-pour-trahison-et-crimes-de-guerre\/#primaryimage"},"image":{"@id":"https:\/\/www.reporterhorizon.com\/index.php\/2025\/10\/01\/lex-president-de-la-rdc-joseph-kabila-condamne-a-mort-pour-trahison-et-crimes-de-guerre\/#primaryimage"},"thumbnailUrl":"https:\/\/www.reporterhorizon.com\/wp-content\/uploads\/2025\/10\/1000898687.jpg","datePublished":"2025-10-01T10:25:11+00:00","breadcrumb":{"@id":"https:\/\/www.reporterhorizon.com\/index.php\/2025\/10\/01\/lex-president-de-la-rdc-joseph-kabila-condamne-a-mort-pour-trahison-et-crimes-de-guerre\/#breadcrumb"},"inLanguage":"fr-FR","potentialAction":[{"@type":"ReadAction","target":["https:\/\/www.reporterhorizon.com\/index.php\/2025\/10\/01\/lex-president-de-la-rdc-joseph-kabila-condamne-a-mort-pour-trahison-et-crimes-de-guerre\/"]}]},{"@type":"ImageObject","inLanguage":"fr-FR","@id":"https:\/\/www.reporterhorizon.com\/index.php\/2025\/10\/01\/lex-president-de-la-rdc-joseph-kabila-condamne-a-mort-pour-trahison-et-crimes-de-guerre\/#primaryimage","url":"https:\/\/www.reporterhorizon.com\/wp-content\/uploads\/2025\/10\/1000898687.jpg","contentUrl":"https:\/\/www.reporterhorizon.com\/wp-content\/uploads\/2025\/10\/1000898687.jpg","width":700,"height":394},{"@type":"BreadcrumbList","@id":"https:\/\/www.reporterhorizon.com\/index.php\/2025\/10\/01\/lex-president-de-la-rdc-joseph-kabila-condamne-a-mort-pour-trahison-et-crimes-de-guerre\/#breadcrumb","itemListElement":[{"@type":"ListItem","position":1,"name":"Accueil","item":"https:\/\/www.reporterhorizon.com\/"},{"@type":"ListItem","position":2,"name":"L&#8217;ex-pr\u00e9sident de la RDC, Joseph Kabila, condamn\u00e9 \u00e0 mort pour trahison et crimes de guerre"}]},{"@type":"WebSite","@id":"https:\/\/www.reporterhorizon.com\/#website","url":"https:\/\/www.reporterhorizon.com\/","name":"Reporterhorizon","description":"","publisher":{"@id":"https:\/\/www.reporterhorizon.com\/#organization"},"potentialAction":[{"@type":"SearchAction","target":{"@type":"EntryPoint","urlTemplate":"https:\/\/www.reporterhorizon.com\/?s={search_term_string}"},"query-input":{"@type":"PropertyValueSpecification","valueRequired":true,"valueName":"search_term_string"}}],"inLanguage":"fr-FR"},{"@type":"Organization","@id":"https:\/\/www.reporterhorizon.com\/#organization","name":"Reporterhorizon","url":"https:\/\/www.reporterhorizon.com\/","logo":{"@type":"ImageObject","inLanguage":"fr-FR","@id":"https:\/\/www.reporterhorizon.com\/#\/schema\/logo\/image\/","url":"https:\/\/www.reporterhorizon.com\/wp-content\/uploads\/2025\/07\/LOGO-STUDIO.jpg","contentUrl":"https:\/\/www.reporterhorizon.com\/wp-content\/uploads\/2025\/07\/LOGO-STUDIO.jpg","width":1960,"height":560,"caption":"Reporterhorizon"},"image":{"@id":"https:\/\/www.reporterhorizon.com\/#\/schema\/logo\/image\/"}},{"@type":"Person","@id":"https:\/\/www.reporterhorizon.com\/#\/schema\/person\/4f6028bc9d3c66edf00b47a17ed7e35d","name":"Reporterhorizon","image":{"@type":"ImageObject","inLanguage":"fr-FR","@id":"https:\/\/secure.gravatar.com\/avatar\/091bd798f14439802a0d747ed5d04040927995707808e944761e01f4fe0c777d?s=96&d=mm&r=g","url":"https:\/\/secure.gravatar.com\/avatar\/091bd798f14439802a0d747ed5d04040927995707808e944761e01f4fe0c777d?s=96&d=mm&r=g","contentUrl":"https:\/\/secure.gravatar.com\/avatar\/091bd798f14439802a0d747ed5d04040927995707808e944761e01f4fe0c777d?s=96&d=mm&r=g","caption":"Reporterhorizon"},"url":"https:\/\/www.reporterhorizon.com\/index.php\/author\/reporterhorizon\/"}]}},"_links":{"self":[{"href":"https:\/\/www.reporterhorizon.com\/index.php\/wp-json\/wp\/v2\/posts\/6892","targetHints":{"allow":["GET"]}}],"collection":[{"href":"https:\/\/www.reporterhorizon.com\/index.php\/wp-json\/wp\/v2\/posts"}],"about":[{"href":"https:\/\/www.reporterhorizon.com\/index.php\/wp-json\/wp\/v2\/types\/post"}],"author":[{"embeddable":true,"href":"https:\/\/www.reporterhorizon.com\/index.php\/wp-json\/wp\/v2\/users\/36"}],"replies":[{"embeddable":true,"href":"https:\/\/www.reporterhorizon.com\/index.php\/wp-json\/wp\/v2\/comments?post=6892"}],"version-history":[{"count":1,"href":"https:\/\/www.reporterhorizon.com\/index.php\/wp-json\/wp\/v2\/posts\/6892\/revisions"}],"predecessor-version":[{"id":6893,"href":"https:\/\/www.reporterhorizon.com\/index.php\/wp-json\/wp\/v2\/posts\/6892\/revisions\/6893"}],"wp:featuredmedia":[{"embeddable":true,"href":"https:\/\/www.reporterhorizon.com\/index.php\/wp-json\/wp\/v2\/media\/6891"}],"wp:attachment":[{"href":"https:\/\/www.reporterhorizon.com\/index.php\/wp-json\/wp\/v2\/media?parent=6892"}],"wp:term":[{"taxonomy":"category","embeddable":true,"href":"https:\/\/www.reporterhorizon.com\/index.php\/wp-json\/wp\/v2\/categories?post=6892"},{"taxonomy":"post_tag","embeddable":true,"href":"https:\/\/www.reporterhorizon.com\/index.php\/wp-json\/wp\/v2\/tags?post=6892"}],"curies":[{"name":"wp","href":"https:\/\/api.w.org\/{rel}","templated":true}]}}